{"id":1430,"date":"2007-04-11T12:50:58","date_gmt":"2007-04-11T12:50:58","guid":{"rendered":"http:\/\/blogs.thesocialmedia.com\/leblogmoto\/2007\/04\/11\/insolite-lantir\/"},"modified":"2012-07-11T14:38:04","modified_gmt":"2012-07-11T14:38:04","slug":"insolite-lantir","status":"publish","type":"post","link":"https:\/\/blogs.thesocialmedia.com\/leblogmoto\/2007\/04\/11\/insolite-lantir\/","title":{"rendered":"Insolite : l\u2019anti-radar moto c\u2019est le pied !"},"content":{"rendered":"<p><a href=\"http:\/\/blogs.thesocialmedia.com\/leblogmoto\/files\/2012\/07\/image0077.jpg\"><img loading=\"lazy\" decoding=\"async\" width=\"250\" height=\"184\"  alt=\"Image0077\" src=\"http:\/\/www.leblogmoto.com\/images\/2007\/04\/11\/image0077.jpg\" style=\"margin: 0px 5px 5px 0px;float: left\" \/><\/a> La photo nous vient d\u2019un radar Belge bien malin puisqu\u2019il \u00ab flash \u00bb les contrevenants non pas de face mais de dos ce qui permet au tr\u00e8s cher appareil de surprendre aussi bien les voitures que les motos. Mais dans l\u2019histoire de l\u2019humanit\u00e9, toute arme a toujours \u00e9t\u00e9 imm\u00e9diatement suivie par l\u2019invention de contre-mesures plus ou moins efficaces. En voil\u00e0 une tout \u00e0 fait int\u00e9ressante \u00e0 condition d\u2019\u00eatre souple, voire un peu contorsionniste. Si la position propos\u00e9e n\u2019est pas \u00e0 la port\u00e9e du premier venu, elle a quand m\u00eame pour vertu cardinale de d\u00e9montrer une fois encore que la moto, c\u2019est le pied !<\/p>\n","protected":false},"excerpt":{"rendered":"<p>La photo nous vient d\u2019un radar Belge bien malin puisqu\u2019il \u00ab flash \u00bb les contrevenants non pas de face mais de dos ce qui permet au tr\u00e8s cher appareil de surprendre aussi bien les voitures que les motos. Mais dans l\u2019histoire de l\u2019humanit\u00e9, toute arme a toujours \u00e9t\u00e9 imm\u00e9diatement suivie par l\u2019invention de contre-mesures plus [&hellip;]<\/p>\n","protected":false},"author":333,"featured_media":0,"comment_status":"open","ping_status":"open","sticky":false,"template":"","format":"standard","meta":{"footnotes":""},"categories":[17],"tags":[],"class_list":["post-1430","post","type-post","status-publish","format-standard","hentry","category-divers"],"yoast_head":"<!-- This site is optimized with the Yoast SEO plugin v26.0 - https:\/\/yoast.com\/wordpress\/plugins\/seo\/ -->\n<title>Insolite : l\u2019anti-radar moto c\u2019est le pied ! - leblogmoto.com<\/title>\n<meta name=\"robots\" content=\"index, follow, max-snippet:-1, max-image-preview:large, max-video-preview:-1\" \/>\n<link rel=\"canonical\" href=\"https:\/\/blogs.thesocialmedia.com\/leblogmoto\/2007\/04\/11\/insolite-lantir\/\" \/>\n<meta name=\"twitter:card\" content=\"summary_large_image\" \/>\n<meta name=\"twitter:title\" content=\"Insolite : l\u2019anti-radar moto c\u2019est le pied ! - leblogmoto.com\" \/>\n<meta name=\"twitter:description\" content=\"La photo nous vient d\u2019un radar Belge bien malin puisqu\u2019il \u00ab flash \u00bb les contrevenants non pas de face mais de dos ce qui permet au tr\u00e8s cher appareil de surprendre aussi bien les voitures que les motos. Mais dans l\u2019histoire de l\u2019humanit\u00e9, toute arme a toujours \u00e9t\u00e9 imm\u00e9diatement suivie par l\u2019invention de contre-mesures plus [&hellip;]\" \/>\n<meta name=\"twitter:image\" content=\"http:\/\/www.leblogmoto.com\/images\/2007\/04\/11\/image0077.jpg\" \/>\n<meta name=\"twitter:label1\" content=\"\u00c9crit par\" \/>\n\t<meta name=\"twitter:data1\" content=\"christian tirat\" \/>\n\t<meta name=\"twitter:label2\" content=\"Dur\u00e9e de lecture estim\u00e9e\" \/>\n\t<meta name=\"twitter:data2\" content=\"1 minute\" \/>\n<script type=\"application\/ld+json\" class=\"yoast-schema-graph\">{\"@context\":\"https:\/\/schema.org\",\"@graph\":[{\"@type\":\"WebPage\",\"@id\":\"https:\/\/blogs.thesocialmedia.com\/leblogmoto\/2007\/04\/11\/insolite-lantir\/\",\"url\":\"https:\/\/blogs.thesocialmedia.com\/leblogmoto\/2007\/04\/11\/insolite-lantir\/\",\"name\":\"Insolite : l\u2019anti-radar moto c\u2019est le pied ! - leblogmoto.com\",\"isPartOf\":{\"@id\":\"https:\/\/blogs.thesocialmedia.com\/leblogmoto\/#website\"},\"primaryImageOfPage\":{\"@id\":\"https:\/\/blogs.thesocialmedia.com\/leblogmoto\/2007\/04\/11\/insolite-lantir\/#primaryimage\"},\"image\":{\"@id\":\"https:\/\/blogs.thesocialmedia.com\/leblogmoto\/2007\/04\/11\/insolite-lantir\/#primaryimage\"},\"thumbnailUrl\":\"http:\/\/www.leblogmoto.com\/images\/2007\/04\/11\/image0077.jpg\",\"datePublished\":\"2007-04-11T12:50:58+00:00\",\"dateModified\":\"2012-07-11T14:38:04+00:00\",\"author\":{\"@id\":\"https:\/\/blogs.thesocialmedia.com\/leblogmoto\/#\/schema\/person\/90b2f8fd0d5a2cede2580e95fc79c6c0\"},\"breadcrumb\":{\"@id\":\"https:\/\/blogs.thesocialmedia.com\/leblogmoto\/2007\/04\/11\/insolite-lantir\/#breadcrumb\"},\"inLanguage\":\"fr-FR\",\"potentialAction\":[{\"@type\":\"ReadAction\",\"target\":[\"https:\/\/blogs.thesocialmedia.com\/leblogmoto\/2007\/04\/11\/insolite-lantir\/\"]}]},{\"@type\":\"ImageObject\",\"inLanguage\":\"fr-FR\",\"@id\":\"https:\/\/blogs.thesocialmedia.com\/leblogmoto\/2007\/04\/11\/insolite-lantir\/#primaryimage\",\"url\":\"http:\/\/www.leblogmoto.com\/images\/2007\/04\/11\/image0077.jpg\",\"contentUrl\":\"http:\/\/www.leblogmoto.com\/images\/2007\/04\/11\/image0077.jpg\"},{\"@type\":\"BreadcrumbList\",\"@id\":\"https:\/\/blogs.thesocialmedia.com\/leblogmoto\/2007\/04\/11\/insolite-lantir\/#breadcrumb\",\"itemListElement\":[{\"@type\":\"ListItem\",\"position\":1,\"name\":\"Accueil\",\"item\":\"https:\/\/blogs.thesocialmedia.com\/leblogmoto\/\"},{\"@type\":\"ListItem\",\"position\":2,\"name\":\"Insolite : l\u2019anti-radar moto c\u2019est le pied !\"}]},{\"@type\":\"WebSite\",\"@id\":\"https:\/\/blogs.thesocialmedia.com\/leblogmoto\/#website\",\"url\":\"https:\/\/blogs.thesocialmedia.com\/leblogmoto\/\",\"name\":\"leblogmoto\",\"description\":\"Toute l&#039;actualit\u00e9 des 2 roues\",\"potentialAction\":[{\"@type\":\"SearchAction\",\"target\":{\"@type\":\"EntryPoint\",\"urlTemplate\":\"https:\/\/blogs.thesocialmedia.com\/leblogmoto\/?s={search_term_string}\"},\"query-input\":{\"@type\":\"PropertyValueSpecification\",\"valueRequired\":true,\"valueName\":\"search_term_string\"}}],\"inLanguage\":\"fr-FR\"},{\"@type\":\"Person\",\"@id\":\"https:\/\/blogs.thesocialmedia.com\/leblogmoto\/#\/schema\/person\/90b2f8fd0d5a2cede2580e95fc79c6c0\",\"name\":\"christian tirat\",\"image\":{\"@type\":\"ImageObject\",\"inLanguage\":\"fr-FR\",\"@id\":\"https:\/\/blogs.thesocialmedia.com\/leblogmoto\/#\/schema\/person\/image\/\",\"url\":\"https:\/\/secure.gravatar.com\/avatar\/?s=96&d=mm&r=g\",\"contentUrl\":\"https:\/\/secure.gravatar.com\/avatar\/?s=96&d=mm&r=g\",\"caption\":\"christian tirat\"},\"url\":\"https:\/\/blogs.thesocialmedia.com\/leblogmoto\/author\/christian-tirat\/\"}]}<\/script>\n<!-- \/ Yoast SEO plugin. -->","yoast_head_json":{"title":"Insolite : l\u2019anti-radar moto c\u2019est le pied ! - leblogmoto.com","robots":{"index":"index","follow":"follow","max-snippet":"max-snippet:-1","max-image-preview":"max-image-preview:large","max-video-preview":"max-video-preview:-1"},"canonical":"https:\/\/blogs.thesocialmedia.com\/leblogmoto\/2007\/04\/11\/insolite-lantir\/","twitter_card":"summary_large_image","twitter_title":"Insolite : l\u2019anti-radar moto c\u2019est le pied ! - leblogmoto.com","twitter_description":"La photo nous vient d\u2019un radar Belge bien malin puisqu\u2019il \u00ab flash \u00bb les contrevenants non pas de face mais de dos ce qui permet au tr\u00e8s cher appareil de surprendre aussi bien les voitures que les motos. Mais dans l\u2019histoire de l\u2019humanit\u00e9, toute arme a toujours \u00e9t\u00e9 imm\u00e9diatement suivie par l\u2019invention de contre-mesures plus [&hellip;]","twitter_image":"http:\/\/www.leblogmoto.com\/images\/2007\/04\/11\/image0077.jpg","twitter_misc":{"\u00c9crit par":"christian tirat","Dur\u00e9e de lecture estim\u00e9e":"1 minute"},"schema":{"@context":"https:\/\/schema.org","@graph":[{"@type":"WebPage","@id":"https:\/\/blogs.thesocialmedia.com\/leblogmoto\/2007\/04\/11\/insolite-lantir\/","url":"https:\/\/blogs.thesocialmedia.com\/leblogmoto\/2007\/04\/11\/insolite-lantir\/","name":"Insolite : l\u2019anti-radar moto c\u2019est le pied ! - leblogmoto.com","isPartOf":{"@id":"https:\/\/blogs.thesocialmedia.com\/leblogmoto\/#website"},"primaryImageOfPage":{"@id":"https:\/\/blogs.thesocialmedia.com\/leblogmoto\/2007\/04\/11\/insolite-lantir\/#primaryimage"},"image":{"@id":"https:\/\/blogs.thesocialmedia.com\/leblogmoto\/2007\/04\/11\/insolite-lantir\/#primaryimage"},"thumbnailUrl":"http:\/\/www.leblogmoto.com\/images\/2007\/04\/11\/image0077.jpg","datePublished":"2007-04-11T12:50:58+00:00","dateModified":"2012-07-11T14:38:04+00:00","author":{"@id":"https:\/\/blogs.thesocialmedia.com\/leblogmoto\/#\/schema\/person\/90b2f8fd0d5a2cede2580e95fc79c6c0"},"breadcrumb":{"@id":"https:\/\/blogs.thesocialmedia.com\/leblogmoto\/2007\/04\/11\/insolite-lantir\/#breadcrumb"},"inLanguage":"fr-FR","potentialAction":[{"@type":"ReadAction","target":["https:\/\/blogs.thesocialmedia.com\/leblogmoto\/2007\/04\/11\/insolite-lantir\/"]}]},{"@type":"ImageObject","inLanguage":"fr-FR","@id":"https:\/\/blogs.thesocialmedia.com\/leblogmoto\/2007\/04\/11\/insolite-lantir\/#primaryimage","url":"http:\/\/www.leblogmoto.com\/images\/2007\/04\/11\/image0077.jpg","contentUrl":"http:\/\/www.leblogmoto.com\/images\/2007\/04\/11\/image0077.jpg"},{"@type":"BreadcrumbList","@id":"https:\/\/blogs.thesocialmedia.com\/leblogmoto\/2007\/04\/11\/insolite-lantir\/#breadcrumb","itemListElement":[{"@type":"ListItem","position":1,"name":"Accueil","item":"https:\/\/blogs.thesocialmedia.com\/leblogmoto\/"},{"@type":"ListItem","position":2,"name":"Insolite : l\u2019anti-radar moto c\u2019est le pied !"}]},{"@type":"WebSite","@id":"https:\/\/blogs.thesocialmedia.com\/leblogmoto\/#website","url":"https:\/\/blogs.thesocialmedia.com\/leblogmoto\/","name":"leblogmoto","description":"Toute l&#039;actualit\u00e9 des 2 roues","potentialAction":[{"@type":"SearchAction","target":{"@type":"EntryPoint","urlTemplate":"https:\/\/blogs.thesocialmedia.com\/leblogmoto\/?s={search_term_string}"},"query-input":{"@type":"PropertyValueSpecification","valueRequired":true,"valueName":"search_term_string"}}],"inLanguage":"fr-FR"},{"@type":"Person","@id":"https:\/\/blogs.thesocialmedia.com\/leblogmoto\/#\/schema\/person\/90b2f8fd0d5a2cede2580e95fc79c6c0","name":"christian tirat","image":{"@type":"ImageObject","inLanguage":"fr-FR","@id":"https:\/\/blogs.thesocialmedia.com\/leblogmoto\/#\/schema\/person\/image\/","url":"https:\/\/secure.gravatar.com\/avatar\/?s=96&d=mm&r=g","contentUrl":"https:\/\/secure.gravatar.com\/avatar\/?s=96&d=mm&r=g","caption":"christian tirat"},"url":"https:\/\/blogs.thesocialmedia.com\/leblogmoto\/author\/christian-tirat\/"}]}},"_links":{"self":[{"href":"https:\/\/blogs.thesocialmedia.com\/leblogmoto\/wp-json\/wp\/v2\/posts\/1430","targetHints":{"allow":["GET"]}}],"collection":[{"href":"https:\/\/blogs.thesocialmedia.com\/leblogmoto\/wp-json\/wp\/v2\/posts"}],"about":[{"href":"https:\/\/blogs.thesocialmedia.com\/leblogmoto\/wp-json\/wp\/v2\/types\/post"}],"author":[{"embeddable":true,"href":"https:\/\/blogs.thesocialmedia.com\/leblogmoto\/wp-json\/wp\/v2\/users\/333"}],"replies":[{"embeddable":true,"href":"https:\/\/blogs.thesocialmedia.com\/leblogmoto\/wp-json\/wp\/v2\/comments?post=1430"}],"version-history":[{"count":2,"href":"https:\/\/blogs.thesocialmedia.com\/leblogmoto\/wp-json\/wp\/v2\/posts\/1430\/revisions"}],"predecessor-version":[{"id":8306,"href":"https:\/\/blogs.thesocialmedia.com\/leblogmoto\/wp-json\/wp\/v2\/posts\/1430\/revisions\/8306"}],"wp:attachment":[{"href":"https:\/\/blogs.thesocialmedia.com\/leblogmoto\/wp-json\/wp\/v2\/media?parent=1430"}],"wp:term":[{"taxonomy":"category","embeddable":true,"href":"https:\/\/blogs.thesocialmedia.com\/leblogmoto\/wp-json\/wp\/v2\/categories?post=1430"},{"taxonomy":"post_tag","embeddable":true,"href":"https:\/\/blogs.thesocialmedia.com\/leblogmoto\/wp-json\/wp\/v2\/tags?post=1430"}],"curies":[{"name":"wp","href":"https:\/\/api.w.org\/{rel}","templated":true}]}}