{"id":1431,"date":"2007-04-10T20:12:44","date_gmt":"2007-04-10T20:12:44","guid":{"rendered":"http:\/\/blogs.thesocialmedia.com\/leblogmoto\/2007\/04\/10\/dcs-dolivier-lu\/"},"modified":"2012-07-11T14:38:02","modified_gmt":"2012-07-11T14:38:02","slug":"dcs-dolivier-lu","status":"publish","type":"post","link":"https:\/\/blogs.thesocialmedia.com\/leblogmoto\/2007\/04\/10\/dcs-dolivier-lu\/","title":{"rendered":"D\u00e9c\u00e8s d&rsquo;Olivier Luchel, champion moto de Martinique"},"content":{"rendered":"<p><a href=\"http:\/\/blogs.thesocialmedia.com\/leblogmoto\/files\/2012\/07\/8171.jpg\"><img loading=\"lazy\" decoding=\"async\" height=\"158\" alt=\"8171\" src=\"http:\/\/www.leblogmoto.com\/images\/2007\/04\/10\/8171.jpg\" width=\"250\"  \/><\/a> Olivier Luchel, \u00e2g\u00e9 de 31 ans nous a quitt\u00e9 lors des mont\u00e9es d&rsquo;essais de la premi\u00e8re course de la saison \u00e0 Borom\u00e9e (Gourbeyre, sud de la Basse-Terre) en <a href=\"http:\/\/fr.wikipedia.org\/wiki\/Guadeloupe\">Guadeloupe<\/a>. Ce pilote de l\u2019Oriental Moto Club restait alors invaincu dans le Championnat de la Montagne, organis\u00e9 chaque ann\u00e9e par la ligue r\u00e9gionale de moto de la <a href=\"http:\/\/fr.wikipedia.org\/wiki\/Martinique\">Martinique<\/a>. Ce m\u00eame championnat dont il \u00e9tait le vainqueur en 2005 et 2006.<\/p>\n<p>Olivier Luchel avait commenc\u00e9 la comp\u00e9tition en 1995 sur 125 cm3 , d\u00e9crochant rapidement un titre de champion. Le pilote foyalais avait \u00e9t\u00e9 le premier Martiniquais \u00e0 participer aux r\u00e9unions de Bercy, il travaillait aussi \u00e0 la mise en place d&rsquo;un championnat Antilles de moto.<\/p>\n<p>Thierry Luchel, pr\u00e9sident de la ligue martiniquaise de motocyclisme, s\u2019exprimait au micro de nos confr\u00e8res de <a href=\"http:\/\/fr.wikipedia.org\/wiki\/RFO\">RFO Guadeloupe<\/a> : \u00ab <em>Il est tomb\u00e9 tr\u00e8s vite, c\u2019est le risque du m\u00e9tier comme on dit, on attend d\u2019avoir les t\u00e9moignages \u00e0 droite \u00e0 gauche\u2026 C\u2019est un choc \u00e9motionnel, on n\u2019y croit pas.<\/em> \u00bb<\/p>\n<p>Nous pr\u00e9sentons donc nos sinc\u00e8res condol\u00e9ances \u00e0 la famille d&rsquo;Olivier Luchel.<\/p>\n<p><embed src=\"http:\/\/www.dailymotion.com\/swf\/c8VX02RWN0ULFbnbw\" width=\"475\" height=\"355\" type=\"application\/x-shockwave-flash\"><\/embed> <\/p>\n<p>Source photo : Alfred Nicolas pour MecaSportsAntilles.com <br \/>Source : <a href=\"http:\/\/www.kisa.fr\/\">www.kisa.fr<\/a> et <a href=\"http:\/\/www.grioo.com\/\">www.grioo.com<\/a><\/p>\n","protected":false},"excerpt":{"rendered":"<p>Olivier Luchel, \u00e2g\u00e9 de 31 ans nous a quitt\u00e9 lors des mont\u00e9es d&rsquo;essais de la premi\u00e8re course de la saison \u00e0 Borom\u00e9e (Gourbeyre, sud de la Basse-Terre) en Guadeloupe. Ce pilote de l\u2019Oriental Moto Club restait alors invaincu dans le Championnat de la Montagne, organis\u00e9 chaque ann\u00e9e par la ligue r\u00e9gionale de moto de la [&hellip;]<\/p>\n","protected":false},"author":329,"featured_media":0,"comment_status":"open","ping_status":"open","sticky":false,"template":"","format":"standard","meta":{"footnotes":""},"categories":[3],"tags":[],"class_list":["post-1431","post","type-post","status-publish","format-standard","hentry","category-actualite"],"yoast_head":"<!-- This site is optimized with the Yoast SEO plugin v26.0 - https:\/\/yoast.com\/wordpress\/plugins\/seo\/ -->\n<title>D\u00e9c\u00e8s d&#039;Olivier Luchel, champion moto de Martinique - leblogmoto.com<\/title>\n<meta name=\"robots\" content=\"index, follow, max-snippet:-1, max-image-preview:large, max-video-preview:-1\" \/>\n<link rel=\"canonical\" href=\"https:\/\/blogs.thesocialmedia.com\/leblogmoto\/2007\/04\/10\/dcs-dolivier-lu\/\" \/>\n<meta name=\"twitter:card\" content=\"summary_large_image\" \/>\n<meta name=\"twitter:title\" content=\"D\u00e9c\u00e8s d&#039;Olivier Luchel, champion moto de Martinique - leblogmoto.com\" \/>\n<meta name=\"twitter:description\" content=\"Olivier Luchel, \u00e2g\u00e9 de 31 ans nous a quitt\u00e9 lors des mont\u00e9es d&rsquo;essais de la premi\u00e8re course de la saison \u00e0 Borom\u00e9e (Gourbeyre, sud de la Basse-Terre) en Guadeloupe. Ce pilote de l\u2019Oriental Moto Club restait alors invaincu dans le Championnat de la Montagne, organis\u00e9 chaque ann\u00e9e par la ligue r\u00e9gionale de moto de la [&hellip;]\" \/>\n<meta name=\"twitter:image\" content=\"http:\/\/www.leblogmoto.com\/images\/2007\/04\/10\/8171.jpg\" \/>\n<meta name=\"twitter:label1\" content=\"\u00c9crit par\" \/>\n\t<meta name=\"twitter:data1\" content=\"gregory boucaud\" \/>\n\t<meta name=\"twitter:label2\" content=\"Dur\u00e9e de lecture estim\u00e9e\" \/>\n\t<meta name=\"twitter:data2\" content=\"1 minute\" \/>\n<script type=\"application\/ld+json\" class=\"yoast-schema-graph\">{\"@context\":\"https:\/\/schema.org\",\"@graph\":[{\"@type\":\"WebPage\",\"@id\":\"https:\/\/blogs.thesocialmedia.com\/leblogmoto\/2007\/04\/10\/dcs-dolivier-lu\/\",\"url\":\"https:\/\/blogs.thesocialmedia.com\/leblogmoto\/2007\/04\/10\/dcs-dolivier-lu\/\",\"name\":\"D\u00e9c\u00e8s d'Olivier Luchel, champion moto de Martinique - leblogmoto.com\",\"isPartOf\":{\"@id\":\"https:\/\/blogs.thesocialmedia.com\/leblogmoto\/#website\"},\"primaryImageOfPage\":{\"@id\":\"https:\/\/blogs.thesocialmedia.com\/leblogmoto\/2007\/04\/10\/dcs-dolivier-lu\/#primaryimage\"},\"image\":{\"@id\":\"https:\/\/blogs.thesocialmedia.com\/leblogmoto\/2007\/04\/10\/dcs-dolivier-lu\/#primaryimage\"},\"thumbnailUrl\":\"http:\/\/www.leblogmoto.com\/images\/2007\/04\/10\/8171.jpg\",\"datePublished\":\"2007-04-10T20:12:44+00:00\",\"dateModified\":\"2012-07-11T14:38:02+00:00\",\"author\":{\"@id\":\"https:\/\/blogs.thesocialmedia.com\/leblogmoto\/#\/schema\/person\/769623f89741cc3381675029a37764f8\"},\"breadcrumb\":{\"@id\":\"https:\/\/blogs.thesocialmedia.com\/leblogmoto\/2007\/04\/10\/dcs-dolivier-lu\/#breadcrumb\"},\"inLanguage\":\"fr-FR\",\"potentialAction\":[{\"@type\":\"ReadAction\",\"target\":[\"https:\/\/blogs.thesocialmedia.com\/leblogmoto\/2007\/04\/10\/dcs-dolivier-lu\/\"]}]},{\"@type\":\"ImageObject\",\"inLanguage\":\"fr-FR\",\"@id\":\"https:\/\/blogs.thesocialmedia.com\/leblogmoto\/2007\/04\/10\/dcs-dolivier-lu\/#primaryimage\",\"url\":\"http:\/\/www.leblogmoto.com\/images\/2007\/04\/10\/8171.jpg\",\"contentUrl\":\"http:\/\/www.leblogmoto.com\/images\/2007\/04\/10\/8171.jpg\"},{\"@type\":\"BreadcrumbList\",\"@id\":\"https:\/\/blogs.thesocialmedia.com\/leblogmoto\/2007\/04\/10\/dcs-dolivier-lu\/#breadcrumb\",\"itemListElement\":[{\"@type\":\"ListItem\",\"position\":1,\"name\":\"Accueil\",\"item\":\"https:\/\/blogs.thesocialmedia.com\/leblogmoto\/\"},{\"@type\":\"ListItem\",\"position\":2,\"name\":\"D\u00e9c\u00e8s d&rsquo;Olivier Luchel, champion moto de Martinique\"}]},{\"@type\":\"WebSite\",\"@id\":\"https:\/\/blogs.thesocialmedia.com\/leblogmoto\/#website\",\"url\":\"https:\/\/blogs.thesocialmedia.com\/leblogmoto\/\",\"name\":\"leblogmoto\",\"description\":\"Toute l&#039;actualit\u00e9 des 2 roues\",\"potentialAction\":[{\"@type\":\"SearchAction\",\"target\":{\"@type\":\"EntryPoint\",\"urlTemplate\":\"https:\/\/blogs.thesocialmedia.com\/leblogmoto\/?s={search_term_string}\"},\"query-input\":{\"@type\":\"PropertyValueSpecification\",\"valueRequired\":true,\"valueName\":\"search_term_string\"}}],\"inLanguage\":\"fr-FR\"},{\"@type\":\"Person\",\"@id\":\"https:\/\/blogs.thesocialmedia.com\/leblogmoto\/#\/schema\/person\/769623f89741cc3381675029a37764f8\",\"name\":\"gregory boucaud\",\"image\":{\"@type\":\"ImageObject\",\"inLanguage\":\"fr-FR\",\"@id\":\"https:\/\/blogs.thesocialmedia.com\/leblogmoto\/#\/schema\/person\/image\/\",\"url\":\"https:\/\/secure.gravatar.com\/avatar\/?s=96&d=mm&r=g\",\"contentUrl\":\"https:\/\/secure.gravatar.com\/avatar\/?s=96&d=mm&r=g\",\"caption\":\"gregory boucaud\"},\"url\":\"https:\/\/blogs.thesocialmedia.com\/leblogmoto\/author\/gregory-boucaud\/\"}]}<\/script>\n<!-- \/ Yoast SEO plugin. -->","yoast_head_json":{"title":"D\u00e9c\u00e8s d'Olivier Luchel, champion moto de Martinique - leblogmoto.com","robots":{"index":"index","follow":"follow","max-snippet":"max-snippet:-1","max-image-preview":"max-image-preview:large","max-video-preview":"max-video-preview:-1"},"canonical":"https:\/\/blogs.thesocialmedia.com\/leblogmoto\/2007\/04\/10\/dcs-dolivier-lu\/","twitter_card":"summary_large_image","twitter_title":"D\u00e9c\u00e8s d'Olivier Luchel, champion moto de Martinique - leblogmoto.com","twitter_description":"Olivier Luchel, \u00e2g\u00e9 de 31 ans nous a quitt\u00e9 lors des mont\u00e9es d&rsquo;essais de la premi\u00e8re course de la saison \u00e0 Borom\u00e9e (Gourbeyre, sud de la Basse-Terre) en Guadeloupe. Ce pilote de l\u2019Oriental Moto Club restait alors invaincu dans le Championnat de la Montagne, organis\u00e9 chaque ann\u00e9e par la ligue r\u00e9gionale de moto de la [&hellip;]","twitter_image":"http:\/\/www.leblogmoto.com\/images\/2007\/04\/10\/8171.jpg","twitter_misc":{"\u00c9crit par":"gregory boucaud","Dur\u00e9e de lecture estim\u00e9e":"1 minute"},"schema":{"@context":"https:\/\/schema.org","@graph":[{"@type":"WebPage","@id":"https:\/\/blogs.thesocialmedia.com\/leblogmoto\/2007\/04\/10\/dcs-dolivier-lu\/","url":"https:\/\/blogs.thesocialmedia.com\/leblogmoto\/2007\/04\/10\/dcs-dolivier-lu\/","name":"D\u00e9c\u00e8s d'Olivier Luchel, champion moto de Martinique - leblogmoto.com","isPartOf":{"@id":"https:\/\/blogs.thesocialmedia.com\/leblogmoto\/#website"},"primaryImageOfPage":{"@id":"https:\/\/blogs.thesocialmedia.com\/leblogmoto\/2007\/04\/10\/dcs-dolivier-lu\/#primaryimage"},"image":{"@id":"https:\/\/blogs.thesocialmedia.com\/leblogmoto\/2007\/04\/10\/dcs-dolivier-lu\/#primaryimage"},"thumbnailUrl":"http:\/\/www.leblogmoto.com\/images\/2007\/04\/10\/8171.jpg","datePublished":"2007-04-10T20:12:44+00:00","dateModified":"2012-07-11T14:38:02+00:00","author":{"@id":"https:\/\/blogs.thesocialmedia.com\/leblogmoto\/#\/schema\/person\/769623f89741cc3381675029a37764f8"},"breadcrumb":{"@id":"https:\/\/blogs.thesocialmedia.com\/leblogmoto\/2007\/04\/10\/dcs-dolivier-lu\/#breadcrumb"},"inLanguage":"fr-FR","potentialAction":[{"@type":"ReadAction","target":["https:\/\/blogs.thesocialmedia.com\/leblogmoto\/2007\/04\/10\/dcs-dolivier-lu\/"]}]},{"@type":"ImageObject","inLanguage":"fr-FR","@id":"https:\/\/blogs.thesocialmedia.com\/leblogmoto\/2007\/04\/10\/dcs-dolivier-lu\/#primaryimage","url":"http:\/\/www.leblogmoto.com\/images\/2007\/04\/10\/8171.jpg","contentUrl":"http:\/\/www.leblogmoto.com\/images\/2007\/04\/10\/8171.jpg"},{"@type":"BreadcrumbList","@id":"https:\/\/blogs.thesocialmedia.com\/leblogmoto\/2007\/04\/10\/dcs-dolivier-lu\/#breadcrumb","itemListElement":[{"@type":"ListItem","position":1,"name":"Accueil","item":"https:\/\/blogs.thesocialmedia.com\/leblogmoto\/"},{"@type":"ListItem","position":2,"name":"D\u00e9c\u00e8s d&rsquo;Olivier Luchel, champion moto de Martinique"}]},{"@type":"WebSite","@id":"https:\/\/blogs.thesocialmedia.com\/leblogmoto\/#website","url":"https:\/\/blogs.thesocialmedia.com\/leblogmoto\/","name":"leblogmoto","description":"Toute l&#039;actualit\u00e9 des 2 roues","potentialAction":[{"@type":"SearchAction","target":{"@type":"EntryPoint","urlTemplate":"https:\/\/blogs.thesocialmedia.com\/leblogmoto\/?s={search_term_string}"},"query-input":{"@type":"PropertyValueSpecification","valueRequired":true,"valueName":"search_term_string"}}],"inLanguage":"fr-FR"},{"@type":"Person","@id":"https:\/\/blogs.thesocialmedia.com\/leblogmoto\/#\/schema\/person\/769623f89741cc3381675029a37764f8","name":"gregory boucaud","image":{"@type":"ImageObject","inLanguage":"fr-FR","@id":"https:\/\/blogs.thesocialmedia.com\/leblogmoto\/#\/schema\/person\/image\/","url":"https:\/\/secure.gravatar.com\/avatar\/?s=96&d=mm&r=g","contentUrl":"https:\/\/secure.gravatar.com\/avatar\/?s=96&d=mm&r=g","caption":"gregory boucaud"},"url":"https:\/\/blogs.thesocialmedia.com\/leblogmoto\/author\/gregory-boucaud\/"}]}},"_links":{"self":[{"href":"https:\/\/blogs.thesocialmedia.com\/leblogmoto\/wp-json\/wp\/v2\/posts\/1431","targetHints":{"allow":["GET"]}}],"collection":[{"href":"https:\/\/blogs.thesocialmedia.com\/leblogmoto\/wp-json\/wp\/v2\/posts"}],"about":[{"href":"https:\/\/blogs.thesocialmedia.com\/leblogmoto\/wp-json\/wp\/v2\/types\/post"}],"author":[{"embeddable":true,"href":"https:\/\/blogs.thesocialmedia.com\/leblogmoto\/wp-json\/wp\/v2\/users\/329"}],"replies":[{"embeddable":true,"href":"https:\/\/blogs.thesocialmedia.com\/leblogmoto\/wp-json\/wp\/v2\/comments?post=1431"}],"version-history":[{"count":2,"href":"https:\/\/blogs.thesocialmedia.com\/leblogmoto\/wp-json\/wp\/v2\/posts\/1431\/revisions"}],"predecessor-version":[{"id":8304,"href":"https:\/\/blogs.thesocialmedia.com\/leblogmoto\/wp-json\/wp\/v2\/posts\/1431\/revisions\/8304"}],"wp:attachment":[{"href":"https:\/\/blogs.thesocialmedia.com\/leblogmoto\/wp-json\/wp\/v2\/media?parent=1431"}],"wp:term":[{"taxonomy":"category","embeddable":true,"href":"https:\/\/blogs.thesocialmedia.com\/leblogmoto\/wp-json\/wp\/v2\/categories?post=1431"},{"taxonomy":"post_tag","embeddable":true,"href":"https:\/\/blogs.thesocialmedia.com\/leblogmoto\/wp-json\/wp\/v2\/tags?post=1431"}],"curies":[{"name":"wp","href":"https:\/\/api.w.org\/{rel}","templated":true}]}}