{"id":1432,"date":"2007-04-07T15:05:02","date_gmt":"2007-04-07T15:05:02","guid":{"rendered":"http:\/\/blogs.thesocialmedia.com\/leblogmoto\/2007\/04\/07\/accord-entre-vo\/"},"modified":"2012-07-11T14:38:00","modified_gmt":"2012-07-11T14:38:00","slug":"accord-entre-vo","status":"publish","type":"post","link":"https:\/\/blogs.thesocialmedia.com\/leblogmoto\/2007\/04\/07\/accord-entre-vo\/","title":{"rendered":"Accord entre Voxan et Zongshen ?"},"content":{"rendered":"<p><a href=\"http:\/\/blogs.thesocialmedia.com\/leblogmoto\/files\/2012\/07\/logo_voxan_basse_df1.gif\"><img loading=\"lazy\" decoding=\"async\" height=\"73\" alt=\"Logo_voxan_basse_df\" src=\"http:\/\/www.leblogmoto.com\/images\/2007\/04\/07\/logo_voxan_basse_df.gif\" width=\"250\"  \/><\/a> Du nouveau du c\u00f4t\u00e9 de chez <a href=\"http:\/\/www.voxan.com\/voxan\/\">Voxan<\/a> ? Dans notre dernier article, nous vous expliquions que <a href=\"http:\/\/www.voxan.com\/voxan\/\">Voxan<\/a> devait <a href=\"http:\/\/www.leblogmoto.com\/2007\/03\/restitution_des.html\">restituer ses locaux<\/a> \u00e0 la ville d&rsquo;<a href=\"http:\/\/www.issoire.fr\/\">Issoire<\/a> \u00e0 cause d&rsquo;une d\u00e9cision de justice. Serait-ce la fin de cette marque fran\u00e7aise?<\/p>\n<p>Pierre-Laurent Chauvet, directeur g\u00e9n\u00e9ral de la <a href=\"http:\/\/www.sidam-sas.com\/\">SIDAM<\/a> qui importe des motos chinoises, annon\u00e7ait qu&rsquo;il y aurai une importante annonce concernant <a href=\"http:\/\/www.voxan.com\/voxan\/\">Voxan<\/a> courant avril. Apparement, l&rsquo;entreprise d&rsquo;<a href=\"http:\/\/www.issoire.fr\/\">Issoire<\/a> serait en phase de signer un accord de production avec <a href=\"http:\/\/www.zongshenmotor.com\/zongshen\/www\/index.htm\">Zongshen<\/a>, une des plus grandes entreprises chinoises&nbsp; productrice de motos.<\/p>\n<p>De plus, la <a href=\"http:\/\/www.sidam-sas.com\/\">SIDAM <\/a>s&rsquo;occupe d\u00e9j\u00e0 du r\u00e9seau de distribution de <a href=\"www.voxan.com\">Voxan<\/a> et de sa commercialisation depuis 2006. De quoi faciliter l&rsquo;accord si jamais il est sign\u00e9.<\/p>\n<p>Est-ce que <a href=\"http:\/\/www.zongshenmotor.com\/zongshen\/www\/index.htm\">Zongshen<\/a> serait le sauveur de <a href=\"http:\/\/www.voxan.com\/voxan\/\">Voxan<\/a> ? Esp\u00e9rons quand m\u00eame qu&rsquo;ils trouvent une solution&#8230;<br \/>Mais est-ce que <a href=\"http:\/\/www.voxan.com\/voxan\/\">Voxan<\/a> sera toujours Made In France ?<\/p>\n<p>Source : <a href=\"http:\/\/www.motomag.com\/\">www.motomag.com<\/a><\/p>\n","protected":false},"excerpt":{"rendered":"<p>Du nouveau du c\u00f4t\u00e9 de chez Voxan ? Dans notre dernier article, nous vous expliquions que Voxan devait restituer ses locaux \u00e0 la ville d&rsquo;Issoire \u00e0 cause d&rsquo;une d\u00e9cision de justice. Serait-ce la fin de cette marque fran\u00e7aise? Pierre-Laurent Chauvet, directeur g\u00e9n\u00e9ral de la SIDAM qui importe des motos chinoises, annon\u00e7ait qu&rsquo;il y aurai une [&hellip;]<\/p>\n","protected":false},"author":329,"featured_media":0,"comment_status":"open","ping_status":"open","sticky":false,"template":"","format":"standard","meta":{"footnotes":""},"categories":[3,49],"tags":[],"class_list":["post-1432","post","type-post","status-publish","format-standard","hentry","category-actualite","category-actualites-entreprise"],"yoast_head":"<!-- This site is optimized with the Yoast SEO plugin v26.0 - https:\/\/yoast.com\/wordpress\/plugins\/seo\/ -->\n<title>Accord entre Voxan et Zongshen ? - leblogmoto.com<\/title>\n<meta name=\"robots\" content=\"index, follow, max-snippet:-1, max-image-preview:large, max-video-preview:-1\" \/>\n<link rel=\"canonical\" href=\"https:\/\/blogs.thesocialmedia.com\/leblogmoto\/2007\/04\/07\/accord-entre-vo\/\" \/>\n<meta name=\"twitter:card\" content=\"summary_large_image\" \/>\n<meta name=\"twitter:title\" content=\"Accord entre Voxan et Zongshen ? - leblogmoto.com\" \/>\n<meta name=\"twitter:description\" content=\"Du nouveau du c\u00f4t\u00e9 de chez Voxan ? Dans notre dernier article, nous vous expliquions que Voxan devait restituer ses locaux \u00e0 la ville d&rsquo;Issoire \u00e0 cause d&rsquo;une d\u00e9cision de justice. Serait-ce la fin de cette marque fran\u00e7aise? Pierre-Laurent Chauvet, directeur g\u00e9n\u00e9ral de la SIDAM qui importe des motos chinoises, annon\u00e7ait qu&rsquo;il y aurai une [&hellip;]\" \/>\n<meta name=\"twitter:image\" content=\"http:\/\/www.leblogmoto.com\/images\/2007\/04\/07\/logo_voxan_basse_df.gif\" \/>\n<meta name=\"twitter:label1\" content=\"\u00c9crit par\" \/>\n\t<meta name=\"twitter:data1\" content=\"gregory boucaud\" \/>\n\t<meta name=\"twitter:label2\" content=\"Dur\u00e9e de lecture estim\u00e9e\" \/>\n\t<meta name=\"twitter:data2\" content=\"1 minute\" \/>\n<script type=\"application\/ld+json\" class=\"yoast-schema-graph\">{\"@context\":\"https:\/\/schema.org\",\"@graph\":[{\"@type\":\"WebPage\",\"@id\":\"https:\/\/blogs.thesocialmedia.com\/leblogmoto\/2007\/04\/07\/accord-entre-vo\/\",\"url\":\"https:\/\/blogs.thesocialmedia.com\/leblogmoto\/2007\/04\/07\/accord-entre-vo\/\",\"name\":\"Accord entre Voxan et Zongshen ? - leblogmoto.com\",\"isPartOf\":{\"@id\":\"https:\/\/blogs.thesocialmedia.com\/leblogmoto\/#website\"},\"primaryImageOfPage\":{\"@id\":\"https:\/\/blogs.thesocialmedia.com\/leblogmoto\/2007\/04\/07\/accord-entre-vo\/#primaryimage\"},\"image\":{\"@id\":\"https:\/\/blogs.thesocialmedia.com\/leblogmoto\/2007\/04\/07\/accord-entre-vo\/#primaryimage\"},\"thumbnailUrl\":\"http:\/\/www.leblogmoto.com\/images\/2007\/04\/07\/logo_voxan_basse_df.gif\",\"datePublished\":\"2007-04-07T15:05:02+00:00\",\"dateModified\":\"2012-07-11T14:38:00+00:00\",\"author\":{\"@id\":\"https:\/\/blogs.thesocialmedia.com\/leblogmoto\/#\/schema\/person\/769623f89741cc3381675029a37764f8\"},\"breadcrumb\":{\"@id\":\"https:\/\/blogs.thesocialmedia.com\/leblogmoto\/2007\/04\/07\/accord-entre-vo\/#breadcrumb\"},\"inLanguage\":\"fr-FR\",\"potentialAction\":[{\"@type\":\"ReadAction\",\"target\":[\"https:\/\/blogs.thesocialmedia.com\/leblogmoto\/2007\/04\/07\/accord-entre-vo\/\"]}]},{\"@type\":\"ImageObject\",\"inLanguage\":\"fr-FR\",\"@id\":\"https:\/\/blogs.thesocialmedia.com\/leblogmoto\/2007\/04\/07\/accord-entre-vo\/#primaryimage\",\"url\":\"http:\/\/www.leblogmoto.com\/images\/2007\/04\/07\/logo_voxan_basse_df.gif\",\"contentUrl\":\"http:\/\/www.leblogmoto.com\/images\/2007\/04\/07\/logo_voxan_basse_df.gif\"},{\"@type\":\"BreadcrumbList\",\"@id\":\"https:\/\/blogs.thesocialmedia.com\/leblogmoto\/2007\/04\/07\/accord-entre-vo\/#breadcrumb\",\"itemListElement\":[{\"@type\":\"ListItem\",\"position\":1,\"name\":\"Accueil\",\"item\":\"https:\/\/blogs.thesocialmedia.com\/leblogmoto\/\"},{\"@type\":\"ListItem\",\"position\":2,\"name\":\"Accord entre Voxan et Zongshen ?\"}]},{\"@type\":\"WebSite\",\"@id\":\"https:\/\/blogs.thesocialmedia.com\/leblogmoto\/#website\",\"url\":\"https:\/\/blogs.thesocialmedia.com\/leblogmoto\/\",\"name\":\"leblogmoto\",\"description\":\"Toute l&#039;actualit\u00e9 des 2 roues\",\"potentialAction\":[{\"@type\":\"SearchAction\",\"target\":{\"@type\":\"EntryPoint\",\"urlTemplate\":\"https:\/\/blogs.thesocialmedia.com\/leblogmoto\/?s={search_term_string}\"},\"query-input\":{\"@type\":\"PropertyValueSpecification\",\"valueRequired\":true,\"valueName\":\"search_term_string\"}}],\"inLanguage\":\"fr-FR\"},{\"@type\":\"Person\",\"@id\":\"https:\/\/blogs.thesocialmedia.com\/leblogmoto\/#\/schema\/person\/769623f89741cc3381675029a37764f8\",\"name\":\"gregory boucaud\",\"image\":{\"@type\":\"ImageObject\",\"inLanguage\":\"fr-FR\",\"@id\":\"https:\/\/blogs.thesocialmedia.com\/leblogmoto\/#\/schema\/person\/image\/\",\"url\":\"https:\/\/secure.gravatar.com\/avatar\/?s=96&d=mm&r=g\",\"contentUrl\":\"https:\/\/secure.gravatar.com\/avatar\/?s=96&d=mm&r=g\",\"caption\":\"gregory boucaud\"},\"url\":\"https:\/\/blogs.thesocialmedia.com\/leblogmoto\/author\/gregory-boucaud\/\"}]}<\/script>\n<!-- \/ Yoast SEO plugin. -->","yoast_head_json":{"title":"Accord entre Voxan et Zongshen ? - leblogmoto.com","robots":{"index":"index","follow":"follow","max-snippet":"max-snippet:-1","max-image-preview":"max-image-preview:large","max-video-preview":"max-video-preview:-1"},"canonical":"https:\/\/blogs.thesocialmedia.com\/leblogmoto\/2007\/04\/07\/accord-entre-vo\/","twitter_card":"summary_large_image","twitter_title":"Accord entre Voxan et Zongshen ? - leblogmoto.com","twitter_description":"Du nouveau du c\u00f4t\u00e9 de chez Voxan ? Dans notre dernier article, nous vous expliquions que Voxan devait restituer ses locaux \u00e0 la ville d&rsquo;Issoire \u00e0 cause d&rsquo;une d\u00e9cision de justice. Serait-ce la fin de cette marque fran\u00e7aise? Pierre-Laurent Chauvet, directeur g\u00e9n\u00e9ral de la SIDAM qui importe des motos chinoises, annon\u00e7ait qu&rsquo;il y aurai une [&hellip;]","twitter_image":"http:\/\/www.leblogmoto.com\/images\/2007\/04\/07\/logo_voxan_basse_df.gif","twitter_misc":{"\u00c9crit par":"gregory boucaud","Dur\u00e9e de lecture estim\u00e9e":"1 minute"},"schema":{"@context":"https:\/\/schema.org","@graph":[{"@type":"WebPage","@id":"https:\/\/blogs.thesocialmedia.com\/leblogmoto\/2007\/04\/07\/accord-entre-vo\/","url":"https:\/\/blogs.thesocialmedia.com\/leblogmoto\/2007\/04\/07\/accord-entre-vo\/","name":"Accord entre Voxan et Zongshen ? - leblogmoto.com","isPartOf":{"@id":"https:\/\/blogs.thesocialmedia.com\/leblogmoto\/#website"},"primaryImageOfPage":{"@id":"https:\/\/blogs.thesocialmedia.com\/leblogmoto\/2007\/04\/07\/accord-entre-vo\/#primaryimage"},"image":{"@id":"https:\/\/blogs.thesocialmedia.com\/leblogmoto\/2007\/04\/07\/accord-entre-vo\/#primaryimage"},"thumbnailUrl":"http:\/\/www.leblogmoto.com\/images\/2007\/04\/07\/logo_voxan_basse_df.gif","datePublished":"2007-04-07T15:05:02+00:00","dateModified":"2012-07-11T14:38:00+00:00","author":{"@id":"https:\/\/blogs.thesocialmedia.com\/leblogmoto\/#\/schema\/person\/769623f89741cc3381675029a37764f8"},"breadcrumb":{"@id":"https:\/\/blogs.thesocialmedia.com\/leblogmoto\/2007\/04\/07\/accord-entre-vo\/#breadcrumb"},"inLanguage":"fr-FR","potentialAction":[{"@type":"ReadAction","target":["https:\/\/blogs.thesocialmedia.com\/leblogmoto\/2007\/04\/07\/accord-entre-vo\/"]}]},{"@type":"ImageObject","inLanguage":"fr-FR","@id":"https:\/\/blogs.thesocialmedia.com\/leblogmoto\/2007\/04\/07\/accord-entre-vo\/#primaryimage","url":"http:\/\/www.leblogmoto.com\/images\/2007\/04\/07\/logo_voxan_basse_df.gif","contentUrl":"http:\/\/www.leblogmoto.com\/images\/2007\/04\/07\/logo_voxan_basse_df.gif"},{"@type":"BreadcrumbList","@id":"https:\/\/blogs.thesocialmedia.com\/leblogmoto\/2007\/04\/07\/accord-entre-vo\/#breadcrumb","itemListElement":[{"@type":"ListItem","position":1,"name":"Accueil","item":"https:\/\/blogs.thesocialmedia.com\/leblogmoto\/"},{"@type":"ListItem","position":2,"name":"Accord entre Voxan et Zongshen ?"}]},{"@type":"WebSite","@id":"https:\/\/blogs.thesocialmedia.com\/leblogmoto\/#website","url":"https:\/\/blogs.thesocialmedia.com\/leblogmoto\/","name":"leblogmoto","description":"Toute l&#039;actualit\u00e9 des 2 roues","potentialAction":[{"@type":"SearchAction","target":{"@type":"EntryPoint","urlTemplate":"https:\/\/blogs.thesocialmedia.com\/leblogmoto\/?s={search_term_string}"},"query-input":{"@type":"PropertyValueSpecification","valueRequired":true,"valueName":"search_term_string"}}],"inLanguage":"fr-FR"},{"@type":"Person","@id":"https:\/\/blogs.thesocialmedia.com\/leblogmoto\/#\/schema\/person\/769623f89741cc3381675029a37764f8","name":"gregory boucaud","image":{"@type":"ImageObject","inLanguage":"fr-FR","@id":"https:\/\/blogs.thesocialmedia.com\/leblogmoto\/#\/schema\/person\/image\/","url":"https:\/\/secure.gravatar.com\/avatar\/?s=96&d=mm&r=g","contentUrl":"https:\/\/secure.gravatar.com\/avatar\/?s=96&d=mm&r=g","caption":"gregory boucaud"},"url":"https:\/\/blogs.thesocialmedia.com\/leblogmoto\/author\/gregory-boucaud\/"}]}},"_links":{"self":[{"href":"https:\/\/blogs.thesocialmedia.com\/leblogmoto\/wp-json\/wp\/v2\/posts\/1432","targetHints":{"allow":["GET"]}}],"collection":[{"href":"https:\/\/blogs.thesocialmedia.com\/leblogmoto\/wp-json\/wp\/v2\/posts"}],"about":[{"href":"https:\/\/blogs.thesocialmedia.com\/leblogmoto\/wp-json\/wp\/v2\/types\/post"}],"author":[{"embeddable":true,"href":"https:\/\/blogs.thesocialmedia.com\/leblogmoto\/wp-json\/wp\/v2\/users\/329"}],"replies":[{"embeddable":true,"href":"https:\/\/blogs.thesocialmedia.com\/leblogmoto\/wp-json\/wp\/v2\/comments?post=1432"}],"version-history":[{"count":2,"href":"https:\/\/blogs.thesocialmedia.com\/leblogmoto\/wp-json\/wp\/v2\/posts\/1432\/revisions"}],"predecessor-version":[{"id":8302,"href":"https:\/\/blogs.thesocialmedia.com\/leblogmoto\/wp-json\/wp\/v2\/posts\/1432\/revisions\/8302"}],"wp:attachment":[{"href":"https:\/\/blogs.thesocialmedia.com\/leblogmoto\/wp-json\/wp\/v2\/media?parent=1432"}],"wp:term":[{"taxonomy":"category","embeddable":true,"href":"https:\/\/blogs.thesocialmedia.com\/leblogmoto\/wp-json\/wp\/v2\/categories?post=1432"},{"taxonomy":"post_tag","embeddable":true,"href":"https:\/\/blogs.thesocialmedia.com\/leblogmoto\/wp-json\/wp\/v2\/tags?post=1432"}],"curies":[{"name":"wp","href":"https:\/\/api.w.org\/{rel}","templated":true}]}}