{"id":1433,"date":"2007-04-07T12:54:17","date_gmt":"2007-04-07T12:54:17","guid":{"rendered":"http:\/\/blogs.thesocialmedia.com\/leblogmoto\/2007\/04\/07\/post-3\/"},"modified":"2012-07-11T14:37:59","modified_gmt":"2012-07-11T14:37:59","slug":"post-3","status":"publish","type":"post","link":"https:\/\/blogs.thesocialmedia.com\/leblogmoto\/2007\/04\/07\/post-3\/","title":{"rendered":"Kustom Show 2007"},"content":{"rendered":"<p><a href=\"http:\/\/blogs.thesocialmedia.com\/leblogmoto\/files\/2012\/07\/kustom_show_2007_stpz.jpg\"><img loading=\"lazy\" decoding=\"async\" height=\"340\" alt=\"Kustom_show_2007_stpz\" src=\"http:\/\/www.leblogmoto.com\/images\/2007\/04\/07\/kustom_show_2007_stpz.jpg\" width=\"250\"  \/><\/a> Amateurs de Customs, ce salon est fait pour vous. Le <a href=\"http:\/\/www.kustomshow.fr\/index.asp\">Kustom Show \u00e9dition 2007<\/a> (7\u00e8me \u00e9dition) ouvrira ses portes les 21 et 22 avril 2007 aux Entrep\u00f4ts de Paris.<br \/>L&rsquo;occasion pour certains d&rsquo;entre vous de d\u00e9couvrir des customs ou alors de vivre votre passion en regardant les derni\u00e8res cr\u00e9ations en vogue.<br \/>Vous pourrez aussi y voir l<span class=\"textenoir\">es plus grandes marques de pi\u00e8ces et accessoires after-market comme CCE, Zodiac ou W&amp;W&#8230; Mais aussi les plus grands customisers comme <span class=\"textenoir\"><a href=\"http:\/\/www.walz-hardcore-cycles.com\/\">Marcus Walz<\/a>, de <a href=\"http:\/\/www.walz-hardcore-cycles.com\/\">Hardcore Cycle<\/a> par exemple, ou encore de nombreux autres pr\u00e9parateurs europ\u00e9ens.<br \/>Cette ann\u00e9e, il y aura aussi des voitures US (hot-rod, Muscle cars, etc..)&nbsp; car la volont\u00e9 des organisateurs est que ce salon devienne un vrai show <a href=\"http:\/\/fr.wikipedia.org\/wiki\/V%C3%A9hicule_automobile\">auto<\/a>\/<a href=\"http:\/\/fr.wikipedia.org\/wiki\/Moto\">moto<\/a> comme on peut en trouver aux USA comme au Japon.<\/span><\/span><\/p>\n<p><a href=\"http:\/\/clabedan.typepad.com\/.shared\/image.html?\/photos\/uncategorized\/2007\/04\/07\/plan.jpg\"><img loading=\"lazy\" decoding=\"async\" height=\"156\" alt=\"Plan\" src=\"http:\/\/www.leblogmoto.com\/images\/2007\/04\/07\/plan.jpg\" width=\"250\"  \/><\/a> L&rsquo;entr\u00e9e sera de 12\u20ac et sera gratuite pour les moins de 12 ans.<\/p>\n<p><strong>Horaires d&rsquo;ouverture au public :<br \/><\/strong>Samedi 21 avril : de 10h \u00e0 20 h<br \/>Dimanche 22 avril : de 10 h \u00e0 19 h<br \/><strong><br \/>Info ligne : 04 73 24 97 61 ou <\/strong><a href=\"mailto:info@kustom%20show.fr\"><strong>info@kustom show.fr<\/strong><\/a><strong> <\/p>\n<p>Lieu :<br \/><\/strong>Les Docks &#8211; Parc des portes de Paris &#8211; 50 avenue du President Wilson &#8211; 93200 La Plaine Saint Denis<\/p>\n<p>Pour de plus amples informations sur ce salon : <a href=\"http:\/\/www.kustomshow.fr\/\">www.kustomshow.fr<\/a><\/p>\n","protected":false},"excerpt":{"rendered":"<p>Amateurs de Customs, ce salon est fait pour vous. Le Kustom Show \u00e9dition 2007 (7\u00e8me \u00e9dition) ouvrira ses portes les 21 et 22 avril 2007 aux Entrep\u00f4ts de Paris.L&rsquo;occasion pour certains d&rsquo;entre vous de d\u00e9couvrir des customs ou alors de vivre votre passion en regardant les derni\u00e8res cr\u00e9ations en vogue.Vous pourrez aussi y voir les [&hellip;]<\/p>\n","protected":false},"author":329,"featured_media":0,"comment_status":"open","ping_status":"open","sticky":false,"template":"","format":"standard","meta":{"footnotes":""},"categories":[36],"tags":[],"class_list":["post-1433","post","type-post","status-publish","format-standard","hentry","category-salons"],"yoast_head":"<!-- This site is optimized with the Yoast SEO plugin v26.0 - https:\/\/yoast.com\/wordpress\/plugins\/seo\/ -->\n<title>Kustom Show 2007 - leblogmoto.com<\/title>\n<meta name=\"robots\" content=\"index, follow, max-snippet:-1, max-image-preview:large, max-video-preview:-1\" \/>\n<link rel=\"canonical\" href=\"https:\/\/blogs.thesocialmedia.com\/leblogmoto\/2007\/04\/07\/post-3\/\" \/>\n<meta name=\"twitter:card\" content=\"summary_large_image\" \/>\n<meta name=\"twitter:title\" content=\"Kustom Show 2007 - leblogmoto.com\" \/>\n<meta name=\"twitter:description\" content=\"Amateurs de Customs, ce salon est fait pour vous. Le Kustom Show \u00e9dition 2007 (7\u00e8me \u00e9dition) ouvrira ses portes les 21 et 22 avril 2007 aux Entrep\u00f4ts de Paris.L&rsquo;occasion pour certains d&rsquo;entre vous de d\u00e9couvrir des customs ou alors de vivre votre passion en regardant les derni\u00e8res cr\u00e9ations en vogue.Vous pourrez aussi y voir les [&hellip;]\" \/>\n<meta name=\"twitter:image\" content=\"http:\/\/www.leblogmoto.com\/images\/2007\/04\/07\/kustom_show_2007_stpz.jpg\" \/>\n<meta name=\"twitter:label1\" content=\"\u00c9crit par\" \/>\n\t<meta name=\"twitter:data1\" content=\"gregory boucaud\" \/>\n\t<meta name=\"twitter:label2\" content=\"Dur\u00e9e de lecture estim\u00e9e\" \/>\n\t<meta name=\"twitter:data2\" content=\"1 minute\" \/>\n<script type=\"application\/ld+json\" class=\"yoast-schema-graph\">{\"@context\":\"https:\/\/schema.org\",\"@graph\":[{\"@type\":\"WebPage\",\"@id\":\"https:\/\/blogs.thesocialmedia.com\/leblogmoto\/2007\/04\/07\/post-3\/\",\"url\":\"https:\/\/blogs.thesocialmedia.com\/leblogmoto\/2007\/04\/07\/post-3\/\",\"name\":\"Kustom Show 2007 - leblogmoto.com\",\"isPartOf\":{\"@id\":\"https:\/\/blogs.thesocialmedia.com\/leblogmoto\/#website\"},\"primaryImageOfPage\":{\"@id\":\"https:\/\/blogs.thesocialmedia.com\/leblogmoto\/2007\/04\/07\/post-3\/#primaryimage\"},\"image\":{\"@id\":\"https:\/\/blogs.thesocialmedia.com\/leblogmoto\/2007\/04\/07\/post-3\/#primaryimage\"},\"thumbnailUrl\":\"http:\/\/www.leblogmoto.com\/images\/2007\/04\/07\/kustom_show_2007_stpz.jpg\",\"datePublished\":\"2007-04-07T12:54:17+00:00\",\"dateModified\":\"2012-07-11T14:37:59+00:00\",\"author\":{\"@id\":\"https:\/\/blogs.thesocialmedia.com\/leblogmoto\/#\/schema\/person\/769623f89741cc3381675029a37764f8\"},\"breadcrumb\":{\"@id\":\"https:\/\/blogs.thesocialmedia.com\/leblogmoto\/2007\/04\/07\/post-3\/#breadcrumb\"},\"inLanguage\":\"fr-FR\",\"potentialAction\":[{\"@type\":\"ReadAction\",\"target\":[\"https:\/\/blogs.thesocialmedia.com\/leblogmoto\/2007\/04\/07\/post-3\/\"]}]},{\"@type\":\"ImageObject\",\"inLanguage\":\"fr-FR\",\"@id\":\"https:\/\/blogs.thesocialmedia.com\/leblogmoto\/2007\/04\/07\/post-3\/#primaryimage\",\"url\":\"http:\/\/www.leblogmoto.com\/images\/2007\/04\/07\/kustom_show_2007_stpz.jpg\",\"contentUrl\":\"http:\/\/www.leblogmoto.com\/images\/2007\/04\/07\/kustom_show_2007_stpz.jpg\"},{\"@type\":\"BreadcrumbList\",\"@id\":\"https:\/\/blogs.thesocialmedia.com\/leblogmoto\/2007\/04\/07\/post-3\/#breadcrumb\",\"itemListElement\":[{\"@type\":\"ListItem\",\"position\":1,\"name\":\"Accueil\",\"item\":\"https:\/\/blogs.thesocialmedia.com\/leblogmoto\/\"},{\"@type\":\"ListItem\",\"position\":2,\"name\":\"Kustom Show 2007\"}]},{\"@type\":\"WebSite\",\"@id\":\"https:\/\/blogs.thesocialmedia.com\/leblogmoto\/#website\",\"url\":\"https:\/\/blogs.thesocialmedia.com\/leblogmoto\/\",\"name\":\"leblogmoto\",\"description\":\"Toute l&#039;actualit\u00e9 des 2 roues\",\"potentialAction\":[{\"@type\":\"SearchAction\",\"target\":{\"@type\":\"EntryPoint\",\"urlTemplate\":\"https:\/\/blogs.thesocialmedia.com\/leblogmoto\/?s={search_term_string}\"},\"query-input\":{\"@type\":\"PropertyValueSpecification\",\"valueRequired\":true,\"valueName\":\"search_term_string\"}}],\"inLanguage\":\"fr-FR\"},{\"@type\":\"Person\",\"@id\":\"https:\/\/blogs.thesocialmedia.com\/leblogmoto\/#\/schema\/person\/769623f89741cc3381675029a37764f8\",\"name\":\"gregory boucaud\",\"image\":{\"@type\":\"ImageObject\",\"inLanguage\":\"fr-FR\",\"@id\":\"https:\/\/blogs.thesocialmedia.com\/leblogmoto\/#\/schema\/person\/image\/\",\"url\":\"https:\/\/secure.gravatar.com\/avatar\/?s=96&d=mm&r=g\",\"contentUrl\":\"https:\/\/secure.gravatar.com\/avatar\/?s=96&d=mm&r=g\",\"caption\":\"gregory boucaud\"},\"url\":\"https:\/\/blogs.thesocialmedia.com\/leblogmoto\/author\/gregory-boucaud\/\"}]}<\/script>\n<!-- \/ Yoast SEO plugin. -->","yoast_head_json":{"title":"Kustom Show 2007 - leblogmoto.com","robots":{"index":"index","follow":"follow","max-snippet":"max-snippet:-1","max-image-preview":"max-image-preview:large","max-video-preview":"max-video-preview:-1"},"canonical":"https:\/\/blogs.thesocialmedia.com\/leblogmoto\/2007\/04\/07\/post-3\/","twitter_card":"summary_large_image","twitter_title":"Kustom Show 2007 - leblogmoto.com","twitter_description":"Amateurs de Customs, ce salon est fait pour vous. Le Kustom Show \u00e9dition 2007 (7\u00e8me \u00e9dition) ouvrira ses portes les 21 et 22 avril 2007 aux Entrep\u00f4ts de Paris.L&rsquo;occasion pour certains d&rsquo;entre vous de d\u00e9couvrir des customs ou alors de vivre votre passion en regardant les derni\u00e8res cr\u00e9ations en vogue.Vous pourrez aussi y voir les [&hellip;]","twitter_image":"http:\/\/www.leblogmoto.com\/images\/2007\/04\/07\/kustom_show_2007_stpz.jpg","twitter_misc":{"\u00c9crit par":"gregory boucaud","Dur\u00e9e de lecture estim\u00e9e":"1 minute"},"schema":{"@context":"https:\/\/schema.org","@graph":[{"@type":"WebPage","@id":"https:\/\/blogs.thesocialmedia.com\/leblogmoto\/2007\/04\/07\/post-3\/","url":"https:\/\/blogs.thesocialmedia.com\/leblogmoto\/2007\/04\/07\/post-3\/","name":"Kustom Show 2007 - leblogmoto.com","isPartOf":{"@id":"https:\/\/blogs.thesocialmedia.com\/leblogmoto\/#website"},"primaryImageOfPage":{"@id":"https:\/\/blogs.thesocialmedia.com\/leblogmoto\/2007\/04\/07\/post-3\/#primaryimage"},"image":{"@id":"https:\/\/blogs.thesocialmedia.com\/leblogmoto\/2007\/04\/07\/post-3\/#primaryimage"},"thumbnailUrl":"http:\/\/www.leblogmoto.com\/images\/2007\/04\/07\/kustom_show_2007_stpz.jpg","datePublished":"2007-04-07T12:54:17+00:00","dateModified":"2012-07-11T14:37:59+00:00","author":{"@id":"https:\/\/blogs.thesocialmedia.com\/leblogmoto\/#\/schema\/person\/769623f89741cc3381675029a37764f8"},"breadcrumb":{"@id":"https:\/\/blogs.thesocialmedia.com\/leblogmoto\/2007\/04\/07\/post-3\/#breadcrumb"},"inLanguage":"fr-FR","potentialAction":[{"@type":"ReadAction","target":["https:\/\/blogs.thesocialmedia.com\/leblogmoto\/2007\/04\/07\/post-3\/"]}]},{"@type":"ImageObject","inLanguage":"fr-FR","@id":"https:\/\/blogs.thesocialmedia.com\/leblogmoto\/2007\/04\/07\/post-3\/#primaryimage","url":"http:\/\/www.leblogmoto.com\/images\/2007\/04\/07\/kustom_show_2007_stpz.jpg","contentUrl":"http:\/\/www.leblogmoto.com\/images\/2007\/04\/07\/kustom_show_2007_stpz.jpg"},{"@type":"BreadcrumbList","@id":"https:\/\/blogs.thesocialmedia.com\/leblogmoto\/2007\/04\/07\/post-3\/#breadcrumb","itemListElement":[{"@type":"ListItem","position":1,"name":"Accueil","item":"https:\/\/blogs.thesocialmedia.com\/leblogmoto\/"},{"@type":"ListItem","position":2,"name":"Kustom Show 2007"}]},{"@type":"WebSite","@id":"https:\/\/blogs.thesocialmedia.com\/leblogmoto\/#website","url":"https:\/\/blogs.thesocialmedia.com\/leblogmoto\/","name":"leblogmoto","description":"Toute l&#039;actualit\u00e9 des 2 roues","potentialAction":[{"@type":"SearchAction","target":{"@type":"EntryPoint","urlTemplate":"https:\/\/blogs.thesocialmedia.com\/leblogmoto\/?s={search_term_string}"},"query-input":{"@type":"PropertyValueSpecification","valueRequired":true,"valueName":"search_term_string"}}],"inLanguage":"fr-FR"},{"@type":"Person","@id":"https:\/\/blogs.thesocialmedia.com\/leblogmoto\/#\/schema\/person\/769623f89741cc3381675029a37764f8","name":"gregory boucaud","image":{"@type":"ImageObject","inLanguage":"fr-FR","@id":"https:\/\/blogs.thesocialmedia.com\/leblogmoto\/#\/schema\/person\/image\/","url":"https:\/\/secure.gravatar.com\/avatar\/?s=96&d=mm&r=g","contentUrl":"https:\/\/secure.gravatar.com\/avatar\/?s=96&d=mm&r=g","caption":"gregory boucaud"},"url":"https:\/\/blogs.thesocialmedia.com\/leblogmoto\/author\/gregory-boucaud\/"}]}},"_links":{"self":[{"href":"https:\/\/blogs.thesocialmedia.com\/leblogmoto\/wp-json\/wp\/v2\/posts\/1433","targetHints":{"allow":["GET"]}}],"collection":[{"href":"https:\/\/blogs.thesocialmedia.com\/leblogmoto\/wp-json\/wp\/v2\/posts"}],"about":[{"href":"https:\/\/blogs.thesocialmedia.com\/leblogmoto\/wp-json\/wp\/v2\/types\/post"}],"author":[{"embeddable":true,"href":"https:\/\/blogs.thesocialmedia.com\/leblogmoto\/wp-json\/wp\/v2\/users\/329"}],"replies":[{"embeddable":true,"href":"https:\/\/blogs.thesocialmedia.com\/leblogmoto\/wp-json\/wp\/v2\/comments?post=1433"}],"version-history":[{"count":2,"href":"https:\/\/blogs.thesocialmedia.com\/leblogmoto\/wp-json\/wp\/v2\/posts\/1433\/revisions"}],"predecessor-version":[{"id":8300,"href":"https:\/\/blogs.thesocialmedia.com\/leblogmoto\/wp-json\/wp\/v2\/posts\/1433\/revisions\/8300"}],"wp:attachment":[{"href":"https:\/\/blogs.thesocialmedia.com\/leblogmoto\/wp-json\/wp\/v2\/media?parent=1433"}],"wp:term":[{"taxonomy":"category","embeddable":true,"href":"https:\/\/blogs.thesocialmedia.com\/leblogmoto\/wp-json\/wp\/v2\/categories?post=1433"},{"taxonomy":"post_tag","embeddable":true,"href":"https:\/\/blogs.thesocialmedia.com\/leblogmoto\/wp-json\/wp\/v2\/tags?post=1433"}],"curies":[{"name":"wp","href":"https:\/\/api.w.org\/{rel}","templated":true}]}}