{"id":1435,"date":"2007-04-03T22:47:53","date_gmt":"2007-04-03T22:47:53","guid":{"rendered":"http:\/\/blogs.thesocialmedia.com\/leblogmoto\/2007\/04\/03\/heroes-legend-m\/"},"modified":"2012-07-11T14:37:51","modified_gmt":"2012-07-11T14:37:51","slug":"heroes-legend-m","status":"publish","type":"post","link":"https:\/\/blogs.thesocialmedia.com\/leblogmoto\/2007\/04\/03\/heroes-legend-m\/","title":{"rendered":"Heroes Legend : Modification du parcours"},"content":{"rendered":"<p><a href=\"http:\/\/blogs.thesocialmedia.com\/leblogmoto\/files\/2012\/07\/gs1.jpg\"><img loading=\"lazy\" decoding=\"async\" height=\"190\" alt=\"Gs\" src=\"http:\/\/www.leblogmoto.com\/images\/2007\/04\/03\/gs.jpg\" width=\"250\"  \/><\/a> Du nouveau du c\u00f4t\u00e9 de la <a href=\"http:\/\/www.heroeslegend.com\/\">L\u00e9gende des H\u00e9ros<\/a> qui a pris son d\u00e9part depuis la Tour Eiffel le 24 mars 2007.<br \/>Nous en avions d\u00e9j\u00e0 parl\u00e9 <a href=\"http:\/\/www.leblogmoto.com\/2007\/03\/lgende_des_hros.html\">ici<\/a>.<br \/>C&rsquo;est <a href=\"http:\/\/www.heroeslegend.com\/page-2-4-fr.html\">Hubert Auriol<\/a> qui a d\u00e9cid\u00e9 de regrouper tout son petit monde pour permettre \u00e0 chacun de souffler, apr\u00e8s une bonne semaine de <a href=\"www.heroeslegend.com\">Rallye<\/a>.<br \/>Voici ce qu&rsquo;il d\u00e9clare : <\/p>\n<p>&quot;Depuis le d\u00e9part, le rallye est mont\u00e9 en puissance et les \u00e9tapes, plus longues et plus cors\u00e9es que l\u2019an pass\u00e9, ont \u00e9t\u00e9 difficiles pour pas mal de concurrents. Visiblement les pilotes ont appr\u00e9ci\u00e9 ce trac\u00e9 et l\u2019ambiance est vraiment extraordinaire. Malgr\u00e9 tout, pas mal de v\u00e9hicules ont souffert et ont n\u00e9cessit\u00e9 des petites r\u00e9parations. Les corps sont fatigu\u00e9s aussi. Je sais que pas mal de concurrents comptaient sur l\u2019\u00e9tape de la plage pour souffler un peu, mais beaucoup se sont perdus et sont rentr\u00e9s plus tard que pr\u00e9vu au bivouac. Pas mal de voitures sont actuellement en r\u00e9parations qui s\u2019av\u00e8rent plus longues que pr\u00e9vu. C\u2019est pour cela que j\u2019ai d\u00e9cid\u00e9 de modifier l\u2019itin\u00e9raire afin que tout le rallye se regroupe et roule \u00e0 nouveau ensemble, ce qui est essentiel pour l\u2019ambiance et pour l\u2019esprit de notre \u00e9preuve. D\u2019autant plus que les formalit\u00e9s de douane entre le Maroc et la Mauritanie doivent se faire avec tous les participants, en une seule fois. Nous allons donc aujourd\u2019hui longer la c\u00f4te marocaine jusqu\u2019\u00e0 Dakhla o\u00f9 nous installerons le bivouac. Demain, tous les v\u00e9hicules de course devraient nous avoir rejoints et nous passerons la fronti\u00e8re tous ensemble \u00e0 Nouadhibou. De l\u00e0, nous nous dirigerons \u00e0 l\u2019Est vers Choum o\u00f9 nous installerons le bivouac que nous avons baptis\u00e9 P.K. 120. Le 4 avril, nous rejoindrons Atar o\u00f9 la course repartira de plus belle.&quot;<\/p>\n<p>Bref, que de m\u00e9saventures pour ce <a href=\"www.heroeslegend.com\">Rallye<\/a> qui avait d\u00e9j\u00e0 \u00e9t\u00e9 repouss\u00e9 pour des formalit\u00e9s administratives, n\u00e9anmoins souhaitons bonne chance \u00e0 tous les participants&#8230;<\/p>\n<p>Source: <a href=\"http:\/\/www.heroeslegend.com\/\">www.heroeslegend.com<\/a><\/p>\n","protected":false},"excerpt":{"rendered":"<p>Du nouveau du c\u00f4t\u00e9 de la L\u00e9gende des H\u00e9ros qui a pris son d\u00e9part depuis la Tour Eiffel le 24 mars 2007.Nous en avions d\u00e9j\u00e0 parl\u00e9 ici.C&rsquo;est Hubert Auriol qui a d\u00e9cid\u00e9 de regrouper tout son petit monde pour permettre \u00e0 chacun de souffler, apr\u00e8s une bonne semaine de Rallye.Voici ce qu&rsquo;il d\u00e9clare : &quot;Depuis [&hellip;]<\/p>\n","protected":false},"author":329,"featured_media":0,"comment_status":"open","ping_status":"open","sticky":false,"template":"","format":"standard","meta":{"footnotes":""},"categories":[3,13],"tags":[],"class_list":["post-1435","post","type-post","status-publish","format-standard","hentry","category-actualite","category-aventure"],"yoast_head":"<!-- This site is optimized with the Yoast SEO plugin v26.0 - https:\/\/yoast.com\/wordpress\/plugins\/seo\/ -->\n<title>Heroes Legend : Modification du parcours - leblogmoto.com<\/title>\n<meta name=\"robots\" content=\"index, follow, max-snippet:-1, max-image-preview:large, max-video-preview:-1\" \/>\n<link rel=\"canonical\" href=\"https:\/\/blogs.thesocialmedia.com\/leblogmoto\/2007\/04\/03\/heroes-legend-m\/\" \/>\n<meta name=\"twitter:card\" content=\"summary_large_image\" \/>\n<meta name=\"twitter:title\" content=\"Heroes Legend : Modification du parcours - leblogmoto.com\" \/>\n<meta name=\"twitter:description\" content=\"Du nouveau du c\u00f4t\u00e9 de la L\u00e9gende des H\u00e9ros qui a pris son d\u00e9part depuis la Tour Eiffel le 24 mars 2007.Nous en avions d\u00e9j\u00e0 parl\u00e9 ici.C&rsquo;est Hubert Auriol qui a d\u00e9cid\u00e9 de regrouper tout son petit monde pour permettre \u00e0 chacun de souffler, apr\u00e8s une bonne semaine de Rallye.Voici ce qu&rsquo;il d\u00e9clare : &quot;Depuis [&hellip;]\" \/>\n<meta name=\"twitter:image\" content=\"http:\/\/www.leblogmoto.com\/images\/2007\/04\/03\/gs.jpg\" \/>\n<meta name=\"twitter:label1\" content=\"\u00c9crit par\" \/>\n\t<meta name=\"twitter:data1\" content=\"gregory boucaud\" \/>\n\t<meta name=\"twitter:label2\" content=\"Dur\u00e9e de lecture estim\u00e9e\" \/>\n\t<meta name=\"twitter:data2\" content=\"2 minutes\" \/>\n<script type=\"application\/ld+json\" class=\"yoast-schema-graph\">{\"@context\":\"https:\/\/schema.org\",\"@graph\":[{\"@type\":\"WebPage\",\"@id\":\"https:\/\/blogs.thesocialmedia.com\/leblogmoto\/2007\/04\/03\/heroes-legend-m\/\",\"url\":\"https:\/\/blogs.thesocialmedia.com\/leblogmoto\/2007\/04\/03\/heroes-legend-m\/\",\"name\":\"Heroes Legend : Modification du parcours - leblogmoto.com\",\"isPartOf\":{\"@id\":\"https:\/\/blogs.thesocialmedia.com\/leblogmoto\/#website\"},\"primaryImageOfPage\":{\"@id\":\"https:\/\/blogs.thesocialmedia.com\/leblogmoto\/2007\/04\/03\/heroes-legend-m\/#primaryimage\"},\"image\":{\"@id\":\"https:\/\/blogs.thesocialmedia.com\/leblogmoto\/2007\/04\/03\/heroes-legend-m\/#primaryimage\"},\"thumbnailUrl\":\"http:\/\/www.leblogmoto.com\/images\/2007\/04\/03\/gs.jpg\",\"datePublished\":\"2007-04-03T22:47:53+00:00\",\"dateModified\":\"2012-07-11T14:37:51+00:00\",\"author\":{\"@id\":\"https:\/\/blogs.thesocialmedia.com\/leblogmoto\/#\/schema\/person\/769623f89741cc3381675029a37764f8\"},\"breadcrumb\":{\"@id\":\"https:\/\/blogs.thesocialmedia.com\/leblogmoto\/2007\/04\/03\/heroes-legend-m\/#breadcrumb\"},\"inLanguage\":\"fr-FR\",\"potentialAction\":[{\"@type\":\"ReadAction\",\"target\":[\"https:\/\/blogs.thesocialmedia.com\/leblogmoto\/2007\/04\/03\/heroes-legend-m\/\"]}]},{\"@type\":\"ImageObject\",\"inLanguage\":\"fr-FR\",\"@id\":\"https:\/\/blogs.thesocialmedia.com\/leblogmoto\/2007\/04\/03\/heroes-legend-m\/#primaryimage\",\"url\":\"http:\/\/www.leblogmoto.com\/images\/2007\/04\/03\/gs.jpg\",\"contentUrl\":\"http:\/\/www.leblogmoto.com\/images\/2007\/04\/03\/gs.jpg\"},{\"@type\":\"BreadcrumbList\",\"@id\":\"https:\/\/blogs.thesocialmedia.com\/leblogmoto\/2007\/04\/03\/heroes-legend-m\/#breadcrumb\",\"itemListElement\":[{\"@type\":\"ListItem\",\"position\":1,\"name\":\"Accueil\",\"item\":\"https:\/\/blogs.thesocialmedia.com\/leblogmoto\/\"},{\"@type\":\"ListItem\",\"position\":2,\"name\":\"Heroes Legend : Modification du parcours\"}]},{\"@type\":\"WebSite\",\"@id\":\"https:\/\/blogs.thesocialmedia.com\/leblogmoto\/#website\",\"url\":\"https:\/\/blogs.thesocialmedia.com\/leblogmoto\/\",\"name\":\"leblogmoto\",\"description\":\"Toute l&#039;actualit\u00e9 des 2 roues\",\"potentialAction\":[{\"@type\":\"SearchAction\",\"target\":{\"@type\":\"EntryPoint\",\"urlTemplate\":\"https:\/\/blogs.thesocialmedia.com\/leblogmoto\/?s={search_term_string}\"},\"query-input\":{\"@type\":\"PropertyValueSpecification\",\"valueRequired\":true,\"valueName\":\"search_term_string\"}}],\"inLanguage\":\"fr-FR\"},{\"@type\":\"Person\",\"@id\":\"https:\/\/blogs.thesocialmedia.com\/leblogmoto\/#\/schema\/person\/769623f89741cc3381675029a37764f8\",\"name\":\"gregory boucaud\",\"image\":{\"@type\":\"ImageObject\",\"inLanguage\":\"fr-FR\",\"@id\":\"https:\/\/blogs.thesocialmedia.com\/leblogmoto\/#\/schema\/person\/image\/\",\"url\":\"https:\/\/secure.gravatar.com\/avatar\/?s=96&d=mm&r=g\",\"contentUrl\":\"https:\/\/secure.gravatar.com\/avatar\/?s=96&d=mm&r=g\",\"caption\":\"gregory boucaud\"},\"url\":\"https:\/\/blogs.thesocialmedia.com\/leblogmoto\/author\/gregory-boucaud\/\"}]}<\/script>\n<!-- \/ Yoast SEO plugin. -->","yoast_head_json":{"title":"Heroes Legend : Modification du parcours - leblogmoto.com","robots":{"index":"index","follow":"follow","max-snippet":"max-snippet:-1","max-image-preview":"max-image-preview:large","max-video-preview":"max-video-preview:-1"},"canonical":"https:\/\/blogs.thesocialmedia.com\/leblogmoto\/2007\/04\/03\/heroes-legend-m\/","twitter_card":"summary_large_image","twitter_title":"Heroes Legend : Modification du parcours - leblogmoto.com","twitter_description":"Du nouveau du c\u00f4t\u00e9 de la L\u00e9gende des H\u00e9ros qui a pris son d\u00e9part depuis la Tour Eiffel le 24 mars 2007.Nous en avions d\u00e9j\u00e0 parl\u00e9 ici.C&rsquo;est Hubert Auriol qui a d\u00e9cid\u00e9 de regrouper tout son petit monde pour permettre \u00e0 chacun de souffler, apr\u00e8s une bonne semaine de Rallye.Voici ce qu&rsquo;il d\u00e9clare : &quot;Depuis [&hellip;]","twitter_image":"http:\/\/www.leblogmoto.com\/images\/2007\/04\/03\/gs.jpg","twitter_misc":{"\u00c9crit par":"gregory boucaud","Dur\u00e9e de lecture estim\u00e9e":"2 minutes"},"schema":{"@context":"https:\/\/schema.org","@graph":[{"@type":"WebPage","@id":"https:\/\/blogs.thesocialmedia.com\/leblogmoto\/2007\/04\/03\/heroes-legend-m\/","url":"https:\/\/blogs.thesocialmedia.com\/leblogmoto\/2007\/04\/03\/heroes-legend-m\/","name":"Heroes Legend : Modification du parcours - leblogmoto.com","isPartOf":{"@id":"https:\/\/blogs.thesocialmedia.com\/leblogmoto\/#website"},"primaryImageOfPage":{"@id":"https:\/\/blogs.thesocialmedia.com\/leblogmoto\/2007\/04\/03\/heroes-legend-m\/#primaryimage"},"image":{"@id":"https:\/\/blogs.thesocialmedia.com\/leblogmoto\/2007\/04\/03\/heroes-legend-m\/#primaryimage"},"thumbnailUrl":"http:\/\/www.leblogmoto.com\/images\/2007\/04\/03\/gs.jpg","datePublished":"2007-04-03T22:47:53+00:00","dateModified":"2012-07-11T14:37:51+00:00","author":{"@id":"https:\/\/blogs.thesocialmedia.com\/leblogmoto\/#\/schema\/person\/769623f89741cc3381675029a37764f8"},"breadcrumb":{"@id":"https:\/\/blogs.thesocialmedia.com\/leblogmoto\/2007\/04\/03\/heroes-legend-m\/#breadcrumb"},"inLanguage":"fr-FR","potentialAction":[{"@type":"ReadAction","target":["https:\/\/blogs.thesocialmedia.com\/leblogmoto\/2007\/04\/03\/heroes-legend-m\/"]}]},{"@type":"ImageObject","inLanguage":"fr-FR","@id":"https:\/\/blogs.thesocialmedia.com\/leblogmoto\/2007\/04\/03\/heroes-legend-m\/#primaryimage","url":"http:\/\/www.leblogmoto.com\/images\/2007\/04\/03\/gs.jpg","contentUrl":"http:\/\/www.leblogmoto.com\/images\/2007\/04\/03\/gs.jpg"},{"@type":"BreadcrumbList","@id":"https:\/\/blogs.thesocialmedia.com\/leblogmoto\/2007\/04\/03\/heroes-legend-m\/#breadcrumb","itemListElement":[{"@type":"ListItem","position":1,"name":"Accueil","item":"https:\/\/blogs.thesocialmedia.com\/leblogmoto\/"},{"@type":"ListItem","position":2,"name":"Heroes Legend : Modification du parcours"}]},{"@type":"WebSite","@id":"https:\/\/blogs.thesocialmedia.com\/leblogmoto\/#website","url":"https:\/\/blogs.thesocialmedia.com\/leblogmoto\/","name":"leblogmoto","description":"Toute l&#039;actualit\u00e9 des 2 roues","potentialAction":[{"@type":"SearchAction","target":{"@type":"EntryPoint","urlTemplate":"https:\/\/blogs.thesocialmedia.com\/leblogmoto\/?s={search_term_string}"},"query-input":{"@type":"PropertyValueSpecification","valueRequired":true,"valueName":"search_term_string"}}],"inLanguage":"fr-FR"},{"@type":"Person","@id":"https:\/\/blogs.thesocialmedia.com\/leblogmoto\/#\/schema\/person\/769623f89741cc3381675029a37764f8","name":"gregory boucaud","image":{"@type":"ImageObject","inLanguage":"fr-FR","@id":"https:\/\/blogs.thesocialmedia.com\/leblogmoto\/#\/schema\/person\/image\/","url":"https:\/\/secure.gravatar.com\/avatar\/?s=96&d=mm&r=g","contentUrl":"https:\/\/secure.gravatar.com\/avatar\/?s=96&d=mm&r=g","caption":"gregory boucaud"},"url":"https:\/\/blogs.thesocialmedia.com\/leblogmoto\/author\/gregory-boucaud\/"}]}},"_links":{"self":[{"href":"https:\/\/blogs.thesocialmedia.com\/leblogmoto\/wp-json\/wp\/v2\/posts\/1435","targetHints":{"allow":["GET"]}}],"collection":[{"href":"https:\/\/blogs.thesocialmedia.com\/leblogmoto\/wp-json\/wp\/v2\/posts"}],"about":[{"href":"https:\/\/blogs.thesocialmedia.com\/leblogmoto\/wp-json\/wp\/v2\/types\/post"}],"author":[{"embeddable":true,"href":"https:\/\/blogs.thesocialmedia.com\/leblogmoto\/wp-json\/wp\/v2\/users\/329"}],"replies":[{"embeddable":true,"href":"https:\/\/blogs.thesocialmedia.com\/leblogmoto\/wp-json\/wp\/v2\/comments?post=1435"}],"version-history":[{"count":2,"href":"https:\/\/blogs.thesocialmedia.com\/leblogmoto\/wp-json\/wp\/v2\/posts\/1435\/revisions"}],"predecessor-version":[{"id":8295,"href":"https:\/\/blogs.thesocialmedia.com\/leblogmoto\/wp-json\/wp\/v2\/posts\/1435\/revisions\/8295"}],"wp:attachment":[{"href":"https:\/\/blogs.thesocialmedia.com\/leblogmoto\/wp-json\/wp\/v2\/media?parent=1435"}],"wp:term":[{"taxonomy":"category","embeddable":true,"href":"https:\/\/blogs.thesocialmedia.com\/leblogmoto\/wp-json\/wp\/v2\/categories?post=1435"},{"taxonomy":"post_tag","embeddable":true,"href":"https:\/\/blogs.thesocialmedia.com\/leblogmoto\/wp-json\/wp\/v2\/tags?post=1435"}],"curies":[{"name":"wp","href":"https:\/\/api.w.org\/{rel}","templated":true}]}}