{"id":1436,"date":"2007-04-03T22:31:54","date_gmt":"2007-04-03T22:31:54","guid":{"rendered":"http:\/\/blogs.thesocialmedia.com\/leblogmoto\/2007\/04\/03\/belgian-moto-to-2\/"},"modified":"2012-07-11T14:37:48","modified_gmt":"2012-07-11T14:37:48","slug":"belgian-moto-to-2","status":"publish","type":"post","link":"https:\/\/blogs.thesocialmedia.com\/leblogmoto\/2007\/04\/03\/belgian-moto-to-2\/","title":{"rendered":"Belgian Moto Tour"},"content":{"rendered":"<p><a href=\"http:\/\/blogs.thesocialmedia.com\/leblogmoto\/files\/2012\/07\/affichebmt.jpg\"><img loading=\"lazy\" decoding=\"async\" height=\"354\" alt=\"Affichebmt\" src=\"http:\/\/www.leblogmoto.com\/images\/2007\/04\/03\/affichebmt.jpg\" width=\"250\"  \/><\/a> La premi\u00e8re \u00e9dition du <a href=\"www.belgianmototour.com\">Belgian Moto Tour<\/a> aura lieu le week-end de l&rsquo;ascension, soit du 16 au 19 mai avec une fin en beaut\u00e9 sur le circuit de <a href=\"http:\/\/www.spafrancorchamps.be\/?utm_id=34&amp;utm_source=Google&amp;utm_medium=PPC&amp;utm_campaign=SPAENG&amp;ref=gspa\">Spa-Francorchamps<\/a>.<br \/>Le <a href=\"www.belgianmototour.com\">Belgian Moto Tour<\/a> est ainsi la premi\u00e8re \u00e9preuve du nouveau International Rally Championship lanc\u00e9 officiellement en f\u00e9vrier de cette ann\u00e9e.<br \/>Les prochaines \u00e9preuves seront l&rsquo;Italian Moto Tour du 20 au 24 juin au Nord de l&rsquo;Italie, et le <a href=\"http:\/\/www.moto-tour.com\/2006\/\">Dark Dog Moto Tour<\/a> du 5 au 14 Octobre, c&rsquo;est-\u00e0-dire 2 800 km de Reims \u00e0 Toulons avec un passage \u00e0 <a href=\"http:\/\/www.magnyf1.com\/\">Never &#8211; Magny Cours<\/a>, <a href=\"http:\/\/www.ville-clermont-ferrand.fr\/\">Clermont-Ferrand<\/a> et <a href=\"http:\/\/www.ville-clermont-ferrand.fr\/\">Al\u00e8s<\/a>.<br \/>Pour en revenir au <a href=\"www.belgianmototour.com\">BMT<\/a>, ce sera 120 participants qui vont faire la course pour finir la boucle de 1000 km.<\/p>\n<p>Ci-apr\u00e8s le road-book&#8230;<\/p>\n<p><strong>1er jour \/ Jeudi 17 Mai 2007 (+\/- 300 km) :<\/strong><br \/>&#8211; 1\u00e8re Sp\u00e9ciale (3,8 Km) \/ \u00ab PHILIPS \u00bb : sortie du village de Creppe, descente et mont\u00e9e dans la for\u00eat. Bitume assez glissant. Epingle \u00e0 droite tr\u00e8s serr\u00e9e et sans visibilit\u00e9. Route \u00e9troite.<br \/>&#8211; 2\u00e8me Sp\u00e9ciale (2,6 Km) \/ \u00ab La Redoute &#8211; BMW\u00bb : petite route tr\u00e8s sinueuse, l\u00e9g\u00e8re mont\u00e9e pas tr\u00e8s large. Rev\u00eatement tr\u00e8s moyen.<br \/>&#8211; 3\u00e8me Sp\u00e9ciale (Nuit sur circuit : 5 tours) \/ Circuit de Karting (supermotard) de Spa-Francorchamps. S\u00e9rie de 10 pilotes. Belle piste technique, assez rapide. (Possibilit\u00e9 de roulage moto le mardi et jeudi). <\/p>\n<p><strong>2\u00e8me jour \/ Vendredi 18 Mai 2007 (+\/- 310 Km) :<\/strong><br \/>&#8211; 4\u00e8me Sp\u00e9ciale (4,2 Km) \/ \u00ab Wanne &#8211; YAMAHA\u00bb : sur le flan de la colline, beau rev\u00eatement sur le d\u00e9but qui se d\u00e9grade vers la fin. Pas tr\u00e8s large. Mont\u00e9e d\u00e8s le d\u00e9part. Assez rapide, juste une \u00e9pingle tr\u00e8s lente et fin rapide.<br \/>&#8211; 5\u00e8me Sp\u00e9ciale (1,8 Km) \/ \u00ab Theux &#8211; TRIPY \u00bb : tr\u00e8s \u00e9troit autour de champs vallonn\u00e9s et grosse \u00e9pingle \u00e9troite. Plat et l\u00e9g\u00e8rement en descente.<br \/>Base chrono avant de rentrer sur SPA.<br \/>Boucle de nuit (135 Km) dans la campagne avec des Contr\u00f4les Horaires (CH) serr\u00e9s. <\/p>\n<p><strong>3\u00e8me jour \/ Samedi 19 Mai ( +\/- 300 Km) :<\/strong><br \/>&#8211; 6\u00e8me Sp\u00e9ciale (3,5 Km) \/ \u00ab Basse Bodeux &#8211; SHOEI \u00bb : petite route pas tr\u00e8s large. Assez rapide. Rev\u00eatement moyen. Tr\u00e8s d\u00e9gag\u00e9e. Belle visibilit\u00e9.<br \/>&#8211; 7\u00e8me Sp\u00e9ciale \/ \u00ab Houffalize &#8211; MICHELIN \u00bb : rapide, route large, bon rev\u00eatement. Le long d&rsquo;une rivi\u00e8re, bord\u00e9e d&rsquo;arbres. D\u00e9but assez plat, l\u00e9g\u00e8re mont\u00e9e \u00e0 la fin, avec une grande ligne droite (+\/- 600m).<br \/>&#8211; 8\u00e8me Sp\u00e9ciale : Circuit de Spa-Francorchamps. 2 tours. S\u00e9ries de 30 pilotes par 2 vagues.<br \/>Remise des prix le samedi soir. <\/p>\n<p>Vous en saurez plus apr\u00e8s le week-end de l&rsquo;ascension&#8230;<\/p>\n<p>D&rsquo;apr\u00e8s le comminqu\u00e9 du <a href=\"www.belgianmototour.com\">BMT<\/a>.<\/p>\n","protected":false},"excerpt":{"rendered":"<p>La premi\u00e8re \u00e9dition du Belgian Moto Tour aura lieu le week-end de l&rsquo;ascension, soit du 16 au 19 mai avec une fin en beaut\u00e9 sur le circuit de Spa-Francorchamps.Le Belgian Moto Tour est ainsi la premi\u00e8re \u00e9preuve du nouveau International Rally Championship lanc\u00e9 officiellement en f\u00e9vrier de cette ann\u00e9e.Les prochaines \u00e9preuves seront l&rsquo;Italian Moto Tour [&hellip;]<\/p>\n","protected":false},"author":329,"featured_media":0,"comment_status":"open","ping_status":"open","sticky":false,"template":"","format":"standard","meta":{"footnotes":""},"categories":[13],"tags":[],"class_list":["post-1436","post","type-post","status-publish","format-standard","hentry","category-aventure"],"yoast_head":"<!-- This site is optimized with the Yoast SEO plugin v26.0 - https:\/\/yoast.com\/wordpress\/plugins\/seo\/ -->\n<title>Belgian Moto Tour - leblogmoto.com<\/title>\n<meta name=\"robots\" content=\"index, follow, max-snippet:-1, max-image-preview:large, max-video-preview:-1\" \/>\n<link rel=\"canonical\" href=\"https:\/\/blogs.thesocialmedia.com\/leblogmoto\/2007\/04\/03\/belgian-moto-to-2\/\" \/>\n<meta name=\"twitter:card\" content=\"summary_large_image\" \/>\n<meta name=\"twitter:title\" content=\"Belgian Moto Tour - leblogmoto.com\" \/>\n<meta name=\"twitter:description\" content=\"La premi\u00e8re \u00e9dition du Belgian Moto Tour aura lieu le week-end de l&rsquo;ascension, soit du 16 au 19 mai avec une fin en beaut\u00e9 sur le circuit de Spa-Francorchamps.Le Belgian Moto Tour est ainsi la premi\u00e8re \u00e9preuve du nouveau International Rally Championship lanc\u00e9 officiellement en f\u00e9vrier de cette ann\u00e9e.Les prochaines \u00e9preuves seront l&rsquo;Italian Moto Tour [&hellip;]\" \/>\n<meta name=\"twitter:image\" content=\"http:\/\/www.leblogmoto.com\/images\/2007\/04\/03\/affichebmt.jpg\" \/>\n<meta name=\"twitter:label1\" content=\"\u00c9crit par\" \/>\n\t<meta name=\"twitter:data1\" content=\"gregory boucaud\" \/>\n\t<meta name=\"twitter:label2\" content=\"Dur\u00e9e de lecture estim\u00e9e\" \/>\n\t<meta name=\"twitter:data2\" content=\"2 minutes\" \/>\n<script type=\"application\/ld+json\" class=\"yoast-schema-graph\">{\"@context\":\"https:\/\/schema.org\",\"@graph\":[{\"@type\":\"WebPage\",\"@id\":\"https:\/\/blogs.thesocialmedia.com\/leblogmoto\/2007\/04\/03\/belgian-moto-to-2\/\",\"url\":\"https:\/\/blogs.thesocialmedia.com\/leblogmoto\/2007\/04\/03\/belgian-moto-to-2\/\",\"name\":\"Belgian Moto Tour - leblogmoto.com\",\"isPartOf\":{\"@id\":\"https:\/\/blogs.thesocialmedia.com\/leblogmoto\/#website\"},\"primaryImageOfPage\":{\"@id\":\"https:\/\/blogs.thesocialmedia.com\/leblogmoto\/2007\/04\/03\/belgian-moto-to-2\/#primaryimage\"},\"image\":{\"@id\":\"https:\/\/blogs.thesocialmedia.com\/leblogmoto\/2007\/04\/03\/belgian-moto-to-2\/#primaryimage\"},\"thumbnailUrl\":\"http:\/\/www.leblogmoto.com\/images\/2007\/04\/03\/affichebmt.jpg\",\"datePublished\":\"2007-04-03T22:31:54+00:00\",\"dateModified\":\"2012-07-11T14:37:48+00:00\",\"author\":{\"@id\":\"https:\/\/blogs.thesocialmedia.com\/leblogmoto\/#\/schema\/person\/769623f89741cc3381675029a37764f8\"},\"breadcrumb\":{\"@id\":\"https:\/\/blogs.thesocialmedia.com\/leblogmoto\/2007\/04\/03\/belgian-moto-to-2\/#breadcrumb\"},\"inLanguage\":\"fr-FR\",\"potentialAction\":[{\"@type\":\"ReadAction\",\"target\":[\"https:\/\/blogs.thesocialmedia.com\/leblogmoto\/2007\/04\/03\/belgian-moto-to-2\/\"]}]},{\"@type\":\"ImageObject\",\"inLanguage\":\"fr-FR\",\"@id\":\"https:\/\/blogs.thesocialmedia.com\/leblogmoto\/2007\/04\/03\/belgian-moto-to-2\/#primaryimage\",\"url\":\"http:\/\/www.leblogmoto.com\/images\/2007\/04\/03\/affichebmt.jpg\",\"contentUrl\":\"http:\/\/www.leblogmoto.com\/images\/2007\/04\/03\/affichebmt.jpg\"},{\"@type\":\"BreadcrumbList\",\"@id\":\"https:\/\/blogs.thesocialmedia.com\/leblogmoto\/2007\/04\/03\/belgian-moto-to-2\/#breadcrumb\",\"itemListElement\":[{\"@type\":\"ListItem\",\"position\":1,\"name\":\"Accueil\",\"item\":\"https:\/\/blogs.thesocialmedia.com\/leblogmoto\/\"},{\"@type\":\"ListItem\",\"position\":2,\"name\":\"Belgian Moto Tour\"}]},{\"@type\":\"WebSite\",\"@id\":\"https:\/\/blogs.thesocialmedia.com\/leblogmoto\/#website\",\"url\":\"https:\/\/blogs.thesocialmedia.com\/leblogmoto\/\",\"name\":\"leblogmoto\",\"description\":\"Toute l&#039;actualit\u00e9 des 2 roues\",\"potentialAction\":[{\"@type\":\"SearchAction\",\"target\":{\"@type\":\"EntryPoint\",\"urlTemplate\":\"https:\/\/blogs.thesocialmedia.com\/leblogmoto\/?s={search_term_string}\"},\"query-input\":{\"@type\":\"PropertyValueSpecification\",\"valueRequired\":true,\"valueName\":\"search_term_string\"}}],\"inLanguage\":\"fr-FR\"},{\"@type\":\"Person\",\"@id\":\"https:\/\/blogs.thesocialmedia.com\/leblogmoto\/#\/schema\/person\/769623f89741cc3381675029a37764f8\",\"name\":\"gregory boucaud\",\"image\":{\"@type\":\"ImageObject\",\"inLanguage\":\"fr-FR\",\"@id\":\"https:\/\/blogs.thesocialmedia.com\/leblogmoto\/#\/schema\/person\/image\/\",\"url\":\"https:\/\/secure.gravatar.com\/avatar\/?s=96&d=mm&r=g\",\"contentUrl\":\"https:\/\/secure.gravatar.com\/avatar\/?s=96&d=mm&r=g\",\"caption\":\"gregory boucaud\"},\"url\":\"https:\/\/blogs.thesocialmedia.com\/leblogmoto\/author\/gregory-boucaud\/\"}]}<\/script>\n<!-- \/ Yoast SEO plugin. -->","yoast_head_json":{"title":"Belgian Moto Tour - leblogmoto.com","robots":{"index":"index","follow":"follow","max-snippet":"max-snippet:-1","max-image-preview":"max-image-preview:large","max-video-preview":"max-video-preview:-1"},"canonical":"https:\/\/blogs.thesocialmedia.com\/leblogmoto\/2007\/04\/03\/belgian-moto-to-2\/","twitter_card":"summary_large_image","twitter_title":"Belgian Moto Tour - leblogmoto.com","twitter_description":"La premi\u00e8re \u00e9dition du Belgian Moto Tour aura lieu le week-end de l&rsquo;ascension, soit du 16 au 19 mai avec une fin en beaut\u00e9 sur le circuit de Spa-Francorchamps.Le Belgian Moto Tour est ainsi la premi\u00e8re \u00e9preuve du nouveau International Rally Championship lanc\u00e9 officiellement en f\u00e9vrier de cette ann\u00e9e.Les prochaines \u00e9preuves seront l&rsquo;Italian Moto Tour [&hellip;]","twitter_image":"http:\/\/www.leblogmoto.com\/images\/2007\/04\/03\/affichebmt.jpg","twitter_misc":{"\u00c9crit par":"gregory boucaud","Dur\u00e9e de lecture estim\u00e9e":"2 minutes"},"schema":{"@context":"https:\/\/schema.org","@graph":[{"@type":"WebPage","@id":"https:\/\/blogs.thesocialmedia.com\/leblogmoto\/2007\/04\/03\/belgian-moto-to-2\/","url":"https:\/\/blogs.thesocialmedia.com\/leblogmoto\/2007\/04\/03\/belgian-moto-to-2\/","name":"Belgian Moto Tour - leblogmoto.com","isPartOf":{"@id":"https:\/\/blogs.thesocialmedia.com\/leblogmoto\/#website"},"primaryImageOfPage":{"@id":"https:\/\/blogs.thesocialmedia.com\/leblogmoto\/2007\/04\/03\/belgian-moto-to-2\/#primaryimage"},"image":{"@id":"https:\/\/blogs.thesocialmedia.com\/leblogmoto\/2007\/04\/03\/belgian-moto-to-2\/#primaryimage"},"thumbnailUrl":"http:\/\/www.leblogmoto.com\/images\/2007\/04\/03\/affichebmt.jpg","datePublished":"2007-04-03T22:31:54+00:00","dateModified":"2012-07-11T14:37:48+00:00","author":{"@id":"https:\/\/blogs.thesocialmedia.com\/leblogmoto\/#\/schema\/person\/769623f89741cc3381675029a37764f8"},"breadcrumb":{"@id":"https:\/\/blogs.thesocialmedia.com\/leblogmoto\/2007\/04\/03\/belgian-moto-to-2\/#breadcrumb"},"inLanguage":"fr-FR","potentialAction":[{"@type":"ReadAction","target":["https:\/\/blogs.thesocialmedia.com\/leblogmoto\/2007\/04\/03\/belgian-moto-to-2\/"]}]},{"@type":"ImageObject","inLanguage":"fr-FR","@id":"https:\/\/blogs.thesocialmedia.com\/leblogmoto\/2007\/04\/03\/belgian-moto-to-2\/#primaryimage","url":"http:\/\/www.leblogmoto.com\/images\/2007\/04\/03\/affichebmt.jpg","contentUrl":"http:\/\/www.leblogmoto.com\/images\/2007\/04\/03\/affichebmt.jpg"},{"@type":"BreadcrumbList","@id":"https:\/\/blogs.thesocialmedia.com\/leblogmoto\/2007\/04\/03\/belgian-moto-to-2\/#breadcrumb","itemListElement":[{"@type":"ListItem","position":1,"name":"Accueil","item":"https:\/\/blogs.thesocialmedia.com\/leblogmoto\/"},{"@type":"ListItem","position":2,"name":"Belgian Moto Tour"}]},{"@type":"WebSite","@id":"https:\/\/blogs.thesocialmedia.com\/leblogmoto\/#website","url":"https:\/\/blogs.thesocialmedia.com\/leblogmoto\/","name":"leblogmoto","description":"Toute l&#039;actualit\u00e9 des 2 roues","potentialAction":[{"@type":"SearchAction","target":{"@type":"EntryPoint","urlTemplate":"https:\/\/blogs.thesocialmedia.com\/leblogmoto\/?s={search_term_string}"},"query-input":{"@type":"PropertyValueSpecification","valueRequired":true,"valueName":"search_term_string"}}],"inLanguage":"fr-FR"},{"@type":"Person","@id":"https:\/\/blogs.thesocialmedia.com\/leblogmoto\/#\/schema\/person\/769623f89741cc3381675029a37764f8","name":"gregory boucaud","image":{"@type":"ImageObject","inLanguage":"fr-FR","@id":"https:\/\/blogs.thesocialmedia.com\/leblogmoto\/#\/schema\/person\/image\/","url":"https:\/\/secure.gravatar.com\/avatar\/?s=96&d=mm&r=g","contentUrl":"https:\/\/secure.gravatar.com\/avatar\/?s=96&d=mm&r=g","caption":"gregory boucaud"},"url":"https:\/\/blogs.thesocialmedia.com\/leblogmoto\/author\/gregory-boucaud\/"}]}},"_links":{"self":[{"href":"https:\/\/blogs.thesocialmedia.com\/leblogmoto\/wp-json\/wp\/v2\/posts\/1436","targetHints":{"allow":["GET"]}}],"collection":[{"href":"https:\/\/blogs.thesocialmedia.com\/leblogmoto\/wp-json\/wp\/v2\/posts"}],"about":[{"href":"https:\/\/blogs.thesocialmedia.com\/leblogmoto\/wp-json\/wp\/v2\/types\/post"}],"author":[{"embeddable":true,"href":"https:\/\/blogs.thesocialmedia.com\/leblogmoto\/wp-json\/wp\/v2\/users\/329"}],"replies":[{"embeddable":true,"href":"https:\/\/blogs.thesocialmedia.com\/leblogmoto\/wp-json\/wp\/v2\/comments?post=1436"}],"version-history":[{"count":2,"href":"https:\/\/blogs.thesocialmedia.com\/leblogmoto\/wp-json\/wp\/v2\/posts\/1436\/revisions"}],"predecessor-version":[{"id":8293,"href":"https:\/\/blogs.thesocialmedia.com\/leblogmoto\/wp-json\/wp\/v2\/posts\/1436\/revisions\/8293"}],"wp:attachment":[{"href":"https:\/\/blogs.thesocialmedia.com\/leblogmoto\/wp-json\/wp\/v2\/media?parent=1436"}],"wp:term":[{"taxonomy":"category","embeddable":true,"href":"https:\/\/blogs.thesocialmedia.com\/leblogmoto\/wp-json\/wp\/v2\/categories?post=1436"},{"taxonomy":"post_tag","embeddable":true,"href":"https:\/\/blogs.thesocialmedia.com\/leblogmoto\/wp-json\/wp\/v2\/tags?post=1436"}],"curies":[{"name":"wp","href":"https:\/\/api.w.org\/{rel}","templated":true}]}}