{"id":1437,"date":"2007-04-01T22:16:31","date_gmt":"2007-04-01T22:16:31","guid":{"rendered":"http:\/\/blogs.thesocialmedia.com\/leblogmoto\/2007\/04\/01\/bmw-calendrier\/"},"modified":"2012-07-11T14:37:46","modified_gmt":"2012-07-11T14:37:46","slug":"bmw-calendrier","status":"publish","type":"post","link":"https:\/\/blogs.thesocialmedia.com\/leblogmoto\/2007\/04\/01\/bmw-calendrier\/","title":{"rendered":"BMW : Calendrier \u00ab\u00a0Enduro World\u00a0\u00bb 2008"},"content":{"rendered":"<p><a href=\"http:\/\/blogs.thesocialmedia.com\/leblogmoto\/files\/2012\/07\/vis_calendar_01.jpg\"><img loading=\"lazy\" decoding=\"async\" height=\"185\" alt=\"Vis_calendar_01\" src=\"http:\/\/www.leblogmoto.com\/images\/2007\/04\/01\/vis_calendar_01.jpg\" width=\"250\"  \/><\/a> Si vous avez la passion de la <a href=\"http:\/\/fr.wikipedia.org\/wiki\/Photo\">photo<\/a> en plus de la passion pour la moto, sachez que <a href=\"http:\/\/www.bmw-motorrad.com.fr\/fr\/fr\/index.html\">BMW Motorrad<\/a> recherche des clich\u00e9s pour son calendrier 2008. Cette comp\u00e9tition est ouverte \u00e0 tous les photographes (amateurs ou professionels) et les 12 gagnants recevront un prix de 500\u20ac et la satisfaction que leur <a href=\"http:\/\/fr.wikipedia.org\/wiki\/Photo\">oeuvre<\/a> apparaisse dans le calendrier 2008.<\/p>\n<p><a href=\"http:\/\/clabedan.typepad.com\/.shared\/image.html?\/photos\/uncategorized\/2007\/04\/01\/vis_calendar_02.jpg\"><img loading=\"lazy\" decoding=\"async\" height=\"172\" alt=\"Vis_calendar_02\" src=\"http:\/\/www.leblogmoto.com\/images\/2007\/04\/01\/vis_calendar_02.jpg\" width=\"250\"  \/><\/a>&nbsp; Sur les clich\u00e9s devront naturellement appara\u00eetre une (ou plusieurs) enduro(s) de chez <a href=\"http:\/\/www.bmw-motorrad.com.fr\/fr\/fr\/index.html\">BMW<\/a> comme par exemple les G 650 Xchallenge, HP2 Enduro, F 650 GS, F 650 GS Dakar, R 1200 GS or R 1200 GS. Mais les mod\u00e8les enduro plus anciens sont aussi convoit\u00e9s, notamment les mod\u00e8les sortis durant ces 27 derni\u00e8res ann\u00e9es.<br \/>La date de fin pour l&rsquo;\u00e9mission des photos aura lieu le 31 mai 2007. 30 photos seront choisies et mises en ligne sur le site internet <a href=\"http:\/\/specials.bmw-motorrad.com\/specials\/enduroworld\/en\/index_frameset.html?content=http:\/\/specials.bmw-motorrad.com\/specials\/enduroworld\/en\/calendar\/calendar_main.html\">Enduro World<\/a> et les internautes pourront voter pour \u00e9lire les photos qui seront dans le calendrier 2008.<br \/>Les <a href=\"http:\/\/fr.wikipedia.org\/wiki\/Photo\">photos<\/a> devront \u00eatre au format JPG et de 10Mo (ou MB)maximum.<\/p>\n<p>Il y aurait-il des photographes parmi nos lecteurs (lectrices) du Blog Moto?<\/p>\n<p><a href=\"http:\/\/specials.bmw-motorrad.com\/specials\/enduroworld\/en\/index_frameset.html?content=http:\/\/specials.bmw-motorrad.com\/specials\/enduroworld\/en\/calendar\/calendar_main.html\">Source<\/a><\/p>\n","protected":false},"excerpt":{"rendered":"<p>Si vous avez la passion de la photo en plus de la passion pour la moto, sachez que BMW Motorrad recherche des clich\u00e9s pour son calendrier 2008. Cette comp\u00e9tition est ouverte \u00e0 tous les photographes (amateurs ou professionels) et les 12 gagnants recevront un prix de 500\u20ac et la satisfaction que leur oeuvre apparaisse dans [&hellip;]<\/p>\n","protected":false},"author":329,"featured_media":0,"comment_status":"open","ping_status":"open","sticky":false,"template":"","format":"standard","meta":{"footnotes":""},"categories":[3,7],"tags":[],"class_list":["post-1437","post","type-post","status-publish","format-standard","hentry","category-actualite","category-bmw"],"yoast_head":"<!-- This site is optimized with the Yoast SEO plugin v26.0 - https:\/\/yoast.com\/wordpress\/plugins\/seo\/ -->\n<title>BMW : Calendrier &quot;Enduro World&quot; 2008 - leblogmoto.com<\/title>\n<meta name=\"robots\" content=\"index, follow, max-snippet:-1, max-image-preview:large, max-video-preview:-1\" \/>\n<link rel=\"canonical\" href=\"https:\/\/blogs.thesocialmedia.com\/leblogmoto\/2007\/04\/01\/bmw-calendrier\/\" \/>\n<meta name=\"twitter:card\" content=\"summary_large_image\" \/>\n<meta name=\"twitter:title\" content=\"BMW : Calendrier &quot;Enduro World&quot; 2008 - leblogmoto.com\" \/>\n<meta name=\"twitter:description\" content=\"Si vous avez la passion de la photo en plus de la passion pour la moto, sachez que BMW Motorrad recherche des clich\u00e9s pour son calendrier 2008. Cette comp\u00e9tition est ouverte \u00e0 tous les photographes (amateurs ou professionels) et les 12 gagnants recevront un prix de 500\u20ac et la satisfaction que leur oeuvre apparaisse dans [&hellip;]\" \/>\n<meta name=\"twitter:image\" content=\"http:\/\/www.leblogmoto.com\/images\/2007\/04\/01\/vis_calendar_01.jpg\" \/>\n<meta name=\"twitter:label1\" content=\"\u00c9crit par\" \/>\n\t<meta name=\"twitter:data1\" content=\"gregory boucaud\" \/>\n\t<meta name=\"twitter:label2\" content=\"Dur\u00e9e de lecture estim\u00e9e\" \/>\n\t<meta name=\"twitter:data2\" content=\"1 minute\" \/>\n<script type=\"application\/ld+json\" class=\"yoast-schema-graph\">{\"@context\":\"https:\/\/schema.org\",\"@graph\":[{\"@type\":\"WebPage\",\"@id\":\"https:\/\/blogs.thesocialmedia.com\/leblogmoto\/2007\/04\/01\/bmw-calendrier\/\",\"url\":\"https:\/\/blogs.thesocialmedia.com\/leblogmoto\/2007\/04\/01\/bmw-calendrier\/\",\"name\":\"BMW : Calendrier \\\"Enduro World\\\" 2008 - leblogmoto.com\",\"isPartOf\":{\"@id\":\"https:\/\/blogs.thesocialmedia.com\/leblogmoto\/#website\"},\"primaryImageOfPage\":{\"@id\":\"https:\/\/blogs.thesocialmedia.com\/leblogmoto\/2007\/04\/01\/bmw-calendrier\/#primaryimage\"},\"image\":{\"@id\":\"https:\/\/blogs.thesocialmedia.com\/leblogmoto\/2007\/04\/01\/bmw-calendrier\/#primaryimage\"},\"thumbnailUrl\":\"http:\/\/www.leblogmoto.com\/images\/2007\/04\/01\/vis_calendar_01.jpg\",\"datePublished\":\"2007-04-01T22:16:31+00:00\",\"dateModified\":\"2012-07-11T14:37:46+00:00\",\"author\":{\"@id\":\"https:\/\/blogs.thesocialmedia.com\/leblogmoto\/#\/schema\/person\/769623f89741cc3381675029a37764f8\"},\"breadcrumb\":{\"@id\":\"https:\/\/blogs.thesocialmedia.com\/leblogmoto\/2007\/04\/01\/bmw-calendrier\/#breadcrumb\"},\"inLanguage\":\"fr-FR\",\"potentialAction\":[{\"@type\":\"ReadAction\",\"target\":[\"https:\/\/blogs.thesocialmedia.com\/leblogmoto\/2007\/04\/01\/bmw-calendrier\/\"]}]},{\"@type\":\"ImageObject\",\"inLanguage\":\"fr-FR\",\"@id\":\"https:\/\/blogs.thesocialmedia.com\/leblogmoto\/2007\/04\/01\/bmw-calendrier\/#primaryimage\",\"url\":\"http:\/\/www.leblogmoto.com\/images\/2007\/04\/01\/vis_calendar_01.jpg\",\"contentUrl\":\"http:\/\/www.leblogmoto.com\/images\/2007\/04\/01\/vis_calendar_01.jpg\"},{\"@type\":\"BreadcrumbList\",\"@id\":\"https:\/\/blogs.thesocialmedia.com\/leblogmoto\/2007\/04\/01\/bmw-calendrier\/#breadcrumb\",\"itemListElement\":[{\"@type\":\"ListItem\",\"position\":1,\"name\":\"Accueil\",\"item\":\"https:\/\/blogs.thesocialmedia.com\/leblogmoto\/\"},{\"@type\":\"ListItem\",\"position\":2,\"name\":\"BMW : Calendrier \u00ab\u00a0Enduro World\u00a0\u00bb 2008\"}]},{\"@type\":\"WebSite\",\"@id\":\"https:\/\/blogs.thesocialmedia.com\/leblogmoto\/#website\",\"url\":\"https:\/\/blogs.thesocialmedia.com\/leblogmoto\/\",\"name\":\"leblogmoto\",\"description\":\"Toute l&#039;actualit\u00e9 des 2 roues\",\"potentialAction\":[{\"@type\":\"SearchAction\",\"target\":{\"@type\":\"EntryPoint\",\"urlTemplate\":\"https:\/\/blogs.thesocialmedia.com\/leblogmoto\/?s={search_term_string}\"},\"query-input\":{\"@type\":\"PropertyValueSpecification\",\"valueRequired\":true,\"valueName\":\"search_term_string\"}}],\"inLanguage\":\"fr-FR\"},{\"@type\":\"Person\",\"@id\":\"https:\/\/blogs.thesocialmedia.com\/leblogmoto\/#\/schema\/person\/769623f89741cc3381675029a37764f8\",\"name\":\"gregory boucaud\",\"image\":{\"@type\":\"ImageObject\",\"inLanguage\":\"fr-FR\",\"@id\":\"https:\/\/blogs.thesocialmedia.com\/leblogmoto\/#\/schema\/person\/image\/\",\"url\":\"https:\/\/secure.gravatar.com\/avatar\/?s=96&d=mm&r=g\",\"contentUrl\":\"https:\/\/secure.gravatar.com\/avatar\/?s=96&d=mm&r=g\",\"caption\":\"gregory boucaud\"},\"url\":\"https:\/\/blogs.thesocialmedia.com\/leblogmoto\/author\/gregory-boucaud\/\"}]}<\/script>\n<!-- \/ Yoast SEO plugin. -->","yoast_head_json":{"title":"BMW : Calendrier \"Enduro World\" 2008 - leblogmoto.com","robots":{"index":"index","follow":"follow","max-snippet":"max-snippet:-1","max-image-preview":"max-image-preview:large","max-video-preview":"max-video-preview:-1"},"canonical":"https:\/\/blogs.thesocialmedia.com\/leblogmoto\/2007\/04\/01\/bmw-calendrier\/","twitter_card":"summary_large_image","twitter_title":"BMW : Calendrier \"Enduro World\" 2008 - leblogmoto.com","twitter_description":"Si vous avez la passion de la photo en plus de la passion pour la moto, sachez que BMW Motorrad recherche des clich\u00e9s pour son calendrier 2008. Cette comp\u00e9tition est ouverte \u00e0 tous les photographes (amateurs ou professionels) et les 12 gagnants recevront un prix de 500\u20ac et la satisfaction que leur oeuvre apparaisse dans [&hellip;]","twitter_image":"http:\/\/www.leblogmoto.com\/images\/2007\/04\/01\/vis_calendar_01.jpg","twitter_misc":{"\u00c9crit par":"gregory boucaud","Dur\u00e9e de lecture estim\u00e9e":"1 minute"},"schema":{"@context":"https:\/\/schema.org","@graph":[{"@type":"WebPage","@id":"https:\/\/blogs.thesocialmedia.com\/leblogmoto\/2007\/04\/01\/bmw-calendrier\/","url":"https:\/\/blogs.thesocialmedia.com\/leblogmoto\/2007\/04\/01\/bmw-calendrier\/","name":"BMW : Calendrier \"Enduro World\" 2008 - leblogmoto.com","isPartOf":{"@id":"https:\/\/blogs.thesocialmedia.com\/leblogmoto\/#website"},"primaryImageOfPage":{"@id":"https:\/\/blogs.thesocialmedia.com\/leblogmoto\/2007\/04\/01\/bmw-calendrier\/#primaryimage"},"image":{"@id":"https:\/\/blogs.thesocialmedia.com\/leblogmoto\/2007\/04\/01\/bmw-calendrier\/#primaryimage"},"thumbnailUrl":"http:\/\/www.leblogmoto.com\/images\/2007\/04\/01\/vis_calendar_01.jpg","datePublished":"2007-04-01T22:16:31+00:00","dateModified":"2012-07-11T14:37:46+00:00","author":{"@id":"https:\/\/blogs.thesocialmedia.com\/leblogmoto\/#\/schema\/person\/769623f89741cc3381675029a37764f8"},"breadcrumb":{"@id":"https:\/\/blogs.thesocialmedia.com\/leblogmoto\/2007\/04\/01\/bmw-calendrier\/#breadcrumb"},"inLanguage":"fr-FR","potentialAction":[{"@type":"ReadAction","target":["https:\/\/blogs.thesocialmedia.com\/leblogmoto\/2007\/04\/01\/bmw-calendrier\/"]}]},{"@type":"ImageObject","inLanguage":"fr-FR","@id":"https:\/\/blogs.thesocialmedia.com\/leblogmoto\/2007\/04\/01\/bmw-calendrier\/#primaryimage","url":"http:\/\/www.leblogmoto.com\/images\/2007\/04\/01\/vis_calendar_01.jpg","contentUrl":"http:\/\/www.leblogmoto.com\/images\/2007\/04\/01\/vis_calendar_01.jpg"},{"@type":"BreadcrumbList","@id":"https:\/\/blogs.thesocialmedia.com\/leblogmoto\/2007\/04\/01\/bmw-calendrier\/#breadcrumb","itemListElement":[{"@type":"ListItem","position":1,"name":"Accueil","item":"https:\/\/blogs.thesocialmedia.com\/leblogmoto\/"},{"@type":"ListItem","position":2,"name":"BMW : Calendrier \u00ab\u00a0Enduro World\u00a0\u00bb 2008"}]},{"@type":"WebSite","@id":"https:\/\/blogs.thesocialmedia.com\/leblogmoto\/#website","url":"https:\/\/blogs.thesocialmedia.com\/leblogmoto\/","name":"leblogmoto","description":"Toute l&#039;actualit\u00e9 des 2 roues","potentialAction":[{"@type":"SearchAction","target":{"@type":"EntryPoint","urlTemplate":"https:\/\/blogs.thesocialmedia.com\/leblogmoto\/?s={search_term_string}"},"query-input":{"@type":"PropertyValueSpecification","valueRequired":true,"valueName":"search_term_string"}}],"inLanguage":"fr-FR"},{"@type":"Person","@id":"https:\/\/blogs.thesocialmedia.com\/leblogmoto\/#\/schema\/person\/769623f89741cc3381675029a37764f8","name":"gregory boucaud","image":{"@type":"ImageObject","inLanguage":"fr-FR","@id":"https:\/\/blogs.thesocialmedia.com\/leblogmoto\/#\/schema\/person\/image\/","url":"https:\/\/secure.gravatar.com\/avatar\/?s=96&d=mm&r=g","contentUrl":"https:\/\/secure.gravatar.com\/avatar\/?s=96&d=mm&r=g","caption":"gregory boucaud"},"url":"https:\/\/blogs.thesocialmedia.com\/leblogmoto\/author\/gregory-boucaud\/"}]}},"_links":{"self":[{"href":"https:\/\/blogs.thesocialmedia.com\/leblogmoto\/wp-json\/wp\/v2\/posts\/1437","targetHints":{"allow":["GET"]}}],"collection":[{"href":"https:\/\/blogs.thesocialmedia.com\/leblogmoto\/wp-json\/wp\/v2\/posts"}],"about":[{"href":"https:\/\/blogs.thesocialmedia.com\/leblogmoto\/wp-json\/wp\/v2\/types\/post"}],"author":[{"embeddable":true,"href":"https:\/\/blogs.thesocialmedia.com\/leblogmoto\/wp-json\/wp\/v2\/users\/329"}],"replies":[{"embeddable":true,"href":"https:\/\/blogs.thesocialmedia.com\/leblogmoto\/wp-json\/wp\/v2\/comments?post=1437"}],"version-history":[{"count":2,"href":"https:\/\/blogs.thesocialmedia.com\/leblogmoto\/wp-json\/wp\/v2\/posts\/1437\/revisions"}],"predecessor-version":[{"id":8291,"href":"https:\/\/blogs.thesocialmedia.com\/leblogmoto\/wp-json\/wp\/v2\/posts\/1437\/revisions\/8291"}],"wp:attachment":[{"href":"https:\/\/blogs.thesocialmedia.com\/leblogmoto\/wp-json\/wp\/v2\/media?parent=1437"}],"wp:term":[{"taxonomy":"category","embeddable":true,"href":"https:\/\/blogs.thesocialmedia.com\/leblogmoto\/wp-json\/wp\/v2\/categories?post=1437"},{"taxonomy":"post_tag","embeddable":true,"href":"https:\/\/blogs.thesocialmedia.com\/leblogmoto\/wp-json\/wp\/v2\/tags?post=1437"}],"curies":[{"name":"wp","href":"https:\/\/api.w.org\/{rel}","templated":true}]}}