{"id":1438,"date":"2007-04-01T21:36:13","date_gmt":"2007-04-01T21:36:13","guid":{"rendered":"http:\/\/blogs.thesocialmedia.com\/leblogmoto\/2007\/04\/01\/salon-de-la-mot-2\/"},"modified":"2012-07-11T14:37:44","modified_gmt":"2012-07-11T14:37:44","slug":"salon-de-la-mot-2","status":"publish","type":"post","link":"https:\/\/blogs.thesocialmedia.com\/leblogmoto\/2007\/04\/01\/salon-de-la-mot-2\/","title":{"rendered":"Salon de la Moto de Valence"},"content":{"rendered":"<p><a href=\"http:\/\/blogs.thesocialmedia.com\/leblogmoto\/files\/2012\/07\/100_3133.jpg\"><img loading=\"lazy\" decoding=\"async\" height=\"187\" alt=\"100_3133\" src=\"http:\/\/www.leblogmoto.com\/images\/100_3133.jpg\" width=\"250\"  \/><\/a> Profitant de notre samedi matin, Nicolas Gehin et moi-m\u00eame sommes all\u00e9s au salon de la moto de Valence organis\u00e9 par la FFMC 26.<br \/>Nous nous sommes attard\u00e9s sur les stands Kawasaki, BMW, Harley-Davidson, Yamaha, MV et Suzuki.<br \/>Dans cette premi\u00e8re partie, nous parlerons plus particuli\u00e8rement de Kawasaki.<\/p>\n<p><a href=\"http:\/\/blogs.thesocialmedia.com\/leblogmoto\/files\/2012\/07\/100_3146.jpg\"><img loading=\"lazy\" decoding=\"async\" height=\"187\" alt=\"100_3146\" src=\"http:\/\/www.leblogmoto.com\/images\/100_3146.jpg\" width=\"250\"  \/><\/a> Petite photo du salon, cette petite Kawette rose qui fera peut-\u00eatre fureur chez les filles (en tous cas, pas dans le garage de Nicolas ).<br \/>Nous avons aussi vu la nouvelle Kawasaki Versys 650cm3 d\u00e9veloppant 64cv. Un essai est peut-\u00eatre en vue, vous en saurez d&rsquo;avantage plus tard&#8230;<br \/>Bref, un petit salon qui a son charme et qui permet de se faire une bonne id\u00e9e sur les mod\u00e8les propos\u00e9s par les diff\u00e9rentes marques. Une bonne initiative de la FFMC 26 en somme&#8230;<\/p>\n<p><a href=\"http:\/\/blogs.thesocialmedia.com\/leblogmoto\/files\/2012\/07\/100_3136.jpg\"><img loading=\"lazy\" decoding=\"async\" height=\"187\" alt=\"100_3136\" src=\"http:\/\/www.leblogmoto.com\/images\/100_3136.jpg\" width=\"250\"  \/><\/a> <\/p>\n","protected":false},"excerpt":{"rendered":"<p>Profitant de notre samedi matin, Nicolas Gehin et moi-m\u00eame sommes all\u00e9s au salon de la moto de Valence organis\u00e9 par la FFMC 26.Nous nous sommes attard\u00e9s sur les stands Kawasaki, BMW, Harley-Davidson, Yamaha, MV et Suzuki.Dans cette premi\u00e8re partie, nous parlerons plus particuli\u00e8rement de Kawasaki. Petite photo du salon, cette petite Kawette rose qui fera [&hellip;]<\/p>\n","protected":false},"author":329,"featured_media":0,"comment_status":"open","ping_status":"open","sticky":false,"template":"","format":"standard","meta":{"footnotes":""},"categories":[36],"tags":[],"class_list":["post-1438","post","type-post","status-publish","format-standard","hentry","category-salons"],"yoast_head":"<!-- This site is optimized with the Yoast SEO plugin v26.0 - https:\/\/yoast.com\/wordpress\/plugins\/seo\/ -->\n<title>Salon de la Moto de Valence - leblogmoto.com<\/title>\n<meta name=\"robots\" content=\"index, follow, max-snippet:-1, max-image-preview:large, max-video-preview:-1\" \/>\n<link rel=\"canonical\" href=\"https:\/\/blogs.thesocialmedia.com\/leblogmoto\/2007\/04\/01\/salon-de-la-mot-2\/\" \/>\n<meta name=\"twitter:card\" content=\"summary_large_image\" \/>\n<meta name=\"twitter:title\" content=\"Salon de la Moto de Valence - leblogmoto.com\" \/>\n<meta name=\"twitter:description\" content=\"Profitant de notre samedi matin, Nicolas Gehin et moi-m\u00eame sommes all\u00e9s au salon de la moto de Valence organis\u00e9 par la FFMC 26.Nous nous sommes attard\u00e9s sur les stands Kawasaki, BMW, Harley-Davidson, Yamaha, MV et Suzuki.Dans cette premi\u00e8re partie, nous parlerons plus particuli\u00e8rement de Kawasaki. Petite photo du salon, cette petite Kawette rose qui fera [&hellip;]\" \/>\n<meta name=\"twitter:image\" content=\"http:\/\/www.leblogmoto.com\/images\/100_3133.jpg\" \/>\n<meta name=\"twitter:label1\" content=\"\u00c9crit par\" \/>\n\t<meta name=\"twitter:data1\" content=\"gregory boucaud\" \/>\n\t<meta name=\"twitter:label2\" content=\"Dur\u00e9e de lecture estim\u00e9e\" \/>\n\t<meta name=\"twitter:data2\" content=\"1 minute\" \/>\n<script type=\"application\/ld+json\" class=\"yoast-schema-graph\">{\"@context\":\"https:\/\/schema.org\",\"@graph\":[{\"@type\":\"WebPage\",\"@id\":\"https:\/\/blogs.thesocialmedia.com\/leblogmoto\/2007\/04\/01\/salon-de-la-mot-2\/\",\"url\":\"https:\/\/blogs.thesocialmedia.com\/leblogmoto\/2007\/04\/01\/salon-de-la-mot-2\/\",\"name\":\"Salon de la Moto de Valence - leblogmoto.com\",\"isPartOf\":{\"@id\":\"https:\/\/blogs.thesocialmedia.com\/leblogmoto\/#website\"},\"primaryImageOfPage\":{\"@id\":\"https:\/\/blogs.thesocialmedia.com\/leblogmoto\/2007\/04\/01\/salon-de-la-mot-2\/#primaryimage\"},\"image\":{\"@id\":\"https:\/\/blogs.thesocialmedia.com\/leblogmoto\/2007\/04\/01\/salon-de-la-mot-2\/#primaryimage\"},\"thumbnailUrl\":\"http:\/\/www.leblogmoto.com\/images\/100_3133.jpg\",\"datePublished\":\"2007-04-01T21:36:13+00:00\",\"dateModified\":\"2012-07-11T14:37:44+00:00\",\"author\":{\"@id\":\"https:\/\/blogs.thesocialmedia.com\/leblogmoto\/#\/schema\/person\/769623f89741cc3381675029a37764f8\"},\"breadcrumb\":{\"@id\":\"https:\/\/blogs.thesocialmedia.com\/leblogmoto\/2007\/04\/01\/salon-de-la-mot-2\/#breadcrumb\"},\"inLanguage\":\"fr-FR\",\"potentialAction\":[{\"@type\":\"ReadAction\",\"target\":[\"https:\/\/blogs.thesocialmedia.com\/leblogmoto\/2007\/04\/01\/salon-de-la-mot-2\/\"]}]},{\"@type\":\"ImageObject\",\"inLanguage\":\"fr-FR\",\"@id\":\"https:\/\/blogs.thesocialmedia.com\/leblogmoto\/2007\/04\/01\/salon-de-la-mot-2\/#primaryimage\",\"url\":\"http:\/\/www.leblogmoto.com\/images\/100_3133.jpg\",\"contentUrl\":\"http:\/\/www.leblogmoto.com\/images\/100_3133.jpg\"},{\"@type\":\"BreadcrumbList\",\"@id\":\"https:\/\/blogs.thesocialmedia.com\/leblogmoto\/2007\/04\/01\/salon-de-la-mot-2\/#breadcrumb\",\"itemListElement\":[{\"@type\":\"ListItem\",\"position\":1,\"name\":\"Accueil\",\"item\":\"https:\/\/blogs.thesocialmedia.com\/leblogmoto\/\"},{\"@type\":\"ListItem\",\"position\":2,\"name\":\"Salon de la Moto de Valence\"}]},{\"@type\":\"WebSite\",\"@id\":\"https:\/\/blogs.thesocialmedia.com\/leblogmoto\/#website\",\"url\":\"https:\/\/blogs.thesocialmedia.com\/leblogmoto\/\",\"name\":\"leblogmoto\",\"description\":\"Toute l&#039;actualit\u00e9 des 2 roues\",\"potentialAction\":[{\"@type\":\"SearchAction\",\"target\":{\"@type\":\"EntryPoint\",\"urlTemplate\":\"https:\/\/blogs.thesocialmedia.com\/leblogmoto\/?s={search_term_string}\"},\"query-input\":{\"@type\":\"PropertyValueSpecification\",\"valueRequired\":true,\"valueName\":\"search_term_string\"}}],\"inLanguage\":\"fr-FR\"},{\"@type\":\"Person\",\"@id\":\"https:\/\/blogs.thesocialmedia.com\/leblogmoto\/#\/schema\/person\/769623f89741cc3381675029a37764f8\",\"name\":\"gregory boucaud\",\"image\":{\"@type\":\"ImageObject\",\"inLanguage\":\"fr-FR\",\"@id\":\"https:\/\/blogs.thesocialmedia.com\/leblogmoto\/#\/schema\/person\/image\/\",\"url\":\"https:\/\/secure.gravatar.com\/avatar\/?s=96&d=mm&r=g\",\"contentUrl\":\"https:\/\/secure.gravatar.com\/avatar\/?s=96&d=mm&r=g\",\"caption\":\"gregory boucaud\"},\"url\":\"https:\/\/blogs.thesocialmedia.com\/leblogmoto\/author\/gregory-boucaud\/\"}]}<\/script>\n<!-- \/ Yoast SEO plugin. -->","yoast_head_json":{"title":"Salon de la Moto de Valence - leblogmoto.com","robots":{"index":"index","follow":"follow","max-snippet":"max-snippet:-1","max-image-preview":"max-image-preview:large","max-video-preview":"max-video-preview:-1"},"canonical":"https:\/\/blogs.thesocialmedia.com\/leblogmoto\/2007\/04\/01\/salon-de-la-mot-2\/","twitter_card":"summary_large_image","twitter_title":"Salon de la Moto de Valence - leblogmoto.com","twitter_description":"Profitant de notre samedi matin, Nicolas Gehin et moi-m\u00eame sommes all\u00e9s au salon de la moto de Valence organis\u00e9 par la FFMC 26.Nous nous sommes attard\u00e9s sur les stands Kawasaki, BMW, Harley-Davidson, Yamaha, MV et Suzuki.Dans cette premi\u00e8re partie, nous parlerons plus particuli\u00e8rement de Kawasaki. Petite photo du salon, cette petite Kawette rose qui fera [&hellip;]","twitter_image":"http:\/\/www.leblogmoto.com\/images\/100_3133.jpg","twitter_misc":{"\u00c9crit par":"gregory boucaud","Dur\u00e9e de lecture estim\u00e9e":"1 minute"},"schema":{"@context":"https:\/\/schema.org","@graph":[{"@type":"WebPage","@id":"https:\/\/blogs.thesocialmedia.com\/leblogmoto\/2007\/04\/01\/salon-de-la-mot-2\/","url":"https:\/\/blogs.thesocialmedia.com\/leblogmoto\/2007\/04\/01\/salon-de-la-mot-2\/","name":"Salon de la Moto de Valence - leblogmoto.com","isPartOf":{"@id":"https:\/\/blogs.thesocialmedia.com\/leblogmoto\/#website"},"primaryImageOfPage":{"@id":"https:\/\/blogs.thesocialmedia.com\/leblogmoto\/2007\/04\/01\/salon-de-la-mot-2\/#primaryimage"},"image":{"@id":"https:\/\/blogs.thesocialmedia.com\/leblogmoto\/2007\/04\/01\/salon-de-la-mot-2\/#primaryimage"},"thumbnailUrl":"http:\/\/www.leblogmoto.com\/images\/100_3133.jpg","datePublished":"2007-04-01T21:36:13+00:00","dateModified":"2012-07-11T14:37:44+00:00","author":{"@id":"https:\/\/blogs.thesocialmedia.com\/leblogmoto\/#\/schema\/person\/769623f89741cc3381675029a37764f8"},"breadcrumb":{"@id":"https:\/\/blogs.thesocialmedia.com\/leblogmoto\/2007\/04\/01\/salon-de-la-mot-2\/#breadcrumb"},"inLanguage":"fr-FR","potentialAction":[{"@type":"ReadAction","target":["https:\/\/blogs.thesocialmedia.com\/leblogmoto\/2007\/04\/01\/salon-de-la-mot-2\/"]}]},{"@type":"ImageObject","inLanguage":"fr-FR","@id":"https:\/\/blogs.thesocialmedia.com\/leblogmoto\/2007\/04\/01\/salon-de-la-mot-2\/#primaryimage","url":"http:\/\/www.leblogmoto.com\/images\/100_3133.jpg","contentUrl":"http:\/\/www.leblogmoto.com\/images\/100_3133.jpg"},{"@type":"BreadcrumbList","@id":"https:\/\/blogs.thesocialmedia.com\/leblogmoto\/2007\/04\/01\/salon-de-la-mot-2\/#breadcrumb","itemListElement":[{"@type":"ListItem","position":1,"name":"Accueil","item":"https:\/\/blogs.thesocialmedia.com\/leblogmoto\/"},{"@type":"ListItem","position":2,"name":"Salon de la Moto de Valence"}]},{"@type":"WebSite","@id":"https:\/\/blogs.thesocialmedia.com\/leblogmoto\/#website","url":"https:\/\/blogs.thesocialmedia.com\/leblogmoto\/","name":"leblogmoto","description":"Toute l&#039;actualit\u00e9 des 2 roues","potentialAction":[{"@type":"SearchAction","target":{"@type":"EntryPoint","urlTemplate":"https:\/\/blogs.thesocialmedia.com\/leblogmoto\/?s={search_term_string}"},"query-input":{"@type":"PropertyValueSpecification","valueRequired":true,"valueName":"search_term_string"}}],"inLanguage":"fr-FR"},{"@type":"Person","@id":"https:\/\/blogs.thesocialmedia.com\/leblogmoto\/#\/schema\/person\/769623f89741cc3381675029a37764f8","name":"gregory boucaud","image":{"@type":"ImageObject","inLanguage":"fr-FR","@id":"https:\/\/blogs.thesocialmedia.com\/leblogmoto\/#\/schema\/person\/image\/","url":"https:\/\/secure.gravatar.com\/avatar\/?s=96&d=mm&r=g","contentUrl":"https:\/\/secure.gravatar.com\/avatar\/?s=96&d=mm&r=g","caption":"gregory boucaud"},"url":"https:\/\/blogs.thesocialmedia.com\/leblogmoto\/author\/gregory-boucaud\/"}]}},"_links":{"self":[{"href":"https:\/\/blogs.thesocialmedia.com\/leblogmoto\/wp-json\/wp\/v2\/posts\/1438","targetHints":{"allow":["GET"]}}],"collection":[{"href":"https:\/\/blogs.thesocialmedia.com\/leblogmoto\/wp-json\/wp\/v2\/posts"}],"about":[{"href":"https:\/\/blogs.thesocialmedia.com\/leblogmoto\/wp-json\/wp\/v2\/types\/post"}],"author":[{"embeddable":true,"href":"https:\/\/blogs.thesocialmedia.com\/leblogmoto\/wp-json\/wp\/v2\/users\/329"}],"replies":[{"embeddable":true,"href":"https:\/\/blogs.thesocialmedia.com\/leblogmoto\/wp-json\/wp\/v2\/comments?post=1438"}],"version-history":[{"count":2,"href":"https:\/\/blogs.thesocialmedia.com\/leblogmoto\/wp-json\/wp\/v2\/posts\/1438\/revisions"}],"predecessor-version":[{"id":8289,"href":"https:\/\/blogs.thesocialmedia.com\/leblogmoto\/wp-json\/wp\/v2\/posts\/1438\/revisions\/8289"}],"wp:attachment":[{"href":"https:\/\/blogs.thesocialmedia.com\/leblogmoto\/wp-json\/wp\/v2\/media?parent=1438"}],"wp:term":[{"taxonomy":"category","embeddable":true,"href":"https:\/\/blogs.thesocialmedia.com\/leblogmoto\/wp-json\/wp\/v2\/categories?post=1438"},{"taxonomy":"post_tag","embeddable":true,"href":"https:\/\/blogs.thesocialmedia.com\/leblogmoto\/wp-json\/wp\/v2\/tags?post=1438"}],"curies":[{"name":"wp","href":"https:\/\/api.w.org\/{rel}","templated":true}]}}