{"id":1439,"date":"2007-04-01T21:29:11","date_gmt":"2007-04-01T21:29:11","guid":{"rendered":"http:\/\/blogs.thesocialmedia.com\/leblogmoto\/2007\/04\/01\/supermot-days-c\/"},"modified":"2012-07-11T14:37:37","modified_gmt":"2012-07-11T14:37:37","slug":"supermot-days-c","status":"publish","type":"post","link":"https:\/\/blogs.thesocialmedia.com\/leblogmoto\/2007\/04\/01\/supermot-days-c\/","title":{"rendered":"Supermot Days: C&rsquo;est mieux quand \u00e7a glisse&#8230;"},"content":{"rendered":"<p><a href=\"http:\/\/blogs.thesocialmedia.com\/leblogmoto\/files\/2012\/07\/dsc_3183.jpg\"><img loading=\"lazy\" decoding=\"async\" height=\"162\" alt=\"Dsc_3183\" src=\"http:\/\/www.leblogmoto.com\/images\/2007\/04\/01\/dsc_3183.jpg\" width=\"250\"  \/><\/a> Vous voulez vous mettre au <a href=\"http:\/\/fr.wikipedia.org\/wiki\/Supermotard\">Supermotard<\/a> ? L&rsquo;envie de glisser vous titille ? Bien, c&rsquo;est lors des deux stages propos\u00e9s pour les <a href=\"http:\/\/www.supermoto-one.com\/supermot-days\/\">Supermot Days<\/a> que vous aurez l&rsquo;occasion d&rsquo;am\u00e9liorer votre technique.<br \/>Rappelons que l&rsquo;an dernier, c&rsquo;\u00e9tait cinq stages qui avaient \u00e9t\u00e9 organis\u00e9s, et \u00e9tant donn\u00e9 l&rsquo;engouement qu&rsquo;ont de plus en plus de motards pour ce sport m\u00e9canique, deux autres stages sont organis\u00e9s cette ann\u00e9e.<\/p>\n<p><a href=\"http:\/\/clabedan.typepad.com\/.shared\/image.html?\/photos\/uncategorized\/2007\/04\/01\/dsc_0116.jpg\"><img loading=\"lazy\" decoding=\"async\" height=\"166\" alt=\"Dsc_0116\" src=\"http:\/\/www.leblogmoto.com\/images\/2007\/04\/01\/dsc_0116.jpg\" width=\"250\"  \/><\/a>&nbsp; Ce sont les <a href=\"http:\/\/fr.wikipedia.org\/wiki\/Circuit_%28d%C3%A9placement%29\">circuits<\/a> de Villars sous Ecot (25) et de Loheac (35) qui acceuilleront les stagiaires respectivement les 5-6 mai et 26-27 mai. Pendant ces stages intensifs de deux jours, vous aurez l&rsquo;opportunit\u00e9 de vous essayer \u00e0 la vitesse et \u00e0 la glisse. L&rsquo;encadrement sera fait par des moniteurs brevet\u00e9s d&rsquo;Etat ainsi que des <a href=\"http:\/\/fr.wikipedia.org\/wiki\/Pilote\">pilotes<\/a> fran\u00e7ais de <a href=\"http:\/\/fr.wikipedia.org\/wiki\/Supermotard\">Supermotard<\/a>, ainsi vous pourrez profit\u00e9 pleinement de leur exp\u00e9rience.<\/p>\n<p>Les prix :&nbsp; 260\u20ac\/participant (repas inclus).<\/p>\n<p>Pour plus d&rsquo;informations ou pour s&rsquo;inscrire, vous pourrez contacter St\u00e9phanie au 06 11 48 65 55.<\/p>\n","protected":false},"excerpt":{"rendered":"<p>Vous voulez vous mettre au Supermotard ? L&rsquo;envie de glisser vous titille ? Bien, c&rsquo;est lors des deux stages propos\u00e9s pour les Supermot Days que vous aurez l&rsquo;occasion d&rsquo;am\u00e9liorer votre technique.Rappelons que l&rsquo;an dernier, c&rsquo;\u00e9tait cinq stages qui avaient \u00e9t\u00e9 organis\u00e9s, et \u00e9tant donn\u00e9 l&rsquo;engouement qu&rsquo;ont de plus en plus de motards pour ce sport [&hellip;]<\/p>\n","protected":false},"author":329,"featured_media":0,"comment_status":"open","ping_status":"open","sticky":false,"template":"","format":"standard","meta":{"footnotes":""},"categories":[3,27],"tags":[],"class_list":["post-1439","post","type-post","status-publish","format-standard","hentry","category-actualite","category-securite"],"yoast_head":"<!-- This site is optimized with the Yoast SEO plugin v26.0 - https:\/\/yoast.com\/wordpress\/plugins\/seo\/ -->\n<title>Supermot Days: C&#039;est mieux quand \u00e7a glisse... - leblogmoto.com<\/title>\n<meta name=\"robots\" content=\"index, follow, max-snippet:-1, max-image-preview:large, max-video-preview:-1\" \/>\n<link rel=\"canonical\" href=\"https:\/\/blogs.thesocialmedia.com\/leblogmoto\/2007\/04\/01\/supermot-days-c\/\" \/>\n<meta name=\"twitter:card\" content=\"summary_large_image\" \/>\n<meta name=\"twitter:title\" content=\"Supermot Days: C&#039;est mieux quand \u00e7a glisse... - leblogmoto.com\" \/>\n<meta name=\"twitter:description\" content=\"Vous voulez vous mettre au Supermotard ? L&rsquo;envie de glisser vous titille ? Bien, c&rsquo;est lors des deux stages propos\u00e9s pour les Supermot Days que vous aurez l&rsquo;occasion d&rsquo;am\u00e9liorer votre technique.Rappelons que l&rsquo;an dernier, c&rsquo;\u00e9tait cinq stages qui avaient \u00e9t\u00e9 organis\u00e9s, et \u00e9tant donn\u00e9 l&rsquo;engouement qu&rsquo;ont de plus en plus de motards pour ce sport [&hellip;]\" \/>\n<meta name=\"twitter:image\" content=\"http:\/\/www.leblogmoto.com\/images\/2007\/04\/01\/dsc_3183.jpg\" \/>\n<meta name=\"twitter:label1\" content=\"\u00c9crit par\" \/>\n\t<meta name=\"twitter:data1\" content=\"gregory boucaud\" \/>\n\t<meta name=\"twitter:label2\" content=\"Dur\u00e9e de lecture estim\u00e9e\" \/>\n\t<meta name=\"twitter:data2\" content=\"1 minute\" \/>\n<script type=\"application\/ld+json\" class=\"yoast-schema-graph\">{\"@context\":\"https:\/\/schema.org\",\"@graph\":[{\"@type\":\"WebPage\",\"@id\":\"https:\/\/blogs.thesocialmedia.com\/leblogmoto\/2007\/04\/01\/supermot-days-c\/\",\"url\":\"https:\/\/blogs.thesocialmedia.com\/leblogmoto\/2007\/04\/01\/supermot-days-c\/\",\"name\":\"Supermot Days: C'est mieux quand \u00e7a glisse... - leblogmoto.com\",\"isPartOf\":{\"@id\":\"https:\/\/blogs.thesocialmedia.com\/leblogmoto\/#website\"},\"primaryImageOfPage\":{\"@id\":\"https:\/\/blogs.thesocialmedia.com\/leblogmoto\/2007\/04\/01\/supermot-days-c\/#primaryimage\"},\"image\":{\"@id\":\"https:\/\/blogs.thesocialmedia.com\/leblogmoto\/2007\/04\/01\/supermot-days-c\/#primaryimage\"},\"thumbnailUrl\":\"http:\/\/www.leblogmoto.com\/images\/2007\/04\/01\/dsc_3183.jpg\",\"datePublished\":\"2007-04-01T21:29:11+00:00\",\"dateModified\":\"2012-07-11T14:37:37+00:00\",\"author\":{\"@id\":\"https:\/\/blogs.thesocialmedia.com\/leblogmoto\/#\/schema\/person\/769623f89741cc3381675029a37764f8\"},\"breadcrumb\":{\"@id\":\"https:\/\/blogs.thesocialmedia.com\/leblogmoto\/2007\/04\/01\/supermot-days-c\/#breadcrumb\"},\"inLanguage\":\"fr-FR\",\"potentialAction\":[{\"@type\":\"ReadAction\",\"target\":[\"https:\/\/blogs.thesocialmedia.com\/leblogmoto\/2007\/04\/01\/supermot-days-c\/\"]}]},{\"@type\":\"ImageObject\",\"inLanguage\":\"fr-FR\",\"@id\":\"https:\/\/blogs.thesocialmedia.com\/leblogmoto\/2007\/04\/01\/supermot-days-c\/#primaryimage\",\"url\":\"http:\/\/www.leblogmoto.com\/images\/2007\/04\/01\/dsc_3183.jpg\",\"contentUrl\":\"http:\/\/www.leblogmoto.com\/images\/2007\/04\/01\/dsc_3183.jpg\"},{\"@type\":\"BreadcrumbList\",\"@id\":\"https:\/\/blogs.thesocialmedia.com\/leblogmoto\/2007\/04\/01\/supermot-days-c\/#breadcrumb\",\"itemListElement\":[{\"@type\":\"ListItem\",\"position\":1,\"name\":\"Accueil\",\"item\":\"https:\/\/blogs.thesocialmedia.com\/leblogmoto\/\"},{\"@type\":\"ListItem\",\"position\":2,\"name\":\"Supermot Days: C&rsquo;est mieux quand \u00e7a glisse&#8230;\"}]},{\"@type\":\"WebSite\",\"@id\":\"https:\/\/blogs.thesocialmedia.com\/leblogmoto\/#website\",\"url\":\"https:\/\/blogs.thesocialmedia.com\/leblogmoto\/\",\"name\":\"leblogmoto\",\"description\":\"Toute l&#039;actualit\u00e9 des 2 roues\",\"potentialAction\":[{\"@type\":\"SearchAction\",\"target\":{\"@type\":\"EntryPoint\",\"urlTemplate\":\"https:\/\/blogs.thesocialmedia.com\/leblogmoto\/?s={search_term_string}\"},\"query-input\":{\"@type\":\"PropertyValueSpecification\",\"valueRequired\":true,\"valueName\":\"search_term_string\"}}],\"inLanguage\":\"fr-FR\"},{\"@type\":\"Person\",\"@id\":\"https:\/\/blogs.thesocialmedia.com\/leblogmoto\/#\/schema\/person\/769623f89741cc3381675029a37764f8\",\"name\":\"gregory boucaud\",\"image\":{\"@type\":\"ImageObject\",\"inLanguage\":\"fr-FR\",\"@id\":\"https:\/\/blogs.thesocialmedia.com\/leblogmoto\/#\/schema\/person\/image\/\",\"url\":\"https:\/\/secure.gravatar.com\/avatar\/?s=96&d=mm&r=g\",\"contentUrl\":\"https:\/\/secure.gravatar.com\/avatar\/?s=96&d=mm&r=g\",\"caption\":\"gregory boucaud\"},\"url\":\"https:\/\/blogs.thesocialmedia.com\/leblogmoto\/author\/gregory-boucaud\/\"}]}<\/script>\n<!-- \/ Yoast SEO plugin. -->","yoast_head_json":{"title":"Supermot Days: C'est mieux quand \u00e7a glisse... - leblogmoto.com","robots":{"index":"index","follow":"follow","max-snippet":"max-snippet:-1","max-image-preview":"max-image-preview:large","max-video-preview":"max-video-preview:-1"},"canonical":"https:\/\/blogs.thesocialmedia.com\/leblogmoto\/2007\/04\/01\/supermot-days-c\/","twitter_card":"summary_large_image","twitter_title":"Supermot Days: C'est mieux quand \u00e7a glisse... - leblogmoto.com","twitter_description":"Vous voulez vous mettre au Supermotard ? L&rsquo;envie de glisser vous titille ? Bien, c&rsquo;est lors des deux stages propos\u00e9s pour les Supermot Days que vous aurez l&rsquo;occasion d&rsquo;am\u00e9liorer votre technique.Rappelons que l&rsquo;an dernier, c&rsquo;\u00e9tait cinq stages qui avaient \u00e9t\u00e9 organis\u00e9s, et \u00e9tant donn\u00e9 l&rsquo;engouement qu&rsquo;ont de plus en plus de motards pour ce sport [&hellip;]","twitter_image":"http:\/\/www.leblogmoto.com\/images\/2007\/04\/01\/dsc_3183.jpg","twitter_misc":{"\u00c9crit par":"gregory boucaud","Dur\u00e9e de lecture estim\u00e9e":"1 minute"},"schema":{"@context":"https:\/\/schema.org","@graph":[{"@type":"WebPage","@id":"https:\/\/blogs.thesocialmedia.com\/leblogmoto\/2007\/04\/01\/supermot-days-c\/","url":"https:\/\/blogs.thesocialmedia.com\/leblogmoto\/2007\/04\/01\/supermot-days-c\/","name":"Supermot Days: C'est mieux quand \u00e7a glisse... - leblogmoto.com","isPartOf":{"@id":"https:\/\/blogs.thesocialmedia.com\/leblogmoto\/#website"},"primaryImageOfPage":{"@id":"https:\/\/blogs.thesocialmedia.com\/leblogmoto\/2007\/04\/01\/supermot-days-c\/#primaryimage"},"image":{"@id":"https:\/\/blogs.thesocialmedia.com\/leblogmoto\/2007\/04\/01\/supermot-days-c\/#primaryimage"},"thumbnailUrl":"http:\/\/www.leblogmoto.com\/images\/2007\/04\/01\/dsc_3183.jpg","datePublished":"2007-04-01T21:29:11+00:00","dateModified":"2012-07-11T14:37:37+00:00","author":{"@id":"https:\/\/blogs.thesocialmedia.com\/leblogmoto\/#\/schema\/person\/769623f89741cc3381675029a37764f8"},"breadcrumb":{"@id":"https:\/\/blogs.thesocialmedia.com\/leblogmoto\/2007\/04\/01\/supermot-days-c\/#breadcrumb"},"inLanguage":"fr-FR","potentialAction":[{"@type":"ReadAction","target":["https:\/\/blogs.thesocialmedia.com\/leblogmoto\/2007\/04\/01\/supermot-days-c\/"]}]},{"@type":"ImageObject","inLanguage":"fr-FR","@id":"https:\/\/blogs.thesocialmedia.com\/leblogmoto\/2007\/04\/01\/supermot-days-c\/#primaryimage","url":"http:\/\/www.leblogmoto.com\/images\/2007\/04\/01\/dsc_3183.jpg","contentUrl":"http:\/\/www.leblogmoto.com\/images\/2007\/04\/01\/dsc_3183.jpg"},{"@type":"BreadcrumbList","@id":"https:\/\/blogs.thesocialmedia.com\/leblogmoto\/2007\/04\/01\/supermot-days-c\/#breadcrumb","itemListElement":[{"@type":"ListItem","position":1,"name":"Accueil","item":"https:\/\/blogs.thesocialmedia.com\/leblogmoto\/"},{"@type":"ListItem","position":2,"name":"Supermot Days: C&rsquo;est mieux quand \u00e7a glisse&#8230;"}]},{"@type":"WebSite","@id":"https:\/\/blogs.thesocialmedia.com\/leblogmoto\/#website","url":"https:\/\/blogs.thesocialmedia.com\/leblogmoto\/","name":"leblogmoto","description":"Toute l&#039;actualit\u00e9 des 2 roues","potentialAction":[{"@type":"SearchAction","target":{"@type":"EntryPoint","urlTemplate":"https:\/\/blogs.thesocialmedia.com\/leblogmoto\/?s={search_term_string}"},"query-input":{"@type":"PropertyValueSpecification","valueRequired":true,"valueName":"search_term_string"}}],"inLanguage":"fr-FR"},{"@type":"Person","@id":"https:\/\/blogs.thesocialmedia.com\/leblogmoto\/#\/schema\/person\/769623f89741cc3381675029a37764f8","name":"gregory boucaud","image":{"@type":"ImageObject","inLanguage":"fr-FR","@id":"https:\/\/blogs.thesocialmedia.com\/leblogmoto\/#\/schema\/person\/image\/","url":"https:\/\/secure.gravatar.com\/avatar\/?s=96&d=mm&r=g","contentUrl":"https:\/\/secure.gravatar.com\/avatar\/?s=96&d=mm&r=g","caption":"gregory boucaud"},"url":"https:\/\/blogs.thesocialmedia.com\/leblogmoto\/author\/gregory-boucaud\/"}]}},"_links":{"self":[{"href":"https:\/\/blogs.thesocialmedia.com\/leblogmoto\/wp-json\/wp\/v2\/posts\/1439","targetHints":{"allow":["GET"]}}],"collection":[{"href":"https:\/\/blogs.thesocialmedia.com\/leblogmoto\/wp-json\/wp\/v2\/posts"}],"about":[{"href":"https:\/\/blogs.thesocialmedia.com\/leblogmoto\/wp-json\/wp\/v2\/types\/post"}],"author":[{"embeddable":true,"href":"https:\/\/blogs.thesocialmedia.com\/leblogmoto\/wp-json\/wp\/v2\/users\/329"}],"replies":[{"embeddable":true,"href":"https:\/\/blogs.thesocialmedia.com\/leblogmoto\/wp-json\/wp\/v2\/comments?post=1439"}],"version-history":[{"count":2,"href":"https:\/\/blogs.thesocialmedia.com\/leblogmoto\/wp-json\/wp\/v2\/posts\/1439\/revisions"}],"predecessor-version":[{"id":8285,"href":"https:\/\/blogs.thesocialmedia.com\/leblogmoto\/wp-json\/wp\/v2\/posts\/1439\/revisions\/8285"}],"wp:attachment":[{"href":"https:\/\/blogs.thesocialmedia.com\/leblogmoto\/wp-json\/wp\/v2\/media?parent=1439"}],"wp:term":[{"taxonomy":"category","embeddable":true,"href":"https:\/\/blogs.thesocialmedia.com\/leblogmoto\/wp-json\/wp\/v2\/categories?post=1439"},{"taxonomy":"post_tag","embeddable":true,"href":"https:\/\/blogs.thesocialmedia.com\/leblogmoto\/wp-json\/wp\/v2\/tags?post=1439"}],"curies":[{"name":"wp","href":"https:\/\/api.w.org\/{rel}","templated":true}]}}