{"id":144,"date":"2009-05-17T16:32:00","date_gmt":"2009-05-17T16:32:00","guid":{"rendered":"http:\/\/blogs.thesocialmedia.com\/leblogmoto\/2009\/05\/17\/jorge-lorenzo-premier-valentino-rossi-dernier\/"},"modified":"2012-07-11T17:26:45","modified_gmt":"2012-07-11T17:26:45","slug":"jorge-lorenzo-premier-valentino-rossi-dernier","status":"publish","type":"post","link":"https:\/\/blogs.thesocialmedia.com\/leblogmoto\/2009\/05\/17\/jorge-lorenzo-premier-valentino-rossi-dernier\/","title":{"rendered":"Lorenzo premier, Rossi dernier&#8230;"},"content":{"rendered":"<p><a href=\"http:\/\/blogs.thesocialmedia.com\/leblogmoto\/files\/2012\/07\/6a00d83451b18369e201156f98d05d970c-pi.jpg\"><img decoding=\"async\" alt=\"Lorenzo Le Mans 2009\" class=\"at-xid-6a00d83451b18369e201156f98d05d970c \" src=\"http:\/\/blogs.thesocialmedia.com\/leblogmoto\/files\/2012\/07\/6a00d83451b18369e201156f98d05d970c-500wi.jpg\" \/><\/a> <\/p>\n<p>Jorge Lorenzo s&#039;est impos\u00e9 cet apr\u00e8s midi sur le circuit du Mans, au terme d&#039;une course effervescente riche en \u00e9v\u00e9nements de tous genres. On s&#039;attendait \u00e0 la pluie et \u00e0 de nombreux rebondissements, promesses largement tenues par la 4\u00e8me \u00e9preuve du championnat&#8230;<\/p>\n<\/p>\n<p><a href=\"http:\/\/blogs.thesocialmedia.com\/leblogmoto\/files\/2012\/07\/6a00d83451b18369e201156f98d1bf970c-pi.jpg\"><img decoding=\"async\" alt=\"Lorenzo Paddock\" class=\"at-xid-6a00d83451b18369e201156f98d1bf970c \" src=\"http:\/\/blogs.thesocialmedia.com\/leblogmoto\/files\/2012\/07\/6a00d83451b18369e201156f98d1bf970c-500wi.jpg\" \/><\/a><\/p>\n<p>Victorieux au GP du Japon il y a un mois et victime d&#039;une malheureuse chute <a href=\"http:\/\/blogs.thesocialmedia.com\/leblogmoto\/files\/2012\/07\/reprise-des-consultations-a-jerez.html_.png\" target=\"_blank\">la semaine derni\u00e8re<\/a> sur son circuit national \u00e0 Jerez Jorge Lorenzo a \u00e9t\u00e9 aujourd&#039;hui \u00e9t\u00e9 le meilleur \u00e0 jongler avec les caprices de la m\u00e9t\u00e9o et \u00e0 ne pas changer de machine, de pneus, avant l&#039;heure. Il avait sign\u00e9 le meilleur temps des qualifications ce matin.<\/p>\n<p><a href=\"http:\/\/clabedan.typepad.com\/.a\/6a00d83451b18369e201157097d336970b-pi\"><img decoding=\"async\" alt=\"Rossi Pit Le Mans 2009 02\" class=\"at-xid-6a00d83451b18369e201157097d336970b \" src=\"http:\/\/blogs.thesocialmedia.com\/leblogmoto\/files\/2012\/07\/6a00d83451b18369e201157097d336970b-500wi.jpg\" \/><\/a> <\/p>\n<\/p>\n<p><a href=\"http:\/\/blogs.thesocialmedia.com\/leblogmoto\/files\/2012\/07\/6a00d83451b18369e201156fa28aa4970c-pi.jpg\"><img decoding=\"async\" alt=\"Rossi Pit Le Mans 2009\" class=\"at-xid-6a00d83451b18369e201156fa28aa4970c \" src=\"http:\/\/blogs.thesocialmedia.com\/leblogmoto\/files\/2012\/07\/6a00d83451b18369e201156fa28aa4970c-500wi.jpg\" \/><\/a> <\/p>\n<p>Au d\u00e9part la piste est mouill\u00e9e, s\u00e9chante sur la majeure partie des trajectoires. Tout avait pourtant bien commenc\u00e9 pour Valentino Rossi, en embuscade dans le peloton de t\u00eate&#8230; <\/p>\n<p><a href=\"http:\/\/blogs.thesocialmedia.com\/leblogmoto\/files\/2012\/07\/6a00d83451b18369e201156fa2a410970c-popup.png\"><\/a><a href=\"http:\/\/clabedan.typepad.com\/.a\/6a00d83451b18369e201157097ea46970b-pi\"><img decoding=\"async\" alt=\"Rossi\" class=\"at-xid-6a00d83451b18369e201157097ea46970b \" src=\"http:\/\/blogs.thesocialmedia.com\/leblogmoto\/files\/2012\/07\/6a00d83451b18369e201157097ea46970b-500wi.jpg\" \/><\/a>  <\/p>\n<\/p>\n<p>Premier \u00e0 rentrer aux stands, au 6\u00e8me tour, pour changer de moto, sous les acclamations de ses nombreux supporteurs fran\u00e7ais, suivi de tr\u00e8s pr\u00e9s par Dany Pedrosa et Loris Capirossi. <\/p>\n<p><a href=\"http:\/\/blogs.thesocialmedia.com\/leblogmoto\/files\/2012\/07\/6a00d83451b18369e20115708eafea970b-pi.jpg\"><img decoding=\"async\" alt=\"Rossi Le Mans\" class=\"at-xid-6a00d83451b18369e20115708eafea970b \" src=\"http:\/\/blogs.thesocialmedia.com\/leblogmoto\/files\/2012\/07\/6a00d83451b18369e20115708eafea970b-500wi.jpg\" \/><\/a> <\/p>\n<p>Moins d&#039;un tour apr\u00e8s sa sortie des stands Valentino Rossi perd l&#039;avant, chute et casse sa bulle ainsi que la platine gauche de repose pieds de sa Yamaha. Retour aux stands obligatoire pour reprendre la premi\u00e8re machine, celle \u00e9quip\u00e9e de pneus pluie.&#160;<\/p>\n<\/p>\n<p>Survolt\u00e9 par son erreur il en oublie d&#039;activer son limiteur de r\u00e9gime et se fait prendre en exc\u00e8s de vitesse dans la ligne des stands. Une p\u00e9nalit\u00e9 &quot;ride through&quot; lui est inflig\u00e9e par la direction de course. La course du docteur tourne alors \u00e0 la catastrophe pour les presque 80000 spectateurs. <\/p>\n<p>Pendant ce temps l\u00e0 l&#039;avance prise par Jorge Lorenzo avec ses pneus pluie sur ses poursuivants tourne \u00e0 la d\u00e9monstration de pilotage et de respect de strat\u00e9gie initiale: user les pneus pluie jusqu&#039;\u00e0 la carcasse.<\/p>\n<p> En t\u00eate d\u00e8s les premiers tours, personne n&#039;aura les moyens de l&#039;inqui\u00e9ter, m\u00eame \u00e0 distance. Pour le premier ravitaillement en motoGP de sa carri\u00e8re Lorenzo rentre le dernier pour \u00e9changer sa machine avec celle chauss\u00e9e de pneus slick. Promesse tenue \u00e0 ses gommes pluie qui sont totalement d\u00e9truites.<\/p>\n<p><a href=\"http:\/\/blogs.thesocialmedia.com\/leblogmoto\/files\/2012\/07\/kawasaki-comme.html_.png\" target=\"_blank\">Marco Melandri<\/a> est le grand vainqueur du jour sur sa Kawasaki du <a href=\"http:\/\/www.leblogmoto.com\/2009\/01\/kawasaki-serait.html\" target=\"_blank\">Team Hayate Racing<\/a>, il termine \u00e0 une incroyable seconde place. Performance personnelle inou\u00efe pour <a href=\"http:\/\/www.marcomelandri.it\" target=\"_blank\">Marco Melandri<\/a>, le team Hayate Racing, premier podium, mais aussi pour sa machine qui rentre dans les statistiques historiques.<\/p>\n<p><span style=\"text-decoration: underline\"><a href=\"http:\/\/clabedan.typepad.com\/.a\/6a00d83451b18369e201157097e830970b-popup\"><img decoding=\"async\" alt=\"Hayate\" class=\"at-xid-6a00d83451b18369e201157097e830970b \" src=\"http:\/\/blogs.thesocialmedia.com\/leblogmoto\/files\/2012\/07\/6a00d83451b18369e201157097e830970b-500wi.jpg\" \/><\/a> <\/span>&#160;<\/p>\n<p> Auparavant la meilleure place de l&#039;histoire pour une moto en GP de la marque Kawasaki sur le circuit Bugatti \u00e9tait la 8\u00e8me avec Shinya Nakano.<\/p>\n<p><a href=\"http:\/\/blogs.thesocialmedia.com\/leblogmoto\/files\/2012\/07\/6a00d83451b18369e20115708f092c970b-pi.jpg\"><img decoding=\"async\" alt=\"Hayate Racing\" class=\"at-xid-6a00d83451b18369e20115708f092c970b \" src=\"http:\/\/blogs.thesocialmedia.com\/leblogmoto\/files\/2012\/07\/6a00d83451b18369e20115708f092c970b-500wi.jpg\" \/><\/a> <\/p>\n<p>Pas mal pour quelqu&#039;un dont la saison a failli s&#039;arr\u00eater en d\u00e9cembre dernier faute de support. Pas mal non plus pour une <a href=\"http:\/\/blogs.thesocialmedia.com\/leblogmoto\/files\/2012\/07\/carmelo-menace.html_.png\" target=\"_blank\">machine abandonn\u00e9e<\/a> qui n&#039;a plus le soutien de l&#039;usine Kawasaki&#8230;<\/p>\n<\/p>\n<p>Comptons sur le chef m\u00e9canicien du team Hayate et ses 9 ans d&#039;exp\u00e9rience, Andrea Dosoli, pour pr\u00e9parer la meilleure machine possible \u00e0 Marco Melandri pour son grand prix national, en Italie sur le circuit du Mugello&#8230; <\/p>\n<p><a href=\"http:\/\/clabedan.typepad.com\/.a\/6a00d83451b18369e201157097c54a970b-pi\"><img decoding=\"async\" alt=\"Melandri\" class=\"at-xid-6a00d83451b18369e201157097c54a970b \" src=\"http:\/\/blogs.thesocialmedia.com\/leblogmoto\/files\/2012\/07\/6a00d83451b18369e201157097c54a970b-500wi.jpg\" \/><\/a> <\/p>\n<p><a href=\"http:\/\/blogs.thesocialmedia.com\/leblogmoto\/files\/2012\/07\/moto-gp-qatar-stoner-pose-la-premiere-pierre.html_.png\" target=\"_blank\">Casey Stoner<\/a>, le seul pilote \u00e0 pouvoir exploiter une Ducati cette ann\u00e9e, termine 5\u00e8me devant Chris Vermeulen et Colin Edwards. <\/p>\n<p>Loris Capirossi finit \u00e0 la 8\u00e8me place devant James Toseland 9\u00e8me et Toni Elias 10\u00e8me. <a href=\"http:\/\/www.leblogmoto.com\/2006\/11\/nicky_hayden_re.html\" target=\"_blank\">Nicky Hayden<\/a> en termine difficillement \u00e0 la 12\u00e8me place. <\/p>\n<p><a href=\"http:\/\/clabedan.typepad.com\/.a\/6a00d83451b18369e20115708f00cc970b-pi\"><img decoding=\"async\" alt=\"Colin Edwards\" class=\"at-xid-6a00d83451b18369e20115708f00cc970b \" src=\"http:\/\/blogs.thesocialmedia.com\/leblogmoto\/files\/2012\/07\/6a00d83451b18369e20115708f00cc970b-500wi.jpg\" \/><\/a> <\/p>\n<p>Colin Edwards finit 7\u00e8me mais remporte la palme du &quot;d\u00e9passement du jour&quot; sur son d\u00e9test\u00e9 co\u00e9quipier James Toseland dans la courbe Dunlop \u00e0 7 tours de l&#039;arriv\u00e9e.<\/p>\n<p>Bataille acharn\u00e9e pour la troisi\u00e8me place avec un final \u00e9poustouflant entre <a href=\"http:\/\/blogs.thesocialmedia.com\/leblogmoto\/files\/2012\/07\/dani-encore-plu.html_1.png\" target=\"_blank\">Dani Titanium Pedrosa<\/a> et son co\u00e9quipier chez <a href=\"http:\/\/www.leblogmoto.com\/2009\/01\/honda-rduit-la.html\" target=\"_blank\">Honda,<\/a> <a href=\"http:\/\/www.leblogmoto.com\/2006\/06\/250_catalunya_d.html\" target=\"_blank\">Andrea Dovizioso<\/a>, qui se fait doubler dans le dernier tour \u00e0 deux virages de l&#039;arriv\u00e9e. <\/p>\n<p><a href=\"http:\/\/clabedan.typepad.com\/.a\/6a00d83451b18369e201156f98d1e0970c-pi\"><img decoding=\"async\" alt=\"Pedrosa\" class=\"at-xid-6a00d83451b18369e201156f98d1e0970c \" src=\"http:\/\/blogs.thesocialmedia.com\/leblogmoto\/files\/2012\/07\/6a00d83451b18369e201156f98d1e0970c-500wi.jpg\" \/><\/a><\/p>\n<p>Au classement du championnat des pilotes la tenaille se resserre et promet une belle suite pour les prochaines courses. Jorge Lorenzo reprend le commandement pour un petit point devant les deux suivants, Valentino Rossi et Casey Stoner, \u00e0 \u00e9galit\u00e9. <\/p>\n<p>Visiblement combl\u00e9 par sa victoire, Jorge Lorenzo a d\u00e9clar\u00e9 &quot;\u00eatre heureux, comme dans un film, surpris d&#039;\u00eatre tomb\u00e9 \u00e0 Jerez mais encore plus de gagner ici&#8230;&quot;<\/p>\n<p><a href=\"http:\/\/blogs.thesocialmedia.com\/leblogmoto\/files\/2012\/07\/6a00d83451b18369e201157097e86a970b-popup.png\"><img decoding=\"async\" alt=\"Lorenzoland\" class=\"at-xid-6a00d83451b18369e201157097e86a970b \" src=\"http:\/\/blogs.thesocialmedia.com\/leblogmoto\/files\/2012\/07\/6a00d83451b18369e201157097e86a970b-500wi.jpg\" \/><\/a> <\/p>\n<p>Un week end \u00e0 oublier pour <a href=\"http:\/\/blogs.thesocialmedia.com\/leblogmoto\/files\/2012\/07\/valentino-rossi-visite-paris.htmlmore.png\" target=\"_blank\">Valentino Rossi<\/a>, qui finit dernier. Il sera pass\u00e9 4 fois dans les stands, trois fois pour changer de monture et une pour sa p\u00e9nalit\u00e9&#8230;<\/p>\n<p> Idem pour <a href=\"http:\/\/www.leblogmoto.com\/2009\/04\/album-du-vendredi-randy-de-puniet-et-francesca-lukasik.html\" target=\"_blank\">Randy de Puniet<\/a>, parti en 10\u00e8me position sur la grille et qui termine \u00e0 la 14\u00e8me place&#8230; <\/p>\n<p><a href=\"http:\/\/clabedan.typepad.com\/.a\/6a00d83451b18369e20115708eef63970b-pi\"><img decoding=\"async\" alt=\"Le Mans Results\" class=\"at-xid-6a00d83451b18369e20115708eef63970b \" src=\"http:\/\/blogs.thesocialmedia.com\/leblogmoto\/files\/2012\/07\/6a00d83451b18369e20115708eef63970b-500wi.jpg\" \/><\/a> <\/p>\n<\/p>\n<p><a href=\"http:\/\/blogs.thesocialmedia.com\/leblogmoto\/files\/2012\/07\/6a00d83451b18369e20115708eaf46970b-pi.jpg\"><img decoding=\"async\" alt=\"Le Mans\" class=\"at-xid-6a00d83451b18369e20115708eaf46970b \" src=\"http:\/\/blogs.thesocialmedia.com\/leblogmoto\/files\/2012\/07\/6a00d83451b18369e20115708eaf46970b-500wi.jpg\" \/><\/a> <br \/>&#160;<br \/>Prochaine course dans 15 jours en Italie sur le circuit du Mugello&#8230;<\/p>\n","protected":false},"excerpt":{"rendered":"<p>Jorge Lorenzo s&#039;est impos\u00e9 cet apr\u00e8s midi sur le circuit du Mans, au terme d&#039;une course effervescente riche en \u00e9v\u00e9nements de tous genres. On s&#039;attendait \u00e0 la pluie et \u00e0 de nombreux rebondissements, promesses largement tenues par la 4\u00e8me \u00e9preuve du championnat&#8230; Victorieux au GP du Japon il y a un mois et victime d&#039;une [&hellip;]<\/p>\n","protected":false},"author":323,"featured_media":13567,"comment_status":"open","ping_status":"open","sticky":false,"template":"","format":"standard","meta":{"footnotes":""},"categories":[3,22],"tags":[],"class_list":["post-144","post","type-post","status-publish","format-standard","has-post-thumbnail","hentry","category-actualite","category-motogp"],"yoast_head":"<!-- This site is optimized with the Yoast SEO plugin v26.0 - https:\/\/yoast.com\/wordpress\/plugins\/seo\/ -->\n<title>Lorenzo premier, Rossi dernier... - leblogmoto.com<\/title>\n<meta name=\"robots\" content=\"index, follow, max-snippet:-1, max-image-preview:large, max-video-preview:-1\" \/>\n<link rel=\"canonical\" href=\"https:\/\/blogs.thesocialmedia.com\/leblogmoto\/2009\/05\/17\/jorge-lorenzo-premier-valentino-rossi-dernier\/\" \/>\n<meta name=\"twitter:card\" content=\"summary_large_image\" \/>\n<meta name=\"twitter:title\" content=\"Lorenzo premier, Rossi dernier... - leblogmoto.com\" \/>\n<meta name=\"twitter:description\" content=\"Jorge Lorenzo s&#039;est impos\u00e9 cet apr\u00e8s midi sur le circuit du Mans, au terme d&#039;une course effervescente riche en \u00e9v\u00e9nements de tous genres. On s&#039;attendait \u00e0 la pluie et \u00e0 de nombreux rebondissements, promesses largement tenues par la 4\u00e8me \u00e9preuve du championnat&#8230; Victorieux au GP du Japon il y a un mois et victime d&#039;une [&hellip;]\" \/>\n<meta name=\"twitter:image\" content=\"https:\/\/blogs.thesocialmedia.com\/leblogmoto\/files\/2012\/07\/6a00d83451b18369e201156f98d05d970c-500wi.jpg\" \/>\n<meta name=\"twitter:label1\" content=\"\u00c9crit par\" \/>\n\t<meta name=\"twitter:data1\" content=\"albin le guyader\" \/>\n\t<meta name=\"twitter:label2\" content=\"Dur\u00e9e de lecture estim\u00e9e\" \/>\n\t<meta name=\"twitter:data2\" content=\"4 minutes\" \/>\n<script type=\"application\/ld+json\" class=\"yoast-schema-graph\">{\"@context\":\"https:\/\/schema.org\",\"@graph\":[{\"@type\":\"WebPage\",\"@id\":\"https:\/\/blogs.thesocialmedia.com\/leblogmoto\/2009\/05\/17\/jorge-lorenzo-premier-valentino-rossi-dernier\/\",\"url\":\"https:\/\/blogs.thesocialmedia.com\/leblogmoto\/2009\/05\/17\/jorge-lorenzo-premier-valentino-rossi-dernier\/\",\"name\":\"Lorenzo premier, Rossi dernier... - leblogmoto.com\",\"isPartOf\":{\"@id\":\"https:\/\/blogs.thesocialmedia.com\/leblogmoto\/#website\"},\"primaryImageOfPage\":{\"@id\":\"https:\/\/blogs.thesocialmedia.com\/leblogmoto\/2009\/05\/17\/jorge-lorenzo-premier-valentino-rossi-dernier\/#primaryimage\"},\"image\":{\"@id\":\"https:\/\/blogs.thesocialmedia.com\/leblogmoto\/2009\/05\/17\/jorge-lorenzo-premier-valentino-rossi-dernier\/#primaryimage\"},\"thumbnailUrl\":\"https:\/\/blogs.thesocialmedia.com\/leblogmoto\/files\/2012\/07\/6a00d83451b18369e201156f98d05d970c-500wi.jpg\",\"datePublished\":\"2009-05-17T16:32:00+00:00\",\"dateModified\":\"2012-07-11T17:26:45+00:00\",\"author\":{\"@id\":\"https:\/\/blogs.thesocialmedia.com\/leblogmoto\/#\/schema\/person\/b496d27c898c29a39678e2425cafb9ae\"},\"breadcrumb\":{\"@id\":\"https:\/\/blogs.thesocialmedia.com\/leblogmoto\/2009\/05\/17\/jorge-lorenzo-premier-valentino-rossi-dernier\/#breadcrumb\"},\"inLanguage\":\"fr-FR\",\"potentialAction\":[{\"@type\":\"ReadAction\",\"target\":[\"https:\/\/blogs.thesocialmedia.com\/leblogmoto\/2009\/05\/17\/jorge-lorenzo-premier-valentino-rossi-dernier\/\"]}]},{\"@type\":\"ImageObject\",\"inLanguage\":\"fr-FR\",\"@id\":\"https:\/\/blogs.thesocialmedia.com\/leblogmoto\/2009\/05\/17\/jorge-lorenzo-premier-valentino-rossi-dernier\/#primaryimage\",\"url\":\"https:\/\/blogs.thesocialmedia.com\/leblogmoto\/files\/2012\/07\/6a00d83451b18369e201156f98d05d970c-500wi.jpg\",\"contentUrl\":\"https:\/\/blogs.thesocialmedia.com\/leblogmoto\/files\/2012\/07\/6a00d83451b18369e201156f98d05d970c-500wi.jpg\",\"width\":\"500\",\"height\":\"355\"},{\"@type\":\"BreadcrumbList\",\"@id\":\"https:\/\/blogs.thesocialmedia.com\/leblogmoto\/2009\/05\/17\/jorge-lorenzo-premier-valentino-rossi-dernier\/#breadcrumb\",\"itemListElement\":[{\"@type\":\"ListItem\",\"position\":1,\"name\":\"Accueil\",\"item\":\"https:\/\/blogs.thesocialmedia.com\/leblogmoto\/\"},{\"@type\":\"ListItem\",\"position\":2,\"name\":\"Lorenzo premier, Rossi dernier&#8230;\"}]},{\"@type\":\"WebSite\",\"@id\":\"https:\/\/blogs.thesocialmedia.com\/leblogmoto\/#website\",\"url\":\"https:\/\/blogs.thesocialmedia.com\/leblogmoto\/\",\"name\":\"leblogmoto\",\"description\":\"Toute l&#039;actualit\u00e9 des 2 roues\",\"potentialAction\":[{\"@type\":\"SearchAction\",\"target\":{\"@type\":\"EntryPoint\",\"urlTemplate\":\"https:\/\/blogs.thesocialmedia.com\/leblogmoto\/?s={search_term_string}\"},\"query-input\":{\"@type\":\"PropertyValueSpecification\",\"valueRequired\":true,\"valueName\":\"search_term_string\"}}],\"inLanguage\":\"fr-FR\"},{\"@type\":\"Person\",\"@id\":\"https:\/\/blogs.thesocialmedia.com\/leblogmoto\/#\/schema\/person\/b496d27c898c29a39678e2425cafb9ae\",\"name\":\"albin le guyader\",\"image\":{\"@type\":\"ImageObject\",\"inLanguage\":\"fr-FR\",\"@id\":\"https:\/\/blogs.thesocialmedia.com\/leblogmoto\/#\/schema\/person\/image\/\",\"url\":\"https:\/\/secure.gravatar.com\/avatar\/?s=96&d=mm&r=g\",\"contentUrl\":\"https:\/\/secure.gravatar.com\/avatar\/?s=96&d=mm&r=g\",\"caption\":\"albin le guyader\"},\"url\":\"https:\/\/blogs.thesocialmedia.com\/leblogmoto\/author\/albin-le-guyader\/\"}]}<\/script>\n<!-- \/ Yoast SEO plugin. -->","yoast_head_json":{"title":"Lorenzo premier, Rossi dernier... - leblogmoto.com","robots":{"index":"index","follow":"follow","max-snippet":"max-snippet:-1","max-image-preview":"max-image-preview:large","max-video-preview":"max-video-preview:-1"},"canonical":"https:\/\/blogs.thesocialmedia.com\/leblogmoto\/2009\/05\/17\/jorge-lorenzo-premier-valentino-rossi-dernier\/","twitter_card":"summary_large_image","twitter_title":"Lorenzo premier, Rossi dernier... - leblogmoto.com","twitter_description":"Jorge Lorenzo s&#039;est impos\u00e9 cet apr\u00e8s midi sur le circuit du Mans, au terme d&#039;une course effervescente riche en \u00e9v\u00e9nements de tous genres. On s&#039;attendait \u00e0 la pluie et \u00e0 de nombreux rebondissements, promesses largement tenues par la 4\u00e8me \u00e9preuve du championnat&#8230; Victorieux au GP du Japon il y a un mois et victime d&#039;une [&hellip;]","twitter_image":"https:\/\/blogs.thesocialmedia.com\/leblogmoto\/files\/2012\/07\/6a00d83451b18369e201156f98d05d970c-500wi.jpg","twitter_misc":{"\u00c9crit par":"albin le guyader","Dur\u00e9e de lecture estim\u00e9e":"4 minutes"},"schema":{"@context":"https:\/\/schema.org","@graph":[{"@type":"WebPage","@id":"https:\/\/blogs.thesocialmedia.com\/leblogmoto\/2009\/05\/17\/jorge-lorenzo-premier-valentino-rossi-dernier\/","url":"https:\/\/blogs.thesocialmedia.com\/leblogmoto\/2009\/05\/17\/jorge-lorenzo-premier-valentino-rossi-dernier\/","name":"Lorenzo premier, Rossi dernier... - leblogmoto.com","isPartOf":{"@id":"https:\/\/blogs.thesocialmedia.com\/leblogmoto\/#website"},"primaryImageOfPage":{"@id":"https:\/\/blogs.thesocialmedia.com\/leblogmoto\/2009\/05\/17\/jorge-lorenzo-premier-valentino-rossi-dernier\/#primaryimage"},"image":{"@id":"https:\/\/blogs.thesocialmedia.com\/leblogmoto\/2009\/05\/17\/jorge-lorenzo-premier-valentino-rossi-dernier\/#primaryimage"},"thumbnailUrl":"https:\/\/blogs.thesocialmedia.com\/leblogmoto\/files\/2012\/07\/6a00d83451b18369e201156f98d05d970c-500wi.jpg","datePublished":"2009-05-17T16:32:00+00:00","dateModified":"2012-07-11T17:26:45+00:00","author":{"@id":"https:\/\/blogs.thesocialmedia.com\/leblogmoto\/#\/schema\/person\/b496d27c898c29a39678e2425cafb9ae"},"breadcrumb":{"@id":"https:\/\/blogs.thesocialmedia.com\/leblogmoto\/2009\/05\/17\/jorge-lorenzo-premier-valentino-rossi-dernier\/#breadcrumb"},"inLanguage":"fr-FR","potentialAction":[{"@type":"ReadAction","target":["https:\/\/blogs.thesocialmedia.com\/leblogmoto\/2009\/05\/17\/jorge-lorenzo-premier-valentino-rossi-dernier\/"]}]},{"@type":"ImageObject","inLanguage":"fr-FR","@id":"https:\/\/blogs.thesocialmedia.com\/leblogmoto\/2009\/05\/17\/jorge-lorenzo-premier-valentino-rossi-dernier\/#primaryimage","url":"https:\/\/blogs.thesocialmedia.com\/leblogmoto\/files\/2012\/07\/6a00d83451b18369e201156f98d05d970c-500wi.jpg","contentUrl":"https:\/\/blogs.thesocialmedia.com\/leblogmoto\/files\/2012\/07\/6a00d83451b18369e201156f98d05d970c-500wi.jpg","width":"500","height":"355"},{"@type":"BreadcrumbList","@id":"https:\/\/blogs.thesocialmedia.com\/leblogmoto\/2009\/05\/17\/jorge-lorenzo-premier-valentino-rossi-dernier\/#breadcrumb","itemListElement":[{"@type":"ListItem","position":1,"name":"Accueil","item":"https:\/\/blogs.thesocialmedia.com\/leblogmoto\/"},{"@type":"ListItem","position":2,"name":"Lorenzo premier, Rossi dernier&#8230;"}]},{"@type":"WebSite","@id":"https:\/\/blogs.thesocialmedia.com\/leblogmoto\/#website","url":"https:\/\/blogs.thesocialmedia.com\/leblogmoto\/","name":"leblogmoto","description":"Toute l&#039;actualit\u00e9 des 2 roues","potentialAction":[{"@type":"SearchAction","target":{"@type":"EntryPoint","urlTemplate":"https:\/\/blogs.thesocialmedia.com\/leblogmoto\/?s={search_term_string}"},"query-input":{"@type":"PropertyValueSpecification","valueRequired":true,"valueName":"search_term_string"}}],"inLanguage":"fr-FR"},{"@type":"Person","@id":"https:\/\/blogs.thesocialmedia.com\/leblogmoto\/#\/schema\/person\/b496d27c898c29a39678e2425cafb9ae","name":"albin le guyader","image":{"@type":"ImageObject","inLanguage":"fr-FR","@id":"https:\/\/blogs.thesocialmedia.com\/leblogmoto\/#\/schema\/person\/image\/","url":"https:\/\/secure.gravatar.com\/avatar\/?s=96&d=mm&r=g","contentUrl":"https:\/\/secure.gravatar.com\/avatar\/?s=96&d=mm&r=g","caption":"albin le guyader"},"url":"https:\/\/blogs.thesocialmedia.com\/leblogmoto\/author\/albin-le-guyader\/"}]}},"_links":{"self":[{"href":"https:\/\/blogs.thesocialmedia.com\/leblogmoto\/wp-json\/wp\/v2\/posts\/144","targetHints":{"allow":["GET"]}}],"collection":[{"href":"https:\/\/blogs.thesocialmedia.com\/leblogmoto\/wp-json\/wp\/v2\/posts"}],"about":[{"href":"https:\/\/blogs.thesocialmedia.com\/leblogmoto\/wp-json\/wp\/v2\/types\/post"}],"author":[{"embeddable":true,"href":"https:\/\/blogs.thesocialmedia.com\/leblogmoto\/wp-json\/wp\/v2\/users\/323"}],"replies":[{"embeddable":true,"href":"https:\/\/blogs.thesocialmedia.com\/leblogmoto\/wp-json\/wp\/v2\/comments?post=144"}],"version-history":[{"count":2,"href":"https:\/\/blogs.thesocialmedia.com\/leblogmoto\/wp-json\/wp\/v2\/posts\/144\/revisions"}],"predecessor-version":[{"id":13589,"href":"https:\/\/blogs.thesocialmedia.com\/leblogmoto\/wp-json\/wp\/v2\/posts\/144\/revisions\/13589"}],"wp:featuredmedia":[{"embeddable":true,"href":"https:\/\/blogs.thesocialmedia.com\/leblogmoto\/wp-json\/wp\/v2\/media\/13567"}],"wp:attachment":[{"href":"https:\/\/blogs.thesocialmedia.com\/leblogmoto\/wp-json\/wp\/v2\/media?parent=144"}],"wp:term":[{"taxonomy":"category","embeddable":true,"href":"https:\/\/blogs.thesocialmedia.com\/leblogmoto\/wp-json\/wp\/v2\/categories?post=144"},{"taxonomy":"post_tag","embeddable":true,"href":"https:\/\/blogs.thesocialmedia.com\/leblogmoto\/wp-json\/wp\/v2\/tags?post=144"}],"curies":[{"name":"wp","href":"https:\/\/api.w.org\/{rel}","templated":true}]}}