{"id":1444,"date":"2007-03-27T21:04:30","date_gmt":"2007-03-27T21:04:30","guid":{"rendered":"http:\/\/blogs.thesocialmedia.com\/leblogmoto\/2007\/03\/27\/gps-sur-la-sym\/"},"modified":"2012-07-11T14:37:27","modified_gmt":"2012-07-11T14:37:27","slug":"gps-sur-la-sym","status":"publish","type":"post","link":"https:\/\/blogs.thesocialmedia.com\/leblogmoto\/2007\/03\/27\/gps-sur-la-sym\/","title":{"rendered":"GPS sur la SYM GTS 125\/250 ?"},"content":{"rendered":"<p><a href=\"http:\/\/blogs.thesocialmedia.com\/leblogmoto\/files\/2012\/07\/sym_gts125.jpg\"><img loading=\"lazy\" decoding=\"async\" height=\"166\" alt=\"Sym_gts125\" src=\"http:\/\/www.leblogmoto.com\/images\/2007\/03\/27\/sym_gts125.jpg\" width=\"250\"  \/><\/a>&nbsp; <a href=\"http:\/\/www.symfrance.com\/\">Sym<\/a>, la marque ta\u00efwanaise, a d\u00e9cid\u00e9 d&rsquo;\u00e9quiper ses scooters GTS 125 et 250 cm3 d&rsquo;un GPS pour les mod\u00e8les 2007. <br \/>Ce n&rsquo;est pas moins qu&rsquo;un <a href=\"http:\/\/www.tomtom.com\/products\/category.php?ID=1&amp;Lid=1\">TomTom \u00ae RIDER<\/a> qui sera propos\u00e9 de s\u00e9rie. Vous souvenez-vous? Nous en avions <a href=\"http:\/\/www.leblogmoto.com\/2006\/11\/gps_moto_la_con.html\">d\u00e9j\u00e0 parl\u00e9<\/a> sur le Blog Moto. Ce Tomtom aura donc une cartographie Europe et une liaison par oreillette Bluetooth pour avoir les instructions directement dans le casque, oreillette qui pourra aussi \u00eatre utilis\u00e9e pour votre t\u00e9l\u00e9phone portable. N\u00e9anmoins je pense que pratiquer le deux-roues est d\u00e9j\u00e0 assez dangereux comme \u00e7a, alors autant garder toute notre attention sur la circulation.<\/p>\n<p>Ce GPS pourra aussi \u00eatre utilis\u00e9 dans votre voiture car un support est fourni.<br \/>Ces scooters sont aussi munis d&rsquo;une instrumentation bien fournie (compteur de vitesse, compte tours analogique, jauge \u00e0 essence, temp\u00e9rature moteur et horloge digitale), une commande d\u2019ouverture du coffre et de la trappe \u00e0 essence au guidon, ainsi qu&rsquo;un si\u00e8ge passager qui vous faciliteront la vie.<br \/>Petit plus pour le 250, le freinage est coupl\u00e9.<br \/>Une bonne initiative de la part de ce constructeur, mais est-ce que les autres vont suivre?<\/p>\n<p>Les prix:<br \/>GTS avec TomTom Rider:<br \/>125 cc : 3399 \u20ac TTC<br \/>250 cc : 4090 \u20ac TTC<\/p>\n<p>GTS:<br \/>125 cc : 2999 \u20ac TTC<br \/>250 cc : 3690 \u20ac TTC<\/p>\n<p>Source: <a href=\"http:\/\/www.lerepairedesmotards.com\/\">Le repaire des Motards<\/a><\/p>\n","protected":false},"excerpt":{"rendered":"<p>&nbsp; Sym, la marque ta\u00efwanaise, a d\u00e9cid\u00e9 d&rsquo;\u00e9quiper ses scooters GTS 125 et 250 cm3 d&rsquo;un GPS pour les mod\u00e8les 2007. Ce n&rsquo;est pas moins qu&rsquo;un TomTom \u00ae RIDER qui sera propos\u00e9 de s\u00e9rie. Vous souvenez-vous? Nous en avions d\u00e9j\u00e0 parl\u00e9 sur le Blog Moto. Ce Tomtom aura donc une cartographie Europe et une liaison [&hellip;]<\/p>\n","protected":false},"author":329,"featured_media":0,"comment_status":"open","ping_status":"open","sticky":false,"template":"","format":"standard","meta":{"footnotes":""},"categories":[3,19],"tags":[],"class_list":["post-1444","post","type-post","status-publish","format-standard","hentry","category-actualite","category-scooter"],"yoast_head":"<!-- This site is optimized with the Yoast SEO plugin v26.0 - https:\/\/yoast.com\/wordpress\/plugins\/seo\/ -->\n<title>GPS sur la SYM GTS 125\/250 ? - leblogmoto.com<\/title>\n<meta name=\"robots\" content=\"index, follow, max-snippet:-1, max-image-preview:large, max-video-preview:-1\" \/>\n<link rel=\"canonical\" href=\"https:\/\/blogs.thesocialmedia.com\/leblogmoto\/2007\/03\/27\/gps-sur-la-sym\/\" \/>\n<meta name=\"twitter:card\" content=\"summary_large_image\" \/>\n<meta name=\"twitter:title\" content=\"GPS sur la SYM GTS 125\/250 ? - leblogmoto.com\" \/>\n<meta name=\"twitter:description\" content=\"&nbsp; Sym, la marque ta\u00efwanaise, a d\u00e9cid\u00e9 d&rsquo;\u00e9quiper ses scooters GTS 125 et 250 cm3 d&rsquo;un GPS pour les mod\u00e8les 2007. Ce n&rsquo;est pas moins qu&rsquo;un TomTom \u00ae RIDER qui sera propos\u00e9 de s\u00e9rie. Vous souvenez-vous? Nous en avions d\u00e9j\u00e0 parl\u00e9 sur le Blog Moto. Ce Tomtom aura donc une cartographie Europe et une liaison [&hellip;]\" \/>\n<meta name=\"twitter:image\" content=\"http:\/\/www.leblogmoto.com\/images\/2007\/03\/27\/sym_gts125.jpg\" \/>\n<meta name=\"twitter:label1\" content=\"\u00c9crit par\" \/>\n\t<meta name=\"twitter:data1\" content=\"gregory boucaud\" \/>\n\t<meta name=\"twitter:label2\" content=\"Dur\u00e9e de lecture estim\u00e9e\" \/>\n\t<meta name=\"twitter:data2\" content=\"1 minute\" \/>\n<script type=\"application\/ld+json\" class=\"yoast-schema-graph\">{\"@context\":\"https:\/\/schema.org\",\"@graph\":[{\"@type\":\"WebPage\",\"@id\":\"https:\/\/blogs.thesocialmedia.com\/leblogmoto\/2007\/03\/27\/gps-sur-la-sym\/\",\"url\":\"https:\/\/blogs.thesocialmedia.com\/leblogmoto\/2007\/03\/27\/gps-sur-la-sym\/\",\"name\":\"GPS sur la SYM GTS 125\/250 ? - leblogmoto.com\",\"isPartOf\":{\"@id\":\"https:\/\/blogs.thesocialmedia.com\/leblogmoto\/#website\"},\"primaryImageOfPage\":{\"@id\":\"https:\/\/blogs.thesocialmedia.com\/leblogmoto\/2007\/03\/27\/gps-sur-la-sym\/#primaryimage\"},\"image\":{\"@id\":\"https:\/\/blogs.thesocialmedia.com\/leblogmoto\/2007\/03\/27\/gps-sur-la-sym\/#primaryimage\"},\"thumbnailUrl\":\"http:\/\/www.leblogmoto.com\/images\/2007\/03\/27\/sym_gts125.jpg\",\"datePublished\":\"2007-03-27T21:04:30+00:00\",\"dateModified\":\"2012-07-11T14:37:27+00:00\",\"author\":{\"@id\":\"https:\/\/blogs.thesocialmedia.com\/leblogmoto\/#\/schema\/person\/769623f89741cc3381675029a37764f8\"},\"breadcrumb\":{\"@id\":\"https:\/\/blogs.thesocialmedia.com\/leblogmoto\/2007\/03\/27\/gps-sur-la-sym\/#breadcrumb\"},\"inLanguage\":\"fr-FR\",\"potentialAction\":[{\"@type\":\"ReadAction\",\"target\":[\"https:\/\/blogs.thesocialmedia.com\/leblogmoto\/2007\/03\/27\/gps-sur-la-sym\/\"]}]},{\"@type\":\"ImageObject\",\"inLanguage\":\"fr-FR\",\"@id\":\"https:\/\/blogs.thesocialmedia.com\/leblogmoto\/2007\/03\/27\/gps-sur-la-sym\/#primaryimage\",\"url\":\"http:\/\/www.leblogmoto.com\/images\/2007\/03\/27\/sym_gts125.jpg\",\"contentUrl\":\"http:\/\/www.leblogmoto.com\/images\/2007\/03\/27\/sym_gts125.jpg\"},{\"@type\":\"BreadcrumbList\",\"@id\":\"https:\/\/blogs.thesocialmedia.com\/leblogmoto\/2007\/03\/27\/gps-sur-la-sym\/#breadcrumb\",\"itemListElement\":[{\"@type\":\"ListItem\",\"position\":1,\"name\":\"Accueil\",\"item\":\"https:\/\/blogs.thesocialmedia.com\/leblogmoto\/\"},{\"@type\":\"ListItem\",\"position\":2,\"name\":\"GPS sur la SYM GTS 125\/250 ?\"}]},{\"@type\":\"WebSite\",\"@id\":\"https:\/\/blogs.thesocialmedia.com\/leblogmoto\/#website\",\"url\":\"https:\/\/blogs.thesocialmedia.com\/leblogmoto\/\",\"name\":\"leblogmoto\",\"description\":\"Toute l&#039;actualit\u00e9 des 2 roues\",\"potentialAction\":[{\"@type\":\"SearchAction\",\"target\":{\"@type\":\"EntryPoint\",\"urlTemplate\":\"https:\/\/blogs.thesocialmedia.com\/leblogmoto\/?s={search_term_string}\"},\"query-input\":{\"@type\":\"PropertyValueSpecification\",\"valueRequired\":true,\"valueName\":\"search_term_string\"}}],\"inLanguage\":\"fr-FR\"},{\"@type\":\"Person\",\"@id\":\"https:\/\/blogs.thesocialmedia.com\/leblogmoto\/#\/schema\/person\/769623f89741cc3381675029a37764f8\",\"name\":\"gregory boucaud\",\"image\":{\"@type\":\"ImageObject\",\"inLanguage\":\"fr-FR\",\"@id\":\"https:\/\/blogs.thesocialmedia.com\/leblogmoto\/#\/schema\/person\/image\/\",\"url\":\"https:\/\/secure.gravatar.com\/avatar\/?s=96&d=mm&r=g\",\"contentUrl\":\"https:\/\/secure.gravatar.com\/avatar\/?s=96&d=mm&r=g\",\"caption\":\"gregory boucaud\"},\"url\":\"https:\/\/blogs.thesocialmedia.com\/leblogmoto\/author\/gregory-boucaud\/\"}]}<\/script>\n<!-- \/ Yoast SEO plugin. -->","yoast_head_json":{"title":"GPS sur la SYM GTS 125\/250 ? - leblogmoto.com","robots":{"index":"index","follow":"follow","max-snippet":"max-snippet:-1","max-image-preview":"max-image-preview:large","max-video-preview":"max-video-preview:-1"},"canonical":"https:\/\/blogs.thesocialmedia.com\/leblogmoto\/2007\/03\/27\/gps-sur-la-sym\/","twitter_card":"summary_large_image","twitter_title":"GPS sur la SYM GTS 125\/250 ? - leblogmoto.com","twitter_description":"&nbsp; Sym, la marque ta\u00efwanaise, a d\u00e9cid\u00e9 d&rsquo;\u00e9quiper ses scooters GTS 125 et 250 cm3 d&rsquo;un GPS pour les mod\u00e8les 2007. Ce n&rsquo;est pas moins qu&rsquo;un TomTom \u00ae RIDER qui sera propos\u00e9 de s\u00e9rie. Vous souvenez-vous? Nous en avions d\u00e9j\u00e0 parl\u00e9 sur le Blog Moto. Ce Tomtom aura donc une cartographie Europe et une liaison [&hellip;]","twitter_image":"http:\/\/www.leblogmoto.com\/images\/2007\/03\/27\/sym_gts125.jpg","twitter_misc":{"\u00c9crit par":"gregory boucaud","Dur\u00e9e de lecture estim\u00e9e":"1 minute"},"schema":{"@context":"https:\/\/schema.org","@graph":[{"@type":"WebPage","@id":"https:\/\/blogs.thesocialmedia.com\/leblogmoto\/2007\/03\/27\/gps-sur-la-sym\/","url":"https:\/\/blogs.thesocialmedia.com\/leblogmoto\/2007\/03\/27\/gps-sur-la-sym\/","name":"GPS sur la SYM GTS 125\/250 ? - leblogmoto.com","isPartOf":{"@id":"https:\/\/blogs.thesocialmedia.com\/leblogmoto\/#website"},"primaryImageOfPage":{"@id":"https:\/\/blogs.thesocialmedia.com\/leblogmoto\/2007\/03\/27\/gps-sur-la-sym\/#primaryimage"},"image":{"@id":"https:\/\/blogs.thesocialmedia.com\/leblogmoto\/2007\/03\/27\/gps-sur-la-sym\/#primaryimage"},"thumbnailUrl":"http:\/\/www.leblogmoto.com\/images\/2007\/03\/27\/sym_gts125.jpg","datePublished":"2007-03-27T21:04:30+00:00","dateModified":"2012-07-11T14:37:27+00:00","author":{"@id":"https:\/\/blogs.thesocialmedia.com\/leblogmoto\/#\/schema\/person\/769623f89741cc3381675029a37764f8"},"breadcrumb":{"@id":"https:\/\/blogs.thesocialmedia.com\/leblogmoto\/2007\/03\/27\/gps-sur-la-sym\/#breadcrumb"},"inLanguage":"fr-FR","potentialAction":[{"@type":"ReadAction","target":["https:\/\/blogs.thesocialmedia.com\/leblogmoto\/2007\/03\/27\/gps-sur-la-sym\/"]}]},{"@type":"ImageObject","inLanguage":"fr-FR","@id":"https:\/\/blogs.thesocialmedia.com\/leblogmoto\/2007\/03\/27\/gps-sur-la-sym\/#primaryimage","url":"http:\/\/www.leblogmoto.com\/images\/2007\/03\/27\/sym_gts125.jpg","contentUrl":"http:\/\/www.leblogmoto.com\/images\/2007\/03\/27\/sym_gts125.jpg"},{"@type":"BreadcrumbList","@id":"https:\/\/blogs.thesocialmedia.com\/leblogmoto\/2007\/03\/27\/gps-sur-la-sym\/#breadcrumb","itemListElement":[{"@type":"ListItem","position":1,"name":"Accueil","item":"https:\/\/blogs.thesocialmedia.com\/leblogmoto\/"},{"@type":"ListItem","position":2,"name":"GPS sur la SYM GTS 125\/250 ?"}]},{"@type":"WebSite","@id":"https:\/\/blogs.thesocialmedia.com\/leblogmoto\/#website","url":"https:\/\/blogs.thesocialmedia.com\/leblogmoto\/","name":"leblogmoto","description":"Toute l&#039;actualit\u00e9 des 2 roues","potentialAction":[{"@type":"SearchAction","target":{"@type":"EntryPoint","urlTemplate":"https:\/\/blogs.thesocialmedia.com\/leblogmoto\/?s={search_term_string}"},"query-input":{"@type":"PropertyValueSpecification","valueRequired":true,"valueName":"search_term_string"}}],"inLanguage":"fr-FR"},{"@type":"Person","@id":"https:\/\/blogs.thesocialmedia.com\/leblogmoto\/#\/schema\/person\/769623f89741cc3381675029a37764f8","name":"gregory boucaud","image":{"@type":"ImageObject","inLanguage":"fr-FR","@id":"https:\/\/blogs.thesocialmedia.com\/leblogmoto\/#\/schema\/person\/image\/","url":"https:\/\/secure.gravatar.com\/avatar\/?s=96&d=mm&r=g","contentUrl":"https:\/\/secure.gravatar.com\/avatar\/?s=96&d=mm&r=g","caption":"gregory boucaud"},"url":"https:\/\/blogs.thesocialmedia.com\/leblogmoto\/author\/gregory-boucaud\/"}]}},"_links":{"self":[{"href":"https:\/\/blogs.thesocialmedia.com\/leblogmoto\/wp-json\/wp\/v2\/posts\/1444","targetHints":{"allow":["GET"]}}],"collection":[{"href":"https:\/\/blogs.thesocialmedia.com\/leblogmoto\/wp-json\/wp\/v2\/posts"}],"about":[{"href":"https:\/\/blogs.thesocialmedia.com\/leblogmoto\/wp-json\/wp\/v2\/types\/post"}],"author":[{"embeddable":true,"href":"https:\/\/blogs.thesocialmedia.com\/leblogmoto\/wp-json\/wp\/v2\/users\/329"}],"replies":[{"embeddable":true,"href":"https:\/\/blogs.thesocialmedia.com\/leblogmoto\/wp-json\/wp\/v2\/comments?post=1444"}],"version-history":[{"count":2,"href":"https:\/\/blogs.thesocialmedia.com\/leblogmoto\/wp-json\/wp\/v2\/posts\/1444\/revisions"}],"predecessor-version":[{"id":8275,"href":"https:\/\/blogs.thesocialmedia.com\/leblogmoto\/wp-json\/wp\/v2\/posts\/1444\/revisions\/8275"}],"wp:attachment":[{"href":"https:\/\/blogs.thesocialmedia.com\/leblogmoto\/wp-json\/wp\/v2\/media?parent=1444"}],"wp:term":[{"taxonomy":"category","embeddable":true,"href":"https:\/\/blogs.thesocialmedia.com\/leblogmoto\/wp-json\/wp\/v2\/categories?post=1444"},{"taxonomy":"post_tag","embeddable":true,"href":"https:\/\/blogs.thesocialmedia.com\/leblogmoto\/wp-json\/wp\/v2\/tags?post=1444"}],"curies":[{"name":"wp","href":"https:\/\/api.w.org\/{rel}","templated":true}]}}