{"id":1445,"date":"2007-03-27T20:49:00","date_gmt":"2007-03-27T20:49:00","guid":{"rendered":"http:\/\/blogs.thesocialmedia.com\/leblogmoto\/2007\/03\/27\/moto-gp-250cc-s\/"},"modified":"2012-07-11T14:37:25","modified_gmt":"2012-07-11T14:37:25","slug":"moto-gp-250cc-s","status":"publish","type":"post","link":"https:\/\/blogs.thesocialmedia.com\/leblogmoto\/2007\/03\/27\/moto-gp-250cc-s\/","title":{"rendered":"Moto GP 250cc: Superbe victoire de Lorenzo"},"content":{"rendered":"<p><a href=\"http:\/\/blogs.thesocialmedia.com\/leblogmoto\/files\/2012\/07\/championnat250apresjerez_01_3.jpg\"><img loading=\"lazy\" decoding=\"async\" width=\"250\" height=\"205\"  src=\"http:\/\/www.leblogmoto.com\/images\/2007\/03\/27\/championnat250apresjerez_01_3.jpg\" alt=\"Championnat250apresjerez_01_3\" style=\"margin: 0px 5px 5px 0px;float: left\" \/><\/a> S\u2019il est des victoires m\u00e9rit\u00e9es, celle de Jorge Lorenzo (Fortuna-Aprillia) dimanche \u00e0 <a href=\"http:\/\/www.leblogmoto.com\/2007\/03\/moto_gp_la_vict.html#more\">Jerez<\/a> en fait partie. Les uns parlent de victoire \u00ab sur le fil \u00bb, d\u2019autres \u00ab \u00e0 l\u2019arrach\u00e9 \u00bb, mais tous sont unanimes : le champion du Monde l\u2019emporte \u00e0 l\u2019issue de ce qui restera comme la plus belle course du GP Andalous; une course d\u2019anthologie comme on aimerait en voir plus souvent en 250 et qui augure une saison exceptionelle.<br \/>N\u2019est-il pas vrai que tous les ingr\u00e9dients \u00e9taient r\u00e9unis pour que la bataille soit flamboyante ?<\/p>\n<p><a href=\"http:\/\/clabedan.typepad.com\/.shared\/image.html?\/photos\/uncategorized\/2007\/03\/27\/l2441614_2.jpg\"><img loading=\"lazy\" decoding=\"async\" width=\"250\" height=\"274\"  src=\"http:\/\/www.leblogmoto.com\/images\/2007\/03\/27\/l2441614_2.jpg\" alt=\"L2441614_2\" style=\"margin: 0px 5px 5px 0px;float: left\" \/><\/a>Un public d\u00e9cha\u00een\u00e9 venu nombreux autour d\u2019un circuit technique, inond\u00e9 de soleil, o\u00f9 les d\u00e9passements difficiles se jouent au freinage et \u00e0 l\u2019intimidation. Si l\u2019on ajoute une grosse poign\u00e9e de pilotes aussi ambitieux que talentueux, venus en d\u00e9coudre sur les terres du champion en titre, nous avons la recette m\u00eame d\u2019une course r\u00e9ussie.<\/p>\n<p><a href=\"http:\/\/blogs.thesocialmedia.com\/leblogmoto\/files\/2012\/07\/championnat250apresjerez_02.jpg\"><img loading=\"lazy\" decoding=\"async\" width=\"250\" height=\"145\"  src=\"http:\/\/www.leblogmoto.com\/images\/2007\/03\/27\/championnat250apresjerez_02.jpg\" alt=\"Championnat250apresjerez_02\" style=\"margin: 0px 5px 5px 0px;float: left\" \/><\/a> Fort de sa victoire du Qatar et de sa pole position, Lorenzo passe en t\u00eate le virage de l\u2019Expo 92 mais il termine le premier tour derri\u00e8re l\u2019italien Andrea Dovizioso (Honda) et son compatriote <a href=\"http:\/\/blogs.thesocialmedia.com\/leblogmoto\/files\/2012\/07\/v2_jerez250race_01.jpg\"><img loading=\"lazy\" decoding=\"async\" width=\"250\" height=\"238\"  src=\"http:\/\/www.leblogmoto.com\/images\/2007\/03\/27\/v2_jerez250race_01.jpg\" alt=\"V2_jerez250race_01\" style=\"margin: 0px 5px 5px 0px;float: left\" \/><\/a> espagnol Barbera. Alvaro Bautista et Alex de Angelis derri\u00e8re\u2026lui su\u00e7ant presque la roue. Dans le tour suivant Lorenzo repasse Barbera et pendant cinq tours plus rien ne change en t\u00eate tendis que derri\u00e8re Luthi, Kallio, Debon et Aoyama se chamaillent comme des chipies pour la cinqui\u00e8me place. <\/p>\n<p> Au sixi\u00e8me tour, Barbera passe devant Lorenzo, Bautista dans son aspi suivi par de Angelis cinqui\u00e8me. Au onzi\u00e8me tour, Bautista le roo-kie-ne-doute-de-rien passe tout le monde et prend la t\u00eate de sa deuxi\u00e8me course en 250 !<\/p>\n<p> La suite de la course devient alors d\u00e9lirante, les d\u00e9passements se succ\u00e9dant \u00e0 un rythme rarement vu, plusieurs par tour, pr\u00e9c\u00e9d\u00e9s de freinages d\u2019anthologie. On verra des pilotes passer plusieurs adversaires d\u2019un coup\u2026sur un circuit pourtant peu propice \u00e0 ce type d\u2019exercice et r\u00e9put\u00e9 fatiguant ! <br \/> A ce petit jeu, Hector Barbera passe par le bac \u00e0 gravier au 11\u00e8me tour et r\u00e9trograde \u00e0 la 20\u00e8me position, laissant le trio Laurenzo, Bautisa, Dovizioso se livrer \u00e0 une grandiose partie de passe-passe.<\/p>\n<p><a href=\"http:\/\/blogs.thesocialmedia.com\/leblogmoto\/files\/2012\/07\/l2441601.jpg\"><img loading=\"lazy\" decoding=\"async\" width=\"250\" height=\"391\"  src=\"http:\/\/www.leblogmoto.com\/images\/2007\/03\/27\/l2441601.jpg\" alt=\"L2441601\" style=\"margin: 0px 5px 5px 0px;float: left\" \/><\/a> Ce n\u2019est qu\u2019\u00e0 cinq tours de la fin que Lorenzo reprendra la t\u00eate alors que derri\u00e8re lui la meute affam\u00e9e le menace encore, jusqu\u2019\u00e0 ce qu\u2019une infime maladresse de Bautista l\u2019oblige \u00e0 rendre un fil de c\u00e2ble et ralentisse aussi Dovizioso, l\u2019espace d\u2019un souffle. Un peu d\u2019air et quelques dixi\u00e8mes de seconde pour une victoire acquise de tr\u00e8s haute lutte, dans un style g\u00e9n\u00e9reux qui pourrait rappeler celui de <a href=\"http:\/\/www.leblogmoto.com\/2007\/03\/moto_gp_la_vict.html#more\">Rossi<\/a>. Un grand bravo aussi \u00e0&nbsp; Bautista qui pour sa seconde course en 250 grimpe devant son public sur la deuxi\u00e8me marche d\u2019un podium compl\u00e9t\u00e9 par Andrea Dovizioso. Alex de Angelis arrive 4\u00e8me et Alex Debon 5\u00e8me. Cinq pilotes qui avec Barbera peuvent pr\u00e9tendre au titre mondial tant ils sont proches les uns des autres. <br \/> Hiroshi et Shuhei Aoyama, Takahashi, West et Heidolf compl\u00e8tent le top dix. <\/p>\n<p><a href=\"http:\/\/clabedan.typepad.com\/.shared\/image.html?\/photos\/uncategorized\/2007\/03\/27\/l2441938.jpg\"><img loading=\"lazy\" decoding=\"async\" width=\"250\" height=\"203\"  src=\"http:\/\/www.leblogmoto.com\/images\/2007\/03\/27\/l2441938.jpg\" alt=\"L2441938\" style=\"margin: 0px 5px 5px 0px;float: left\" \/><\/a> Marco Simoncelli, Thomas Luthi et Julian Simon ont tous trois mordu la poussi\u00e8re tendis que Mika Kallio a lui aussi \u00e9t\u00e9 contraint \u00e0 l\u2019abandon sur probl\u00e8me m\u00e9canique. Le Fran\u00e7ais Jules Cluzel termine seizi\u00e8me. <\/p>\n<p> Enfin, Roberto Locatelli, le pilote Gilera s\u00e9rieusement accident\u00e9 samedi, a \u00e9t\u00e9 plac\u00e9 en coma artificiel sous assistance respiratoire apr\u00e8s qu\u2019il ait heurt\u00e9 les barri\u00e8res en ligne droite et \u00e0 120 km\/h. Les causes de l\u2019accident demeurent inconnues. Le pilote a \u00e9t\u00e9 op\u00e9r\u00e9 \u00e0 l&rsquo;H\u00f4pital de Cadix d\u2019une fracture ouverte de la cheville. Son \u00e9tat est stable et ses jours ne sont pas en danger. Son \u00e9quipe comme les m\u00e9decins se montrent cependant optimistes puisqu\u2019ils envisagent le retour de Roberto pour le Mugello. C\u2019est tout le bien qu\u2019on lui souhaite.<\/p>\n<p><strong> Classement 250 GP Jerez<\/strong><\/p>\n<p> 01&nbsp; &nbsp;&nbsp; 1&nbsp; &nbsp;&nbsp; LORENZO&nbsp; &nbsp;&nbsp; &nbsp;&nbsp; &nbsp;APRILIA&nbsp; &nbsp;&nbsp; 0&rsquo;00&quot;000&nbsp; &nbsp;&nbsp; &nbsp;<br \/> 02&nbsp; &nbsp;&nbsp; 19&nbsp; &nbsp;&nbsp; BAUTISTA&nbsp; &nbsp;&nbsp; &nbsp;&nbsp; &nbsp;APRILIA&nbsp; &nbsp;&nbsp; 0&rsquo;00&quot;218&nbsp; &nbsp;&nbsp; + 0&rsquo;00&quot;218<br \/> 03&nbsp; &nbsp;&nbsp; 34&nbsp; &nbsp;&nbsp; DOVIZIOSO&nbsp; &nbsp;&nbsp; HONDA&nbsp; &nbsp;&nbsp; 0&rsquo;00&quot;478&nbsp; &nbsp;&nbsp; + 0&rsquo;00&quot;478<br \/> 04&nbsp; &nbsp;&nbsp; 3&nbsp; &nbsp;&nbsp; DE ANGELIS&nbsp; &nbsp;&nbsp; APRILIA&nbsp; &nbsp;&nbsp; 0&rsquo;08&quot;156&nbsp; &nbsp;&nbsp; + 0&rsquo;08&quot;156<br \/> 05&nbsp; &nbsp;&nbsp; 6&nbsp; &nbsp;&nbsp; DEBON&nbsp; &nbsp;&nbsp; &nbsp;&nbsp; &nbsp;APRILIA&nbsp; &nbsp;&nbsp; 0&rsquo;14&quot;747&nbsp; &nbsp;&nbsp; + 0&rsquo;14&quot;747<br \/> 06&nbsp; &nbsp;&nbsp; 4&nbsp; &nbsp;&nbsp; H.AOYAMA&nbsp; &nbsp;&nbsp; KTM&nbsp; &nbsp;&nbsp; &nbsp;&nbsp; &nbsp;0&rsquo;15&quot;045&nbsp; &nbsp;&nbsp; + 0&rsquo;15&quot;045<br \/> 07&nbsp; &nbsp;&nbsp; 73&nbsp; &nbsp;&nbsp; S.AOYAMA&nbsp; &nbsp;&nbsp; HONDA&nbsp; &nbsp;&nbsp; 0&rsquo;17&quot;918&nbsp; &nbsp;&nbsp; + 0&rsquo;17&quot;918<br \/> 08&nbsp; &nbsp;&nbsp; 55&nbsp; &nbsp;&nbsp; TAKAHASHI&nbsp; &nbsp;&nbsp; HONDA&nbsp; &nbsp;&nbsp; 0&rsquo;28&quot;438&nbsp; &nbsp;&nbsp; + 0&rsquo;28&quot;438<br \/> 09&nbsp; &nbsp;&nbsp; 14&nbsp; &nbsp;&nbsp; WEST&nbsp; &nbsp;&nbsp; &nbsp;&nbsp; &nbsp;APRILIA&nbsp; &nbsp;&nbsp; 0&rsquo;39&quot;435&nbsp; &nbsp;&nbsp; + 0&rsquo;39&quot;435<br \/> 10&nbsp; &nbsp;&nbsp; 28&nbsp; &nbsp;&nbsp; HEIDOLF&nbsp; &nbsp;&nbsp; &nbsp;&nbsp; &nbsp;APRILIA&nbsp; &nbsp;&nbsp; 1&rsquo;02&quot;689&nbsp; &nbsp;&nbsp; + 1&rsquo;02&quot;689<br \/> 11&nbsp; &nbsp;&nbsp; 32&nbsp; &nbsp;&nbsp; LAI&nbsp; &nbsp;&nbsp; &nbsp;&nbsp; &nbsp;&nbsp; &nbsp; APRILIA&nbsp; &nbsp;&nbsp; 1&rsquo;06&quot;813&nbsp; &nbsp;&nbsp; + 1&rsquo;06&quot;813<br \/> 12&nbsp; &nbsp;&nbsp; 8&nbsp; &nbsp;&nbsp; WILAIROT&nbsp; &nbsp;&nbsp; &nbsp;&nbsp; &nbsp;HONDA&nbsp; &nbsp;&nbsp; 1&rsquo;07&quot;166&nbsp; &nbsp;&nbsp; + 1&rsquo;07&quot;166<br \/> 13&nbsp; &nbsp;&nbsp; 25&nbsp; &nbsp;&nbsp; BALDOLINI&nbsp; &nbsp;&nbsp; APRILIA&nbsp; &nbsp;&nbsp; 1&rsquo;07&quot;371&nbsp; &nbsp;&nbsp; + 1&rsquo;07&quot;371<br \/> 14&nbsp; &nbsp;&nbsp; 50&nbsp; &nbsp;&nbsp; LAVERTY&nbsp; &nbsp;&nbsp; &nbsp;&nbsp; &nbsp;HONDA&nbsp; &nbsp;&nbsp; 1&rsquo;11&quot;793&nbsp; &nbsp;&nbsp; + 1&rsquo;11&quot;793<br \/> 15&nbsp; &nbsp;&nbsp; 17&nbsp; &nbsp;&nbsp; ABRAHAM&nbsp; &nbsp;&nbsp; &nbsp;&nbsp; &nbsp;APRILIA&nbsp; &nbsp;&nbsp; 1&rsquo;13&quot;898&nbsp; &nbsp;&nbsp; + 1&rsquo;13&quot;898<br \/> 16&nbsp; &nbsp;&nbsp; 16&nbsp; &nbsp;&nbsp; CLUZEL&nbsp; &nbsp;&nbsp; &nbsp;&nbsp; &nbsp;APRILIA&nbsp; &nbsp;&nbsp; 1&rsquo;32&quot;684&nbsp; &nbsp;&nbsp; + 1&rsquo;32&quot;684<br \/> 17&nbsp; &nbsp;&nbsp; 44&nbsp; &nbsp;&nbsp; SEKIGUCHI&nbsp; &nbsp;&nbsp; APRILIA&nbsp; &nbsp;&nbsp; 1&rsquo;33&quot;041&nbsp; &nbsp;&nbsp; + 1&rsquo;33&quot;041<br \/> 18&nbsp; &nbsp;&nbsp; 10&nbsp; &nbsp;&nbsp; TOTH&nbsp; &nbsp;&nbsp; &nbsp;&nbsp; &nbsp;APRILIA&nbsp; &nbsp;&nbsp; 1 tour (s)&nbsp; &nbsp;&nbsp; <br \/> 19&nbsp; &nbsp;&nbsp; 36&nbsp; &nbsp;&nbsp; KALLIO&nbsp; &nbsp;&nbsp; &nbsp;&nbsp; &nbsp;KTM&nbsp; &nbsp;&nbsp; &nbsp;&nbsp; &nbsp;8 tour (s)&nbsp; &nbsp;&nbsp; <br \/> 20&nbsp; &nbsp;&nbsp; 80&nbsp; &nbsp;&nbsp; BARBERA&nbsp; &nbsp;&nbsp; &nbsp;&nbsp; &nbsp;APRILIA&nbsp; &nbsp;&nbsp; 11 tour (s)&nbsp; &nbsp;&nbsp; <br \/> 21&nbsp; &nbsp;&nbsp; 60&nbsp; &nbsp;&nbsp; SIMON&nbsp; &nbsp;&nbsp; &nbsp;&nbsp; &nbsp;HONDA&nbsp; &nbsp;&nbsp; 14 tour (s)&nbsp; &nbsp;&nbsp; <br \/> 22&nbsp; &nbsp;&nbsp; 41&nbsp; &nbsp;&nbsp; ESPARGARO&nbsp; &nbsp;&nbsp; APRILIA&nbsp; &nbsp;&nbsp; 16 tour (s)&nbsp; &nbsp;&nbsp; <br \/> 23&nbsp; &nbsp;&nbsp; 9&nbsp; &nbsp;&nbsp; TIZON&nbsp; &nbsp;&nbsp; &nbsp;&nbsp; &nbsp;APRILIA&nbsp; &nbsp;&nbsp; 17 tour (s)&nbsp; &nbsp;&nbsp; <br \/> 24&nbsp; &nbsp;&nbsp; 12&nbsp; &nbsp;&nbsp; LUTHI&nbsp; &nbsp;&nbsp; &nbsp;&nbsp; &nbsp;APRILIA&nbsp; &nbsp;&nbsp; 20 tour (s)&nbsp; &nbsp;&nbsp; <br \/> 25&nbsp; &nbsp;&nbsp; 31&nbsp; &nbsp;&nbsp; MOLINA&nbsp; &nbsp;&nbsp; &nbsp;&nbsp; &nbsp;APRILIA&nbsp; &nbsp;&nbsp; 24 tour (s)&nbsp; &nbsp;&nbsp; <br \/> 26&nbsp; &nbsp;&nbsp; 53&nbsp; &nbsp;&nbsp; BARRAGAN&nbsp; &nbsp;&nbsp; HONDA&nbsp; &nbsp;&nbsp; 26 tour (s)&nbsp; &nbsp;&nbsp; <br \/> 27&nbsp; &nbsp;&nbsp; 58&nbsp; &nbsp;&nbsp; SIMONCELLI&nbsp; &nbsp;&nbsp; GILERA&nbsp; &nbsp;&nbsp; 26 tour (s)<\/p>\n<p><strong> Classement provisoire du Championnat du Monde 250cc :<\/strong><\/p>\n<p> 1 &#8211;&nbsp; LORENZO Jorge (SPA):&nbsp; &nbsp;&nbsp; &nbsp;&nbsp; &nbsp;50<br \/> 2 &#8211;&nbsp; DE ANGELIS Alex (RSM):&nbsp; &nbsp;&nbsp; 33<br \/> 3 &#8211;&nbsp; DOVIZIOSO Andrea (ITA):&nbsp; &nbsp;&nbsp; 27<br \/> 4 &#8211;&nbsp; BAUTISTA Alvaro (SPA):&nbsp; &nbsp;&nbsp; 20<br \/> 5 &#8211;&nbsp; TAKAHASHI Yuki (JPN):&nbsp; &nbsp;&nbsp; &nbsp;&nbsp; &nbsp;17<br \/> 6 &#8211;&nbsp; BARBERA Hector (SPA):&nbsp; &nbsp;&nbsp; &nbsp;&nbsp; &nbsp;16<br \/> 7 &#8211;&nbsp; AOYAMA Shuhei (JPN):&nbsp; &nbsp;&nbsp; &nbsp;&nbsp; &nbsp;15<br \/> 8 &#8211;&nbsp; LUTHI Thomas (SWI):&nbsp; &nbsp;&nbsp; &nbsp;&nbsp; &nbsp;13<br \/> 9 &#8211;&nbsp; DEBON Alex (SPA):&nbsp; &nbsp;&nbsp; &nbsp;&nbsp; &nbsp;11<br \/> 10 -AOYAMA Hiroshi (JPN):&nbsp; &nbsp;&nbsp; &nbsp;&nbsp; &nbsp;10<br \/> 11 -LOCATELLI Roberto (ITA):&nbsp; &nbsp;&nbsp; 10<br \/> 12 -WEST Anthony (AUS):&nbsp; &nbsp;&nbsp; &nbsp;&nbsp; &nbsp;10<br \/> 13 -LAI Fabrizio (ITA):&nbsp; &nbsp;&nbsp; &nbsp;&nbsp; &nbsp;&nbsp; 9<br \/> 14 -SIMON Julian (SPA):&nbsp; &nbsp;&nbsp; &nbsp;&nbsp; &nbsp;&nbsp; 8<br \/> 15 -SIMONCELLI Marco (ITA):&nbsp; &nbsp;&nbsp; &nbsp; 7<br \/> 16 -HEIDOLF Dirk (GER):&nbsp; &nbsp;&nbsp; &nbsp;&nbsp; &nbsp;&nbsp; 7<br \/> 17 -WILAIROT Ratthapark (THA):&nbsp; &nbsp;&nbsp; &nbsp; 6<br \/> 18 -ESPARGARO Aleix (SPA):&nbsp; &nbsp;&nbsp; &nbsp; 5<br \/> 19 -BALDOLINI Alex (ITA):&nbsp; &nbsp;&nbsp; &nbsp;&nbsp; &nbsp;&nbsp; 3<br \/> 20 -LAVERTY Eugene (IRL):&nbsp; &nbsp;&nbsp; &nbsp;&nbsp; &nbsp;&nbsp; 2<br \/> 21 -ABRAHAM Karel (CZE):&nbsp; &nbsp;&nbsp; &nbsp;&nbsp; &nbsp;&nbsp; 1<\/p>\n","protected":false},"excerpt":{"rendered":"<p>S\u2019il est des victoires m\u00e9rit\u00e9es, celle de Jorge Lorenzo (Fortuna-Aprillia) dimanche \u00e0 Jerez en fait partie. Les uns parlent de victoire \u00ab sur le fil \u00bb, d\u2019autres \u00ab \u00e0 l\u2019arrach\u00e9 \u00bb, mais tous sont unanimes : le champion du Monde l\u2019emporte \u00e0 l\u2019issue de ce qui restera comme la plus belle course du GP Andalous; [&hellip;]<\/p>\n","protected":false},"author":333,"featured_media":0,"comment_status":"open","ping_status":"open","sticky":false,"template":"","format":"standard","meta":{"footnotes":""},"categories":[22],"tags":[],"class_list":["post-1445","post","type-post","status-publish","format-standard","hentry","category-motogp"],"yoast_head":"<!-- This site is optimized with the Yoast SEO plugin v26.0 - https:\/\/yoast.com\/wordpress\/plugins\/seo\/ -->\n<title>Moto GP 250cc: Superbe victoire de Lorenzo - leblogmoto.com<\/title>\n<meta name=\"robots\" content=\"index, follow, max-snippet:-1, max-image-preview:large, max-video-preview:-1\" \/>\n<link rel=\"canonical\" href=\"https:\/\/blogs.thesocialmedia.com\/leblogmoto\/2007\/03\/27\/moto-gp-250cc-s\/\" \/>\n<meta name=\"twitter:card\" content=\"summary_large_image\" \/>\n<meta name=\"twitter:title\" content=\"Moto GP 250cc: Superbe victoire de Lorenzo - leblogmoto.com\" \/>\n<meta name=\"twitter:description\" content=\"S\u2019il est des victoires m\u00e9rit\u00e9es, celle de Jorge Lorenzo (Fortuna-Aprillia) dimanche \u00e0 Jerez en fait partie. Les uns parlent de victoire \u00ab sur le fil \u00bb, d\u2019autres \u00ab \u00e0 l\u2019arrach\u00e9 \u00bb, mais tous sont unanimes : le champion du Monde l\u2019emporte \u00e0 l\u2019issue de ce qui restera comme la plus belle course du GP Andalous; [&hellip;]\" \/>\n<meta name=\"twitter:image\" content=\"http:\/\/www.leblogmoto.com\/images\/2007\/03\/27\/championnat250apresjerez_01_3.jpg\" \/>\n<meta name=\"twitter:label1\" content=\"\u00c9crit par\" \/>\n\t<meta name=\"twitter:data1\" content=\"christian tirat\" \/>\n\t<meta name=\"twitter:label2\" content=\"Dur\u00e9e de lecture estim\u00e9e\" \/>\n\t<meta name=\"twitter:data2\" content=\"7 minutes\" \/>\n<script type=\"application\/ld+json\" class=\"yoast-schema-graph\">{\"@context\":\"https:\/\/schema.org\",\"@graph\":[{\"@type\":\"WebPage\",\"@id\":\"https:\/\/blogs.thesocialmedia.com\/leblogmoto\/2007\/03\/27\/moto-gp-250cc-s\/\",\"url\":\"https:\/\/blogs.thesocialmedia.com\/leblogmoto\/2007\/03\/27\/moto-gp-250cc-s\/\",\"name\":\"Moto GP 250cc: Superbe victoire de Lorenzo - leblogmoto.com\",\"isPartOf\":{\"@id\":\"https:\/\/blogs.thesocialmedia.com\/leblogmoto\/#website\"},\"primaryImageOfPage\":{\"@id\":\"https:\/\/blogs.thesocialmedia.com\/leblogmoto\/2007\/03\/27\/moto-gp-250cc-s\/#primaryimage\"},\"image\":{\"@id\":\"https:\/\/blogs.thesocialmedia.com\/leblogmoto\/2007\/03\/27\/moto-gp-250cc-s\/#primaryimage\"},\"thumbnailUrl\":\"http:\/\/www.leblogmoto.com\/images\/2007\/03\/27\/championnat250apresjerez_01_3.jpg\",\"datePublished\":\"2007-03-27T20:49:00+00:00\",\"dateModified\":\"2012-07-11T14:37:25+00:00\",\"author\":{\"@id\":\"https:\/\/blogs.thesocialmedia.com\/leblogmoto\/#\/schema\/person\/90b2f8fd0d5a2cede2580e95fc79c6c0\"},\"breadcrumb\":{\"@id\":\"https:\/\/blogs.thesocialmedia.com\/leblogmoto\/2007\/03\/27\/moto-gp-250cc-s\/#breadcrumb\"},\"inLanguage\":\"fr-FR\",\"potentialAction\":[{\"@type\":\"ReadAction\",\"target\":[\"https:\/\/blogs.thesocialmedia.com\/leblogmoto\/2007\/03\/27\/moto-gp-250cc-s\/\"]}]},{\"@type\":\"ImageObject\",\"inLanguage\":\"fr-FR\",\"@id\":\"https:\/\/blogs.thesocialmedia.com\/leblogmoto\/2007\/03\/27\/moto-gp-250cc-s\/#primaryimage\",\"url\":\"http:\/\/www.leblogmoto.com\/images\/2007\/03\/27\/championnat250apresjerez_01_3.jpg\",\"contentUrl\":\"http:\/\/www.leblogmoto.com\/images\/2007\/03\/27\/championnat250apresjerez_01_3.jpg\"},{\"@type\":\"BreadcrumbList\",\"@id\":\"https:\/\/blogs.thesocialmedia.com\/leblogmoto\/2007\/03\/27\/moto-gp-250cc-s\/#breadcrumb\",\"itemListElement\":[{\"@type\":\"ListItem\",\"position\":1,\"name\":\"Accueil\",\"item\":\"https:\/\/blogs.thesocialmedia.com\/leblogmoto\/\"},{\"@type\":\"ListItem\",\"position\":2,\"name\":\"Moto GP 250cc: Superbe victoire de Lorenzo\"}]},{\"@type\":\"WebSite\",\"@id\":\"https:\/\/blogs.thesocialmedia.com\/leblogmoto\/#website\",\"url\":\"https:\/\/blogs.thesocialmedia.com\/leblogmoto\/\",\"name\":\"leblogmoto\",\"description\":\"Toute l&#039;actualit\u00e9 des 2 roues\",\"potentialAction\":[{\"@type\":\"SearchAction\",\"target\":{\"@type\":\"EntryPoint\",\"urlTemplate\":\"https:\/\/blogs.thesocialmedia.com\/leblogmoto\/?s={search_term_string}\"},\"query-input\":{\"@type\":\"PropertyValueSpecification\",\"valueRequired\":true,\"valueName\":\"search_term_string\"}}],\"inLanguage\":\"fr-FR\"},{\"@type\":\"Person\",\"@id\":\"https:\/\/blogs.thesocialmedia.com\/leblogmoto\/#\/schema\/person\/90b2f8fd0d5a2cede2580e95fc79c6c0\",\"name\":\"christian tirat\",\"image\":{\"@type\":\"ImageObject\",\"inLanguage\":\"fr-FR\",\"@id\":\"https:\/\/blogs.thesocialmedia.com\/leblogmoto\/#\/schema\/person\/image\/\",\"url\":\"https:\/\/secure.gravatar.com\/avatar\/?s=96&d=mm&r=g\",\"contentUrl\":\"https:\/\/secure.gravatar.com\/avatar\/?s=96&d=mm&r=g\",\"caption\":\"christian tirat\"},\"url\":\"https:\/\/blogs.thesocialmedia.com\/leblogmoto\/author\/christian-tirat\/\"}]}<\/script>\n<!-- \/ Yoast SEO plugin. -->","yoast_head_json":{"title":"Moto GP 250cc: Superbe victoire de Lorenzo - leblogmoto.com","robots":{"index":"index","follow":"follow","max-snippet":"max-snippet:-1","max-image-preview":"max-image-preview:large","max-video-preview":"max-video-preview:-1"},"canonical":"https:\/\/blogs.thesocialmedia.com\/leblogmoto\/2007\/03\/27\/moto-gp-250cc-s\/","twitter_card":"summary_large_image","twitter_title":"Moto GP 250cc: Superbe victoire de Lorenzo - leblogmoto.com","twitter_description":"S\u2019il est des victoires m\u00e9rit\u00e9es, celle de Jorge Lorenzo (Fortuna-Aprillia) dimanche \u00e0 Jerez en fait partie. Les uns parlent de victoire \u00ab sur le fil \u00bb, d\u2019autres \u00ab \u00e0 l\u2019arrach\u00e9 \u00bb, mais tous sont unanimes : le champion du Monde l\u2019emporte \u00e0 l\u2019issue de ce qui restera comme la plus belle course du GP Andalous; [&hellip;]","twitter_image":"http:\/\/www.leblogmoto.com\/images\/2007\/03\/27\/championnat250apresjerez_01_3.jpg","twitter_misc":{"\u00c9crit par":"christian tirat","Dur\u00e9e de lecture estim\u00e9e":"7 minutes"},"schema":{"@context":"https:\/\/schema.org","@graph":[{"@type":"WebPage","@id":"https:\/\/blogs.thesocialmedia.com\/leblogmoto\/2007\/03\/27\/moto-gp-250cc-s\/","url":"https:\/\/blogs.thesocialmedia.com\/leblogmoto\/2007\/03\/27\/moto-gp-250cc-s\/","name":"Moto GP 250cc: Superbe victoire de Lorenzo - leblogmoto.com","isPartOf":{"@id":"https:\/\/blogs.thesocialmedia.com\/leblogmoto\/#website"},"primaryImageOfPage":{"@id":"https:\/\/blogs.thesocialmedia.com\/leblogmoto\/2007\/03\/27\/moto-gp-250cc-s\/#primaryimage"},"image":{"@id":"https:\/\/blogs.thesocialmedia.com\/leblogmoto\/2007\/03\/27\/moto-gp-250cc-s\/#primaryimage"},"thumbnailUrl":"http:\/\/www.leblogmoto.com\/images\/2007\/03\/27\/championnat250apresjerez_01_3.jpg","datePublished":"2007-03-27T20:49:00+00:00","dateModified":"2012-07-11T14:37:25+00:00","author":{"@id":"https:\/\/blogs.thesocialmedia.com\/leblogmoto\/#\/schema\/person\/90b2f8fd0d5a2cede2580e95fc79c6c0"},"breadcrumb":{"@id":"https:\/\/blogs.thesocialmedia.com\/leblogmoto\/2007\/03\/27\/moto-gp-250cc-s\/#breadcrumb"},"inLanguage":"fr-FR","potentialAction":[{"@type":"ReadAction","target":["https:\/\/blogs.thesocialmedia.com\/leblogmoto\/2007\/03\/27\/moto-gp-250cc-s\/"]}]},{"@type":"ImageObject","inLanguage":"fr-FR","@id":"https:\/\/blogs.thesocialmedia.com\/leblogmoto\/2007\/03\/27\/moto-gp-250cc-s\/#primaryimage","url":"http:\/\/www.leblogmoto.com\/images\/2007\/03\/27\/championnat250apresjerez_01_3.jpg","contentUrl":"http:\/\/www.leblogmoto.com\/images\/2007\/03\/27\/championnat250apresjerez_01_3.jpg"},{"@type":"BreadcrumbList","@id":"https:\/\/blogs.thesocialmedia.com\/leblogmoto\/2007\/03\/27\/moto-gp-250cc-s\/#breadcrumb","itemListElement":[{"@type":"ListItem","position":1,"name":"Accueil","item":"https:\/\/blogs.thesocialmedia.com\/leblogmoto\/"},{"@type":"ListItem","position":2,"name":"Moto GP 250cc: Superbe victoire de Lorenzo"}]},{"@type":"WebSite","@id":"https:\/\/blogs.thesocialmedia.com\/leblogmoto\/#website","url":"https:\/\/blogs.thesocialmedia.com\/leblogmoto\/","name":"leblogmoto","description":"Toute l&#039;actualit\u00e9 des 2 roues","potentialAction":[{"@type":"SearchAction","target":{"@type":"EntryPoint","urlTemplate":"https:\/\/blogs.thesocialmedia.com\/leblogmoto\/?s={search_term_string}"},"query-input":{"@type":"PropertyValueSpecification","valueRequired":true,"valueName":"search_term_string"}}],"inLanguage":"fr-FR"},{"@type":"Person","@id":"https:\/\/blogs.thesocialmedia.com\/leblogmoto\/#\/schema\/person\/90b2f8fd0d5a2cede2580e95fc79c6c0","name":"christian tirat","image":{"@type":"ImageObject","inLanguage":"fr-FR","@id":"https:\/\/blogs.thesocialmedia.com\/leblogmoto\/#\/schema\/person\/image\/","url":"https:\/\/secure.gravatar.com\/avatar\/?s=96&d=mm&r=g","contentUrl":"https:\/\/secure.gravatar.com\/avatar\/?s=96&d=mm&r=g","caption":"christian tirat"},"url":"https:\/\/blogs.thesocialmedia.com\/leblogmoto\/author\/christian-tirat\/"}]}},"_links":{"self":[{"href":"https:\/\/blogs.thesocialmedia.com\/leblogmoto\/wp-json\/wp\/v2\/posts\/1445","targetHints":{"allow":["GET"]}}],"collection":[{"href":"https:\/\/blogs.thesocialmedia.com\/leblogmoto\/wp-json\/wp\/v2\/posts"}],"about":[{"href":"https:\/\/blogs.thesocialmedia.com\/leblogmoto\/wp-json\/wp\/v2\/types\/post"}],"author":[{"embeddable":true,"href":"https:\/\/blogs.thesocialmedia.com\/leblogmoto\/wp-json\/wp\/v2\/users\/333"}],"replies":[{"embeddable":true,"href":"https:\/\/blogs.thesocialmedia.com\/leblogmoto\/wp-json\/wp\/v2\/comments?post=1445"}],"version-history":[{"count":2,"href":"https:\/\/blogs.thesocialmedia.com\/leblogmoto\/wp-json\/wp\/v2\/posts\/1445\/revisions"}],"predecessor-version":[{"id":8273,"href":"https:\/\/blogs.thesocialmedia.com\/leblogmoto\/wp-json\/wp\/v2\/posts\/1445\/revisions\/8273"}],"wp:attachment":[{"href":"https:\/\/blogs.thesocialmedia.com\/leblogmoto\/wp-json\/wp\/v2\/media?parent=1445"}],"wp:term":[{"taxonomy":"category","embeddable":true,"href":"https:\/\/blogs.thesocialmedia.com\/leblogmoto\/wp-json\/wp\/v2\/categories?post=1445"},{"taxonomy":"post_tag","embeddable":true,"href":"https:\/\/blogs.thesocialmedia.com\/leblogmoto\/wp-json\/wp\/v2\/tags?post=1445"}],"curies":[{"name":"wp","href":"https:\/\/api.w.org\/{rel}","templated":true}]}}