{"id":1446,"date":"2007-03-26T21:52:24","date_gmt":"2007-03-26T21:52:24","guid":{"rendered":"http:\/\/blogs.thesocialmedia.com\/leblogmoto\/2007\/03\/26\/bmw-participera\/"},"modified":"2012-07-11T14:37:16","modified_gmt":"2012-07-11T14:37:16","slug":"bmw-participera","status":"publish","type":"post","link":"https:\/\/blogs.thesocialmedia.com\/leblogmoto\/2007\/03\/26\/bmw-participera\/","title":{"rendered":"BMW participera aux 24h du Mans"},"content":{"rendered":"<p><a href=\"http:\/\/blogs.thesocialmedia.com\/leblogmoto\/files\/2012\/07\/bmw_motorrad_sports_boxer.jpg\"><img loading=\"lazy\" decoding=\"async\" height=\"143\" alt=\"Bmw_motorrad_sports_boxer\" src=\"http:\/\/www.leblogmoto.com\/images\/2007\/03\/26\/bmw_motorrad_sports_boxer.jpg\" width=\"250\"  \/><\/a> Cela faisait 50 ans que <a href=\"http:\/\/www.bmw-motorrad.com.fr\/fr\/fr\/index.html\">BMW Motorrad<\/a> n&rsquo;avait pas particip\u00e9 avec une \u00e9quipe officielle aux <a href=\"http:\/\/www.lemans.org\/accueil\/index.html\">24h du Mans<\/a> qui auront lieu le 21 et 22 avril. Ainsi, <a href=\"http:\/\/www.bmw-motorrad.com.fr\/fr\/fr\/index.html\">BMW<\/a> marque son engagement pour quatre courses dans le Championnat du Monde d&rsquo;Endurance 2007 .<br \/>L&rsquo;\u00e9curie allemande a choisi un Boxer d\u00e9riv\u00e9 de la R1200S pour courrir dans la cat\u00e9gorie Open \u00e0 cause des 1200cm3 de la moto.<\/p>\n<p>Les pilotes, qui ont d\u00e9j\u00e0 une grande exp\u00e9rience des BMW, seront <a href=\"http:\/\/www.stephanemertens.com\/\">St\u00e9phane Mertens<\/a>, Thomas Hinterreiter et <a href=\"http:\/\/www.superbike-racing.co.uk\/WSB\/2002\/Supersport\/Riders\/Penzkofer.htm\">Rico Penzkofer<\/a> tandis que Marcus Barth sera le rempla\u00e7ant.<\/p>\n<p>Le team BMW pr\u00e9voit aussi de participer aux 24h de Barcelone les 7 et 8 juillet, \u00e0 Oschersleben le 11 et 12 ao\u00fbt ainsi qu&rsquo;au Bol d&rsquo;Or le 15 et 16 septembre.<\/p>\n<p>Le d\u00e9but (ou recommencement) d&rsquo;une belle aventure, souhaitons bonne chance \u00e0 cette team ainsi qu&rsquo;\u00e0 toutes les autres.<\/p>\n<p><a href=\"http:\/\/www.motoblog.it\/post\/7047\/bmw-motorrad-al-via-della-24-ore-di-le-mans\">Source<\/a><\/p>\n","protected":false},"excerpt":{"rendered":"<p>Cela faisait 50 ans que BMW Motorrad n&rsquo;avait pas particip\u00e9 avec une \u00e9quipe officielle aux 24h du Mans qui auront lieu le 21 et 22 avril. Ainsi, BMW marque son engagement pour quatre courses dans le Championnat du Monde d&rsquo;Endurance 2007 .L&rsquo;\u00e9curie allemande a choisi un Boxer d\u00e9riv\u00e9 de la R1200S pour courrir dans la [&hellip;]<\/p>\n","protected":false},"author":329,"featured_media":0,"comment_status":"open","ping_status":"open","sticky":false,"template":"","format":"standard","meta":{"footnotes":""},"categories":[3,7],"tags":[],"class_list":["post-1446","post","type-post","status-publish","format-standard","hentry","category-actualite","category-bmw"],"yoast_head":"<!-- This site is optimized with the Yoast SEO plugin v26.0 - https:\/\/yoast.com\/wordpress\/plugins\/seo\/ -->\n<title>BMW participera aux 24h du Mans - leblogmoto.com<\/title>\n<meta name=\"robots\" content=\"index, follow, max-snippet:-1, max-image-preview:large, max-video-preview:-1\" \/>\n<link rel=\"canonical\" href=\"https:\/\/blogs.thesocialmedia.com\/leblogmoto\/2007\/03\/26\/bmw-participera\/\" \/>\n<meta name=\"twitter:card\" content=\"summary_large_image\" \/>\n<meta name=\"twitter:title\" content=\"BMW participera aux 24h du Mans - leblogmoto.com\" \/>\n<meta name=\"twitter:description\" content=\"Cela faisait 50 ans que BMW Motorrad n&rsquo;avait pas particip\u00e9 avec une \u00e9quipe officielle aux 24h du Mans qui auront lieu le 21 et 22 avril. Ainsi, BMW marque son engagement pour quatre courses dans le Championnat du Monde d&rsquo;Endurance 2007 .L&rsquo;\u00e9curie allemande a choisi un Boxer d\u00e9riv\u00e9 de la R1200S pour courrir dans la [&hellip;]\" \/>\n<meta name=\"twitter:image\" content=\"http:\/\/www.leblogmoto.com\/images\/2007\/03\/26\/bmw_motorrad_sports_boxer.jpg\" \/>\n<meta name=\"twitter:label1\" content=\"\u00c9crit par\" \/>\n\t<meta name=\"twitter:data1\" content=\"gregory boucaud\" \/>\n\t<meta name=\"twitter:label2\" content=\"Dur\u00e9e de lecture estim\u00e9e\" \/>\n\t<meta name=\"twitter:data2\" content=\"1 minute\" \/>\n<script type=\"application\/ld+json\" class=\"yoast-schema-graph\">{\"@context\":\"https:\/\/schema.org\",\"@graph\":[{\"@type\":\"WebPage\",\"@id\":\"https:\/\/blogs.thesocialmedia.com\/leblogmoto\/2007\/03\/26\/bmw-participera\/\",\"url\":\"https:\/\/blogs.thesocialmedia.com\/leblogmoto\/2007\/03\/26\/bmw-participera\/\",\"name\":\"BMW participera aux 24h du Mans - leblogmoto.com\",\"isPartOf\":{\"@id\":\"https:\/\/blogs.thesocialmedia.com\/leblogmoto\/#website\"},\"primaryImageOfPage\":{\"@id\":\"https:\/\/blogs.thesocialmedia.com\/leblogmoto\/2007\/03\/26\/bmw-participera\/#primaryimage\"},\"image\":{\"@id\":\"https:\/\/blogs.thesocialmedia.com\/leblogmoto\/2007\/03\/26\/bmw-participera\/#primaryimage\"},\"thumbnailUrl\":\"http:\/\/www.leblogmoto.com\/images\/2007\/03\/26\/bmw_motorrad_sports_boxer.jpg\",\"datePublished\":\"2007-03-26T21:52:24+00:00\",\"dateModified\":\"2012-07-11T14:37:16+00:00\",\"author\":{\"@id\":\"https:\/\/blogs.thesocialmedia.com\/leblogmoto\/#\/schema\/person\/769623f89741cc3381675029a37764f8\"},\"breadcrumb\":{\"@id\":\"https:\/\/blogs.thesocialmedia.com\/leblogmoto\/2007\/03\/26\/bmw-participera\/#breadcrumb\"},\"inLanguage\":\"fr-FR\",\"potentialAction\":[{\"@type\":\"ReadAction\",\"target\":[\"https:\/\/blogs.thesocialmedia.com\/leblogmoto\/2007\/03\/26\/bmw-participera\/\"]}]},{\"@type\":\"ImageObject\",\"inLanguage\":\"fr-FR\",\"@id\":\"https:\/\/blogs.thesocialmedia.com\/leblogmoto\/2007\/03\/26\/bmw-participera\/#primaryimage\",\"url\":\"http:\/\/www.leblogmoto.com\/images\/2007\/03\/26\/bmw_motorrad_sports_boxer.jpg\",\"contentUrl\":\"http:\/\/www.leblogmoto.com\/images\/2007\/03\/26\/bmw_motorrad_sports_boxer.jpg\"},{\"@type\":\"BreadcrumbList\",\"@id\":\"https:\/\/blogs.thesocialmedia.com\/leblogmoto\/2007\/03\/26\/bmw-participera\/#breadcrumb\",\"itemListElement\":[{\"@type\":\"ListItem\",\"position\":1,\"name\":\"Accueil\",\"item\":\"https:\/\/blogs.thesocialmedia.com\/leblogmoto\/\"},{\"@type\":\"ListItem\",\"position\":2,\"name\":\"BMW participera aux 24h du Mans\"}]},{\"@type\":\"WebSite\",\"@id\":\"https:\/\/blogs.thesocialmedia.com\/leblogmoto\/#website\",\"url\":\"https:\/\/blogs.thesocialmedia.com\/leblogmoto\/\",\"name\":\"leblogmoto\",\"description\":\"Toute l&#039;actualit\u00e9 des 2 roues\",\"potentialAction\":[{\"@type\":\"SearchAction\",\"target\":{\"@type\":\"EntryPoint\",\"urlTemplate\":\"https:\/\/blogs.thesocialmedia.com\/leblogmoto\/?s={search_term_string}\"},\"query-input\":{\"@type\":\"PropertyValueSpecification\",\"valueRequired\":true,\"valueName\":\"search_term_string\"}}],\"inLanguage\":\"fr-FR\"},{\"@type\":\"Person\",\"@id\":\"https:\/\/blogs.thesocialmedia.com\/leblogmoto\/#\/schema\/person\/769623f89741cc3381675029a37764f8\",\"name\":\"gregory boucaud\",\"image\":{\"@type\":\"ImageObject\",\"inLanguage\":\"fr-FR\",\"@id\":\"https:\/\/blogs.thesocialmedia.com\/leblogmoto\/#\/schema\/person\/image\/\",\"url\":\"https:\/\/secure.gravatar.com\/avatar\/?s=96&d=mm&r=g\",\"contentUrl\":\"https:\/\/secure.gravatar.com\/avatar\/?s=96&d=mm&r=g\",\"caption\":\"gregory boucaud\"},\"url\":\"https:\/\/blogs.thesocialmedia.com\/leblogmoto\/author\/gregory-boucaud\/\"}]}<\/script>\n<!-- \/ Yoast SEO plugin. -->","yoast_head_json":{"title":"BMW participera aux 24h du Mans - leblogmoto.com","robots":{"index":"index","follow":"follow","max-snippet":"max-snippet:-1","max-image-preview":"max-image-preview:large","max-video-preview":"max-video-preview:-1"},"canonical":"https:\/\/blogs.thesocialmedia.com\/leblogmoto\/2007\/03\/26\/bmw-participera\/","twitter_card":"summary_large_image","twitter_title":"BMW participera aux 24h du Mans - leblogmoto.com","twitter_description":"Cela faisait 50 ans que BMW Motorrad n&rsquo;avait pas particip\u00e9 avec une \u00e9quipe officielle aux 24h du Mans qui auront lieu le 21 et 22 avril. Ainsi, BMW marque son engagement pour quatre courses dans le Championnat du Monde d&rsquo;Endurance 2007 .L&rsquo;\u00e9curie allemande a choisi un Boxer d\u00e9riv\u00e9 de la R1200S pour courrir dans la [&hellip;]","twitter_image":"http:\/\/www.leblogmoto.com\/images\/2007\/03\/26\/bmw_motorrad_sports_boxer.jpg","twitter_misc":{"\u00c9crit par":"gregory boucaud","Dur\u00e9e de lecture estim\u00e9e":"1 minute"},"schema":{"@context":"https:\/\/schema.org","@graph":[{"@type":"WebPage","@id":"https:\/\/blogs.thesocialmedia.com\/leblogmoto\/2007\/03\/26\/bmw-participera\/","url":"https:\/\/blogs.thesocialmedia.com\/leblogmoto\/2007\/03\/26\/bmw-participera\/","name":"BMW participera aux 24h du Mans - leblogmoto.com","isPartOf":{"@id":"https:\/\/blogs.thesocialmedia.com\/leblogmoto\/#website"},"primaryImageOfPage":{"@id":"https:\/\/blogs.thesocialmedia.com\/leblogmoto\/2007\/03\/26\/bmw-participera\/#primaryimage"},"image":{"@id":"https:\/\/blogs.thesocialmedia.com\/leblogmoto\/2007\/03\/26\/bmw-participera\/#primaryimage"},"thumbnailUrl":"http:\/\/www.leblogmoto.com\/images\/2007\/03\/26\/bmw_motorrad_sports_boxer.jpg","datePublished":"2007-03-26T21:52:24+00:00","dateModified":"2012-07-11T14:37:16+00:00","author":{"@id":"https:\/\/blogs.thesocialmedia.com\/leblogmoto\/#\/schema\/person\/769623f89741cc3381675029a37764f8"},"breadcrumb":{"@id":"https:\/\/blogs.thesocialmedia.com\/leblogmoto\/2007\/03\/26\/bmw-participera\/#breadcrumb"},"inLanguage":"fr-FR","potentialAction":[{"@type":"ReadAction","target":["https:\/\/blogs.thesocialmedia.com\/leblogmoto\/2007\/03\/26\/bmw-participera\/"]}]},{"@type":"ImageObject","inLanguage":"fr-FR","@id":"https:\/\/blogs.thesocialmedia.com\/leblogmoto\/2007\/03\/26\/bmw-participera\/#primaryimage","url":"http:\/\/www.leblogmoto.com\/images\/2007\/03\/26\/bmw_motorrad_sports_boxer.jpg","contentUrl":"http:\/\/www.leblogmoto.com\/images\/2007\/03\/26\/bmw_motorrad_sports_boxer.jpg"},{"@type":"BreadcrumbList","@id":"https:\/\/blogs.thesocialmedia.com\/leblogmoto\/2007\/03\/26\/bmw-participera\/#breadcrumb","itemListElement":[{"@type":"ListItem","position":1,"name":"Accueil","item":"https:\/\/blogs.thesocialmedia.com\/leblogmoto\/"},{"@type":"ListItem","position":2,"name":"BMW participera aux 24h du Mans"}]},{"@type":"WebSite","@id":"https:\/\/blogs.thesocialmedia.com\/leblogmoto\/#website","url":"https:\/\/blogs.thesocialmedia.com\/leblogmoto\/","name":"leblogmoto","description":"Toute l&#039;actualit\u00e9 des 2 roues","potentialAction":[{"@type":"SearchAction","target":{"@type":"EntryPoint","urlTemplate":"https:\/\/blogs.thesocialmedia.com\/leblogmoto\/?s={search_term_string}"},"query-input":{"@type":"PropertyValueSpecification","valueRequired":true,"valueName":"search_term_string"}}],"inLanguage":"fr-FR"},{"@type":"Person","@id":"https:\/\/blogs.thesocialmedia.com\/leblogmoto\/#\/schema\/person\/769623f89741cc3381675029a37764f8","name":"gregory boucaud","image":{"@type":"ImageObject","inLanguage":"fr-FR","@id":"https:\/\/blogs.thesocialmedia.com\/leblogmoto\/#\/schema\/person\/image\/","url":"https:\/\/secure.gravatar.com\/avatar\/?s=96&d=mm&r=g","contentUrl":"https:\/\/secure.gravatar.com\/avatar\/?s=96&d=mm&r=g","caption":"gregory boucaud"},"url":"https:\/\/blogs.thesocialmedia.com\/leblogmoto\/author\/gregory-boucaud\/"}]}},"_links":{"self":[{"href":"https:\/\/blogs.thesocialmedia.com\/leblogmoto\/wp-json\/wp\/v2\/posts\/1446","targetHints":{"allow":["GET"]}}],"collection":[{"href":"https:\/\/blogs.thesocialmedia.com\/leblogmoto\/wp-json\/wp\/v2\/posts"}],"about":[{"href":"https:\/\/blogs.thesocialmedia.com\/leblogmoto\/wp-json\/wp\/v2\/types\/post"}],"author":[{"embeddable":true,"href":"https:\/\/blogs.thesocialmedia.com\/leblogmoto\/wp-json\/wp\/v2\/users\/329"}],"replies":[{"embeddable":true,"href":"https:\/\/blogs.thesocialmedia.com\/leblogmoto\/wp-json\/wp\/v2\/comments?post=1446"}],"version-history":[{"count":2,"href":"https:\/\/blogs.thesocialmedia.com\/leblogmoto\/wp-json\/wp\/v2\/posts\/1446\/revisions"}],"predecessor-version":[{"id":8268,"href":"https:\/\/blogs.thesocialmedia.com\/leblogmoto\/wp-json\/wp\/v2\/posts\/1446\/revisions\/8268"}],"wp:attachment":[{"href":"https:\/\/blogs.thesocialmedia.com\/leblogmoto\/wp-json\/wp\/v2\/media?parent=1446"}],"wp:term":[{"taxonomy":"category","embeddable":true,"href":"https:\/\/blogs.thesocialmedia.com\/leblogmoto\/wp-json\/wp\/v2\/categories?post=1446"},{"taxonomy":"post_tag","embeddable":true,"href":"https:\/\/blogs.thesocialmedia.com\/leblogmoto\/wp-json\/wp\/v2\/tags?post=1446"}],"curies":[{"name":"wp","href":"https:\/\/api.w.org\/{rel}","templated":true}]}}