{"id":1447,"date":"2007-03-26T19:57:22","date_gmt":"2007-03-26T19:57:22","guid":{"rendered":"http:\/\/blogs.thesocialmedia.com\/leblogmoto\/2007\/03\/26\/moto-gp-la-vict\/"},"modified":"2012-07-11T14:37:15","modified_gmt":"2012-07-11T14:37:15","slug":"moto-gp-la-vict","status":"publish","type":"post","link":"https:\/\/blogs.thesocialmedia.com\/leblogmoto\/2007\/03\/26\/moto-gp-la-vict\/","title":{"rendered":"Moto GP : la victoire rattrape Rossi"},"content":{"rendered":"<p><a href=\"http:\/\/blogs.thesocialmedia.com\/leblogmoto\/files\/2012\/07\/jerezrossi_1.jpg\"><img loading=\"lazy\" decoding=\"async\" width=\"250\" height=\"211\"  alt=\"Jerezrossi_1\" src=\"http:\/\/www.leblogmoto.com\/images\/2007\/03\/26\/jerezrossi_1.jpg\" style=\"margin: 0px 5px 5px 0px;float: left\" \/><\/a> Surexcit\u00e9s par l\u2019extraordinaire d\u00e9bat du matin en GP 250cc, et par le doubl\u00e9 Lorenzo-Bautista, les 250.000 spectateurs espagnols venus sur le circuit de Jerez de la Frontera \u00e9taient \u00ab \u00e0 point \u00bb pour encourager les pilotes nationaux du 2\u00e8me MotoGP 2007, <a href=\"http:\/\/www.leblogmoto.com\/2007\/03\/moto_gp_pedrosa.html#more\">Dani Pedrosa et Carlos Checa<\/a>. Les deux ib\u00e9res partaient en <a href=\"http:\/\/www.leblogmoto.com\/2007\/03\/moto_gp_pedrosa.html#more\">1\u00e8re ligne<\/a> sous un soleil \u00e9clatant, l\u2019un devant et l\u2019autre derri\u00e8re un Valentino Rossi priv\u00e9 la victoire depuis le <a href=\"http:\/\/www.leblogmoto.com\/2005\/09\/motogp_valentin_1.html\">GP de Malaisie 2006<\/a>, soit 5 courses cons\u00e9cutive et sa plus longue travers\u00e9e du d\u00e9sert.<\/p>\n<p><a href=\"http:\/\/clabedan.typepad.com\/.shared\/image.html?\/photos\/uncategorized\/2007\/03\/26\/01.jpg\"><img loading=\"lazy\" decoding=\"async\" width=\"250\" height=\"166\"  alt=\"01\" src=\"http:\/\/www.leblogmoto.com\/images\/2007\/03\/26\/01.jpg\" style=\"margin: 0px 5px 5px 0px;float: left\" \/><\/a> Pedrosa prit un bon d\u00e9part pour passer en t\u00eate les virages \u00ab Expo 92 \u00bb et &quot;Michelin&quot; avant de c\u00e9der aux avances de la Fiat-Yamaha du \u00ab Dottore \u00bb. Pendant une dizaine de tours, le pilote Espagnol de l\u2019\u00e9quipe Repsol-Honda tentera en vain de rester dans l\u2019aspi de Rossi. <br \/><a href=\"http:\/\/blogs.thesocialmedia.com\/leblogmoto\/files\/2012\/07\/jerezedwards_2.jpg\"><img loading=\"lazy\" decoding=\"async\" width=\"250\" height=\"166\"  alt=\"Jerezedwards_2\" src=\"http:\/\/www.leblogmoto.com\/images\/2007\/03\/26\/jerezedwards_2.jpg\" style=\"margin: 0px 5px 5px 0px;float: left\" \/><\/a> Derri\u00e8re les deux pilotes de t\u00eate, c\u2019est Colin Edwards, l\u2019\u00e9quiper de Valentino qui prit l\u2019ascendant d\u00e8s le premier tour sur Nicky Hayden (Honda) auteur d\u2019un tr\u00e8s bon d\u00e9part et <a href=\"http:\/\/www.leblogmoto.com\/2007\/03\/moto_gp_casey_s.html\">Casey Stoner<\/a> (Ducati). Ce dernier ne parviendra jamais a tirer avantage de la vitesse de pointe sup\u00e9rieure de sa Ducati comme il avait pu le faire au <a href=\"http:\/\/www.leblogmoto.com\/2007\/03\/moto_gp_casey_s.html\">Qatar<\/a>, sur un circuit il est vrai bien plus favorable. L\u2019espagnol Carlos Checa (Honda) est alors rel\u00e9gu\u00e9 en 6\u00e8me position. Derri\u00e8re, Alex Hoffman (Ducati) retourne aux paddocks sur un probl\u00e8me de pneumatique pour repartir avec la seconde moto et finalement abandonner, sanctionn\u00e9 par le drapeau noir pour \u00eatre reparti en course alors que le deuxi\u00e8me tour \u00e9tait entam\u00e9 par le leader et qu\u2019il n\u2019avait pas termin\u00e9 le premier\u2026Tapis vert !!!<\/p>\n<p><a href=\"http:\/\/clabedan.typepad.com\/.shared\/image.html?\/photos\/uncategorized\/2007\/03\/26\/jerezrossi_4_2.jpg\"><img loading=\"lazy\" decoding=\"async\" width=\"250\" height=\"450\"  alt=\"Jerezrossi_4_2\" src=\"http:\/\/www.leblogmoto.com\/images\/2007\/03\/26\/jerezrossi_4_2.jpg\" style=\"margin: 0px 5px 5px 0px;float: left\" \/><\/a> Peu avant le dixi\u00e8me tour, Pedrosa sembla se reprendre pour revenir un peu sur <a href=\"http:\/\/www.leblogmoto.com\/2007\/02\/moto_gp_jerez_r.html#more\">Rossi<\/a>, mais la virtuosit\u00e9 de l&rsquo;Italien sur un circuit qui fait la part belle aux pilotes les plus agiles, lui permit de maintenir une distance de plus de&nbsp; 6\/10\u00e8me. Derri\u00e8re les leaders, Edwards \u00e9tait \u00e0 ce moment des d\u00e9bats \u00e0 plus de deux secondes des hommes de t\u00eate tendis qu\u2019Hopkins (Suzuki) aga\u00e7ait Hayden \u00e0 l\u2019approche de chaque virage. A la mi-course, l\u2019avance de <a href=\"http:\/\/www.leblogmoto.com\/2007\/02\/moto_gp_jerez_r.html#more\">Rossi<\/a> sur Pedrosa d\u00e9passait la seconde et ne laissait plus de doutes sur l&rsquo;issue de l&rsquo;\u00e9preuve. Il ne restait plus \u00e0 Pedrosa qu\u2019a d\u00e9fendre sa deuxi\u00e8me place. <\/p>\n<p><a href=\"http:\/\/clabedan.typepad.com\/.shared\/image.html?\/photos\/uncategorized\/2007\/03\/26\/motogpjerez_podium.jpg\"><img loading=\"lazy\" decoding=\"async\" width=\"250\" height=\"107\"  src=\"http:\/\/www.leblogmoto.com\/images\/2007\/03\/26\/motogpjerez_podium.jpg\" alt=\"Motogpjerez_podium\" style=\"margin: 0px 5px 5px 0px;float: left\" \/><\/a> A la mi-course Rossi se baladait avec 1&quot;3 d&rsquo;avance sur Pedrosa qui roulait en solitaire suivi \u00e0 distance respectable par Edwards. Largu\u00e9 \u00e0 plus de trois secondes, le peloton compos\u00e9 d\u2019Hayden, Hopkins, Elias (Honda), Checa et Melandri (Honda) \u00e9tait en lutte pour les places d\u2019honneur. <br \/> A dix tours de l\u2019arriv\u00e9e, <a href=\"http:\/\/www.leblogmoto.com\/2007\/02\/moto_gp_jerez_r.html#more\">Rossi<\/a> devan\u00e7ait Pedrosa de 2\u2019\u20197, quand Nicky Hayden le champion du Monde en titre se fit ravir la quatri\u00e8me place par John Hopkins et Toni Elias (Honda). Mais une faute du pilote Suzuki quelques secondes plus tard le rel\u00e8guera d\u00e9finitivement en queue de peloton. Elias est alors quatri\u00e8me, une place qu\u2019il conservera malgr\u00e9 les attaques sans concession de <a href=\"Casey Stoner\">Casey Stoner<\/a> tendis que Carlos Checa, parviendra a prendre la sixi\u00e8me place \u00e0 Hayden \u00e0 cinq tours de l&rsquo;arriv\u00e9e (Rossi devance alors Pedrosa de plus de 3 secondes).<br \/><a href=\"http:\/\/www.leblogmoto.com\/2007\/02\/motogp_melandri.html#more\"> Marco Melandri<\/a>, d\u00e9cevant se classe huiti\u00e8me devant Chris Vermeulen (Suzuki) et Shinya Nakano (Honda) qui ferme la marche du top 10. Alex Barros (Ducati) est onzi\u00e8me au terme de son 260\u00e8me GP. Le Fran\u00e7ais Randy de Puniet aurait pu prendre la douzi\u00e8me place si Lorri Capirossi (Ducati) qui courrait son 250\u00e8me GP, ne la lui avait pas ravi, sur la ligne d\u2019arriv\u00e9e !<br \/> On trouve le second des trois Fran\u00e7ais du plateau, Guintoli (Yamaha) en 15\u00e8me position. Il empoche le dernier point de la course (et son premier en MotoGP) devant son co\u00e9quipier Japonais Tamada gr\u00e2ce \u00e0 un tout droit de Roberts Junior. Olivier Jacque, victime de probl\u00e8mes d\u2019adh\u00e9rence, longtemps bon dernier, profitera de la chute d\u2019Hopkins pour arriver 18\u00e8me et avant-dernier, devant Hopkins.<\/p>\n<p>Prochain Rendez-vous le 22 avril en Turquie. <\/p>\n<p><strong> Le classement de MotoGP de Jerez<\/strong><\/p>\n<p> 1-&nbsp; &nbsp; V. Rossi Ita Yamaha 45&rsquo;53\u00a0\u00bb340<br \/> 2 &#8211;&nbsp; &nbsp;D. Pedrosa Spa Honda + 1\u00a0\u00bb246<br \/> 3 &#8211;&nbsp; &nbsp;C. Edwards Usa Yamaha + 2\u00a0\u00bb701<br \/> 4 &#8211;&nbsp; &nbsp;T. Elias Spa Honda + 4\u00a0\u00bb351<br \/> 5 &#8211;&nbsp; &nbsp;C. Stoner Aus Ducati + 4\u00a0\u00bb993<br \/> 6 &#8211;&nbsp; &nbsp;C. Checa Spa Honda + 10\u00a0\u00bb000<br \/> 7 &#8211;&nbsp; &nbsp;N. Hayden Usa Honda + 14\u00a0\u00bb146<br \/> 8 &#8211;&nbsp; &nbsp;M. Melandri Ita Honda + 19\u00a0\u00bb969<br \/> 9 &#8211;&nbsp; &nbsp;C. Vermeulen Aus Suzuki + 24\u00a0\u00bb786<br \/> 10 &#8211; S. Nakano Jap Honda + 24\u00a0\u00bb955<br \/> 11 &#8211; A. Barros Bra Ducati + 25\u00a0\u00bb008<br \/> 12 &#8211; L. Capirossi Ita Ducati + 25\u00a0\u00bb852<br \/> 13 &#8211; R. De Puniet Fra Kawasaki + 26\u00a0\u00bb445<br \/> 14 &#8211; M. Tamada Jap Yamaha + 36\u00a0\u00bb653<br \/> 15 &#8211; S. Guintoli Fra Yamaha + 36\u00a0\u00bb744<br \/> 16 &#8211; K. Roberts Jr Usa KR212V + 48\u00a0\u00bb911<br \/> 17 &#8211; K. Akiyoshi Jap Suzuki + 50\u00a0\u00bb784<br \/> 18 &#8211; O. Jacque Fra Kawasaki + 1&rsquo;00\u00a0\u00bb901<br \/> 19 &#8211; J. Hopkins Usa Suzuki + 1&rsquo;03\u00a0\u00bb371<\/p>\n<p><strong> Le classement provisoire apr\u00e8s 2 courses<\/strong><\/p>\n<p> 1&nbsp; &nbsp;&nbsp; &nbsp;ROSSI Valentino&nbsp; &nbsp;&nbsp; &nbsp;ITA&nbsp; &nbsp;&nbsp; &nbsp;YAMAHA&nbsp; &nbsp;&nbsp; &nbsp;45&nbsp; &nbsp;&nbsp; &nbsp;20&nbsp; &nbsp;&nbsp; &nbsp;25<br \/> 2&nbsp; &nbsp;&nbsp; STONER Casey&nbsp; &nbsp;&nbsp; &nbsp;&nbsp; &nbsp;AUS&nbsp; &nbsp;&nbsp; DUCATI&nbsp; &nbsp;&nbsp; 36&nbsp; &nbsp;&nbsp; 25&nbsp; &nbsp;&nbsp; 11<br \/> 3&nbsp; &nbsp;&nbsp; PEDROSA Daniel&nbsp; &nbsp;&nbsp; SPA&nbsp; &nbsp;&nbsp; HONDA&nbsp; &nbsp;&nbsp; 36&nbsp; &nbsp;&nbsp; 16&nbsp; &nbsp;&nbsp; 20<br \/> 4&nbsp; &nbsp;&nbsp; EDWARDS Colin&nbsp; &nbsp;&nbsp; &nbsp;&nbsp; &nbsp;USA&nbsp; &nbsp;&nbsp; YAMAHA&nbsp; &nbsp;&nbsp; 26&nbsp; &nbsp;&nbsp; 10&nbsp; &nbsp;&nbsp; 16<br \/> 5&nbsp; &nbsp;&nbsp; MELANDRI Marco&nbsp; &nbsp;&nbsp; ITA&nbsp; &nbsp;&nbsp; HONDA&nbsp; &nbsp;&nbsp; 19&nbsp; &nbsp;&nbsp; 11&nbsp; &nbsp;&nbsp; 8<br \/> 6&nbsp; &nbsp;&nbsp; HAYDEN Nicky&nbsp; &nbsp;&nbsp; &nbsp;&nbsp; &nbsp;USA&nbsp; &nbsp;&nbsp; HONDA&nbsp; &nbsp;&nbsp; 17&nbsp; &nbsp;&nbsp; 8&nbsp; &nbsp;&nbsp; 9<br \/> 7&nbsp; &nbsp;&nbsp; VERMEULEN Chris&nbsp; &nbsp;&nbsp; AUS&nbsp; &nbsp;&nbsp; SUZUKI&nbsp; &nbsp;&nbsp; 16&nbsp; &nbsp;&nbsp; 9&nbsp; &nbsp;&nbsp; 7<br \/> 8&nbsp; &nbsp;&nbsp; ELIAS Antonio&nbsp; &nbsp;&nbsp; &nbsp;&nbsp; &nbsp;SPA&nbsp; &nbsp;&nbsp; HONDA&nbsp; &nbsp;&nbsp; 15&nbsp; &nbsp;&nbsp; 2&nbsp; &nbsp;&nbsp; 13<br \/> 9&nbsp; &nbsp;&nbsp; HOPKINS John&nbsp; &nbsp;&nbsp; &nbsp;&nbsp; &nbsp;USA&nbsp; &nbsp;&nbsp; SUZUKI&nbsp; &nbsp;&nbsp; 13&nbsp; &nbsp;&nbsp; 13&nbsp; &nbsp;&nbsp; 0<br \/> 10&nbsp; &nbsp;&nbsp; BARROS Alexandre&nbsp; &nbsp;&nbsp; BRA&nbsp; &nbsp;&nbsp; DUCATI&nbsp; &nbsp;&nbsp; 12&nbsp; &nbsp;&nbsp; 7&nbsp; &nbsp;&nbsp; 5<br \/> 11&nbsp; &nbsp;&nbsp; NAKANO Shinya&nbsp; &nbsp;&nbsp; &nbsp;&nbsp; &nbsp;JPN&nbsp; &nbsp;&nbsp; HONDA&nbsp; &nbsp;&nbsp; 12&nbsp; &nbsp;&nbsp; 6&nbsp; &nbsp;&nbsp; 6<br \/> 12&nbsp; &nbsp;&nbsp; CHECA Carlos&nbsp; &nbsp;&nbsp; &nbsp;&nbsp; &nbsp;SPA&nbsp; &nbsp;&nbsp; HONDA&nbsp; &nbsp;&nbsp; 10&nbsp; &nbsp;&nbsp; &#8211;&nbsp; &nbsp;&nbsp; 10<br \/> 13&nbsp; &nbsp;&nbsp; HOFMANN Alexander&nbsp; &nbsp;&nbsp; GER&nbsp; &nbsp;&nbsp; DUCATI&nbsp; &nbsp;&nbsp; 5&nbsp; &nbsp;&nbsp; 5&nbsp; &nbsp;&nbsp; &#8211;<br \/> 14&nbsp; &nbsp;&nbsp; CAPIROSSI Loris&nbsp; &nbsp;&nbsp; &nbsp;&nbsp; &nbsp;ITA&nbsp; &nbsp;&nbsp; DUCATI&nbsp; &nbsp;&nbsp; 4&nbsp; &nbsp;&nbsp; &#8211;&nbsp; &nbsp;&nbsp; 4<br \/> 15&nbsp; &nbsp;&nbsp; JACQUE Olivier&nbsp; &nbsp;&nbsp; &nbsp;&nbsp; &nbsp;FRA&nbsp; &nbsp;&nbsp; KAWASAKI&nbsp; &nbsp;&nbsp; 4&nbsp; &nbsp;&nbsp; 4&nbsp; &nbsp;&nbsp; 0<br \/> 16&nbsp; &nbsp;&nbsp; DE PUNIET Randy&nbsp; &nbsp;&nbsp; FRA&nbsp; &nbsp;&nbsp; KAWASAKI&nbsp; &nbsp;&nbsp; 3&nbsp; &nbsp;&nbsp; &#8211;&nbsp; &nbsp;&nbsp; 3<br \/> 17&nbsp; &nbsp;&nbsp; ROBERTS Kenny&nbsp; &nbsp;&nbsp; &nbsp;&nbsp; &nbsp;USA&nbsp; &nbsp;&nbsp; ROBERTS&nbsp; &nbsp;&nbsp; 3&nbsp; &nbsp;&nbsp; 3&nbsp; &nbsp;&nbsp; 0<br \/> 18&nbsp; &nbsp;&nbsp; TAMADA Makoto&nbsp; &nbsp;&nbsp; JPN&nbsp; &nbsp;&nbsp; YAMAHA&nbsp; &nbsp;&nbsp; 2&nbsp; &nbsp;&nbsp; 0&nbsp; &nbsp;&nbsp; 2<br \/> 19&nbsp; &nbsp;&nbsp; GUINTOLI Sylvain&nbsp; &nbsp;&nbsp; FRA&nbsp; &nbsp;&nbsp; YAMAHA&nbsp; &nbsp;&nbsp; 2&nbsp; &nbsp;&nbsp; 1&nbsp; &nbsp;&nbsp; 1<\/p>\n","protected":false},"excerpt":{"rendered":"<p>Surexcit\u00e9s par l\u2019extraordinaire d\u00e9bat du matin en GP 250cc, et par le doubl\u00e9 Lorenzo-Bautista, les 250.000 spectateurs espagnols venus sur le circuit de Jerez de la Frontera \u00e9taient \u00ab \u00e0 point \u00bb pour encourager les pilotes nationaux du 2\u00e8me MotoGP 2007, Dani Pedrosa et Carlos Checa. Les deux ib\u00e9res partaient en 1\u00e8re ligne sous un [&hellip;]<\/p>\n","protected":false},"author":333,"featured_media":0,"comment_status":"open","ping_status":"open","sticky":false,"template":"","format":"standard","meta":{"footnotes":""},"categories":[22],"tags":[],"class_list":["post-1447","post","type-post","status-publish","format-standard","hentry","category-motogp"],"yoast_head":"<!-- This site is optimized with the Yoast SEO plugin v26.0 - https:\/\/yoast.com\/wordpress\/plugins\/seo\/ -->\n<title>Moto GP : la victoire rattrape Rossi - leblogmoto.com<\/title>\n<meta name=\"robots\" content=\"index, follow, max-snippet:-1, max-image-preview:large, max-video-preview:-1\" \/>\n<link rel=\"canonical\" href=\"https:\/\/blogs.thesocialmedia.com\/leblogmoto\/2007\/03\/26\/moto-gp-la-vict\/\" \/>\n<meta name=\"twitter:card\" content=\"summary_large_image\" \/>\n<meta name=\"twitter:title\" content=\"Moto GP : la victoire rattrape Rossi - leblogmoto.com\" \/>\n<meta name=\"twitter:description\" content=\"Surexcit\u00e9s par l\u2019extraordinaire d\u00e9bat du matin en GP 250cc, et par le doubl\u00e9 Lorenzo-Bautista, les 250.000 spectateurs espagnols venus sur le circuit de Jerez de la Frontera \u00e9taient \u00ab \u00e0 point \u00bb pour encourager les pilotes nationaux du 2\u00e8me MotoGP 2007, Dani Pedrosa et Carlos Checa. Les deux ib\u00e9res partaient en 1\u00e8re ligne sous un [&hellip;]\" \/>\n<meta name=\"twitter:image\" content=\"http:\/\/www.leblogmoto.com\/images\/2007\/03\/26\/jerezrossi_1.jpg\" \/>\n<meta name=\"twitter:label1\" content=\"\u00c9crit par\" \/>\n\t<meta name=\"twitter:data1\" content=\"christian tirat\" \/>\n\t<meta name=\"twitter:label2\" content=\"Dur\u00e9e de lecture estim\u00e9e\" \/>\n\t<meta name=\"twitter:data2\" content=\"6 minutes\" \/>\n<script type=\"application\/ld+json\" class=\"yoast-schema-graph\">{\"@context\":\"https:\/\/schema.org\",\"@graph\":[{\"@type\":\"WebPage\",\"@id\":\"https:\/\/blogs.thesocialmedia.com\/leblogmoto\/2007\/03\/26\/moto-gp-la-vict\/\",\"url\":\"https:\/\/blogs.thesocialmedia.com\/leblogmoto\/2007\/03\/26\/moto-gp-la-vict\/\",\"name\":\"Moto GP : la victoire rattrape Rossi - leblogmoto.com\",\"isPartOf\":{\"@id\":\"https:\/\/blogs.thesocialmedia.com\/leblogmoto\/#website\"},\"primaryImageOfPage\":{\"@id\":\"https:\/\/blogs.thesocialmedia.com\/leblogmoto\/2007\/03\/26\/moto-gp-la-vict\/#primaryimage\"},\"image\":{\"@id\":\"https:\/\/blogs.thesocialmedia.com\/leblogmoto\/2007\/03\/26\/moto-gp-la-vict\/#primaryimage\"},\"thumbnailUrl\":\"http:\/\/www.leblogmoto.com\/images\/2007\/03\/26\/jerezrossi_1.jpg\",\"datePublished\":\"2007-03-26T19:57:22+00:00\",\"dateModified\":\"2012-07-11T14:37:15+00:00\",\"author\":{\"@id\":\"https:\/\/blogs.thesocialmedia.com\/leblogmoto\/#\/schema\/person\/90b2f8fd0d5a2cede2580e95fc79c6c0\"},\"breadcrumb\":{\"@id\":\"https:\/\/blogs.thesocialmedia.com\/leblogmoto\/2007\/03\/26\/moto-gp-la-vict\/#breadcrumb\"},\"inLanguage\":\"fr-FR\",\"potentialAction\":[{\"@type\":\"ReadAction\",\"target\":[\"https:\/\/blogs.thesocialmedia.com\/leblogmoto\/2007\/03\/26\/moto-gp-la-vict\/\"]}]},{\"@type\":\"ImageObject\",\"inLanguage\":\"fr-FR\",\"@id\":\"https:\/\/blogs.thesocialmedia.com\/leblogmoto\/2007\/03\/26\/moto-gp-la-vict\/#primaryimage\",\"url\":\"http:\/\/www.leblogmoto.com\/images\/2007\/03\/26\/jerezrossi_1.jpg\",\"contentUrl\":\"http:\/\/www.leblogmoto.com\/images\/2007\/03\/26\/jerezrossi_1.jpg\"},{\"@type\":\"BreadcrumbList\",\"@id\":\"https:\/\/blogs.thesocialmedia.com\/leblogmoto\/2007\/03\/26\/moto-gp-la-vict\/#breadcrumb\",\"itemListElement\":[{\"@type\":\"ListItem\",\"position\":1,\"name\":\"Accueil\",\"item\":\"https:\/\/blogs.thesocialmedia.com\/leblogmoto\/\"},{\"@type\":\"ListItem\",\"position\":2,\"name\":\"Moto GP : la victoire rattrape Rossi\"}]},{\"@type\":\"WebSite\",\"@id\":\"https:\/\/blogs.thesocialmedia.com\/leblogmoto\/#website\",\"url\":\"https:\/\/blogs.thesocialmedia.com\/leblogmoto\/\",\"name\":\"leblogmoto\",\"description\":\"Toute l&#039;actualit\u00e9 des 2 roues\",\"potentialAction\":[{\"@type\":\"SearchAction\",\"target\":{\"@type\":\"EntryPoint\",\"urlTemplate\":\"https:\/\/blogs.thesocialmedia.com\/leblogmoto\/?s={search_term_string}\"},\"query-input\":{\"@type\":\"PropertyValueSpecification\",\"valueRequired\":true,\"valueName\":\"search_term_string\"}}],\"inLanguage\":\"fr-FR\"},{\"@type\":\"Person\",\"@id\":\"https:\/\/blogs.thesocialmedia.com\/leblogmoto\/#\/schema\/person\/90b2f8fd0d5a2cede2580e95fc79c6c0\",\"name\":\"christian tirat\",\"image\":{\"@type\":\"ImageObject\",\"inLanguage\":\"fr-FR\",\"@id\":\"https:\/\/blogs.thesocialmedia.com\/leblogmoto\/#\/schema\/person\/image\/\",\"url\":\"https:\/\/secure.gravatar.com\/avatar\/?s=96&d=mm&r=g\",\"contentUrl\":\"https:\/\/secure.gravatar.com\/avatar\/?s=96&d=mm&r=g\",\"caption\":\"christian tirat\"},\"url\":\"https:\/\/blogs.thesocialmedia.com\/leblogmoto\/author\/christian-tirat\/\"}]}<\/script>\n<!-- \/ Yoast SEO plugin. -->","yoast_head_json":{"title":"Moto GP : la victoire rattrape Rossi - leblogmoto.com","robots":{"index":"index","follow":"follow","max-snippet":"max-snippet:-1","max-image-preview":"max-image-preview:large","max-video-preview":"max-video-preview:-1"},"canonical":"https:\/\/blogs.thesocialmedia.com\/leblogmoto\/2007\/03\/26\/moto-gp-la-vict\/","twitter_card":"summary_large_image","twitter_title":"Moto GP : la victoire rattrape Rossi - leblogmoto.com","twitter_description":"Surexcit\u00e9s par l\u2019extraordinaire d\u00e9bat du matin en GP 250cc, et par le doubl\u00e9 Lorenzo-Bautista, les 250.000 spectateurs espagnols venus sur le circuit de Jerez de la Frontera \u00e9taient \u00ab \u00e0 point \u00bb pour encourager les pilotes nationaux du 2\u00e8me MotoGP 2007, Dani Pedrosa et Carlos Checa. Les deux ib\u00e9res partaient en 1\u00e8re ligne sous un [&hellip;]","twitter_image":"http:\/\/www.leblogmoto.com\/images\/2007\/03\/26\/jerezrossi_1.jpg","twitter_misc":{"\u00c9crit par":"christian tirat","Dur\u00e9e de lecture estim\u00e9e":"6 minutes"},"schema":{"@context":"https:\/\/schema.org","@graph":[{"@type":"WebPage","@id":"https:\/\/blogs.thesocialmedia.com\/leblogmoto\/2007\/03\/26\/moto-gp-la-vict\/","url":"https:\/\/blogs.thesocialmedia.com\/leblogmoto\/2007\/03\/26\/moto-gp-la-vict\/","name":"Moto GP : la victoire rattrape Rossi - leblogmoto.com","isPartOf":{"@id":"https:\/\/blogs.thesocialmedia.com\/leblogmoto\/#website"},"primaryImageOfPage":{"@id":"https:\/\/blogs.thesocialmedia.com\/leblogmoto\/2007\/03\/26\/moto-gp-la-vict\/#primaryimage"},"image":{"@id":"https:\/\/blogs.thesocialmedia.com\/leblogmoto\/2007\/03\/26\/moto-gp-la-vict\/#primaryimage"},"thumbnailUrl":"http:\/\/www.leblogmoto.com\/images\/2007\/03\/26\/jerezrossi_1.jpg","datePublished":"2007-03-26T19:57:22+00:00","dateModified":"2012-07-11T14:37:15+00:00","author":{"@id":"https:\/\/blogs.thesocialmedia.com\/leblogmoto\/#\/schema\/person\/90b2f8fd0d5a2cede2580e95fc79c6c0"},"breadcrumb":{"@id":"https:\/\/blogs.thesocialmedia.com\/leblogmoto\/2007\/03\/26\/moto-gp-la-vict\/#breadcrumb"},"inLanguage":"fr-FR","potentialAction":[{"@type":"ReadAction","target":["https:\/\/blogs.thesocialmedia.com\/leblogmoto\/2007\/03\/26\/moto-gp-la-vict\/"]}]},{"@type":"ImageObject","inLanguage":"fr-FR","@id":"https:\/\/blogs.thesocialmedia.com\/leblogmoto\/2007\/03\/26\/moto-gp-la-vict\/#primaryimage","url":"http:\/\/www.leblogmoto.com\/images\/2007\/03\/26\/jerezrossi_1.jpg","contentUrl":"http:\/\/www.leblogmoto.com\/images\/2007\/03\/26\/jerezrossi_1.jpg"},{"@type":"BreadcrumbList","@id":"https:\/\/blogs.thesocialmedia.com\/leblogmoto\/2007\/03\/26\/moto-gp-la-vict\/#breadcrumb","itemListElement":[{"@type":"ListItem","position":1,"name":"Accueil","item":"https:\/\/blogs.thesocialmedia.com\/leblogmoto\/"},{"@type":"ListItem","position":2,"name":"Moto GP : la victoire rattrape Rossi"}]},{"@type":"WebSite","@id":"https:\/\/blogs.thesocialmedia.com\/leblogmoto\/#website","url":"https:\/\/blogs.thesocialmedia.com\/leblogmoto\/","name":"leblogmoto","description":"Toute l&#039;actualit\u00e9 des 2 roues","potentialAction":[{"@type":"SearchAction","target":{"@type":"EntryPoint","urlTemplate":"https:\/\/blogs.thesocialmedia.com\/leblogmoto\/?s={search_term_string}"},"query-input":{"@type":"PropertyValueSpecification","valueRequired":true,"valueName":"search_term_string"}}],"inLanguage":"fr-FR"},{"@type":"Person","@id":"https:\/\/blogs.thesocialmedia.com\/leblogmoto\/#\/schema\/person\/90b2f8fd0d5a2cede2580e95fc79c6c0","name":"christian tirat","image":{"@type":"ImageObject","inLanguage":"fr-FR","@id":"https:\/\/blogs.thesocialmedia.com\/leblogmoto\/#\/schema\/person\/image\/","url":"https:\/\/secure.gravatar.com\/avatar\/?s=96&d=mm&r=g","contentUrl":"https:\/\/secure.gravatar.com\/avatar\/?s=96&d=mm&r=g","caption":"christian tirat"},"url":"https:\/\/blogs.thesocialmedia.com\/leblogmoto\/author\/christian-tirat\/"}]}},"_links":{"self":[{"href":"https:\/\/blogs.thesocialmedia.com\/leblogmoto\/wp-json\/wp\/v2\/posts\/1447","targetHints":{"allow":["GET"]}}],"collection":[{"href":"https:\/\/blogs.thesocialmedia.com\/leblogmoto\/wp-json\/wp\/v2\/posts"}],"about":[{"href":"https:\/\/blogs.thesocialmedia.com\/leblogmoto\/wp-json\/wp\/v2\/types\/post"}],"author":[{"embeddable":true,"href":"https:\/\/blogs.thesocialmedia.com\/leblogmoto\/wp-json\/wp\/v2\/users\/333"}],"replies":[{"embeddable":true,"href":"https:\/\/blogs.thesocialmedia.com\/leblogmoto\/wp-json\/wp\/v2\/comments?post=1447"}],"version-history":[{"count":2,"href":"https:\/\/blogs.thesocialmedia.com\/leblogmoto\/wp-json\/wp\/v2\/posts\/1447\/revisions"}],"predecessor-version":[{"id":8266,"href":"https:\/\/blogs.thesocialmedia.com\/leblogmoto\/wp-json\/wp\/v2\/posts\/1447\/revisions\/8266"}],"wp:attachment":[{"href":"https:\/\/blogs.thesocialmedia.com\/leblogmoto\/wp-json\/wp\/v2\/media?parent=1447"}],"wp:term":[{"taxonomy":"category","embeddable":true,"href":"https:\/\/blogs.thesocialmedia.com\/leblogmoto\/wp-json\/wp\/v2\/categories?post=1447"},{"taxonomy":"post_tag","embeddable":true,"href":"https:\/\/blogs.thesocialmedia.com\/leblogmoto\/wp-json\/wp\/v2\/tags?post=1447"}],"curies":[{"name":"wp","href":"https:\/\/api.w.org\/{rel}","templated":true}]}}