{"id":1449,"date":"2007-03-26T11:22:21","date_gmt":"2007-03-26T11:22:21","guid":{"rendered":"http:\/\/blogs.thesocialmedia.com\/leblogmoto\/2007\/03\/26\/motoneige-recor\/"},"modified":"2012-07-11T14:37:08","modified_gmt":"2012-07-11T14:37:08","slug":"motoneige-recor","status":"publish","type":"post","link":"https:\/\/blogs.thesocialmedia.com\/leblogmoto\/2007\/03\/26\/motoneige-recor\/","title":{"rendered":"Motoneige : record du Monde de saut"},"content":{"rendered":"<p><a href=\"http:\/\/blogs.thesocialmedia.com\/leblogmoto\/files\/2012\/07\/mercer_1.jpg\"><img loading=\"lazy\" decoding=\"async\" width=\"250\" height=\"164\"  src=\"http:\/\/www.leblogmoto.com\/images\/2007\/03\/26\/mercer_1.jpg\" alt=\"Mercer_1\" style=\"margin: 0px 5px 5px 0px;float: left\" \/><\/a> C\u2019est \u00e0 l\u2019occasion des jeux Winter X 2007 qui se sont d\u00e9roul\u00e9s \u00e0 Steamboat Springs dans le Colorado que le Canadien <a href=\"http:\/\/www.rossmercer.com\/\">Ross Mercer<\/a> \u00e0 pulv\u00e9ris\u00e9 le record du Monde de saut \u00e0 motoneige. Le jeune homme \u00e2g\u00e9 de 25 ans est consid\u00e9r\u00e9 comme l\u2019un des meilleurs pilotes motoneige au Monde. Il l\u2019a confirm\u00e9 en reculant de 5,7 m la plus longue distance jamais franchie en vol avec ce type de machine.<\/p>\n<p><a href=\"http:\/\/clabedan.typepad.com\/.shared\/image.html?\/photos\/uncategorized\/2007\/03\/26\/mercer_2.jpg\"><img loading=\"lazy\" decoding=\"async\" width=\"250\" height=\"287\"  src=\"http:\/\/www.leblogmoto.com\/images\/2007\/03\/26\/mercer_2.jpg\" alt=\"Mercer_2\" style=\"margin: 0px 5px 5px 0px;float: left\" \/><\/a>C\u2019est en effet un saut de 80,3 m (contre 74,6 m) que le Canadien a r\u00e9ussi. Son record figure d\u2019ores et d\u00e9j\u00e0 dans le Guiness-Book.<\/p>\n<p> &quot;Je suis juste all\u00e9 aussi vite que mon engin me le permettait, et j&rsquo;ai d\u00e9pass\u00e9 mes attentes. Aujourd&rsquo;hui, mon objectif \u00e9tait de 76 m mais au moment de me lancer, je ne savais plus vraiment \u00e0 quoi je devais m&rsquo;attendre. Une fois que vous \u00eates parti, ces distances vous paraissent gigantesques surtout lorsque vous essayez de les franchir sur un engin de neige.&quot; , a d\u00e9clar\u00e9  <a href=\"http:\/\/www.rossmercer.com\/\">Ross Mercer<\/a> \u00e0 l&rsquo;arriv\u00e9e.<\/p>\n<p> L\u2019appel de son saut s\u2019est effectu\u00e9 \u00e0 partir d\u2019une rampe ainsi que sa r\u00e9ception. Mercer a touch\u00e9 la rampe d&rsquo;atterrissage \u00e0 la vitesse record de 126 km\/h. Il est vrai que le moteur de son motoneige d\u00e9veloppait la bagatelle de 800 cv.<\/p>\n<p> Le style libre sled-X, tend \u00e0 devenir une discipline \u00e0 part enti\u00e8re, notamment au Canada et en Russie, o\u00f9 il rencontre un immense succ\u00e8s \u00e0 en juger par les 30 000 spectateurs qui s\u2019\u00e9taient r\u00e9cemment d\u00e9plac\u00e9s sur la Place Rouge de Moscou pour assister aux \u00e9preuves Russes.<\/p>\n","protected":false},"excerpt":{"rendered":"<p>C\u2019est \u00e0 l\u2019occasion des jeux Winter X 2007 qui se sont d\u00e9roul\u00e9s \u00e0 Steamboat Springs dans le Colorado que le Canadien Ross Mercer \u00e0 pulv\u00e9ris\u00e9 le record du Monde de saut \u00e0 motoneige. Le jeune homme \u00e2g\u00e9 de 25 ans est consid\u00e9r\u00e9 comme l\u2019un des meilleurs pilotes motoneige au Monde. Il l\u2019a confirm\u00e9 en reculant [&hellip;]<\/p>\n","protected":false},"author":333,"featured_media":0,"comment_status":"open","ping_status":"open","sticky":false,"template":"","format":"standard","meta":{"footnotes":""},"categories":[3],"tags":[],"class_list":["post-1449","post","type-post","status-publish","format-standard","hentry","category-actualite"],"yoast_head":"<!-- This site is optimized with the Yoast SEO plugin v26.0 - https:\/\/yoast.com\/wordpress\/plugins\/seo\/ -->\n<title>Motoneige : record du Monde de saut - leblogmoto.com<\/title>\n<meta name=\"robots\" content=\"index, follow, max-snippet:-1, max-image-preview:large, max-video-preview:-1\" \/>\n<link rel=\"canonical\" href=\"https:\/\/blogs.thesocialmedia.com\/leblogmoto\/2007\/03\/26\/motoneige-recor\/\" \/>\n<meta name=\"twitter:card\" content=\"summary_large_image\" \/>\n<meta name=\"twitter:title\" content=\"Motoneige : record du Monde de saut - leblogmoto.com\" \/>\n<meta name=\"twitter:description\" content=\"C\u2019est \u00e0 l\u2019occasion des jeux Winter X 2007 qui se sont d\u00e9roul\u00e9s \u00e0 Steamboat Springs dans le Colorado que le Canadien Ross Mercer \u00e0 pulv\u00e9ris\u00e9 le record du Monde de saut \u00e0 motoneige. Le jeune homme \u00e2g\u00e9 de 25 ans est consid\u00e9r\u00e9 comme l\u2019un des meilleurs pilotes motoneige au Monde. Il l\u2019a confirm\u00e9 en reculant [&hellip;]\" \/>\n<meta name=\"twitter:image\" content=\"http:\/\/www.leblogmoto.com\/images\/2007\/03\/26\/mercer_1.jpg\" \/>\n<meta name=\"twitter:label1\" content=\"\u00c9crit par\" \/>\n\t<meta name=\"twitter:data1\" content=\"christian tirat\" \/>\n\t<meta name=\"twitter:label2\" content=\"Dur\u00e9e de lecture estim\u00e9e\" \/>\n\t<meta name=\"twitter:data2\" content=\"1 minute\" \/>\n<script type=\"application\/ld+json\" class=\"yoast-schema-graph\">{\"@context\":\"https:\/\/schema.org\",\"@graph\":[{\"@type\":\"WebPage\",\"@id\":\"https:\/\/blogs.thesocialmedia.com\/leblogmoto\/2007\/03\/26\/motoneige-recor\/\",\"url\":\"https:\/\/blogs.thesocialmedia.com\/leblogmoto\/2007\/03\/26\/motoneige-recor\/\",\"name\":\"Motoneige : record du Monde de saut - leblogmoto.com\",\"isPartOf\":{\"@id\":\"https:\/\/blogs.thesocialmedia.com\/leblogmoto\/#website\"},\"primaryImageOfPage\":{\"@id\":\"https:\/\/blogs.thesocialmedia.com\/leblogmoto\/2007\/03\/26\/motoneige-recor\/#primaryimage\"},\"image\":{\"@id\":\"https:\/\/blogs.thesocialmedia.com\/leblogmoto\/2007\/03\/26\/motoneige-recor\/#primaryimage\"},\"thumbnailUrl\":\"http:\/\/www.leblogmoto.com\/images\/2007\/03\/26\/mercer_1.jpg\",\"datePublished\":\"2007-03-26T11:22:21+00:00\",\"dateModified\":\"2012-07-11T14:37:08+00:00\",\"author\":{\"@id\":\"https:\/\/blogs.thesocialmedia.com\/leblogmoto\/#\/schema\/person\/90b2f8fd0d5a2cede2580e95fc79c6c0\"},\"breadcrumb\":{\"@id\":\"https:\/\/blogs.thesocialmedia.com\/leblogmoto\/2007\/03\/26\/motoneige-recor\/#breadcrumb\"},\"inLanguage\":\"fr-FR\",\"potentialAction\":[{\"@type\":\"ReadAction\",\"target\":[\"https:\/\/blogs.thesocialmedia.com\/leblogmoto\/2007\/03\/26\/motoneige-recor\/\"]}]},{\"@type\":\"ImageObject\",\"inLanguage\":\"fr-FR\",\"@id\":\"https:\/\/blogs.thesocialmedia.com\/leblogmoto\/2007\/03\/26\/motoneige-recor\/#primaryimage\",\"url\":\"http:\/\/www.leblogmoto.com\/images\/2007\/03\/26\/mercer_1.jpg\",\"contentUrl\":\"http:\/\/www.leblogmoto.com\/images\/2007\/03\/26\/mercer_1.jpg\"},{\"@type\":\"BreadcrumbList\",\"@id\":\"https:\/\/blogs.thesocialmedia.com\/leblogmoto\/2007\/03\/26\/motoneige-recor\/#breadcrumb\",\"itemListElement\":[{\"@type\":\"ListItem\",\"position\":1,\"name\":\"Accueil\",\"item\":\"https:\/\/blogs.thesocialmedia.com\/leblogmoto\/\"},{\"@type\":\"ListItem\",\"position\":2,\"name\":\"Motoneige : record du Monde de saut\"}]},{\"@type\":\"WebSite\",\"@id\":\"https:\/\/blogs.thesocialmedia.com\/leblogmoto\/#website\",\"url\":\"https:\/\/blogs.thesocialmedia.com\/leblogmoto\/\",\"name\":\"leblogmoto\",\"description\":\"Toute l&#039;actualit\u00e9 des 2 roues\",\"potentialAction\":[{\"@type\":\"SearchAction\",\"target\":{\"@type\":\"EntryPoint\",\"urlTemplate\":\"https:\/\/blogs.thesocialmedia.com\/leblogmoto\/?s={search_term_string}\"},\"query-input\":{\"@type\":\"PropertyValueSpecification\",\"valueRequired\":true,\"valueName\":\"search_term_string\"}}],\"inLanguage\":\"fr-FR\"},{\"@type\":\"Person\",\"@id\":\"https:\/\/blogs.thesocialmedia.com\/leblogmoto\/#\/schema\/person\/90b2f8fd0d5a2cede2580e95fc79c6c0\",\"name\":\"christian tirat\",\"image\":{\"@type\":\"ImageObject\",\"inLanguage\":\"fr-FR\",\"@id\":\"https:\/\/blogs.thesocialmedia.com\/leblogmoto\/#\/schema\/person\/image\/\",\"url\":\"https:\/\/secure.gravatar.com\/avatar\/?s=96&d=mm&r=g\",\"contentUrl\":\"https:\/\/secure.gravatar.com\/avatar\/?s=96&d=mm&r=g\",\"caption\":\"christian tirat\"},\"url\":\"https:\/\/blogs.thesocialmedia.com\/leblogmoto\/author\/christian-tirat\/\"}]}<\/script>\n<!-- \/ Yoast SEO plugin. -->","yoast_head_json":{"title":"Motoneige : record du Monde de saut - leblogmoto.com","robots":{"index":"index","follow":"follow","max-snippet":"max-snippet:-1","max-image-preview":"max-image-preview:large","max-video-preview":"max-video-preview:-1"},"canonical":"https:\/\/blogs.thesocialmedia.com\/leblogmoto\/2007\/03\/26\/motoneige-recor\/","twitter_card":"summary_large_image","twitter_title":"Motoneige : record du Monde de saut - leblogmoto.com","twitter_description":"C\u2019est \u00e0 l\u2019occasion des jeux Winter X 2007 qui se sont d\u00e9roul\u00e9s \u00e0 Steamboat Springs dans le Colorado que le Canadien Ross Mercer \u00e0 pulv\u00e9ris\u00e9 le record du Monde de saut \u00e0 motoneige. Le jeune homme \u00e2g\u00e9 de 25 ans est consid\u00e9r\u00e9 comme l\u2019un des meilleurs pilotes motoneige au Monde. Il l\u2019a confirm\u00e9 en reculant [&hellip;]","twitter_image":"http:\/\/www.leblogmoto.com\/images\/2007\/03\/26\/mercer_1.jpg","twitter_misc":{"\u00c9crit par":"christian tirat","Dur\u00e9e de lecture estim\u00e9e":"1 minute"},"schema":{"@context":"https:\/\/schema.org","@graph":[{"@type":"WebPage","@id":"https:\/\/blogs.thesocialmedia.com\/leblogmoto\/2007\/03\/26\/motoneige-recor\/","url":"https:\/\/blogs.thesocialmedia.com\/leblogmoto\/2007\/03\/26\/motoneige-recor\/","name":"Motoneige : record du Monde de saut - leblogmoto.com","isPartOf":{"@id":"https:\/\/blogs.thesocialmedia.com\/leblogmoto\/#website"},"primaryImageOfPage":{"@id":"https:\/\/blogs.thesocialmedia.com\/leblogmoto\/2007\/03\/26\/motoneige-recor\/#primaryimage"},"image":{"@id":"https:\/\/blogs.thesocialmedia.com\/leblogmoto\/2007\/03\/26\/motoneige-recor\/#primaryimage"},"thumbnailUrl":"http:\/\/www.leblogmoto.com\/images\/2007\/03\/26\/mercer_1.jpg","datePublished":"2007-03-26T11:22:21+00:00","dateModified":"2012-07-11T14:37:08+00:00","author":{"@id":"https:\/\/blogs.thesocialmedia.com\/leblogmoto\/#\/schema\/person\/90b2f8fd0d5a2cede2580e95fc79c6c0"},"breadcrumb":{"@id":"https:\/\/blogs.thesocialmedia.com\/leblogmoto\/2007\/03\/26\/motoneige-recor\/#breadcrumb"},"inLanguage":"fr-FR","potentialAction":[{"@type":"ReadAction","target":["https:\/\/blogs.thesocialmedia.com\/leblogmoto\/2007\/03\/26\/motoneige-recor\/"]}]},{"@type":"ImageObject","inLanguage":"fr-FR","@id":"https:\/\/blogs.thesocialmedia.com\/leblogmoto\/2007\/03\/26\/motoneige-recor\/#primaryimage","url":"http:\/\/www.leblogmoto.com\/images\/2007\/03\/26\/mercer_1.jpg","contentUrl":"http:\/\/www.leblogmoto.com\/images\/2007\/03\/26\/mercer_1.jpg"},{"@type":"BreadcrumbList","@id":"https:\/\/blogs.thesocialmedia.com\/leblogmoto\/2007\/03\/26\/motoneige-recor\/#breadcrumb","itemListElement":[{"@type":"ListItem","position":1,"name":"Accueil","item":"https:\/\/blogs.thesocialmedia.com\/leblogmoto\/"},{"@type":"ListItem","position":2,"name":"Motoneige : record du Monde de saut"}]},{"@type":"WebSite","@id":"https:\/\/blogs.thesocialmedia.com\/leblogmoto\/#website","url":"https:\/\/blogs.thesocialmedia.com\/leblogmoto\/","name":"leblogmoto","description":"Toute l&#039;actualit\u00e9 des 2 roues","potentialAction":[{"@type":"SearchAction","target":{"@type":"EntryPoint","urlTemplate":"https:\/\/blogs.thesocialmedia.com\/leblogmoto\/?s={search_term_string}"},"query-input":{"@type":"PropertyValueSpecification","valueRequired":true,"valueName":"search_term_string"}}],"inLanguage":"fr-FR"},{"@type":"Person","@id":"https:\/\/blogs.thesocialmedia.com\/leblogmoto\/#\/schema\/person\/90b2f8fd0d5a2cede2580e95fc79c6c0","name":"christian tirat","image":{"@type":"ImageObject","inLanguage":"fr-FR","@id":"https:\/\/blogs.thesocialmedia.com\/leblogmoto\/#\/schema\/person\/image\/","url":"https:\/\/secure.gravatar.com\/avatar\/?s=96&d=mm&r=g","contentUrl":"https:\/\/secure.gravatar.com\/avatar\/?s=96&d=mm&r=g","caption":"christian tirat"},"url":"https:\/\/blogs.thesocialmedia.com\/leblogmoto\/author\/christian-tirat\/"}]}},"_links":{"self":[{"href":"https:\/\/blogs.thesocialmedia.com\/leblogmoto\/wp-json\/wp\/v2\/posts\/1449","targetHints":{"allow":["GET"]}}],"collection":[{"href":"https:\/\/blogs.thesocialmedia.com\/leblogmoto\/wp-json\/wp\/v2\/posts"}],"about":[{"href":"https:\/\/blogs.thesocialmedia.com\/leblogmoto\/wp-json\/wp\/v2\/types\/post"}],"author":[{"embeddable":true,"href":"https:\/\/blogs.thesocialmedia.com\/leblogmoto\/wp-json\/wp\/v2\/users\/333"}],"replies":[{"embeddable":true,"href":"https:\/\/blogs.thesocialmedia.com\/leblogmoto\/wp-json\/wp\/v2\/comments?post=1449"}],"version-history":[{"count":2,"href":"https:\/\/blogs.thesocialmedia.com\/leblogmoto\/wp-json\/wp\/v2\/posts\/1449\/revisions"}],"predecessor-version":[{"id":8261,"href":"https:\/\/blogs.thesocialmedia.com\/leblogmoto\/wp-json\/wp\/v2\/posts\/1449\/revisions\/8261"}],"wp:attachment":[{"href":"https:\/\/blogs.thesocialmedia.com\/leblogmoto\/wp-json\/wp\/v2\/media?parent=1449"}],"wp:term":[{"taxonomy":"category","embeddable":true,"href":"https:\/\/blogs.thesocialmedia.com\/leblogmoto\/wp-json\/wp\/v2\/categories?post=1449"},{"taxonomy":"post_tag","embeddable":true,"href":"https:\/\/blogs.thesocialmedia.com\/leblogmoto\/wp-json\/wp\/v2\/tags?post=1449"}],"curies":[{"name":"wp","href":"https:\/\/api.w.org\/{rel}","templated":true}]}}