{"id":145,"date":"2009-05-17T04:29:00","date_gmt":"2009-05-17T04:29:00","guid":{"rendered":"http:\/\/blogs.thesocialmedia.com\/leblogmoto\/2009\/05\/17\/kyalami\/"},"modified":"2012-07-11T17:26:05","modified_gmt":"2012-07-11T17:26:05","slug":"kyalami","status":"publish","type":"post","link":"https:\/\/blogs.thesocialmedia.com\/leblogmoto\/2009\/05\/17\/kyalami\/","title":{"rendered":"Coup double pour Ducati \u00e0 Kyalami"},"content":{"rendered":"<p><a href=\"http:\/\/blogs.thesocialmedia.com\/leblogmoto\/files\/2012\/07\/6a00d83451b18369e201156f99a4a9970c-pi.jpg\"><img decoding=\"async\" alt=\"Ducati\" class=\"at-xid-6a00d83451b18369e201156f99a4a9970c \" src=\"http:\/\/blogs.thesocialmedia.com\/leblogmoto\/files\/2012\/07\/6a00d83451b18369e201156f99a4a9970c-500wi.jpg\" \/><\/a> <\/p>\n<p>Apr\u00e8s trois \u00e9preuves disput\u00e9es en Europe et moins d&#039;une semaine apr\u00e8s l&#039;excitante <a href=\"http:\/\/blogs.thesocialmedia.com\/leblogmoto\/files\/2012\/07\/ben-spies-.html_.png\" target=\"_blank\">course de Monza<\/a>, le championnat Superbike posait ses valises en Afrique du Sud, sur le circuit surchauff\u00e9 de Kyalami et son plateau situ\u00e9 \u00e0 1500 m d&#039;altitude&#8230;<\/p>\n<p><a href=\"http:\/\/clabedan.typepad.com\/.a\/6a00d83451b18369e201156f91bdde970c-pi\"><img decoding=\"async\" alt=\"Superbikes\" class=\"at-xid-6a00d83451b18369e201156f91bdde970c \" src=\"http:\/\/blogs.thesocialmedia.com\/leblogmoto\/files\/2012\/07\/6a00d83451b18369e201156f91bdde970c-500wi.jpg\" \/><\/a> <\/p>\n<p>La semaine derni\u00e8re la <a href=\"http:\/\/blogs.thesocialmedia.com\/leblogmoto\/files\/2012\/07\/ben-spies-.html_.png\" target=\"_blank\">premi\u00e8re course<\/a> a \u00e9t\u00e9 marqu\u00e9 par un accident de Max Neukirchner qui sera absent pour deux mois, probablement de retour pour la derni\u00e8re course avant la coupure estivale sur le circuit de Brno. Il est remplac\u00e9 par Fonsi Nieto qui fera son possible pour limiter la casse pour le Team Alstare. M\u00eame si Fonsi Nieto n&#039;a pas roul\u00e9 beaucoup sur la version 2009 de la GSXR 1000 du team il pourra compter sur l&#039;aide de son ami <span style=\"font-size: 10pt\">Yukio Kagayama, l&#039;autre pilote de l&#039;\u00e9quipe avec qui il s&#039;entend bien puisqu&#039;ils ont d\u00e9j\u00e0 roul\u00e9 ensemble au sein de la m\u00eame \u00e9quipe.<\/span><\/p>\n<p><span style=\"font-size: 10pt\">Toujours du c\u00f4t\u00e9 des bless\u00e9s chez Ducati forfait de Brendan Roberts, le moins touch\u00e9 de tous c\u00e8de quand m\u00eame sa place par s\u00e9curit\u00e9 \u00e0 Gregorio Lavilla qui roulera avec Jakob Smrz. Chez Kawasaki c&#039;est Sheridan Morais, un sud-africain, qui remplace <\/span>Makoto Tamada. <\/p>\n<p><a href=\"http:\/\/clabedan.typepad.com\/.a\/6a00d83451b18369e201156f99b1ad970c-pi\"><img decoding=\"async\" alt=\"Kyalami\" class=\"at-xid-6a00d83451b18369e201156f99b1ad970c \" src=\"http:\/\/blogs.thesocialmedia.com\/leblogmoto\/files\/2012\/07\/6a00d83451b18369e201156f99b1ad970c-500wi.jpg\" \/><\/a> <\/p>\n<p>Troy Corser, assom\u00e9 la semaine derni\u00e8re au d\u00e9part par une moto est lui aussi absent temporairement et laisse sa place aupr\u00e8s de Rubens Xaus \u00e0 Steve Martin. <\/p>\n<p><a href=\"http:\/\/blogs.thesocialmedia.com\/leblogmoto\/files\/2012\/07\/6a00d83451b18369e2011570923d70970b-pi.jpg\"><img decoding=\"async\" alt=\"Spies Kyalami 2009\" class=\"at-xid-6a00d83451b18369e2011570923d70970b \" src=\"http:\/\/blogs.thesocialmedia.com\/leblogmoto\/files\/2012\/07\/6a00d83451b18369e2011570923d70970b-500wi.jpg\" \/><\/a><\/p>\n<\/p>\n<p>En <strong>premi\u00e8re manche<\/strong>, c&#039;est Haga qui remporte la course et sa 5\u00e8me victoire de la saison. Derri\u00e8re sur le podium Michel Fabrizio l&#039;emporte de peu devant Ben Spies.<\/p>\n<p>Belle bagarre entre Max Biaggi et Jonathan Rea pour la quatri\u00e8me place. Biaggi se fera distancer dans le trafic et finit 5\u00e8me devant Carlos Checa et Shinya Nakano. Chutes de Ruben Xaus et Leon Haslam. Gregory Lavilla place sa Ducati \u00e0 la 11\u00e8me place, Sheridan Morais termine 13\u00e8me.&#160; Fonsi Nieto finit 16\u00e8me et ne marque pas de point.<\/p>\n<p><object height=\"344\" width=\"485\"><param name=\"movie\" value=\"http:\/\/www.youtube.com\/v\/9SOrkgY_WFw&amp;hl=en&amp;fs=1\" \/><param name=\"allowFullScreen\" value=\"true\" \/><param name=\"allowscriptaccess\" value=\"always\" \/><embed height=\"344\" src=\"http:\/\/www.youtube.com\/v\/9SOrkgY_WFw&amp;hl=en&amp;fs=1\" type=\"application\/x-shockwave-flash\" width=\"485\" \/><\/object> <\/p>\n<p>La <strong>seconde manche<\/strong> est marqu\u00e9 par l&#039;abandon (la poisse) de Ben Spies, sa moto tombe en panne de s\u00e9lecteur alors qu&#039;il \u00e9tait en t\u00eate. Il laisse le champ libre aux deux co \u00e9quipiers Ducati qui en profitent pour faire le spectacle en t\u00eate. Premier podium de sa carri\u00e8re pour Jonathan Rea. Leon Haslam se rattrape de sa chute en premi\u00e8re manche et finit 4\u00e8me.&#160; A noter la vitesse de pointe en course de 255 km\/h pour l&#039;Aprilia RSV4 de Max Biaggi. <\/p>\n<p><a href=\"http:\/\/blogs.thesocialmedia.com\/leblogmoto\/files\/2012\/07\/6a00d83451b18369e201156f9f604d970c-pi.jpg\"><img decoding=\"async\" alt=\"Kyalami\" class=\"at-xid-6a00d83451b18369e201156f9f604d970c \" src=\"http:\/\/blogs.thesocialmedia.com\/leblogmoto\/files\/2012\/07\/6a00d83451b18369e201156f9f604d970c-500wi.jpg\" \/><\/a> <\/p>\n<p>Ben Spies est le grand perdant du week end avec un probl\u00e8me m\u00e9canique en seconde manche. Il perd gros au championnat m\u00eame s&#039;il a limit\u00e9 la casse avec une 3\u00e8me place dans la premi\u00e8re manche. <\/p>\n<p>Carlos Checa finit 6\u00e8me aux deux courses sur sa Honda, tout comme Shinya Nakano qui obtient la m\u00eame 7\u00e8me place aux deux courses sur son Aprilia. <\/p>\n<p>C\u00f4t\u00e9 rempla\u00e7ants Sheridan Morais place sa Kawasaki \u00e0 la 11\u00e8me place. Fonsi Nieto finit 15\u00e8me et marque un petit point.<\/p>\n<p><object height=\"344\" width=\"485\"><param name=\"movie\" value=\"http:\/\/www.youtube.com\/v\/ORn5wR8DBE0&amp;hl=en&amp;fs=1\" \/><param name=\"allowFullScreen\" value=\"true\" \/><param name=\"allowscriptaccess\" value=\"always\" \/><embed height=\"344\" src=\"http:\/\/www.youtube.com\/v\/ORn5wR8DBE0&amp;hl=en&amp;fs=1\" type=\"application\/x-shockwave-flash\" width=\"485\" \/><\/object><\/p>\n<p><a href=\"http:\/\/blogs.thesocialmedia.com\/leblogmoto\/files\/2012\/07\/6a00d83451b18369e201156f99b1de970c-pi.jpg\"><img decoding=\"async\" alt=\"84\" class=\"at-xid-6a00d83451b18369e201156f99b1de970c \" src=\"http:\/\/blogs.thesocialmedia.com\/leblogmoto\/files\/2012\/07\/6a00d83451b18369e201156f99b1de970c-500wi.jpg\" \/><\/a> <\/p>\n<p>Un bon week end pour Ducati qui marque le maximum de points possibles en pla\u00e7ant par deux fois ses pilotes sur les deux plus hautes marches du podium. Tristes prestations pour les nouveaux pilotes remplacants qui manquent de roulage mais devraient bient\u00f4t \u00eatre \u00e0 la hauteur de leurs promesses.<\/p>\n<p>Au classement des pilotes, Noriyuki Haga est premier avec 250 points devant son co \u00e9quipier Michel Fabrizio (165 points) et Ben Spies (162 points).<\/p>\n<p>Au classement constructeurs Ducati devance Yamaha et Honda, Aprilia est 4\u00e8me.<\/p>\n<p>Prochaine \u00e9tape le 29 mai aux Etats Unis. Nous vous tiendrons \u00e9videmment au courant d\u00e8s que possible de l&#039;\u00e9tat de sant\u00e9 de <a href=\"http:\/\/www.leblogmoto.com\/2009\/05\/regis-laconi-en-coma-artificiel.html\" target=\"_blank\">R\u00e9gis Laconi<\/a>&#8230;<\/p>\n","protected":false},"excerpt":{"rendered":"<p>Apr\u00e8s trois \u00e9preuves disput\u00e9es en Europe et moins d&#039;une semaine apr\u00e8s l&#039;excitante course de Monza, le championnat Superbike posait ses valises en Afrique du Sud, sur le circuit surchauff\u00e9 de Kyalami et son plateau situ\u00e9 \u00e0 1500 m d&#039;altitude&#8230; La semaine derni\u00e8re la premi\u00e8re course a \u00e9t\u00e9 marqu\u00e9 par un accident de Max Neukirchner qui [&hellip;]<\/p>\n","protected":false},"author":323,"featured_media":13556,"comment_status":"open","ping_status":"open","sticky":false,"template":"","format":"standard","meta":{"footnotes":""},"categories":[3,43],"tags":[],"class_list":["post-145","post","type-post","status-publish","format-standard","has-post-thumbnail","hentry","category-actualite","category-wsbk"],"yoast_head":"<!-- This site is optimized with the Yoast SEO plugin v26.0 - https:\/\/yoast.com\/wordpress\/plugins\/seo\/ -->\n<title>Coup double pour Ducati \u00e0 Kyalami - leblogmoto.com<\/title>\n<meta name=\"robots\" content=\"index, follow, max-snippet:-1, max-image-preview:large, max-video-preview:-1\" \/>\n<link rel=\"canonical\" href=\"https:\/\/blogs.thesocialmedia.com\/leblogmoto\/2009\/05\/17\/kyalami\/\" \/>\n<meta name=\"twitter:card\" content=\"summary_large_image\" \/>\n<meta name=\"twitter:title\" content=\"Coup double pour Ducati \u00e0 Kyalami - leblogmoto.com\" \/>\n<meta name=\"twitter:description\" content=\"Apr\u00e8s trois \u00e9preuves disput\u00e9es en Europe et moins d&#039;une semaine apr\u00e8s l&#039;excitante course de Monza, le championnat Superbike posait ses valises en Afrique du Sud, sur le circuit surchauff\u00e9 de Kyalami et son plateau situ\u00e9 \u00e0 1500 m d&#039;altitude&#8230; La semaine derni\u00e8re la premi\u00e8re course a \u00e9t\u00e9 marqu\u00e9 par un accident de Max Neukirchner qui [&hellip;]\" \/>\n<meta name=\"twitter:image\" content=\"https:\/\/blogs.thesocialmedia.com\/leblogmoto\/files\/2012\/07\/6a00d83451b18369e201156f99a4a9970c-500wi.jpg\" \/>\n<meta name=\"twitter:label1\" content=\"\u00c9crit par\" \/>\n\t<meta name=\"twitter:data1\" content=\"albin le guyader\" \/>\n\t<meta name=\"twitter:label2\" content=\"Dur\u00e9e de lecture estim\u00e9e\" \/>\n\t<meta name=\"twitter:data2\" content=\"3 minutes\" \/>\n<script type=\"application\/ld+json\" class=\"yoast-schema-graph\">{\"@context\":\"https:\/\/schema.org\",\"@graph\":[{\"@type\":\"WebPage\",\"@id\":\"https:\/\/blogs.thesocialmedia.com\/leblogmoto\/2009\/05\/17\/kyalami\/\",\"url\":\"https:\/\/blogs.thesocialmedia.com\/leblogmoto\/2009\/05\/17\/kyalami\/\",\"name\":\"Coup double pour Ducati \u00e0 Kyalami - leblogmoto.com\",\"isPartOf\":{\"@id\":\"https:\/\/blogs.thesocialmedia.com\/leblogmoto\/#website\"},\"primaryImageOfPage\":{\"@id\":\"https:\/\/blogs.thesocialmedia.com\/leblogmoto\/2009\/05\/17\/kyalami\/#primaryimage\"},\"image\":{\"@id\":\"https:\/\/blogs.thesocialmedia.com\/leblogmoto\/2009\/05\/17\/kyalami\/#primaryimage\"},\"thumbnailUrl\":\"https:\/\/blogs.thesocialmedia.com\/leblogmoto\/files\/2012\/07\/6a00d83451b18369e201156f99a4a9970c-500wi.jpg\",\"datePublished\":\"2009-05-17T04:29:00+00:00\",\"dateModified\":\"2012-07-11T17:26:05+00:00\",\"author\":{\"@id\":\"https:\/\/blogs.thesocialmedia.com\/leblogmoto\/#\/schema\/person\/b496d27c898c29a39678e2425cafb9ae\"},\"breadcrumb\":{\"@id\":\"https:\/\/blogs.thesocialmedia.com\/leblogmoto\/2009\/05\/17\/kyalami\/#breadcrumb\"},\"inLanguage\":\"fr-FR\",\"potentialAction\":[{\"@type\":\"ReadAction\",\"target\":[\"https:\/\/blogs.thesocialmedia.com\/leblogmoto\/2009\/05\/17\/kyalami\/\"]}]},{\"@type\":\"ImageObject\",\"inLanguage\":\"fr-FR\",\"@id\":\"https:\/\/blogs.thesocialmedia.com\/leblogmoto\/2009\/05\/17\/kyalami\/#primaryimage\",\"url\":\"https:\/\/blogs.thesocialmedia.com\/leblogmoto\/files\/2012\/07\/6a00d83451b18369e201156f99a4a9970c-500wi.jpg\",\"contentUrl\":\"https:\/\/blogs.thesocialmedia.com\/leblogmoto\/files\/2012\/07\/6a00d83451b18369e201156f99a4a9970c-500wi.jpg\",\"width\":\"500\",\"height\":\"306\"},{\"@type\":\"BreadcrumbList\",\"@id\":\"https:\/\/blogs.thesocialmedia.com\/leblogmoto\/2009\/05\/17\/kyalami\/#breadcrumb\",\"itemListElement\":[{\"@type\":\"ListItem\",\"position\":1,\"name\":\"Accueil\",\"item\":\"https:\/\/blogs.thesocialmedia.com\/leblogmoto\/\"},{\"@type\":\"ListItem\",\"position\":2,\"name\":\"Coup double pour Ducati \u00e0 Kyalami\"}]},{\"@type\":\"WebSite\",\"@id\":\"https:\/\/blogs.thesocialmedia.com\/leblogmoto\/#website\",\"url\":\"https:\/\/blogs.thesocialmedia.com\/leblogmoto\/\",\"name\":\"leblogmoto\",\"description\":\"Toute l&#039;actualit\u00e9 des 2 roues\",\"potentialAction\":[{\"@type\":\"SearchAction\",\"target\":{\"@type\":\"EntryPoint\",\"urlTemplate\":\"https:\/\/blogs.thesocialmedia.com\/leblogmoto\/?s={search_term_string}\"},\"query-input\":{\"@type\":\"PropertyValueSpecification\",\"valueRequired\":true,\"valueName\":\"search_term_string\"}}],\"inLanguage\":\"fr-FR\"},{\"@type\":\"Person\",\"@id\":\"https:\/\/blogs.thesocialmedia.com\/leblogmoto\/#\/schema\/person\/b496d27c898c29a39678e2425cafb9ae\",\"name\":\"albin le guyader\",\"image\":{\"@type\":\"ImageObject\",\"inLanguage\":\"fr-FR\",\"@id\":\"https:\/\/blogs.thesocialmedia.com\/leblogmoto\/#\/schema\/person\/image\/\",\"url\":\"https:\/\/secure.gravatar.com\/avatar\/?s=96&d=mm&r=g\",\"contentUrl\":\"https:\/\/secure.gravatar.com\/avatar\/?s=96&d=mm&r=g\",\"caption\":\"albin le guyader\"},\"url\":\"https:\/\/blogs.thesocialmedia.com\/leblogmoto\/author\/albin-le-guyader\/\"}]}<\/script>\n<!-- \/ Yoast SEO plugin. -->","yoast_head_json":{"title":"Coup double pour Ducati \u00e0 Kyalami - leblogmoto.com","robots":{"index":"index","follow":"follow","max-snippet":"max-snippet:-1","max-image-preview":"max-image-preview:large","max-video-preview":"max-video-preview:-1"},"canonical":"https:\/\/blogs.thesocialmedia.com\/leblogmoto\/2009\/05\/17\/kyalami\/","twitter_card":"summary_large_image","twitter_title":"Coup double pour Ducati \u00e0 Kyalami - leblogmoto.com","twitter_description":"Apr\u00e8s trois \u00e9preuves disput\u00e9es en Europe et moins d&#039;une semaine apr\u00e8s l&#039;excitante course de Monza, le championnat Superbike posait ses valises en Afrique du Sud, sur le circuit surchauff\u00e9 de Kyalami et son plateau situ\u00e9 \u00e0 1500 m d&#039;altitude&#8230; La semaine derni\u00e8re la premi\u00e8re course a \u00e9t\u00e9 marqu\u00e9 par un accident de Max Neukirchner qui [&hellip;]","twitter_image":"https:\/\/blogs.thesocialmedia.com\/leblogmoto\/files\/2012\/07\/6a00d83451b18369e201156f99a4a9970c-500wi.jpg","twitter_misc":{"\u00c9crit par":"albin le guyader","Dur\u00e9e de lecture estim\u00e9e":"3 minutes"},"schema":{"@context":"https:\/\/schema.org","@graph":[{"@type":"WebPage","@id":"https:\/\/blogs.thesocialmedia.com\/leblogmoto\/2009\/05\/17\/kyalami\/","url":"https:\/\/blogs.thesocialmedia.com\/leblogmoto\/2009\/05\/17\/kyalami\/","name":"Coup double pour Ducati \u00e0 Kyalami - leblogmoto.com","isPartOf":{"@id":"https:\/\/blogs.thesocialmedia.com\/leblogmoto\/#website"},"primaryImageOfPage":{"@id":"https:\/\/blogs.thesocialmedia.com\/leblogmoto\/2009\/05\/17\/kyalami\/#primaryimage"},"image":{"@id":"https:\/\/blogs.thesocialmedia.com\/leblogmoto\/2009\/05\/17\/kyalami\/#primaryimage"},"thumbnailUrl":"https:\/\/blogs.thesocialmedia.com\/leblogmoto\/files\/2012\/07\/6a00d83451b18369e201156f99a4a9970c-500wi.jpg","datePublished":"2009-05-17T04:29:00+00:00","dateModified":"2012-07-11T17:26:05+00:00","author":{"@id":"https:\/\/blogs.thesocialmedia.com\/leblogmoto\/#\/schema\/person\/b496d27c898c29a39678e2425cafb9ae"},"breadcrumb":{"@id":"https:\/\/blogs.thesocialmedia.com\/leblogmoto\/2009\/05\/17\/kyalami\/#breadcrumb"},"inLanguage":"fr-FR","potentialAction":[{"@type":"ReadAction","target":["https:\/\/blogs.thesocialmedia.com\/leblogmoto\/2009\/05\/17\/kyalami\/"]}]},{"@type":"ImageObject","inLanguage":"fr-FR","@id":"https:\/\/blogs.thesocialmedia.com\/leblogmoto\/2009\/05\/17\/kyalami\/#primaryimage","url":"https:\/\/blogs.thesocialmedia.com\/leblogmoto\/files\/2012\/07\/6a00d83451b18369e201156f99a4a9970c-500wi.jpg","contentUrl":"https:\/\/blogs.thesocialmedia.com\/leblogmoto\/files\/2012\/07\/6a00d83451b18369e201156f99a4a9970c-500wi.jpg","width":"500","height":"306"},{"@type":"BreadcrumbList","@id":"https:\/\/blogs.thesocialmedia.com\/leblogmoto\/2009\/05\/17\/kyalami\/#breadcrumb","itemListElement":[{"@type":"ListItem","position":1,"name":"Accueil","item":"https:\/\/blogs.thesocialmedia.com\/leblogmoto\/"},{"@type":"ListItem","position":2,"name":"Coup double pour Ducati \u00e0 Kyalami"}]},{"@type":"WebSite","@id":"https:\/\/blogs.thesocialmedia.com\/leblogmoto\/#website","url":"https:\/\/blogs.thesocialmedia.com\/leblogmoto\/","name":"leblogmoto","description":"Toute l&#039;actualit\u00e9 des 2 roues","potentialAction":[{"@type":"SearchAction","target":{"@type":"EntryPoint","urlTemplate":"https:\/\/blogs.thesocialmedia.com\/leblogmoto\/?s={search_term_string}"},"query-input":{"@type":"PropertyValueSpecification","valueRequired":true,"valueName":"search_term_string"}}],"inLanguage":"fr-FR"},{"@type":"Person","@id":"https:\/\/blogs.thesocialmedia.com\/leblogmoto\/#\/schema\/person\/b496d27c898c29a39678e2425cafb9ae","name":"albin le guyader","image":{"@type":"ImageObject","inLanguage":"fr-FR","@id":"https:\/\/blogs.thesocialmedia.com\/leblogmoto\/#\/schema\/person\/image\/","url":"https:\/\/secure.gravatar.com\/avatar\/?s=96&d=mm&r=g","contentUrl":"https:\/\/secure.gravatar.com\/avatar\/?s=96&d=mm&r=g","caption":"albin le guyader"},"url":"https:\/\/blogs.thesocialmedia.com\/leblogmoto\/author\/albin-le-guyader\/"}]}},"_links":{"self":[{"href":"https:\/\/blogs.thesocialmedia.com\/leblogmoto\/wp-json\/wp\/v2\/posts\/145","targetHints":{"allow":["GET"]}}],"collection":[{"href":"https:\/\/blogs.thesocialmedia.com\/leblogmoto\/wp-json\/wp\/v2\/posts"}],"about":[{"href":"https:\/\/blogs.thesocialmedia.com\/leblogmoto\/wp-json\/wp\/v2\/types\/post"}],"author":[{"embeddable":true,"href":"https:\/\/blogs.thesocialmedia.com\/leblogmoto\/wp-json\/wp\/v2\/users\/323"}],"replies":[{"embeddable":true,"href":"https:\/\/blogs.thesocialmedia.com\/leblogmoto\/wp-json\/wp\/v2\/comments?post=145"}],"version-history":[{"count":2,"href":"https:\/\/blogs.thesocialmedia.com\/leblogmoto\/wp-json\/wp\/v2\/posts\/145\/revisions"}],"predecessor-version":[{"id":13566,"href":"https:\/\/blogs.thesocialmedia.com\/leblogmoto\/wp-json\/wp\/v2\/posts\/145\/revisions\/13566"}],"wp:featuredmedia":[{"embeddable":true,"href":"https:\/\/blogs.thesocialmedia.com\/leblogmoto\/wp-json\/wp\/v2\/media\/13556"}],"wp:attachment":[{"href":"https:\/\/blogs.thesocialmedia.com\/leblogmoto\/wp-json\/wp\/v2\/media?parent=145"}],"wp:term":[{"taxonomy":"category","embeddable":true,"href":"https:\/\/blogs.thesocialmedia.com\/leblogmoto\/wp-json\/wp\/v2\/categories?post=145"},{"taxonomy":"post_tag","embeddable":true,"href":"https:\/\/blogs.thesocialmedia.com\/leblogmoto\/wp-json\/wp\/v2\/tags?post=145"}],"curies":[{"name":"wp","href":"https:\/\/api.w.org\/{rel}","templated":true}]}}