{"id":1451,"date":"2007-03-25T23:50:47","date_gmt":"2007-03-25T23:50:47","guid":{"rendered":"http:\/\/blogs.thesocialmedia.com\/leblogmoto\/2007\/03\/25\/salon-de-la-mot-2-2\/"},"modified":"2012-07-11T14:37:01","modified_gmt":"2012-07-11T14:37:01","slug":"salon-de-la-mot-2-2","status":"publish","type":"post","link":"https:\/\/blogs.thesocialmedia.com\/leblogmoto\/2007\/03\/25\/salon-de-la-mot-2-2\/","title":{"rendered":"Salon de la Moto des Alpes 2007 : Compte-rendu 2\u00e8me partie"},"content":{"rendered":"<p><a href=\"http:\/\/blogs.thesocialmedia.com\/leblogmoto\/files\/2012\/07\/p1030818.jpg\"><img loading=\"lazy\" decoding=\"async\" height=\"187\" alt=\"P1030818\" src=\"http:\/\/www.leblogmoto.com\/images\/2007\/03\/25\/p1030818.jpg\" width=\"250\"  \/><\/a> Durant ce <a href=\"http:\/\/blogs.thesocialmedia.com\/leblogmoto\/files\/2012\/07\/post.html_3.png\">Salon de la Moto des Alpes 2007<\/a>, il y avait aussi du tuning. Passant par la mode am\u00e9ricaine avec un style <a href=\"http:\/\/fr.wikipedia.org\/wiki\/Harley_Davidson\">Harley-Davidson<\/a> (custom) exacerb\u00e9, cette moto repr\u00e9sente une des oeuvres pr\u00e9sent\u00e9e au Salon. Notons le pneu arri\u00e8re qui est assez pro\u00e9minent (a\u00efe la facture quand il va falloir le changer), cette moto a un style qui peut plaire (ou pas&#8230;), mais ne laissera pas sans r\u00e9action. Ces motos viennent du Mort&rsquo;M Garage qui r\u00e9alise encore beaucoup d&rsquo;autres oeuvres de ce style.<\/p>\n<p><a href=\"http:\/\/clabedan.typepad.com\/.shared\/image.html?\/photos\/uncategorized\/2007\/03\/25\/p1030841.jpg\"><img loading=\"lazy\" decoding=\"async\" height=\"187\" alt=\"P1030841\" src=\"http:\/\/www.leblogmoto.com\/images\/2007\/03\/25\/p1030841.jpg\" width=\"250\"  \/><\/a> Du c\u00f4t\u00e9 du tuning, il y avait aussi des peintures personnalis\u00e9es dont en voici un exemple avec cette femme sur un reservoir. <a href=\"http:\/\/blogs.thesocialmedia.com\/leblogmoto\/files\/2012\/07\/p1030838.jpg\"><img loading=\"lazy\" decoding=\"async\" height=\"187\" alt=\"P1030838\" src=\"http:\/\/www.leblogmoto.com\/images\/2007\/03\/25\/p1030838.jpg\" width=\"250\"  \/><\/a> D&rsquo;autres peintures personnalis\u00e9es, dont une Z750 couleur cam\u00e9l\u00e9on \u00e9tait propos\u00e9 sur le stand Espace <a href=\"http:\/\/fr.wikipedia.org\/wiki\/Tuning\">Tuning<\/a> Metamorphose.<\/p>\n<p><a href=\"http:\/\/clabedan.typepad.com\/.shared\/image.html?\/photos\/uncategorized\/2007\/03\/25\/p1030835.jpg\"><img loading=\"lazy\" decoding=\"async\" height=\"187\" alt=\"P1030835\" src=\"http:\/\/www.leblogmoto.com\/images\/2007\/03\/25\/p1030835.jpg\" width=\"250\"  \/><\/a> Les anciennes ne sont pas en restes. Quelques unes \u00e9taient l\u00e0 pour rappeler que la moto ne s&rsquo;est pas faite toute seule et que la route a \u00e9t\u00e9 longue pour que maintenant nous ayons des sportives avec un rapport <a href=\"http:\/\/fr.wikipedia.org\/wiki\/Poids\">poids<\/a>\/<a href=\"http:\/\/fr.wikipedia.org\/wiki\/Puissance\">puissance<\/a> d\u00e9fiant toute imagination.<a href=\"http:\/\/clabedan.typepad.com\/.shared\/image.html?\/photos\/uncategorized\/2007\/03\/25\/p1030973.jpg\"><img loading=\"lazy\" decoding=\"async\" height=\"187\" alt=\"P1030973\" src=\"http:\/\/www.leblogmoto.com\/images\/2007\/03\/25\/p1030973.jpg\" width=\"250\"  \/><\/a> <br \/>Notons aussi la pr\u00e9sence des nouvelles <a href=\"http:\/\/fr.wikipedia.org\/wiki\/Yamaha\">Yamaha<\/a> FJR 1300 de la Police Nationale, en esp\u00e9rant que vous ne tomberez pas nez \u00e0 nez avec elle.<\/p>\n<p>Photos : Olivier B.<\/p>\n","protected":false},"excerpt":{"rendered":"<p>Durant ce Salon de la Moto des Alpes 2007, il y avait aussi du tuning. Passant par la mode am\u00e9ricaine avec un style Harley-Davidson (custom) exacerb\u00e9, cette moto repr\u00e9sente une des oeuvres pr\u00e9sent\u00e9e au Salon. Notons le pneu arri\u00e8re qui est assez pro\u00e9minent (a\u00efe la facture quand il va falloir le changer), cette moto a [&hellip;]<\/p>\n","protected":false},"author":329,"featured_media":0,"comment_status":"open","ping_status":"open","sticky":false,"template":"","format":"standard","meta":{"footnotes":""},"categories":[36],"tags":[],"class_list":["post-1451","post","type-post","status-publish","format-standard","hentry","category-salons"],"yoast_head":"<!-- This site is optimized with the Yoast SEO plugin v26.0 - https:\/\/yoast.com\/wordpress\/plugins\/seo\/ -->\n<title>Salon de la Moto des Alpes 2007 : Compte-rendu 2\u00e8me partie - leblogmoto.com<\/title>\n<meta name=\"robots\" content=\"index, follow, max-snippet:-1, max-image-preview:large, max-video-preview:-1\" \/>\n<link rel=\"canonical\" href=\"https:\/\/blogs.thesocialmedia.com\/leblogmoto\/2007\/03\/25\/salon-de-la-mot-2-2\/\" \/>\n<meta name=\"twitter:card\" content=\"summary_large_image\" \/>\n<meta name=\"twitter:title\" content=\"Salon de la Moto des Alpes 2007 : Compte-rendu 2\u00e8me partie - leblogmoto.com\" \/>\n<meta name=\"twitter:description\" content=\"Durant ce Salon de la Moto des Alpes 2007, il y avait aussi du tuning. Passant par la mode am\u00e9ricaine avec un style Harley-Davidson (custom) exacerb\u00e9, cette moto repr\u00e9sente une des oeuvres pr\u00e9sent\u00e9e au Salon. Notons le pneu arri\u00e8re qui est assez pro\u00e9minent (a\u00efe la facture quand il va falloir le changer), cette moto a [&hellip;]\" \/>\n<meta name=\"twitter:image\" content=\"http:\/\/www.leblogmoto.com\/images\/2007\/03\/25\/p1030818.jpg\" \/>\n<meta name=\"twitter:label1\" content=\"\u00c9crit par\" \/>\n\t<meta name=\"twitter:data1\" content=\"gregory boucaud\" \/>\n\t<meta name=\"twitter:label2\" content=\"Dur\u00e9e de lecture estim\u00e9e\" \/>\n\t<meta name=\"twitter:data2\" content=\"1 minute\" \/>\n<script type=\"application\/ld+json\" class=\"yoast-schema-graph\">{\"@context\":\"https:\/\/schema.org\",\"@graph\":[{\"@type\":\"WebPage\",\"@id\":\"https:\/\/blogs.thesocialmedia.com\/leblogmoto\/2007\/03\/25\/salon-de-la-mot-2-2\/\",\"url\":\"https:\/\/blogs.thesocialmedia.com\/leblogmoto\/2007\/03\/25\/salon-de-la-mot-2-2\/\",\"name\":\"Salon de la Moto des Alpes 2007 : Compte-rendu 2\u00e8me partie - leblogmoto.com\",\"isPartOf\":{\"@id\":\"https:\/\/blogs.thesocialmedia.com\/leblogmoto\/#website\"},\"primaryImageOfPage\":{\"@id\":\"https:\/\/blogs.thesocialmedia.com\/leblogmoto\/2007\/03\/25\/salon-de-la-mot-2-2\/#primaryimage\"},\"image\":{\"@id\":\"https:\/\/blogs.thesocialmedia.com\/leblogmoto\/2007\/03\/25\/salon-de-la-mot-2-2\/#primaryimage\"},\"thumbnailUrl\":\"http:\/\/www.leblogmoto.com\/images\/2007\/03\/25\/p1030818.jpg\",\"datePublished\":\"2007-03-25T23:50:47+00:00\",\"dateModified\":\"2012-07-11T14:37:01+00:00\",\"author\":{\"@id\":\"https:\/\/blogs.thesocialmedia.com\/leblogmoto\/#\/schema\/person\/769623f89741cc3381675029a37764f8\"},\"breadcrumb\":{\"@id\":\"https:\/\/blogs.thesocialmedia.com\/leblogmoto\/2007\/03\/25\/salon-de-la-mot-2-2\/#breadcrumb\"},\"inLanguage\":\"fr-FR\",\"potentialAction\":[{\"@type\":\"ReadAction\",\"target\":[\"https:\/\/blogs.thesocialmedia.com\/leblogmoto\/2007\/03\/25\/salon-de-la-mot-2-2\/\"]}]},{\"@type\":\"ImageObject\",\"inLanguage\":\"fr-FR\",\"@id\":\"https:\/\/blogs.thesocialmedia.com\/leblogmoto\/2007\/03\/25\/salon-de-la-mot-2-2\/#primaryimage\",\"url\":\"http:\/\/www.leblogmoto.com\/images\/2007\/03\/25\/p1030818.jpg\",\"contentUrl\":\"http:\/\/www.leblogmoto.com\/images\/2007\/03\/25\/p1030818.jpg\"},{\"@type\":\"BreadcrumbList\",\"@id\":\"https:\/\/blogs.thesocialmedia.com\/leblogmoto\/2007\/03\/25\/salon-de-la-mot-2-2\/#breadcrumb\",\"itemListElement\":[{\"@type\":\"ListItem\",\"position\":1,\"name\":\"Accueil\",\"item\":\"https:\/\/blogs.thesocialmedia.com\/leblogmoto\/\"},{\"@type\":\"ListItem\",\"position\":2,\"name\":\"Salon de la Moto des Alpes 2007 : Compte-rendu 2\u00e8me partie\"}]},{\"@type\":\"WebSite\",\"@id\":\"https:\/\/blogs.thesocialmedia.com\/leblogmoto\/#website\",\"url\":\"https:\/\/blogs.thesocialmedia.com\/leblogmoto\/\",\"name\":\"leblogmoto\",\"description\":\"Toute l&#039;actualit\u00e9 des 2 roues\",\"potentialAction\":[{\"@type\":\"SearchAction\",\"target\":{\"@type\":\"EntryPoint\",\"urlTemplate\":\"https:\/\/blogs.thesocialmedia.com\/leblogmoto\/?s={search_term_string}\"},\"query-input\":{\"@type\":\"PropertyValueSpecification\",\"valueRequired\":true,\"valueName\":\"search_term_string\"}}],\"inLanguage\":\"fr-FR\"},{\"@type\":\"Person\",\"@id\":\"https:\/\/blogs.thesocialmedia.com\/leblogmoto\/#\/schema\/person\/769623f89741cc3381675029a37764f8\",\"name\":\"gregory boucaud\",\"image\":{\"@type\":\"ImageObject\",\"inLanguage\":\"fr-FR\",\"@id\":\"https:\/\/blogs.thesocialmedia.com\/leblogmoto\/#\/schema\/person\/image\/\",\"url\":\"https:\/\/secure.gravatar.com\/avatar\/?s=96&d=mm&r=g\",\"contentUrl\":\"https:\/\/secure.gravatar.com\/avatar\/?s=96&d=mm&r=g\",\"caption\":\"gregory boucaud\"},\"url\":\"https:\/\/blogs.thesocialmedia.com\/leblogmoto\/author\/gregory-boucaud\/\"}]}<\/script>\n<!-- \/ Yoast SEO plugin. -->","yoast_head_json":{"title":"Salon de la Moto des Alpes 2007 : Compte-rendu 2\u00e8me partie - leblogmoto.com","robots":{"index":"index","follow":"follow","max-snippet":"max-snippet:-1","max-image-preview":"max-image-preview:large","max-video-preview":"max-video-preview:-1"},"canonical":"https:\/\/blogs.thesocialmedia.com\/leblogmoto\/2007\/03\/25\/salon-de-la-mot-2-2\/","twitter_card":"summary_large_image","twitter_title":"Salon de la Moto des Alpes 2007 : Compte-rendu 2\u00e8me partie - leblogmoto.com","twitter_description":"Durant ce Salon de la Moto des Alpes 2007, il y avait aussi du tuning. Passant par la mode am\u00e9ricaine avec un style Harley-Davidson (custom) exacerb\u00e9, cette moto repr\u00e9sente une des oeuvres pr\u00e9sent\u00e9e au Salon. Notons le pneu arri\u00e8re qui est assez pro\u00e9minent (a\u00efe la facture quand il va falloir le changer), cette moto a [&hellip;]","twitter_image":"http:\/\/www.leblogmoto.com\/images\/2007\/03\/25\/p1030818.jpg","twitter_misc":{"\u00c9crit par":"gregory boucaud","Dur\u00e9e de lecture estim\u00e9e":"1 minute"},"schema":{"@context":"https:\/\/schema.org","@graph":[{"@type":"WebPage","@id":"https:\/\/blogs.thesocialmedia.com\/leblogmoto\/2007\/03\/25\/salon-de-la-mot-2-2\/","url":"https:\/\/blogs.thesocialmedia.com\/leblogmoto\/2007\/03\/25\/salon-de-la-mot-2-2\/","name":"Salon de la Moto des Alpes 2007 : Compte-rendu 2\u00e8me partie - leblogmoto.com","isPartOf":{"@id":"https:\/\/blogs.thesocialmedia.com\/leblogmoto\/#website"},"primaryImageOfPage":{"@id":"https:\/\/blogs.thesocialmedia.com\/leblogmoto\/2007\/03\/25\/salon-de-la-mot-2-2\/#primaryimage"},"image":{"@id":"https:\/\/blogs.thesocialmedia.com\/leblogmoto\/2007\/03\/25\/salon-de-la-mot-2-2\/#primaryimage"},"thumbnailUrl":"http:\/\/www.leblogmoto.com\/images\/2007\/03\/25\/p1030818.jpg","datePublished":"2007-03-25T23:50:47+00:00","dateModified":"2012-07-11T14:37:01+00:00","author":{"@id":"https:\/\/blogs.thesocialmedia.com\/leblogmoto\/#\/schema\/person\/769623f89741cc3381675029a37764f8"},"breadcrumb":{"@id":"https:\/\/blogs.thesocialmedia.com\/leblogmoto\/2007\/03\/25\/salon-de-la-mot-2-2\/#breadcrumb"},"inLanguage":"fr-FR","potentialAction":[{"@type":"ReadAction","target":["https:\/\/blogs.thesocialmedia.com\/leblogmoto\/2007\/03\/25\/salon-de-la-mot-2-2\/"]}]},{"@type":"ImageObject","inLanguage":"fr-FR","@id":"https:\/\/blogs.thesocialmedia.com\/leblogmoto\/2007\/03\/25\/salon-de-la-mot-2-2\/#primaryimage","url":"http:\/\/www.leblogmoto.com\/images\/2007\/03\/25\/p1030818.jpg","contentUrl":"http:\/\/www.leblogmoto.com\/images\/2007\/03\/25\/p1030818.jpg"},{"@type":"BreadcrumbList","@id":"https:\/\/blogs.thesocialmedia.com\/leblogmoto\/2007\/03\/25\/salon-de-la-mot-2-2\/#breadcrumb","itemListElement":[{"@type":"ListItem","position":1,"name":"Accueil","item":"https:\/\/blogs.thesocialmedia.com\/leblogmoto\/"},{"@type":"ListItem","position":2,"name":"Salon de la Moto des Alpes 2007 : Compte-rendu 2\u00e8me partie"}]},{"@type":"WebSite","@id":"https:\/\/blogs.thesocialmedia.com\/leblogmoto\/#website","url":"https:\/\/blogs.thesocialmedia.com\/leblogmoto\/","name":"leblogmoto","description":"Toute l&#039;actualit\u00e9 des 2 roues","potentialAction":[{"@type":"SearchAction","target":{"@type":"EntryPoint","urlTemplate":"https:\/\/blogs.thesocialmedia.com\/leblogmoto\/?s={search_term_string}"},"query-input":{"@type":"PropertyValueSpecification","valueRequired":true,"valueName":"search_term_string"}}],"inLanguage":"fr-FR"},{"@type":"Person","@id":"https:\/\/blogs.thesocialmedia.com\/leblogmoto\/#\/schema\/person\/769623f89741cc3381675029a37764f8","name":"gregory boucaud","image":{"@type":"ImageObject","inLanguage":"fr-FR","@id":"https:\/\/blogs.thesocialmedia.com\/leblogmoto\/#\/schema\/person\/image\/","url":"https:\/\/secure.gravatar.com\/avatar\/?s=96&d=mm&r=g","contentUrl":"https:\/\/secure.gravatar.com\/avatar\/?s=96&d=mm&r=g","caption":"gregory boucaud"},"url":"https:\/\/blogs.thesocialmedia.com\/leblogmoto\/author\/gregory-boucaud\/"}]}},"_links":{"self":[{"href":"https:\/\/blogs.thesocialmedia.com\/leblogmoto\/wp-json\/wp\/v2\/posts\/1451","targetHints":{"allow":["GET"]}}],"collection":[{"href":"https:\/\/blogs.thesocialmedia.com\/leblogmoto\/wp-json\/wp\/v2\/posts"}],"about":[{"href":"https:\/\/blogs.thesocialmedia.com\/leblogmoto\/wp-json\/wp\/v2\/types\/post"}],"author":[{"embeddable":true,"href":"https:\/\/blogs.thesocialmedia.com\/leblogmoto\/wp-json\/wp\/v2\/users\/329"}],"replies":[{"embeddable":true,"href":"https:\/\/blogs.thesocialmedia.com\/leblogmoto\/wp-json\/wp\/v2\/comments?post=1451"}],"version-history":[{"count":2,"href":"https:\/\/blogs.thesocialmedia.com\/leblogmoto\/wp-json\/wp\/v2\/posts\/1451\/revisions"}],"predecessor-version":[{"id":8257,"href":"https:\/\/blogs.thesocialmedia.com\/leblogmoto\/wp-json\/wp\/v2\/posts\/1451\/revisions\/8257"}],"wp:attachment":[{"href":"https:\/\/blogs.thesocialmedia.com\/leblogmoto\/wp-json\/wp\/v2\/media?parent=1451"}],"wp:term":[{"taxonomy":"category","embeddable":true,"href":"https:\/\/blogs.thesocialmedia.com\/leblogmoto\/wp-json\/wp\/v2\/categories?post=1451"},{"taxonomy":"post_tag","embeddable":true,"href":"https:\/\/blogs.thesocialmedia.com\/leblogmoto\/wp-json\/wp\/v2\/tags?post=1451"}],"curies":[{"name":"wp","href":"https:\/\/api.w.org\/{rel}","templated":true}]}}