{"id":1453,"date":"2007-03-25T17:53:00","date_gmt":"2007-03-25T17:53:00","guid":{"rendered":"http:\/\/blogs.thesocialmedia.com\/leblogmoto\/2007\/03\/25\/rallyeraids-des\/"},"modified":"2012-07-11T14:36:50","modified_gmt":"2012-07-11T14:36:50","slug":"rallyeraids-des","status":"publish","type":"post","link":"https:\/\/blogs.thesocialmedia.com\/leblogmoto\/2007\/03\/25\/rallyeraids-des\/","title":{"rendered":"Rallye-Raids : des nouvelles d\u2019Isidre Esteve-Pujol"},"content":{"rendered":"<p><a href=\"http:\/\/blogs.thesocialmedia.com\/leblogmoto\/files\/2012\/07\/esteve_2.jpg\"><img loading=\"lazy\" decoding=\"async\" width=\"250\" height=\"253\"  alt=\"Esteve_2\" src=\"http:\/\/www.leblogmoto.com\/images\/2007\/03\/25\/esteve_2.jpg\" style=\"margin: 0px 5px 5px 0px;float: left\" \/><\/a> Les nouvelles du <a href=\"http:\/\/www.leblogmoto.com\/2007\/03\/rallyeraids_isi.html#more\">pilote espagnol de Rallye-Raid<\/a>, se font plus pr\u00e9cises et nombreuses de l\u2019autre c\u00f4t\u00e9 des Pyr\u00e9n\u00e9es, et elles ne sont pas bonnes. C\u2019est ainsi que l\u2019on apprend que l\u2019officiel du team Gauloise KTM s\u2019est crash\u00e9 en disputant la Baja Almonzora, comptant pour le Championnat d&rsquo;Espagne des Rallyes. Comme toutes les Baja, l&rsquo;Almonzora est une course tr\u00e8s rapide (et donc dangereuse) mais qu\u2019il conna\u00eet pourtant bien. C\u2019est dans un cours d\u2019eau ass\u00e9ch\u00e9, une portion facile et donc rapide que sa roue arri\u00e8re aurait heurt\u00e9 en courbe une grosse pierre. La mauvaise fortune a voulu qu\u2019il tombe sur le dos et sa moto sur lui. Ceci explique la gravit\u00e9 de ses blessures. <\/p>\n<p>Isidre n&rsquo;a pas perdu connaissance mais il a imm\u00e9diatement fait remarquer aux secouristes qu&rsquo;il ne sentait plus ses membres inf\u00e9rieurs. Evacu\u00e9 d\u2019abord sur un h\u00f4pital d\u2019Almeria dans le sud du pays,&nbsp; la gravit\u00e9 de ses blessures a convaincu les m\u00e9decins de le faire transf\u00e9rer par avion m\u00e9dicalis\u00e9 sur un centre hospitalier sp\u00e9cialis\u00e9 de Barcelonne. Le m\u00e9decin des pilotes du Dakar, le docteur Xavier Mir, l\u2019y \u00e0 rejoint t\u00f4t dans la matin\u00e9e. Esteve souffre d\u2019une double fracture-luxation avec \u00e9clats des vert\u00e8bres T7 et T8 ainsi que d\u2019un trauma pulmonaire avec fractures des c\u00f4tes qui ont entra\u00een\u00e9es un pneumotorax droit. Si le pronostic vital ne semble pas engag\u00e9, le m\u00e9decin confirme redouter une parapl\u00e9gie irr\u00e9versible. En apprenant la nouvelle, Marc Coma s&rsquo;est imm\u00e9diatement rendu \u00e0 son chevet.<br \/>Courage Isidre, on pense \u00e0 toi !<\/p>\n","protected":false},"excerpt":{"rendered":"<p>Les nouvelles du pilote espagnol de Rallye-Raid, se font plus pr\u00e9cises et nombreuses de l\u2019autre c\u00f4t\u00e9 des Pyr\u00e9n\u00e9es, et elles ne sont pas bonnes. C\u2019est ainsi que l\u2019on apprend que l\u2019officiel du team Gauloise KTM s\u2019est crash\u00e9 en disputant la Baja Almonzora, comptant pour le Championnat d&rsquo;Espagne des Rallyes. Comme toutes les Baja, l&rsquo;Almonzora est [&hellip;]<\/p>\n","protected":false},"author":333,"featured_media":0,"comment_status":"open","ping_status":"open","sticky":false,"template":"","format":"standard","meta":{"footnotes":""},"categories":[59],"tags":[],"class_list":["post-1453","post","type-post","status-publish","format-standard","hentry","category-dakar"],"yoast_head":"<!-- This site is optimized with the Yoast SEO plugin v26.0 - https:\/\/yoast.com\/wordpress\/plugins\/seo\/ -->\n<title>Rallye-Raids : des nouvelles d\u2019Isidre Esteve-Pujol - leblogmoto.com<\/title>\n<meta name=\"robots\" content=\"index, follow, max-snippet:-1, max-image-preview:large, max-video-preview:-1\" \/>\n<link rel=\"canonical\" href=\"https:\/\/blogs.thesocialmedia.com\/leblogmoto\/2007\/03\/25\/rallyeraids-des\/\" \/>\n<meta name=\"twitter:card\" content=\"summary_large_image\" \/>\n<meta name=\"twitter:title\" content=\"Rallye-Raids : des nouvelles d\u2019Isidre Esteve-Pujol - leblogmoto.com\" \/>\n<meta name=\"twitter:description\" content=\"Les nouvelles du pilote espagnol de Rallye-Raid, se font plus pr\u00e9cises et nombreuses de l\u2019autre c\u00f4t\u00e9 des Pyr\u00e9n\u00e9es, et elles ne sont pas bonnes. C\u2019est ainsi que l\u2019on apprend que l\u2019officiel du team Gauloise KTM s\u2019est crash\u00e9 en disputant la Baja Almonzora, comptant pour le Championnat d&rsquo;Espagne des Rallyes. Comme toutes les Baja, l&rsquo;Almonzora est [&hellip;]\" \/>\n<meta name=\"twitter:image\" content=\"http:\/\/www.leblogmoto.com\/images\/2007\/03\/25\/esteve_2.jpg\" \/>\n<meta name=\"twitter:label1\" content=\"\u00c9crit par\" \/>\n\t<meta name=\"twitter:data1\" content=\"christian tirat\" \/>\n\t<meta name=\"twitter:label2\" content=\"Dur\u00e9e de lecture estim\u00e9e\" \/>\n\t<meta name=\"twitter:data2\" content=\"1 minute\" \/>\n<script type=\"application\/ld+json\" class=\"yoast-schema-graph\">{\"@context\":\"https:\/\/schema.org\",\"@graph\":[{\"@type\":\"WebPage\",\"@id\":\"https:\/\/blogs.thesocialmedia.com\/leblogmoto\/2007\/03\/25\/rallyeraids-des\/\",\"url\":\"https:\/\/blogs.thesocialmedia.com\/leblogmoto\/2007\/03\/25\/rallyeraids-des\/\",\"name\":\"Rallye-Raids : des nouvelles d\u2019Isidre Esteve-Pujol - leblogmoto.com\",\"isPartOf\":{\"@id\":\"https:\/\/blogs.thesocialmedia.com\/leblogmoto\/#website\"},\"primaryImageOfPage\":{\"@id\":\"https:\/\/blogs.thesocialmedia.com\/leblogmoto\/2007\/03\/25\/rallyeraids-des\/#primaryimage\"},\"image\":{\"@id\":\"https:\/\/blogs.thesocialmedia.com\/leblogmoto\/2007\/03\/25\/rallyeraids-des\/#primaryimage\"},\"thumbnailUrl\":\"http:\/\/www.leblogmoto.com\/images\/2007\/03\/25\/esteve_2.jpg\",\"datePublished\":\"2007-03-25T17:53:00+00:00\",\"dateModified\":\"2012-07-11T14:36:50+00:00\",\"author\":{\"@id\":\"https:\/\/blogs.thesocialmedia.com\/leblogmoto\/#\/schema\/person\/90b2f8fd0d5a2cede2580e95fc79c6c0\"},\"breadcrumb\":{\"@id\":\"https:\/\/blogs.thesocialmedia.com\/leblogmoto\/2007\/03\/25\/rallyeraids-des\/#breadcrumb\"},\"inLanguage\":\"fr-FR\",\"potentialAction\":[{\"@type\":\"ReadAction\",\"target\":[\"https:\/\/blogs.thesocialmedia.com\/leblogmoto\/2007\/03\/25\/rallyeraids-des\/\"]}]},{\"@type\":\"ImageObject\",\"inLanguage\":\"fr-FR\",\"@id\":\"https:\/\/blogs.thesocialmedia.com\/leblogmoto\/2007\/03\/25\/rallyeraids-des\/#primaryimage\",\"url\":\"http:\/\/www.leblogmoto.com\/images\/2007\/03\/25\/esteve_2.jpg\",\"contentUrl\":\"http:\/\/www.leblogmoto.com\/images\/2007\/03\/25\/esteve_2.jpg\"},{\"@type\":\"BreadcrumbList\",\"@id\":\"https:\/\/blogs.thesocialmedia.com\/leblogmoto\/2007\/03\/25\/rallyeraids-des\/#breadcrumb\",\"itemListElement\":[{\"@type\":\"ListItem\",\"position\":1,\"name\":\"Accueil\",\"item\":\"https:\/\/blogs.thesocialmedia.com\/leblogmoto\/\"},{\"@type\":\"ListItem\",\"position\":2,\"name\":\"Rallye-Raids : des nouvelles d\u2019Isidre Esteve-Pujol\"}]},{\"@type\":\"WebSite\",\"@id\":\"https:\/\/blogs.thesocialmedia.com\/leblogmoto\/#website\",\"url\":\"https:\/\/blogs.thesocialmedia.com\/leblogmoto\/\",\"name\":\"leblogmoto\",\"description\":\"Toute l&#039;actualit\u00e9 des 2 roues\",\"potentialAction\":[{\"@type\":\"SearchAction\",\"target\":{\"@type\":\"EntryPoint\",\"urlTemplate\":\"https:\/\/blogs.thesocialmedia.com\/leblogmoto\/?s={search_term_string}\"},\"query-input\":{\"@type\":\"PropertyValueSpecification\",\"valueRequired\":true,\"valueName\":\"search_term_string\"}}],\"inLanguage\":\"fr-FR\"},{\"@type\":\"Person\",\"@id\":\"https:\/\/blogs.thesocialmedia.com\/leblogmoto\/#\/schema\/person\/90b2f8fd0d5a2cede2580e95fc79c6c0\",\"name\":\"christian tirat\",\"image\":{\"@type\":\"ImageObject\",\"inLanguage\":\"fr-FR\",\"@id\":\"https:\/\/blogs.thesocialmedia.com\/leblogmoto\/#\/schema\/person\/image\/\",\"url\":\"https:\/\/secure.gravatar.com\/avatar\/?s=96&d=mm&r=g\",\"contentUrl\":\"https:\/\/secure.gravatar.com\/avatar\/?s=96&d=mm&r=g\",\"caption\":\"christian tirat\"},\"url\":\"https:\/\/blogs.thesocialmedia.com\/leblogmoto\/author\/christian-tirat\/\"}]}<\/script>\n<!-- \/ Yoast SEO plugin. -->","yoast_head_json":{"title":"Rallye-Raids : des nouvelles d\u2019Isidre Esteve-Pujol - leblogmoto.com","robots":{"index":"index","follow":"follow","max-snippet":"max-snippet:-1","max-image-preview":"max-image-preview:large","max-video-preview":"max-video-preview:-1"},"canonical":"https:\/\/blogs.thesocialmedia.com\/leblogmoto\/2007\/03\/25\/rallyeraids-des\/","twitter_card":"summary_large_image","twitter_title":"Rallye-Raids : des nouvelles d\u2019Isidre Esteve-Pujol - leblogmoto.com","twitter_description":"Les nouvelles du pilote espagnol de Rallye-Raid, se font plus pr\u00e9cises et nombreuses de l\u2019autre c\u00f4t\u00e9 des Pyr\u00e9n\u00e9es, et elles ne sont pas bonnes. C\u2019est ainsi que l\u2019on apprend que l\u2019officiel du team Gauloise KTM s\u2019est crash\u00e9 en disputant la Baja Almonzora, comptant pour le Championnat d&rsquo;Espagne des Rallyes. Comme toutes les Baja, l&rsquo;Almonzora est [&hellip;]","twitter_image":"http:\/\/www.leblogmoto.com\/images\/2007\/03\/25\/esteve_2.jpg","twitter_misc":{"\u00c9crit par":"christian tirat","Dur\u00e9e de lecture estim\u00e9e":"1 minute"},"schema":{"@context":"https:\/\/schema.org","@graph":[{"@type":"WebPage","@id":"https:\/\/blogs.thesocialmedia.com\/leblogmoto\/2007\/03\/25\/rallyeraids-des\/","url":"https:\/\/blogs.thesocialmedia.com\/leblogmoto\/2007\/03\/25\/rallyeraids-des\/","name":"Rallye-Raids : des nouvelles d\u2019Isidre Esteve-Pujol - leblogmoto.com","isPartOf":{"@id":"https:\/\/blogs.thesocialmedia.com\/leblogmoto\/#website"},"primaryImageOfPage":{"@id":"https:\/\/blogs.thesocialmedia.com\/leblogmoto\/2007\/03\/25\/rallyeraids-des\/#primaryimage"},"image":{"@id":"https:\/\/blogs.thesocialmedia.com\/leblogmoto\/2007\/03\/25\/rallyeraids-des\/#primaryimage"},"thumbnailUrl":"http:\/\/www.leblogmoto.com\/images\/2007\/03\/25\/esteve_2.jpg","datePublished":"2007-03-25T17:53:00+00:00","dateModified":"2012-07-11T14:36:50+00:00","author":{"@id":"https:\/\/blogs.thesocialmedia.com\/leblogmoto\/#\/schema\/person\/90b2f8fd0d5a2cede2580e95fc79c6c0"},"breadcrumb":{"@id":"https:\/\/blogs.thesocialmedia.com\/leblogmoto\/2007\/03\/25\/rallyeraids-des\/#breadcrumb"},"inLanguage":"fr-FR","potentialAction":[{"@type":"ReadAction","target":["https:\/\/blogs.thesocialmedia.com\/leblogmoto\/2007\/03\/25\/rallyeraids-des\/"]}]},{"@type":"ImageObject","inLanguage":"fr-FR","@id":"https:\/\/blogs.thesocialmedia.com\/leblogmoto\/2007\/03\/25\/rallyeraids-des\/#primaryimage","url":"http:\/\/www.leblogmoto.com\/images\/2007\/03\/25\/esteve_2.jpg","contentUrl":"http:\/\/www.leblogmoto.com\/images\/2007\/03\/25\/esteve_2.jpg"},{"@type":"BreadcrumbList","@id":"https:\/\/blogs.thesocialmedia.com\/leblogmoto\/2007\/03\/25\/rallyeraids-des\/#breadcrumb","itemListElement":[{"@type":"ListItem","position":1,"name":"Accueil","item":"https:\/\/blogs.thesocialmedia.com\/leblogmoto\/"},{"@type":"ListItem","position":2,"name":"Rallye-Raids : des nouvelles d\u2019Isidre Esteve-Pujol"}]},{"@type":"WebSite","@id":"https:\/\/blogs.thesocialmedia.com\/leblogmoto\/#website","url":"https:\/\/blogs.thesocialmedia.com\/leblogmoto\/","name":"leblogmoto","description":"Toute l&#039;actualit\u00e9 des 2 roues","potentialAction":[{"@type":"SearchAction","target":{"@type":"EntryPoint","urlTemplate":"https:\/\/blogs.thesocialmedia.com\/leblogmoto\/?s={search_term_string}"},"query-input":{"@type":"PropertyValueSpecification","valueRequired":true,"valueName":"search_term_string"}}],"inLanguage":"fr-FR"},{"@type":"Person","@id":"https:\/\/blogs.thesocialmedia.com\/leblogmoto\/#\/schema\/person\/90b2f8fd0d5a2cede2580e95fc79c6c0","name":"christian tirat","image":{"@type":"ImageObject","inLanguage":"fr-FR","@id":"https:\/\/blogs.thesocialmedia.com\/leblogmoto\/#\/schema\/person\/image\/","url":"https:\/\/secure.gravatar.com\/avatar\/?s=96&d=mm&r=g","contentUrl":"https:\/\/secure.gravatar.com\/avatar\/?s=96&d=mm&r=g","caption":"christian tirat"},"url":"https:\/\/blogs.thesocialmedia.com\/leblogmoto\/author\/christian-tirat\/"}]}},"_links":{"self":[{"href":"https:\/\/blogs.thesocialmedia.com\/leblogmoto\/wp-json\/wp\/v2\/posts\/1453","targetHints":{"allow":["GET"]}}],"collection":[{"href":"https:\/\/blogs.thesocialmedia.com\/leblogmoto\/wp-json\/wp\/v2\/posts"}],"about":[{"href":"https:\/\/blogs.thesocialmedia.com\/leblogmoto\/wp-json\/wp\/v2\/types\/post"}],"author":[{"embeddable":true,"href":"https:\/\/blogs.thesocialmedia.com\/leblogmoto\/wp-json\/wp\/v2\/users\/333"}],"replies":[{"embeddable":true,"href":"https:\/\/blogs.thesocialmedia.com\/leblogmoto\/wp-json\/wp\/v2\/comments?post=1453"}],"version-history":[{"count":2,"href":"https:\/\/blogs.thesocialmedia.com\/leblogmoto\/wp-json\/wp\/v2\/posts\/1453\/revisions"}],"predecessor-version":[{"id":8252,"href":"https:\/\/blogs.thesocialmedia.com\/leblogmoto\/wp-json\/wp\/v2\/posts\/1453\/revisions\/8252"}],"wp:attachment":[{"href":"https:\/\/blogs.thesocialmedia.com\/leblogmoto\/wp-json\/wp\/v2\/media?parent=1453"}],"wp:term":[{"taxonomy":"category","embeddable":true,"href":"https:\/\/blogs.thesocialmedia.com\/leblogmoto\/wp-json\/wp\/v2\/categories?post=1453"},{"taxonomy":"post_tag","embeddable":true,"href":"https:\/\/blogs.thesocialmedia.com\/leblogmoto\/wp-json\/wp\/v2\/tags?post=1453"}],"curies":[{"name":"wp","href":"https:\/\/api.w.org\/{rel}","templated":true}]}}