{"id":1454,"date":"2007-03-25T16:37:17","date_gmt":"2007-03-25T16:37:17","guid":{"rendered":"http:\/\/blogs.thesocialmedia.com\/leblogmoto\/2007\/03\/25\/rallyeraids-isi\/"},"modified":"2012-07-11T14:36:48","modified_gmt":"2012-07-11T14:36:48","slug":"rallyeraids-isi","status":"publish","type":"post","link":"https:\/\/blogs.thesocialmedia.com\/leblogmoto\/2007\/03\/25\/rallyeraids-isi\/","title":{"rendered":"Rallye-Raids : Isidre Esteve-Pujol accident\u00e9"},"content":{"rendered":"<p><a href=\"http:\/\/blogs.thesocialmedia.com\/leblogmoto\/files\/2012\/07\/estevepujol.jpg\"><img loading=\"lazy\" decoding=\"async\" width=\"250\" height=\"149\"  src=\"http:\/\/www.leblogmoto.com\/images\/2007\/03\/25\/estevepujol.jpg\" alt=\"Estevepujol\" style=\"margin: 0px 5px 5px 0px;float: left\" \/><\/a> Selon nos confr\u00e8res d\u2019Eurosport, Isidre Esteve-Pujol, 34 ans, aurait \u00e9t\u00e9 victime d&rsquo;un grave accident samedi en Espagne. Il risque de rester paralys\u00e9. <br \/>Vainqueur en 2006 du Rallye Optic 2000 de Tunisie et de la Baja Espa\u00f1a , le pilote espagnol est aussi l\u2019auteur de quelques <a href=\"http:\/\/www.leblogmoto.com\/2007\/01\/dakar_changemen.html\">dix beaux Dakar<\/a>. Toujours class\u00e9 dans le top 30 hormis trois abandons en 2003, <a href=\"http:\/\/www.leblogmoto.com\/2006\/01\/dakar_esteve_sl.html\">2006<\/a> et <a href=\"http:\/\/www.leblogmoto.com\/2007\/01\/dakar_des_nouve_2.html\">2007<\/a>, son plus beau r\u00e9sultat sur l\u2019\u00e9preuve avait \u00e9t\u00e9 sa quatri\u00e8me place en 2004 au guidon d\u2019une KTM. <\/p>\n<p>Du 30 mars au 8 avril Esteve devait courir le Rallye de Tunisie avec le dossard n\u00b0 3 sur une Gauloise KTM LC4 690 RA. <a href=\"http:\/\/www.leblogmoto.com\/2007\/03\/rallyeraids_des.html\">Nous vous tiendrons inform\u00e9s de son \u00e9tat de sant\u00e9 d\u00e8s que nous aurons de plus amples informations<\/a>.<\/p>\n","protected":false},"excerpt":{"rendered":"<p>Selon nos confr\u00e8res d\u2019Eurosport, Isidre Esteve-Pujol, 34 ans, aurait \u00e9t\u00e9 victime d&rsquo;un grave accident samedi en Espagne. Il risque de rester paralys\u00e9. Vainqueur en 2006 du Rallye Optic 2000 de Tunisie et de la Baja Espa\u00f1a , le pilote espagnol est aussi l\u2019auteur de quelques dix beaux Dakar. Toujours class\u00e9 dans le top 30 hormis [&hellip;]<\/p>\n","protected":false},"author":333,"featured_media":0,"comment_status":"open","ping_status":"open","sticky":false,"template":"","format":"standard","meta":{"footnotes":""},"categories":[59],"tags":[],"class_list":["post-1454","post","type-post","status-publish","format-standard","hentry","category-dakar"],"yoast_head":"<!-- This site is optimized with the Yoast SEO plugin v26.0 - https:\/\/yoast.com\/wordpress\/plugins\/seo\/ -->\n<title>Rallye-Raids : Isidre Esteve-Pujol accident\u00e9 - leblogmoto.com<\/title>\n<meta name=\"robots\" content=\"index, follow, max-snippet:-1, max-image-preview:large, max-video-preview:-1\" \/>\n<link rel=\"canonical\" href=\"https:\/\/blogs.thesocialmedia.com\/leblogmoto\/2007\/03\/25\/rallyeraids-isi\/\" \/>\n<meta name=\"twitter:card\" content=\"summary_large_image\" \/>\n<meta name=\"twitter:title\" content=\"Rallye-Raids : Isidre Esteve-Pujol accident\u00e9 - leblogmoto.com\" \/>\n<meta name=\"twitter:description\" content=\"Selon nos confr\u00e8res d\u2019Eurosport, Isidre Esteve-Pujol, 34 ans, aurait \u00e9t\u00e9 victime d&rsquo;un grave accident samedi en Espagne. Il risque de rester paralys\u00e9. Vainqueur en 2006 du Rallye Optic 2000 de Tunisie et de la Baja Espa\u00f1a , le pilote espagnol est aussi l\u2019auteur de quelques dix beaux Dakar. Toujours class\u00e9 dans le top 30 hormis [&hellip;]\" \/>\n<meta name=\"twitter:image\" content=\"http:\/\/www.leblogmoto.com\/images\/2007\/03\/25\/estevepujol.jpg\" \/>\n<meta name=\"twitter:label1\" content=\"\u00c9crit par\" \/>\n\t<meta name=\"twitter:data1\" content=\"christian tirat\" \/>\n\t<meta name=\"twitter:label2\" content=\"Dur\u00e9e de lecture estim\u00e9e\" \/>\n\t<meta name=\"twitter:data2\" content=\"1 minute\" \/>\n<script type=\"application\/ld+json\" class=\"yoast-schema-graph\">{\"@context\":\"https:\/\/schema.org\",\"@graph\":[{\"@type\":\"WebPage\",\"@id\":\"https:\/\/blogs.thesocialmedia.com\/leblogmoto\/2007\/03\/25\/rallyeraids-isi\/\",\"url\":\"https:\/\/blogs.thesocialmedia.com\/leblogmoto\/2007\/03\/25\/rallyeraids-isi\/\",\"name\":\"Rallye-Raids : Isidre Esteve-Pujol accident\u00e9 - leblogmoto.com\",\"isPartOf\":{\"@id\":\"https:\/\/blogs.thesocialmedia.com\/leblogmoto\/#website\"},\"primaryImageOfPage\":{\"@id\":\"https:\/\/blogs.thesocialmedia.com\/leblogmoto\/2007\/03\/25\/rallyeraids-isi\/#primaryimage\"},\"image\":{\"@id\":\"https:\/\/blogs.thesocialmedia.com\/leblogmoto\/2007\/03\/25\/rallyeraids-isi\/#primaryimage\"},\"thumbnailUrl\":\"http:\/\/www.leblogmoto.com\/images\/2007\/03\/25\/estevepujol.jpg\",\"datePublished\":\"2007-03-25T16:37:17+00:00\",\"dateModified\":\"2012-07-11T14:36:48+00:00\",\"author\":{\"@id\":\"https:\/\/blogs.thesocialmedia.com\/leblogmoto\/#\/schema\/person\/90b2f8fd0d5a2cede2580e95fc79c6c0\"},\"breadcrumb\":{\"@id\":\"https:\/\/blogs.thesocialmedia.com\/leblogmoto\/2007\/03\/25\/rallyeraids-isi\/#breadcrumb\"},\"inLanguage\":\"fr-FR\",\"potentialAction\":[{\"@type\":\"ReadAction\",\"target\":[\"https:\/\/blogs.thesocialmedia.com\/leblogmoto\/2007\/03\/25\/rallyeraids-isi\/\"]}]},{\"@type\":\"ImageObject\",\"inLanguage\":\"fr-FR\",\"@id\":\"https:\/\/blogs.thesocialmedia.com\/leblogmoto\/2007\/03\/25\/rallyeraids-isi\/#primaryimage\",\"url\":\"http:\/\/www.leblogmoto.com\/images\/2007\/03\/25\/estevepujol.jpg\",\"contentUrl\":\"http:\/\/www.leblogmoto.com\/images\/2007\/03\/25\/estevepujol.jpg\"},{\"@type\":\"BreadcrumbList\",\"@id\":\"https:\/\/blogs.thesocialmedia.com\/leblogmoto\/2007\/03\/25\/rallyeraids-isi\/#breadcrumb\",\"itemListElement\":[{\"@type\":\"ListItem\",\"position\":1,\"name\":\"Accueil\",\"item\":\"https:\/\/blogs.thesocialmedia.com\/leblogmoto\/\"},{\"@type\":\"ListItem\",\"position\":2,\"name\":\"Rallye-Raids : Isidre Esteve-Pujol accident\u00e9\"}]},{\"@type\":\"WebSite\",\"@id\":\"https:\/\/blogs.thesocialmedia.com\/leblogmoto\/#website\",\"url\":\"https:\/\/blogs.thesocialmedia.com\/leblogmoto\/\",\"name\":\"leblogmoto\",\"description\":\"Toute l&#039;actualit\u00e9 des 2 roues\",\"potentialAction\":[{\"@type\":\"SearchAction\",\"target\":{\"@type\":\"EntryPoint\",\"urlTemplate\":\"https:\/\/blogs.thesocialmedia.com\/leblogmoto\/?s={search_term_string}\"},\"query-input\":{\"@type\":\"PropertyValueSpecification\",\"valueRequired\":true,\"valueName\":\"search_term_string\"}}],\"inLanguage\":\"fr-FR\"},{\"@type\":\"Person\",\"@id\":\"https:\/\/blogs.thesocialmedia.com\/leblogmoto\/#\/schema\/person\/90b2f8fd0d5a2cede2580e95fc79c6c0\",\"name\":\"christian tirat\",\"image\":{\"@type\":\"ImageObject\",\"inLanguage\":\"fr-FR\",\"@id\":\"https:\/\/blogs.thesocialmedia.com\/leblogmoto\/#\/schema\/person\/image\/\",\"url\":\"https:\/\/secure.gravatar.com\/avatar\/?s=96&d=mm&r=g\",\"contentUrl\":\"https:\/\/secure.gravatar.com\/avatar\/?s=96&d=mm&r=g\",\"caption\":\"christian tirat\"},\"url\":\"https:\/\/blogs.thesocialmedia.com\/leblogmoto\/author\/christian-tirat\/\"}]}<\/script>\n<!-- \/ Yoast SEO plugin. -->","yoast_head_json":{"title":"Rallye-Raids : Isidre Esteve-Pujol accident\u00e9 - leblogmoto.com","robots":{"index":"index","follow":"follow","max-snippet":"max-snippet:-1","max-image-preview":"max-image-preview:large","max-video-preview":"max-video-preview:-1"},"canonical":"https:\/\/blogs.thesocialmedia.com\/leblogmoto\/2007\/03\/25\/rallyeraids-isi\/","twitter_card":"summary_large_image","twitter_title":"Rallye-Raids : Isidre Esteve-Pujol accident\u00e9 - leblogmoto.com","twitter_description":"Selon nos confr\u00e8res d\u2019Eurosport, Isidre Esteve-Pujol, 34 ans, aurait \u00e9t\u00e9 victime d&rsquo;un grave accident samedi en Espagne. Il risque de rester paralys\u00e9. Vainqueur en 2006 du Rallye Optic 2000 de Tunisie et de la Baja Espa\u00f1a , le pilote espagnol est aussi l\u2019auteur de quelques dix beaux Dakar. Toujours class\u00e9 dans le top 30 hormis [&hellip;]","twitter_image":"http:\/\/www.leblogmoto.com\/images\/2007\/03\/25\/estevepujol.jpg","twitter_misc":{"\u00c9crit par":"christian tirat","Dur\u00e9e de lecture estim\u00e9e":"1 minute"},"schema":{"@context":"https:\/\/schema.org","@graph":[{"@type":"WebPage","@id":"https:\/\/blogs.thesocialmedia.com\/leblogmoto\/2007\/03\/25\/rallyeraids-isi\/","url":"https:\/\/blogs.thesocialmedia.com\/leblogmoto\/2007\/03\/25\/rallyeraids-isi\/","name":"Rallye-Raids : Isidre Esteve-Pujol accident\u00e9 - leblogmoto.com","isPartOf":{"@id":"https:\/\/blogs.thesocialmedia.com\/leblogmoto\/#website"},"primaryImageOfPage":{"@id":"https:\/\/blogs.thesocialmedia.com\/leblogmoto\/2007\/03\/25\/rallyeraids-isi\/#primaryimage"},"image":{"@id":"https:\/\/blogs.thesocialmedia.com\/leblogmoto\/2007\/03\/25\/rallyeraids-isi\/#primaryimage"},"thumbnailUrl":"http:\/\/www.leblogmoto.com\/images\/2007\/03\/25\/estevepujol.jpg","datePublished":"2007-03-25T16:37:17+00:00","dateModified":"2012-07-11T14:36:48+00:00","author":{"@id":"https:\/\/blogs.thesocialmedia.com\/leblogmoto\/#\/schema\/person\/90b2f8fd0d5a2cede2580e95fc79c6c0"},"breadcrumb":{"@id":"https:\/\/blogs.thesocialmedia.com\/leblogmoto\/2007\/03\/25\/rallyeraids-isi\/#breadcrumb"},"inLanguage":"fr-FR","potentialAction":[{"@type":"ReadAction","target":["https:\/\/blogs.thesocialmedia.com\/leblogmoto\/2007\/03\/25\/rallyeraids-isi\/"]}]},{"@type":"ImageObject","inLanguage":"fr-FR","@id":"https:\/\/blogs.thesocialmedia.com\/leblogmoto\/2007\/03\/25\/rallyeraids-isi\/#primaryimage","url":"http:\/\/www.leblogmoto.com\/images\/2007\/03\/25\/estevepujol.jpg","contentUrl":"http:\/\/www.leblogmoto.com\/images\/2007\/03\/25\/estevepujol.jpg"},{"@type":"BreadcrumbList","@id":"https:\/\/blogs.thesocialmedia.com\/leblogmoto\/2007\/03\/25\/rallyeraids-isi\/#breadcrumb","itemListElement":[{"@type":"ListItem","position":1,"name":"Accueil","item":"https:\/\/blogs.thesocialmedia.com\/leblogmoto\/"},{"@type":"ListItem","position":2,"name":"Rallye-Raids : Isidre Esteve-Pujol accident\u00e9"}]},{"@type":"WebSite","@id":"https:\/\/blogs.thesocialmedia.com\/leblogmoto\/#website","url":"https:\/\/blogs.thesocialmedia.com\/leblogmoto\/","name":"leblogmoto","description":"Toute l&#039;actualit\u00e9 des 2 roues","potentialAction":[{"@type":"SearchAction","target":{"@type":"EntryPoint","urlTemplate":"https:\/\/blogs.thesocialmedia.com\/leblogmoto\/?s={search_term_string}"},"query-input":{"@type":"PropertyValueSpecification","valueRequired":true,"valueName":"search_term_string"}}],"inLanguage":"fr-FR"},{"@type":"Person","@id":"https:\/\/blogs.thesocialmedia.com\/leblogmoto\/#\/schema\/person\/90b2f8fd0d5a2cede2580e95fc79c6c0","name":"christian tirat","image":{"@type":"ImageObject","inLanguage":"fr-FR","@id":"https:\/\/blogs.thesocialmedia.com\/leblogmoto\/#\/schema\/person\/image\/","url":"https:\/\/secure.gravatar.com\/avatar\/?s=96&d=mm&r=g","contentUrl":"https:\/\/secure.gravatar.com\/avatar\/?s=96&d=mm&r=g","caption":"christian tirat"},"url":"https:\/\/blogs.thesocialmedia.com\/leblogmoto\/author\/christian-tirat\/"}]}},"_links":{"self":[{"href":"https:\/\/blogs.thesocialmedia.com\/leblogmoto\/wp-json\/wp\/v2\/posts\/1454","targetHints":{"allow":["GET"]}}],"collection":[{"href":"https:\/\/blogs.thesocialmedia.com\/leblogmoto\/wp-json\/wp\/v2\/posts"}],"about":[{"href":"https:\/\/blogs.thesocialmedia.com\/leblogmoto\/wp-json\/wp\/v2\/types\/post"}],"author":[{"embeddable":true,"href":"https:\/\/blogs.thesocialmedia.com\/leblogmoto\/wp-json\/wp\/v2\/users\/333"}],"replies":[{"embeddable":true,"href":"https:\/\/blogs.thesocialmedia.com\/leblogmoto\/wp-json\/wp\/v2\/comments?post=1454"}],"version-history":[{"count":2,"href":"https:\/\/blogs.thesocialmedia.com\/leblogmoto\/wp-json\/wp\/v2\/posts\/1454\/revisions"}],"predecessor-version":[{"id":8250,"href":"https:\/\/blogs.thesocialmedia.com\/leblogmoto\/wp-json\/wp\/v2\/posts\/1454\/revisions\/8250"}],"wp:attachment":[{"href":"https:\/\/blogs.thesocialmedia.com\/leblogmoto\/wp-json\/wp\/v2\/media?parent=1454"}],"wp:term":[{"taxonomy":"category","embeddable":true,"href":"https:\/\/blogs.thesocialmedia.com\/leblogmoto\/wp-json\/wp\/v2\/categories?post=1454"},{"taxonomy":"post_tag","embeddable":true,"href":"https:\/\/blogs.thesocialmedia.com\/leblogmoto\/wp-json\/wp\/v2\/tags?post=1454"}],"curies":[{"name":"wp","href":"https:\/\/api.w.org\/{rel}","templated":true}]}}