{"id":1455,"date":"2007-03-25T14:08:59","date_gmt":"2007-03-25T14:08:59","guid":{"rendered":"http:\/\/blogs.thesocialmedia.com\/leblogmoto\/2007\/03\/25\/ktm-690-sm\/"},"modified":"2012-07-11T14:36:46","modified_gmt":"2012-07-11T14:36:46","slug":"ktm-690-sm","status":"publish","type":"post","link":"https:\/\/blogs.thesocialmedia.com\/leblogmoto\/2007\/03\/25\/ktm-690-sm\/","title":{"rendered":"KTM 690 SM, moto pour d\u00e9butant?"},"content":{"rendered":"<p><a href=\"http:\/\/blogs.thesocialmedia.com\/leblogmoto\/files\/2012\/07\/ktm_690sm_1_2.jpg\"><img loading=\"lazy\" decoding=\"async\" height=\"187\" alt=\"Ktm_690sm_1_2\" src=\"http:\/\/www.leblogmoto.com\/images\/2007\/03\/25\/ktm_690sm_1_2.jpg\" width=\"250\"  \/><\/a> Ce week-end se sont d\u00e9roul\u00e9s les <a href=\"http:\/\/www.leblogmoto.com\/2007\/02\/orange_day_23_e.html\">Orange Days<\/a>. J&rsquo;ai donc profit\u00e9 de cette occasion pour essayer la <a href=\"http:\/\/www.ktm690supermoto.com\/\">KTM 690 Supermoto<\/a>. Apr\u00e8s s&rsquo;\u00eatre acquitt\u00e9 des formalit\u00e9s et du ch\u00e8que de caution de 3000\u20ac, le concessionnaire me montre la moto.<br \/>A premi\u00e8re vue, son design est assez joli m\u00eame si les pots d&rsquo;\u00e9chappement me laissent perplexe. Une fois assis, je trouve la position particuli\u00e8rement bonne, assis bien droit, les jambes pas trop pli\u00e9es sur les cales pieds et les pieds bien \u00e0 plat sur le sol (bon, je fais 1m90 ok).<\/p>\n<p>La concession \u00e9tant mal situ\u00e9 dans la ville et le temps d&rsquo;essai limit\u00e9 \u00e0 30 min, je n&rsquo;ai pu faire que de la ville et un peu de rocade. Petit plus de cette moto, la montre!<br \/>Le moteur monocylindre fait que la moto d\u00e9marre fort donc il faut jouer de l&#8217;embrayage pour ne pas se voir partir en wheeling. Le moteur cogne sur les bas r\u00e9gimes, ne monte pas trop haut dans les tours et n&rsquo;aime pas les r\u00e9gimes constants, normal pour un monocylindre. Notons n\u00e9anmoins qu&rsquo;il y a moins de vibrations par rapport \u00e0 l&rsquo;ancienne version, le moteur ayant \u00e9t\u00e9 retravaill\u00e9 par <a href=\"http:\/\/www.ktm.fr\/KTM-Ready-to-Race.1.7.html\">KTM<\/a>.<br \/>Pour ce qui est du freinage, il est progressif et puissant, j&rsquo;\u00e9prouvais un sentiment de s\u00e9curit\u00e9 avec ceux-ci.<br \/>Ensuite le passage sur la <a href=\"http:\/\/fr.wikipedia.org\/wiki\/Rocade_sud\">rocade<\/a>, grand moment car on d\u00e9passe enfin les 50km\/h. La position fait qu&rsquo;on a pas mal de prise au vent, donc pour tout ce qui est escapade autorouti\u00e8re, autant oublier, la moto n&rsquo;est pas faite pour \u00e7a. <\/p>\n<p>Je reste mitig\u00e9 sur le fait de proposer cette moto aux d\u00e9butants, m\u00eame si le moteur n&rsquo;est pas trop puissant, \u00e0 cause de la forte probabilit\u00e9 de partir en wheeling incontr\u00f4l\u00e9 et peut-\u00eatre aussi \u00e0 cause de la hauteur de selle.<\/p>\n<p>Et vous cher(e)s lecteurs(lectrices), qu&rsquo;avez-vous pens\u00e9 de cette moto?<\/p>\n<p>Source photo: <a href=\"www.oliepeil.nl\">Oliepeil<\/a><\/p>\n","protected":false},"excerpt":{"rendered":"<p>Ce week-end se sont d\u00e9roul\u00e9s les Orange Days. J&rsquo;ai donc profit\u00e9 de cette occasion pour essayer la KTM 690 Supermoto. Apr\u00e8s s&rsquo;\u00eatre acquitt\u00e9 des formalit\u00e9s et du ch\u00e8que de caution de 3000\u20ac, le concessionnaire me montre la moto.A premi\u00e8re vue, son design est assez joli m\u00eame si les pots d&rsquo;\u00e9chappement me laissent perplexe. Une fois [&hellip;]<\/p>\n","protected":false},"author":329,"featured_media":0,"comment_status":"open","ping_status":"open","sticky":false,"template":"","format":"standard","meta":{"footnotes":""},"categories":[39],"tags":[],"class_list":["post-1455","post","type-post","status-publish","format-standard","hentry","category-ktm"],"yoast_head":"<!-- This site is optimized with the Yoast SEO plugin v26.0 - https:\/\/yoast.com\/wordpress\/plugins\/seo\/ -->\n<title>KTM 690 SM, moto pour d\u00e9butant? - leblogmoto.com<\/title>\n<meta name=\"robots\" content=\"index, follow, max-snippet:-1, max-image-preview:large, max-video-preview:-1\" \/>\n<link rel=\"canonical\" href=\"https:\/\/blogs.thesocialmedia.com\/leblogmoto\/2007\/03\/25\/ktm-690-sm\/\" \/>\n<meta name=\"twitter:card\" content=\"summary_large_image\" \/>\n<meta name=\"twitter:title\" content=\"KTM 690 SM, moto pour d\u00e9butant? - leblogmoto.com\" \/>\n<meta name=\"twitter:description\" content=\"Ce week-end se sont d\u00e9roul\u00e9s les Orange Days. J&rsquo;ai donc profit\u00e9 de cette occasion pour essayer la KTM 690 Supermoto. Apr\u00e8s s&rsquo;\u00eatre acquitt\u00e9 des formalit\u00e9s et du ch\u00e8que de caution de 3000\u20ac, le concessionnaire me montre la moto.A premi\u00e8re vue, son design est assez joli m\u00eame si les pots d&rsquo;\u00e9chappement me laissent perplexe. Une fois [&hellip;]\" \/>\n<meta name=\"twitter:image\" content=\"http:\/\/www.leblogmoto.com\/images\/2007\/03\/25\/ktm_690sm_1_2.jpg\" \/>\n<meta name=\"twitter:label1\" content=\"\u00c9crit par\" \/>\n\t<meta name=\"twitter:data1\" content=\"gregory boucaud\" \/>\n\t<meta name=\"twitter:label2\" content=\"Dur\u00e9e de lecture estim\u00e9e\" \/>\n\t<meta name=\"twitter:data2\" content=\"2 minutes\" \/>\n<script type=\"application\/ld+json\" class=\"yoast-schema-graph\">{\"@context\":\"https:\/\/schema.org\",\"@graph\":[{\"@type\":\"WebPage\",\"@id\":\"https:\/\/blogs.thesocialmedia.com\/leblogmoto\/2007\/03\/25\/ktm-690-sm\/\",\"url\":\"https:\/\/blogs.thesocialmedia.com\/leblogmoto\/2007\/03\/25\/ktm-690-sm\/\",\"name\":\"KTM 690 SM, moto pour d\u00e9butant? - leblogmoto.com\",\"isPartOf\":{\"@id\":\"https:\/\/blogs.thesocialmedia.com\/leblogmoto\/#website\"},\"primaryImageOfPage\":{\"@id\":\"https:\/\/blogs.thesocialmedia.com\/leblogmoto\/2007\/03\/25\/ktm-690-sm\/#primaryimage\"},\"image\":{\"@id\":\"https:\/\/blogs.thesocialmedia.com\/leblogmoto\/2007\/03\/25\/ktm-690-sm\/#primaryimage\"},\"thumbnailUrl\":\"http:\/\/www.leblogmoto.com\/images\/2007\/03\/25\/ktm_690sm_1_2.jpg\",\"datePublished\":\"2007-03-25T14:08:59+00:00\",\"dateModified\":\"2012-07-11T14:36:46+00:00\",\"author\":{\"@id\":\"https:\/\/blogs.thesocialmedia.com\/leblogmoto\/#\/schema\/person\/769623f89741cc3381675029a37764f8\"},\"breadcrumb\":{\"@id\":\"https:\/\/blogs.thesocialmedia.com\/leblogmoto\/2007\/03\/25\/ktm-690-sm\/#breadcrumb\"},\"inLanguage\":\"fr-FR\",\"potentialAction\":[{\"@type\":\"ReadAction\",\"target\":[\"https:\/\/blogs.thesocialmedia.com\/leblogmoto\/2007\/03\/25\/ktm-690-sm\/\"]}]},{\"@type\":\"ImageObject\",\"inLanguage\":\"fr-FR\",\"@id\":\"https:\/\/blogs.thesocialmedia.com\/leblogmoto\/2007\/03\/25\/ktm-690-sm\/#primaryimage\",\"url\":\"http:\/\/www.leblogmoto.com\/images\/2007\/03\/25\/ktm_690sm_1_2.jpg\",\"contentUrl\":\"http:\/\/www.leblogmoto.com\/images\/2007\/03\/25\/ktm_690sm_1_2.jpg\"},{\"@type\":\"BreadcrumbList\",\"@id\":\"https:\/\/blogs.thesocialmedia.com\/leblogmoto\/2007\/03\/25\/ktm-690-sm\/#breadcrumb\",\"itemListElement\":[{\"@type\":\"ListItem\",\"position\":1,\"name\":\"Accueil\",\"item\":\"https:\/\/blogs.thesocialmedia.com\/leblogmoto\/\"},{\"@type\":\"ListItem\",\"position\":2,\"name\":\"KTM 690 SM, moto pour d\u00e9butant?\"}]},{\"@type\":\"WebSite\",\"@id\":\"https:\/\/blogs.thesocialmedia.com\/leblogmoto\/#website\",\"url\":\"https:\/\/blogs.thesocialmedia.com\/leblogmoto\/\",\"name\":\"leblogmoto\",\"description\":\"Toute l&#039;actualit\u00e9 des 2 roues\",\"potentialAction\":[{\"@type\":\"SearchAction\",\"target\":{\"@type\":\"EntryPoint\",\"urlTemplate\":\"https:\/\/blogs.thesocialmedia.com\/leblogmoto\/?s={search_term_string}\"},\"query-input\":{\"@type\":\"PropertyValueSpecification\",\"valueRequired\":true,\"valueName\":\"search_term_string\"}}],\"inLanguage\":\"fr-FR\"},{\"@type\":\"Person\",\"@id\":\"https:\/\/blogs.thesocialmedia.com\/leblogmoto\/#\/schema\/person\/769623f89741cc3381675029a37764f8\",\"name\":\"gregory boucaud\",\"image\":{\"@type\":\"ImageObject\",\"inLanguage\":\"fr-FR\",\"@id\":\"https:\/\/blogs.thesocialmedia.com\/leblogmoto\/#\/schema\/person\/image\/\",\"url\":\"https:\/\/secure.gravatar.com\/avatar\/?s=96&d=mm&r=g\",\"contentUrl\":\"https:\/\/secure.gravatar.com\/avatar\/?s=96&d=mm&r=g\",\"caption\":\"gregory boucaud\"},\"url\":\"https:\/\/blogs.thesocialmedia.com\/leblogmoto\/author\/gregory-boucaud\/\"}]}<\/script>\n<!-- \/ Yoast SEO plugin. -->","yoast_head_json":{"title":"KTM 690 SM, moto pour d\u00e9butant? - leblogmoto.com","robots":{"index":"index","follow":"follow","max-snippet":"max-snippet:-1","max-image-preview":"max-image-preview:large","max-video-preview":"max-video-preview:-1"},"canonical":"https:\/\/blogs.thesocialmedia.com\/leblogmoto\/2007\/03\/25\/ktm-690-sm\/","twitter_card":"summary_large_image","twitter_title":"KTM 690 SM, moto pour d\u00e9butant? - leblogmoto.com","twitter_description":"Ce week-end se sont d\u00e9roul\u00e9s les Orange Days. J&rsquo;ai donc profit\u00e9 de cette occasion pour essayer la KTM 690 Supermoto. Apr\u00e8s s&rsquo;\u00eatre acquitt\u00e9 des formalit\u00e9s et du ch\u00e8que de caution de 3000\u20ac, le concessionnaire me montre la moto.A premi\u00e8re vue, son design est assez joli m\u00eame si les pots d&rsquo;\u00e9chappement me laissent perplexe. Une fois [&hellip;]","twitter_image":"http:\/\/www.leblogmoto.com\/images\/2007\/03\/25\/ktm_690sm_1_2.jpg","twitter_misc":{"\u00c9crit par":"gregory boucaud","Dur\u00e9e de lecture estim\u00e9e":"2 minutes"},"schema":{"@context":"https:\/\/schema.org","@graph":[{"@type":"WebPage","@id":"https:\/\/blogs.thesocialmedia.com\/leblogmoto\/2007\/03\/25\/ktm-690-sm\/","url":"https:\/\/blogs.thesocialmedia.com\/leblogmoto\/2007\/03\/25\/ktm-690-sm\/","name":"KTM 690 SM, moto pour d\u00e9butant? - leblogmoto.com","isPartOf":{"@id":"https:\/\/blogs.thesocialmedia.com\/leblogmoto\/#website"},"primaryImageOfPage":{"@id":"https:\/\/blogs.thesocialmedia.com\/leblogmoto\/2007\/03\/25\/ktm-690-sm\/#primaryimage"},"image":{"@id":"https:\/\/blogs.thesocialmedia.com\/leblogmoto\/2007\/03\/25\/ktm-690-sm\/#primaryimage"},"thumbnailUrl":"http:\/\/www.leblogmoto.com\/images\/2007\/03\/25\/ktm_690sm_1_2.jpg","datePublished":"2007-03-25T14:08:59+00:00","dateModified":"2012-07-11T14:36:46+00:00","author":{"@id":"https:\/\/blogs.thesocialmedia.com\/leblogmoto\/#\/schema\/person\/769623f89741cc3381675029a37764f8"},"breadcrumb":{"@id":"https:\/\/blogs.thesocialmedia.com\/leblogmoto\/2007\/03\/25\/ktm-690-sm\/#breadcrumb"},"inLanguage":"fr-FR","potentialAction":[{"@type":"ReadAction","target":["https:\/\/blogs.thesocialmedia.com\/leblogmoto\/2007\/03\/25\/ktm-690-sm\/"]}]},{"@type":"ImageObject","inLanguage":"fr-FR","@id":"https:\/\/blogs.thesocialmedia.com\/leblogmoto\/2007\/03\/25\/ktm-690-sm\/#primaryimage","url":"http:\/\/www.leblogmoto.com\/images\/2007\/03\/25\/ktm_690sm_1_2.jpg","contentUrl":"http:\/\/www.leblogmoto.com\/images\/2007\/03\/25\/ktm_690sm_1_2.jpg"},{"@type":"BreadcrumbList","@id":"https:\/\/blogs.thesocialmedia.com\/leblogmoto\/2007\/03\/25\/ktm-690-sm\/#breadcrumb","itemListElement":[{"@type":"ListItem","position":1,"name":"Accueil","item":"https:\/\/blogs.thesocialmedia.com\/leblogmoto\/"},{"@type":"ListItem","position":2,"name":"KTM 690 SM, moto pour d\u00e9butant?"}]},{"@type":"WebSite","@id":"https:\/\/blogs.thesocialmedia.com\/leblogmoto\/#website","url":"https:\/\/blogs.thesocialmedia.com\/leblogmoto\/","name":"leblogmoto","description":"Toute l&#039;actualit\u00e9 des 2 roues","potentialAction":[{"@type":"SearchAction","target":{"@type":"EntryPoint","urlTemplate":"https:\/\/blogs.thesocialmedia.com\/leblogmoto\/?s={search_term_string}"},"query-input":{"@type":"PropertyValueSpecification","valueRequired":true,"valueName":"search_term_string"}}],"inLanguage":"fr-FR"},{"@type":"Person","@id":"https:\/\/blogs.thesocialmedia.com\/leblogmoto\/#\/schema\/person\/769623f89741cc3381675029a37764f8","name":"gregory boucaud","image":{"@type":"ImageObject","inLanguage":"fr-FR","@id":"https:\/\/blogs.thesocialmedia.com\/leblogmoto\/#\/schema\/person\/image\/","url":"https:\/\/secure.gravatar.com\/avatar\/?s=96&d=mm&r=g","contentUrl":"https:\/\/secure.gravatar.com\/avatar\/?s=96&d=mm&r=g","caption":"gregory boucaud"},"url":"https:\/\/blogs.thesocialmedia.com\/leblogmoto\/author\/gregory-boucaud\/"}]}},"_links":{"self":[{"href":"https:\/\/blogs.thesocialmedia.com\/leblogmoto\/wp-json\/wp\/v2\/posts\/1455","targetHints":{"allow":["GET"]}}],"collection":[{"href":"https:\/\/blogs.thesocialmedia.com\/leblogmoto\/wp-json\/wp\/v2\/posts"}],"about":[{"href":"https:\/\/blogs.thesocialmedia.com\/leblogmoto\/wp-json\/wp\/v2\/types\/post"}],"author":[{"embeddable":true,"href":"https:\/\/blogs.thesocialmedia.com\/leblogmoto\/wp-json\/wp\/v2\/users\/329"}],"replies":[{"embeddable":true,"href":"https:\/\/blogs.thesocialmedia.com\/leblogmoto\/wp-json\/wp\/v2\/comments?post=1455"}],"version-history":[{"count":2,"href":"https:\/\/blogs.thesocialmedia.com\/leblogmoto\/wp-json\/wp\/v2\/posts\/1455\/revisions"}],"predecessor-version":[{"id":8248,"href":"https:\/\/blogs.thesocialmedia.com\/leblogmoto\/wp-json\/wp\/v2\/posts\/1455\/revisions\/8248"}],"wp:attachment":[{"href":"https:\/\/blogs.thesocialmedia.com\/leblogmoto\/wp-json\/wp\/v2\/media?parent=1455"}],"wp:term":[{"taxonomy":"category","embeddable":true,"href":"https:\/\/blogs.thesocialmedia.com\/leblogmoto\/wp-json\/wp\/v2\/categories?post=1455"},{"taxonomy":"post_tag","embeddable":true,"href":"https:\/\/blogs.thesocialmedia.com\/leblogmoto\/wp-json\/wp\/v2\/tags?post=1455"}],"curies":[{"name":"wp","href":"https:\/\/api.w.org\/{rel}","templated":true}]}}