{"id":1456,"date":"2007-03-25T13:05:05","date_gmt":"2007-03-25T13:05:05","guid":{"rendered":"http:\/\/blogs.thesocialmedia.com\/leblogmoto\/2007\/03\/25\/moto-gp-locatel\/"},"modified":"2012-07-11T14:36:44","modified_gmt":"2012-07-11T14:36:44","slug":"moto-gp-locatel","status":"publish","type":"post","link":"https:\/\/blogs.thesocialmedia.com\/leblogmoto\/2007\/03\/25\/moto-gp-locatel\/","title":{"rendered":"Moto GP : Locatelli dans le coma, di Meglio clavicule cass\u00e9e"},"content":{"rendered":"<p><a href=\"http:\/\/blogs.thesocialmedia.com\/leblogmoto\/files\/2012\/07\/locatelli.jpg\"><img loading=\"lazy\" decoding=\"async\" width=\"250\" height=\"166\"  src=\"http:\/\/www.leblogmoto.com\/images\/2007\/03\/25\/locatelli.jpg\" alt=\"Locatelli\" style=\"margin: 0px 5px 5px 0px;float: left\" \/><\/a> Le pilote Gilera Italien Roberto Locatelli qui a tr\u00e8s violemment chut\u00e9 samedi pendant la s\u00e9ance de qualifications 250 cc du <a href=\"http:\/\/www.leblogmoto.com\/2007\/03\/moto_gp_pedrosa.html#more\">GP d\u2019Espagne<\/a> a \u00e9t\u00e9 plac\u00e9 dans un coma artificiel \u00e0 l\u2019h\u00f4pital de Cadiz. Il souffre de multiples fractures au visage et \u00e0 la clavicule droite ainsi que de contusions pulmonaires. Locatelli n\u2019a en revanche aucun dommage c\u00e9r\u00e9bral mais la fracture-luxation de sa cheville gauche inqui\u00e8te les m\u00e9decins.<\/p>\n<p><strong>Clavicule cass\u00e9e pour di Meglio<\/strong><\/p>\n<p> Parti \u00e0 la faute \u00e0 la sortie d\u2019un virage, Mike di Meglio a \u00e9t\u00e9 victime d\u2019une grosse chute en fin de la s\u00e9ance de qualifications du GP 125cc d\u2019Espagne.<br \/> Le pilote Toulousain, a gliss\u00e9 une quinzaine de m\u00e8tres sur le bitume avant de finir sa course dans les gravillons. Les m\u00e9decins ont diagnostiqu\u00e9 une fracture de la clavicule qui met le fran\u00e7ais hors course.<\/p>\n","protected":false},"excerpt":{"rendered":"<p>Le pilote Gilera Italien Roberto Locatelli qui a tr\u00e8s violemment chut\u00e9 samedi pendant la s\u00e9ance de qualifications 250 cc du GP d\u2019Espagne a \u00e9t\u00e9 plac\u00e9 dans un coma artificiel \u00e0 l\u2019h\u00f4pital de Cadiz. Il souffre de multiples fractures au visage et \u00e0 la clavicule droite ainsi que de contusions pulmonaires. Locatelli n\u2019a en revanche aucun [&hellip;]<\/p>\n","protected":false},"author":333,"featured_media":0,"comment_status":"open","ping_status":"open","sticky":false,"template":"","format":"standard","meta":{"footnotes":""},"categories":[22],"tags":[],"class_list":["post-1456","post","type-post","status-publish","format-standard","hentry","category-motogp"],"yoast_head":"<!-- This site is optimized with the Yoast SEO plugin v26.0 - https:\/\/yoast.com\/wordpress\/plugins\/seo\/ -->\n<title>Moto GP : Locatelli dans le coma, di Meglio clavicule cass\u00e9e - leblogmoto.com<\/title>\n<meta name=\"robots\" content=\"index, follow, max-snippet:-1, max-image-preview:large, max-video-preview:-1\" \/>\n<link rel=\"canonical\" href=\"https:\/\/blogs.thesocialmedia.com\/leblogmoto\/2007\/03\/25\/moto-gp-locatel\/\" \/>\n<meta name=\"twitter:card\" content=\"summary_large_image\" \/>\n<meta name=\"twitter:title\" content=\"Moto GP : Locatelli dans le coma, di Meglio clavicule cass\u00e9e - leblogmoto.com\" \/>\n<meta name=\"twitter:description\" content=\"Le pilote Gilera Italien Roberto Locatelli qui a tr\u00e8s violemment chut\u00e9 samedi pendant la s\u00e9ance de qualifications 250 cc du GP d\u2019Espagne a \u00e9t\u00e9 plac\u00e9 dans un coma artificiel \u00e0 l\u2019h\u00f4pital de Cadiz. Il souffre de multiples fractures au visage et \u00e0 la clavicule droite ainsi que de contusions pulmonaires. Locatelli n\u2019a en revanche aucun [&hellip;]\" \/>\n<meta name=\"twitter:image\" content=\"http:\/\/www.leblogmoto.com\/images\/2007\/03\/25\/locatelli.jpg\" \/>\n<meta name=\"twitter:label1\" content=\"\u00c9crit par\" \/>\n\t<meta name=\"twitter:data1\" content=\"christian tirat\" \/>\n\t<meta name=\"twitter:label2\" content=\"Dur\u00e9e de lecture estim\u00e9e\" \/>\n\t<meta name=\"twitter:data2\" content=\"1 minute\" \/>\n<script type=\"application\/ld+json\" class=\"yoast-schema-graph\">{\"@context\":\"https:\/\/schema.org\",\"@graph\":[{\"@type\":\"WebPage\",\"@id\":\"https:\/\/blogs.thesocialmedia.com\/leblogmoto\/2007\/03\/25\/moto-gp-locatel\/\",\"url\":\"https:\/\/blogs.thesocialmedia.com\/leblogmoto\/2007\/03\/25\/moto-gp-locatel\/\",\"name\":\"Moto GP : Locatelli dans le coma, di Meglio clavicule cass\u00e9e - leblogmoto.com\",\"isPartOf\":{\"@id\":\"https:\/\/blogs.thesocialmedia.com\/leblogmoto\/#website\"},\"primaryImageOfPage\":{\"@id\":\"https:\/\/blogs.thesocialmedia.com\/leblogmoto\/2007\/03\/25\/moto-gp-locatel\/#primaryimage\"},\"image\":{\"@id\":\"https:\/\/blogs.thesocialmedia.com\/leblogmoto\/2007\/03\/25\/moto-gp-locatel\/#primaryimage\"},\"thumbnailUrl\":\"http:\/\/www.leblogmoto.com\/images\/2007\/03\/25\/locatelli.jpg\",\"datePublished\":\"2007-03-25T13:05:05+00:00\",\"dateModified\":\"2012-07-11T14:36:44+00:00\",\"author\":{\"@id\":\"https:\/\/blogs.thesocialmedia.com\/leblogmoto\/#\/schema\/person\/90b2f8fd0d5a2cede2580e95fc79c6c0\"},\"breadcrumb\":{\"@id\":\"https:\/\/blogs.thesocialmedia.com\/leblogmoto\/2007\/03\/25\/moto-gp-locatel\/#breadcrumb\"},\"inLanguage\":\"fr-FR\",\"potentialAction\":[{\"@type\":\"ReadAction\",\"target\":[\"https:\/\/blogs.thesocialmedia.com\/leblogmoto\/2007\/03\/25\/moto-gp-locatel\/\"]}]},{\"@type\":\"ImageObject\",\"inLanguage\":\"fr-FR\",\"@id\":\"https:\/\/blogs.thesocialmedia.com\/leblogmoto\/2007\/03\/25\/moto-gp-locatel\/#primaryimage\",\"url\":\"http:\/\/www.leblogmoto.com\/images\/2007\/03\/25\/locatelli.jpg\",\"contentUrl\":\"http:\/\/www.leblogmoto.com\/images\/2007\/03\/25\/locatelli.jpg\"},{\"@type\":\"BreadcrumbList\",\"@id\":\"https:\/\/blogs.thesocialmedia.com\/leblogmoto\/2007\/03\/25\/moto-gp-locatel\/#breadcrumb\",\"itemListElement\":[{\"@type\":\"ListItem\",\"position\":1,\"name\":\"Accueil\",\"item\":\"https:\/\/blogs.thesocialmedia.com\/leblogmoto\/\"},{\"@type\":\"ListItem\",\"position\":2,\"name\":\"Moto GP : Locatelli dans le coma, di Meglio clavicule cass\u00e9e\"}]},{\"@type\":\"WebSite\",\"@id\":\"https:\/\/blogs.thesocialmedia.com\/leblogmoto\/#website\",\"url\":\"https:\/\/blogs.thesocialmedia.com\/leblogmoto\/\",\"name\":\"leblogmoto\",\"description\":\"Toute l&#039;actualit\u00e9 des 2 roues\",\"potentialAction\":[{\"@type\":\"SearchAction\",\"target\":{\"@type\":\"EntryPoint\",\"urlTemplate\":\"https:\/\/blogs.thesocialmedia.com\/leblogmoto\/?s={search_term_string}\"},\"query-input\":{\"@type\":\"PropertyValueSpecification\",\"valueRequired\":true,\"valueName\":\"search_term_string\"}}],\"inLanguage\":\"fr-FR\"},{\"@type\":\"Person\",\"@id\":\"https:\/\/blogs.thesocialmedia.com\/leblogmoto\/#\/schema\/person\/90b2f8fd0d5a2cede2580e95fc79c6c0\",\"name\":\"christian tirat\",\"image\":{\"@type\":\"ImageObject\",\"inLanguage\":\"fr-FR\",\"@id\":\"https:\/\/blogs.thesocialmedia.com\/leblogmoto\/#\/schema\/person\/image\/\",\"url\":\"https:\/\/secure.gravatar.com\/avatar\/?s=96&d=mm&r=g\",\"contentUrl\":\"https:\/\/secure.gravatar.com\/avatar\/?s=96&d=mm&r=g\",\"caption\":\"christian tirat\"},\"url\":\"https:\/\/blogs.thesocialmedia.com\/leblogmoto\/author\/christian-tirat\/\"}]}<\/script>\n<!-- \/ Yoast SEO plugin. -->","yoast_head_json":{"title":"Moto GP : Locatelli dans le coma, di Meglio clavicule cass\u00e9e - leblogmoto.com","robots":{"index":"index","follow":"follow","max-snippet":"max-snippet:-1","max-image-preview":"max-image-preview:large","max-video-preview":"max-video-preview:-1"},"canonical":"https:\/\/blogs.thesocialmedia.com\/leblogmoto\/2007\/03\/25\/moto-gp-locatel\/","twitter_card":"summary_large_image","twitter_title":"Moto GP : Locatelli dans le coma, di Meglio clavicule cass\u00e9e - leblogmoto.com","twitter_description":"Le pilote Gilera Italien Roberto Locatelli qui a tr\u00e8s violemment chut\u00e9 samedi pendant la s\u00e9ance de qualifications 250 cc du GP d\u2019Espagne a \u00e9t\u00e9 plac\u00e9 dans un coma artificiel \u00e0 l\u2019h\u00f4pital de Cadiz. Il souffre de multiples fractures au visage et \u00e0 la clavicule droite ainsi que de contusions pulmonaires. Locatelli n\u2019a en revanche aucun [&hellip;]","twitter_image":"http:\/\/www.leblogmoto.com\/images\/2007\/03\/25\/locatelli.jpg","twitter_misc":{"\u00c9crit par":"christian tirat","Dur\u00e9e de lecture estim\u00e9e":"1 minute"},"schema":{"@context":"https:\/\/schema.org","@graph":[{"@type":"WebPage","@id":"https:\/\/blogs.thesocialmedia.com\/leblogmoto\/2007\/03\/25\/moto-gp-locatel\/","url":"https:\/\/blogs.thesocialmedia.com\/leblogmoto\/2007\/03\/25\/moto-gp-locatel\/","name":"Moto GP : Locatelli dans le coma, di Meglio clavicule cass\u00e9e - leblogmoto.com","isPartOf":{"@id":"https:\/\/blogs.thesocialmedia.com\/leblogmoto\/#website"},"primaryImageOfPage":{"@id":"https:\/\/blogs.thesocialmedia.com\/leblogmoto\/2007\/03\/25\/moto-gp-locatel\/#primaryimage"},"image":{"@id":"https:\/\/blogs.thesocialmedia.com\/leblogmoto\/2007\/03\/25\/moto-gp-locatel\/#primaryimage"},"thumbnailUrl":"http:\/\/www.leblogmoto.com\/images\/2007\/03\/25\/locatelli.jpg","datePublished":"2007-03-25T13:05:05+00:00","dateModified":"2012-07-11T14:36:44+00:00","author":{"@id":"https:\/\/blogs.thesocialmedia.com\/leblogmoto\/#\/schema\/person\/90b2f8fd0d5a2cede2580e95fc79c6c0"},"breadcrumb":{"@id":"https:\/\/blogs.thesocialmedia.com\/leblogmoto\/2007\/03\/25\/moto-gp-locatel\/#breadcrumb"},"inLanguage":"fr-FR","potentialAction":[{"@type":"ReadAction","target":["https:\/\/blogs.thesocialmedia.com\/leblogmoto\/2007\/03\/25\/moto-gp-locatel\/"]}]},{"@type":"ImageObject","inLanguage":"fr-FR","@id":"https:\/\/blogs.thesocialmedia.com\/leblogmoto\/2007\/03\/25\/moto-gp-locatel\/#primaryimage","url":"http:\/\/www.leblogmoto.com\/images\/2007\/03\/25\/locatelli.jpg","contentUrl":"http:\/\/www.leblogmoto.com\/images\/2007\/03\/25\/locatelli.jpg"},{"@type":"BreadcrumbList","@id":"https:\/\/blogs.thesocialmedia.com\/leblogmoto\/2007\/03\/25\/moto-gp-locatel\/#breadcrumb","itemListElement":[{"@type":"ListItem","position":1,"name":"Accueil","item":"https:\/\/blogs.thesocialmedia.com\/leblogmoto\/"},{"@type":"ListItem","position":2,"name":"Moto GP : Locatelli dans le coma, di Meglio clavicule cass\u00e9e"}]},{"@type":"WebSite","@id":"https:\/\/blogs.thesocialmedia.com\/leblogmoto\/#website","url":"https:\/\/blogs.thesocialmedia.com\/leblogmoto\/","name":"leblogmoto","description":"Toute l&#039;actualit\u00e9 des 2 roues","potentialAction":[{"@type":"SearchAction","target":{"@type":"EntryPoint","urlTemplate":"https:\/\/blogs.thesocialmedia.com\/leblogmoto\/?s={search_term_string}"},"query-input":{"@type":"PropertyValueSpecification","valueRequired":true,"valueName":"search_term_string"}}],"inLanguage":"fr-FR"},{"@type":"Person","@id":"https:\/\/blogs.thesocialmedia.com\/leblogmoto\/#\/schema\/person\/90b2f8fd0d5a2cede2580e95fc79c6c0","name":"christian tirat","image":{"@type":"ImageObject","inLanguage":"fr-FR","@id":"https:\/\/blogs.thesocialmedia.com\/leblogmoto\/#\/schema\/person\/image\/","url":"https:\/\/secure.gravatar.com\/avatar\/?s=96&d=mm&r=g","contentUrl":"https:\/\/secure.gravatar.com\/avatar\/?s=96&d=mm&r=g","caption":"christian tirat"},"url":"https:\/\/blogs.thesocialmedia.com\/leblogmoto\/author\/christian-tirat\/"}]}},"_links":{"self":[{"href":"https:\/\/blogs.thesocialmedia.com\/leblogmoto\/wp-json\/wp\/v2\/posts\/1456","targetHints":{"allow":["GET"]}}],"collection":[{"href":"https:\/\/blogs.thesocialmedia.com\/leblogmoto\/wp-json\/wp\/v2\/posts"}],"about":[{"href":"https:\/\/blogs.thesocialmedia.com\/leblogmoto\/wp-json\/wp\/v2\/types\/post"}],"author":[{"embeddable":true,"href":"https:\/\/blogs.thesocialmedia.com\/leblogmoto\/wp-json\/wp\/v2\/users\/333"}],"replies":[{"embeddable":true,"href":"https:\/\/blogs.thesocialmedia.com\/leblogmoto\/wp-json\/wp\/v2\/comments?post=1456"}],"version-history":[{"count":2,"href":"https:\/\/blogs.thesocialmedia.com\/leblogmoto\/wp-json\/wp\/v2\/posts\/1456\/revisions"}],"predecessor-version":[{"id":8246,"href":"https:\/\/blogs.thesocialmedia.com\/leblogmoto\/wp-json\/wp\/v2\/posts\/1456\/revisions\/8246"}],"wp:attachment":[{"href":"https:\/\/blogs.thesocialmedia.com\/leblogmoto\/wp-json\/wp\/v2\/media?parent=1456"}],"wp:term":[{"taxonomy":"category","embeddable":true,"href":"https:\/\/blogs.thesocialmedia.com\/leblogmoto\/wp-json\/wp\/v2\/categories?post=1456"},{"taxonomy":"post_tag","embeddable":true,"href":"https:\/\/blogs.thesocialmedia.com\/leblogmoto\/wp-json\/wp\/v2\/tags?post=1456"}],"curies":[{"name":"wp","href":"https:\/\/api.w.org\/{rel}","templated":true}]}}