{"id":1458,"date":"2007-03-24T19:03:25","date_gmt":"2007-03-24T19:03:25","guid":{"rendered":"http:\/\/blogs.thesocialmedia.com\/leblogmoto\/2007\/03\/24\/enduro-wec-les-3\/"},"modified":"2012-07-11T14:36:40","modified_gmt":"2012-07-11T14:36:40","slug":"enduro-wec-les-3","status":"publish","type":"post","link":"https:\/\/blogs.thesocialmedia.com\/leblogmoto\/2007\/03\/24\/enduro-wec-les-3\/","title":{"rendered":"Enduro WEC: les Fran\u00e7ais dans la cour des grands \u2026froids (4\u00e8me partie)"},"content":{"rendered":"<p><a href=\"http:\/\/blogs.thesocialmedia.com\/leblogmoto\/files\/2012\/07\/ljunggren.jpg\"><img loading=\"lazy\" decoding=\"async\" width=\"250\" height=\"167\"  src=\"http:\/\/www.leblogmoto.com\/images\/2007\/03\/24\/ljunggren.jpg\" alt=\"Ljunggren\" style=\"margin: 0px 5px 5px 0px;float: left\" \/><\/a> Le MAXXIS WEC, c\u2019est aussi une cat\u00e9gorie \u00ab Junior \u00bb ouverte aux pilotes de moins de 23 ans\u2026vive la rel\u00e8ve !<br \/>Une rel\u00e8ve qui ne d\u00e9pare cependant pas de l\u2019ensemble de la course domin\u00e9e par les nordistes. Sauf que c\u2019est un su\u00e9dois, qui brisera le monopole des Finlandais. Joakim Ljunggren (Husaberg) comme l\u2019an dernier imposera sa loi par un doubl\u00e9 dans la cat\u00e9gorie, en s\u2019offrant m\u00eame le luxe de chatouiller les grands avec une quatri\u00e8me place au scratch; la meilleure course de sa carri\u00e8re selon lui.<\/p>\n<p><a href=\"http:\/\/blogs.thesocialmedia.com\/leblogmoto\/files\/2012\/07\/ljundgrren.jpg\"><img loading=\"lazy\" decoding=\"async\" width=\"250\" height=\"330\"  src=\"http:\/\/www.leblogmoto.com\/images\/2007\/03\/24\/ljundgrren.jpg\" alt=\"Ljundgrren\" style=\"margin: 0px 5px 5px 0px;float: left\" \/><\/a> Le petit prince de l\u2019enduro Scandinave \u00e9tait sur ses terres, mais n\u2019\u00e9tant pas le seul r\u00e9gional, il laisse \u00e0 Robert Kvarnstrom (KTM), son compatriote et adversaire le plus s\u00e9rieux la deuxi\u00e8me place \u00e0 pr\u00e8s de 4 minutes derri\u00e8re lui le premier jour. Peut-\u00eatre pour sauver l\u2019honneur Su\u00e9dois quelque peu bafou\u00e9 par la supr\u00e9matie Finlandaise en <a href=\"http:\/\/www.leblogmoto.com\/2007\/03\/enduro_wec_les_.html#more\">E1<\/a>, <a href=\"http:\/\/www.leblogmoto.com\/2007\/03\/enduro_wec_les__1.html#more\">E2<\/a> et <a href=\"http:\/\/www.leblogmoto.com\/2007\/03\/enduro_wec_les__2.html#more\">E3<\/a>, c\u2019est encore un Su\u00e9dois, Ricard Wressel (Husaberg) qui pointe troisi\u00e8me \u00e0 la fin du round d\u2019ouverture. Favorable aux su\u00e9dois, cette premi\u00e8re journ\u00e9e le fut en revanche beaucoup moins pour les Husky-boys fran\u00e7ais. Nous avons vu que S\u00e9bastien Guillaume avait d\u00fb abandonner sur casse en <a href=\"http:\/\/www.leblogmoto.com\/2007\/03\/enduro_wec_les__2.html#more\">E3<\/a>, et bien il en fut de m\u00eame pour son co\u00e9quipier Marc Bourgeois. Le vice champion 2006 a rejoint son a\u00een\u00e9 dans le camion \u00e0 l\u2019issue de la deuxi\u00e8me sp\u00e9ciale du premier jour. Julien Colomban fera de m\u00eame. La Su\u00e8de, terre natale d\u2019Husqvarna se vengerait-elle encore de la \u00ab trahison \u00bb de sa marque f\u00e9tiche, pass\u00e9e \u00e0 l\u2019Italie en 1984 apr\u00e8s 84 ans d\u2019une histoire mythique ? <\/p>\n<p> Aucun fran\u00e7ais dans le top ten du premier jour, aucun le deuxi\u00e8me jour. Christophe Nambotin (Gas Gas) premier fran\u00e7ais est onzi\u00e8me samedi avec 10\u201911\u2019\u201961 de retard, et Jeremy Joly (Sherco) second et dernier fran\u00e7ais class\u00e9 termine 27\u00e8me \u00e0 19\u201954\u2019\u201901 du leader. Marc Bourgeois redresse un peu la barre dimanche en pointant 11\u00e8me \u00e0 un peu plus de 6 minutes de Ljunggren. Plus loin, Nambotin arrive 18\u00e8me \u00e0 8\u201903\u2019\u201913. Quand \u00e0 Jullien Colomban (HVA) il est contraint \u00e0 l\u2019abandon sur la troisi\u00e8me sp\u00e9ciale, de m\u00eame que Juan Reyes (Honda) sur l\u2019ES 6 et Jeremy Joly (Sherco) au cours du neuvi\u00e8me test. <br \/>Seul Christophe Nambotin (14\u00e8me) figure au top 15 du classement provisoire WEC 2007\u2026<\/p>\n<p> En revanche, il convient de souligner que le deuxi\u00e8me jour, l\u2019italien Thomas Oldrati (KTM) cr\u00e9a la surprise en prenant la deuxi\u00e8me place des Junior, devant le Finlandais Olli Turma (KTM).<\/p>\n<p> Le mois de r\u00e9cup\u00e9ration avant le GP AMV d&rsquo;Espagne \u00e0 Puerto Lumbreras ne sera sans doute pas un luxe. Rendez-vous donc les 28 et 29 avril 2007 pour la deuxi\u00e8me des huit \u00e9tapes du MAXXIS WEC en souhaitant aux jeunes hexagonaux un climat plus cl\u00e9ment pour exprimer leur potentiel.<\/p>\n<p><strong> Classement provisoire Junior WEC apr\u00e8s une manche<\/strong><\/p>\n<p> 1. LJUNGGREN Joakim S HUSABERG 50 pts<br \/> 2. TURMA Olli SF KTM 36<br \/> 3. KVARNSTROM Fredrik S KTM 35<br \/> 4. WRESSEL Ricard S HUSABERG 34<br \/> 5. OLDRATI Thomas I KTM 31<br \/> 6. HELLSTEN Antti SF HUSQVARNA 30<br \/> 7. SAGAR Tom GB KTM 24<br \/> 8. JANSSON Tomas S KTM 24<br \/> 9. NIKANDER Roni SF KTM 18<br \/> 10. BERG Fredrik S KTM 18<br \/> 11. STAPLETON Jacob AUS TM 16<br \/> 12. PULKKINEN Jari SF KTM 15<br \/> 13. KAAPA Sami SF SUZUKI 14<br \/> 14. NAMBOTIN Christophe F GAS GAS 13<br \/> 15. LUTHSTROM Erik S KTM 13 &#8230;<br \/> et\u202617 BOURGEOIS Marc F HUSQVARNA 10 &#8230;<\/p>\n","protected":false},"excerpt":{"rendered":"<p>Le MAXXIS WEC, c\u2019est aussi une cat\u00e9gorie \u00ab Junior \u00bb ouverte aux pilotes de moins de 23 ans\u2026vive la rel\u00e8ve !Une rel\u00e8ve qui ne d\u00e9pare cependant pas de l\u2019ensemble de la course domin\u00e9e par les nordistes. Sauf que c\u2019est un su\u00e9dois, qui brisera le monopole des Finlandais. Joakim Ljunggren (Husaberg) comme l\u2019an dernier imposera sa [&hellip;]<\/p>\n","protected":false},"author":333,"featured_media":0,"comment_status":"open","ping_status":"open","sticky":false,"template":"","format":"standard","meta":{"footnotes":""},"categories":[32],"tags":[],"class_list":["post-1458","post","type-post","status-publish","format-standard","hentry","category-sport-moto"],"yoast_head":"<!-- This site is optimized with the Yoast SEO plugin v26.0 - https:\/\/yoast.com\/wordpress\/plugins\/seo\/ -->\n<title>Enduro WEC: les Fran\u00e7ais dans la cour des grands \u2026froids (4\u00e8me partie) - leblogmoto.com<\/title>\n<meta name=\"robots\" content=\"index, follow, max-snippet:-1, max-image-preview:large, max-video-preview:-1\" \/>\n<link rel=\"canonical\" href=\"https:\/\/blogs.thesocialmedia.com\/leblogmoto\/2007\/03\/24\/enduro-wec-les-3\/\" \/>\n<meta name=\"twitter:card\" content=\"summary_large_image\" \/>\n<meta name=\"twitter:title\" content=\"Enduro WEC: les Fran\u00e7ais dans la cour des grands \u2026froids (4\u00e8me partie) - leblogmoto.com\" \/>\n<meta name=\"twitter:description\" content=\"Le MAXXIS WEC, c\u2019est aussi une cat\u00e9gorie \u00ab Junior \u00bb ouverte aux pilotes de moins de 23 ans\u2026vive la rel\u00e8ve !Une rel\u00e8ve qui ne d\u00e9pare cependant pas de l\u2019ensemble de la course domin\u00e9e par les nordistes. Sauf que c\u2019est un su\u00e9dois, qui brisera le monopole des Finlandais. Joakim Ljunggren (Husaberg) comme l\u2019an dernier imposera sa [&hellip;]\" \/>\n<meta name=\"twitter:image\" content=\"http:\/\/www.leblogmoto.com\/images\/2007\/03\/24\/ljunggren.jpg\" \/>\n<meta name=\"twitter:label1\" content=\"\u00c9crit par\" \/>\n\t<meta name=\"twitter:data1\" content=\"christian tirat\" \/>\n\t<meta name=\"twitter:label2\" content=\"Dur\u00e9e de lecture estim\u00e9e\" \/>\n\t<meta name=\"twitter:data2\" content=\"3 minutes\" \/>\n<script type=\"application\/ld+json\" class=\"yoast-schema-graph\">{\"@context\":\"https:\/\/schema.org\",\"@graph\":[{\"@type\":\"WebPage\",\"@id\":\"https:\/\/blogs.thesocialmedia.com\/leblogmoto\/2007\/03\/24\/enduro-wec-les-3\/\",\"url\":\"https:\/\/blogs.thesocialmedia.com\/leblogmoto\/2007\/03\/24\/enduro-wec-les-3\/\",\"name\":\"Enduro WEC: les Fran\u00e7ais dans la cour des grands \u2026froids (4\u00e8me partie) - leblogmoto.com\",\"isPartOf\":{\"@id\":\"https:\/\/blogs.thesocialmedia.com\/leblogmoto\/#website\"},\"primaryImageOfPage\":{\"@id\":\"https:\/\/blogs.thesocialmedia.com\/leblogmoto\/2007\/03\/24\/enduro-wec-les-3\/#primaryimage\"},\"image\":{\"@id\":\"https:\/\/blogs.thesocialmedia.com\/leblogmoto\/2007\/03\/24\/enduro-wec-les-3\/#primaryimage\"},\"thumbnailUrl\":\"http:\/\/www.leblogmoto.com\/images\/2007\/03\/24\/ljunggren.jpg\",\"datePublished\":\"2007-03-24T19:03:25+00:00\",\"dateModified\":\"2012-07-11T14:36:40+00:00\",\"author\":{\"@id\":\"https:\/\/blogs.thesocialmedia.com\/leblogmoto\/#\/schema\/person\/90b2f8fd0d5a2cede2580e95fc79c6c0\"},\"breadcrumb\":{\"@id\":\"https:\/\/blogs.thesocialmedia.com\/leblogmoto\/2007\/03\/24\/enduro-wec-les-3\/#breadcrumb\"},\"inLanguage\":\"fr-FR\",\"potentialAction\":[{\"@type\":\"ReadAction\",\"target\":[\"https:\/\/blogs.thesocialmedia.com\/leblogmoto\/2007\/03\/24\/enduro-wec-les-3\/\"]}]},{\"@type\":\"ImageObject\",\"inLanguage\":\"fr-FR\",\"@id\":\"https:\/\/blogs.thesocialmedia.com\/leblogmoto\/2007\/03\/24\/enduro-wec-les-3\/#primaryimage\",\"url\":\"http:\/\/www.leblogmoto.com\/images\/2007\/03\/24\/ljunggren.jpg\",\"contentUrl\":\"http:\/\/www.leblogmoto.com\/images\/2007\/03\/24\/ljunggren.jpg\"},{\"@type\":\"BreadcrumbList\",\"@id\":\"https:\/\/blogs.thesocialmedia.com\/leblogmoto\/2007\/03\/24\/enduro-wec-les-3\/#breadcrumb\",\"itemListElement\":[{\"@type\":\"ListItem\",\"position\":1,\"name\":\"Accueil\",\"item\":\"https:\/\/blogs.thesocialmedia.com\/leblogmoto\/\"},{\"@type\":\"ListItem\",\"position\":2,\"name\":\"Enduro WEC: les Fran\u00e7ais dans la cour des grands \u2026froids (4\u00e8me partie)\"}]},{\"@type\":\"WebSite\",\"@id\":\"https:\/\/blogs.thesocialmedia.com\/leblogmoto\/#website\",\"url\":\"https:\/\/blogs.thesocialmedia.com\/leblogmoto\/\",\"name\":\"leblogmoto\",\"description\":\"Toute l&#039;actualit\u00e9 des 2 roues\",\"potentialAction\":[{\"@type\":\"SearchAction\",\"target\":{\"@type\":\"EntryPoint\",\"urlTemplate\":\"https:\/\/blogs.thesocialmedia.com\/leblogmoto\/?s={search_term_string}\"},\"query-input\":{\"@type\":\"PropertyValueSpecification\",\"valueRequired\":true,\"valueName\":\"search_term_string\"}}],\"inLanguage\":\"fr-FR\"},{\"@type\":\"Person\",\"@id\":\"https:\/\/blogs.thesocialmedia.com\/leblogmoto\/#\/schema\/person\/90b2f8fd0d5a2cede2580e95fc79c6c0\",\"name\":\"christian tirat\",\"image\":{\"@type\":\"ImageObject\",\"inLanguage\":\"fr-FR\",\"@id\":\"https:\/\/blogs.thesocialmedia.com\/leblogmoto\/#\/schema\/person\/image\/\",\"url\":\"https:\/\/secure.gravatar.com\/avatar\/?s=96&d=mm&r=g\",\"contentUrl\":\"https:\/\/secure.gravatar.com\/avatar\/?s=96&d=mm&r=g\",\"caption\":\"christian tirat\"},\"url\":\"https:\/\/blogs.thesocialmedia.com\/leblogmoto\/author\/christian-tirat\/\"}]}<\/script>\n<!-- \/ Yoast SEO plugin. -->","yoast_head_json":{"title":"Enduro WEC: les Fran\u00e7ais dans la cour des grands \u2026froids (4\u00e8me partie) - leblogmoto.com","robots":{"index":"index","follow":"follow","max-snippet":"max-snippet:-1","max-image-preview":"max-image-preview:large","max-video-preview":"max-video-preview:-1"},"canonical":"https:\/\/blogs.thesocialmedia.com\/leblogmoto\/2007\/03\/24\/enduro-wec-les-3\/","twitter_card":"summary_large_image","twitter_title":"Enduro WEC: les Fran\u00e7ais dans la cour des grands \u2026froids (4\u00e8me partie) - leblogmoto.com","twitter_description":"Le MAXXIS WEC, c\u2019est aussi une cat\u00e9gorie \u00ab Junior \u00bb ouverte aux pilotes de moins de 23 ans\u2026vive la rel\u00e8ve !Une rel\u00e8ve qui ne d\u00e9pare cependant pas de l\u2019ensemble de la course domin\u00e9e par les nordistes. Sauf que c\u2019est un su\u00e9dois, qui brisera le monopole des Finlandais. Joakim Ljunggren (Husaberg) comme l\u2019an dernier imposera sa [&hellip;]","twitter_image":"http:\/\/www.leblogmoto.com\/images\/2007\/03\/24\/ljunggren.jpg","twitter_misc":{"\u00c9crit par":"christian tirat","Dur\u00e9e de lecture estim\u00e9e":"3 minutes"},"schema":{"@context":"https:\/\/schema.org","@graph":[{"@type":"WebPage","@id":"https:\/\/blogs.thesocialmedia.com\/leblogmoto\/2007\/03\/24\/enduro-wec-les-3\/","url":"https:\/\/blogs.thesocialmedia.com\/leblogmoto\/2007\/03\/24\/enduro-wec-les-3\/","name":"Enduro WEC: les Fran\u00e7ais dans la cour des grands \u2026froids (4\u00e8me partie) - leblogmoto.com","isPartOf":{"@id":"https:\/\/blogs.thesocialmedia.com\/leblogmoto\/#website"},"primaryImageOfPage":{"@id":"https:\/\/blogs.thesocialmedia.com\/leblogmoto\/2007\/03\/24\/enduro-wec-les-3\/#primaryimage"},"image":{"@id":"https:\/\/blogs.thesocialmedia.com\/leblogmoto\/2007\/03\/24\/enduro-wec-les-3\/#primaryimage"},"thumbnailUrl":"http:\/\/www.leblogmoto.com\/images\/2007\/03\/24\/ljunggren.jpg","datePublished":"2007-03-24T19:03:25+00:00","dateModified":"2012-07-11T14:36:40+00:00","author":{"@id":"https:\/\/blogs.thesocialmedia.com\/leblogmoto\/#\/schema\/person\/90b2f8fd0d5a2cede2580e95fc79c6c0"},"breadcrumb":{"@id":"https:\/\/blogs.thesocialmedia.com\/leblogmoto\/2007\/03\/24\/enduro-wec-les-3\/#breadcrumb"},"inLanguage":"fr-FR","potentialAction":[{"@type":"ReadAction","target":["https:\/\/blogs.thesocialmedia.com\/leblogmoto\/2007\/03\/24\/enduro-wec-les-3\/"]}]},{"@type":"ImageObject","inLanguage":"fr-FR","@id":"https:\/\/blogs.thesocialmedia.com\/leblogmoto\/2007\/03\/24\/enduro-wec-les-3\/#primaryimage","url":"http:\/\/www.leblogmoto.com\/images\/2007\/03\/24\/ljunggren.jpg","contentUrl":"http:\/\/www.leblogmoto.com\/images\/2007\/03\/24\/ljunggren.jpg"},{"@type":"BreadcrumbList","@id":"https:\/\/blogs.thesocialmedia.com\/leblogmoto\/2007\/03\/24\/enduro-wec-les-3\/#breadcrumb","itemListElement":[{"@type":"ListItem","position":1,"name":"Accueil","item":"https:\/\/blogs.thesocialmedia.com\/leblogmoto\/"},{"@type":"ListItem","position":2,"name":"Enduro WEC: les Fran\u00e7ais dans la cour des grands \u2026froids (4\u00e8me partie)"}]},{"@type":"WebSite","@id":"https:\/\/blogs.thesocialmedia.com\/leblogmoto\/#website","url":"https:\/\/blogs.thesocialmedia.com\/leblogmoto\/","name":"leblogmoto","description":"Toute l&#039;actualit\u00e9 des 2 roues","potentialAction":[{"@type":"SearchAction","target":{"@type":"EntryPoint","urlTemplate":"https:\/\/blogs.thesocialmedia.com\/leblogmoto\/?s={search_term_string}"},"query-input":{"@type":"PropertyValueSpecification","valueRequired":true,"valueName":"search_term_string"}}],"inLanguage":"fr-FR"},{"@type":"Person","@id":"https:\/\/blogs.thesocialmedia.com\/leblogmoto\/#\/schema\/person\/90b2f8fd0d5a2cede2580e95fc79c6c0","name":"christian tirat","image":{"@type":"ImageObject","inLanguage":"fr-FR","@id":"https:\/\/blogs.thesocialmedia.com\/leblogmoto\/#\/schema\/person\/image\/","url":"https:\/\/secure.gravatar.com\/avatar\/?s=96&d=mm&r=g","contentUrl":"https:\/\/secure.gravatar.com\/avatar\/?s=96&d=mm&r=g","caption":"christian tirat"},"url":"https:\/\/blogs.thesocialmedia.com\/leblogmoto\/author\/christian-tirat\/"}]}},"_links":{"self":[{"href":"https:\/\/blogs.thesocialmedia.com\/leblogmoto\/wp-json\/wp\/v2\/posts\/1458","targetHints":{"allow":["GET"]}}],"collection":[{"href":"https:\/\/blogs.thesocialmedia.com\/leblogmoto\/wp-json\/wp\/v2\/posts"}],"about":[{"href":"https:\/\/blogs.thesocialmedia.com\/leblogmoto\/wp-json\/wp\/v2\/types\/post"}],"author":[{"embeddable":true,"href":"https:\/\/blogs.thesocialmedia.com\/leblogmoto\/wp-json\/wp\/v2\/users\/333"}],"replies":[{"embeddable":true,"href":"https:\/\/blogs.thesocialmedia.com\/leblogmoto\/wp-json\/wp\/v2\/comments?post=1458"}],"version-history":[{"count":2,"href":"https:\/\/blogs.thesocialmedia.com\/leblogmoto\/wp-json\/wp\/v2\/posts\/1458\/revisions"}],"predecessor-version":[{"id":8242,"href":"https:\/\/blogs.thesocialmedia.com\/leblogmoto\/wp-json\/wp\/v2\/posts\/1458\/revisions\/8242"}],"wp:attachment":[{"href":"https:\/\/blogs.thesocialmedia.com\/leblogmoto\/wp-json\/wp\/v2\/media?parent=1458"}],"wp:term":[{"taxonomy":"category","embeddable":true,"href":"https:\/\/blogs.thesocialmedia.com\/leblogmoto\/wp-json\/wp\/v2\/categories?post=1458"},{"taxonomy":"post_tag","embeddable":true,"href":"https:\/\/blogs.thesocialmedia.com\/leblogmoto\/wp-json\/wp\/v2\/tags?post=1458"}],"curies":[{"name":"wp","href":"https:\/\/api.w.org\/{rel}","templated":true}]}}