{"id":146,"date":"2009-05-16T14:25:10","date_gmt":"2009-05-16T14:25:10","guid":{"rendered":"http:\/\/blogs.thesocialmedia.com\/leblogmoto\/2009\/05\/16\/regis-laconi-en-coma-artificiel\/"},"modified":"2012-07-11T17:25:46","modified_gmt":"2012-07-11T17:25:46","slug":"regis-laconi-en-coma-artificiel","status":"publish","type":"post","link":"https:\/\/blogs.thesocialmedia.com\/leblogmoto\/2009\/05\/16\/regis-laconi-en-coma-artificiel\/","title":{"rendered":"Regis Laconi en coma artificiel"},"content":{"rendered":"<p><a href=\"http:\/\/blogs.thesocialmedia.com\/leblogmoto\/files\/2012\/07\/6a00d83451b18369e20115708cb9cf970b-pi.jpg\"><img decoding=\"async\" alt=\"Laconi\" class=\"at-xid-6a00d83451b18369e20115708cb9cf970b \" src=\"http:\/\/blogs.thesocialmedia.com\/leblogmoto\/files\/2012\/07\/6a00d83451b18369e20115708cb9cf970b-500wi.jpg\" \/><\/a> <br \/>Hier pendant sa s\u00e9ance d&#039;essai Superbike sur le circuit de Kyalami Regis Laconi a lourdement chut\u00e9 dans une rapide courbe \u00e0 droite. Son casque a heurt\u00e9 violemment la piste et provoqu\u00e9 des dommages \u00e0 ses cervicales (C3 &amp; C5), vert\u00e8bres ainsi qu&#039;un oedeme pulmonaire. <\/p>\n<p>A la suite d&#039;un arr\u00eat cardiaque les m\u00e9decins sud africains ont pr\u00e9f\u00e9r\u00e9 le placer dans le coma en soins intensifs, sous respiration artificielle, de la clinique mobile MotoGP \u00e0 l&#039;h\u00f4pital de Johannesburg. Seule bonne nouvelle, ses pieds et ses mains ont r\u00e9ussi \u00e0 bouger un peu avant que le neurochirurgien ne le mette en sommeil forc\u00e9. <\/p>\n<p>Il va falloir attendre que son \u00e9tat se stabilise, 4 ou 5 jours, pour que de plus pouss\u00e9s diagnostics aient lieu. Quoiqu&#039;il en soit Regis Laconi devra rester alit\u00e9 un bon mois.<\/p>\n<p>R\u00e9gis Laconi est le dernier pilote fran\u00e7ais \u00e0 s&#039;\u00eatre impos\u00e9 en GP500 en 1999 en Espagne sur le circuit de Valence. <\/p>\n<p>Merci de penser \u00e0 lui fortement ce week end, il vous entendra<\/p>\n","protected":false},"excerpt":{"rendered":"<p>Hier pendant sa s\u00e9ance d&#039;essai Superbike sur le circuit de Kyalami Regis Laconi a lourdement chut\u00e9 dans une rapide courbe \u00e0 droite. Son casque a heurt\u00e9 violemment la piste et provoqu\u00e9 des dommages \u00e0 ses cervicales (C3 &amp; C5), vert\u00e8bres ainsi qu&#039;un oedeme pulmonaire. A la suite d&#039;un arr\u00eat cardiaque les m\u00e9decins sud africains ont [&hellip;]<\/p>\n","protected":false},"author":323,"featured_media":13553,"comment_status":"open","ping_status":"open","sticky":false,"template":"","format":"standard","meta":{"footnotes":""},"categories":[3,46],"tags":[],"class_list":["post-146","post","type-post","status-publish","format-standard","has-post-thumbnail","hentry","category-actualite","category-superbike"],"yoast_head":"<!-- This site is optimized with the Yoast SEO plugin v26.0 - https:\/\/yoast.com\/wordpress\/plugins\/seo\/ -->\n<title>Regis Laconi en coma artificiel - leblogmoto.com<\/title>\n<meta name=\"robots\" content=\"index, follow, max-snippet:-1, max-image-preview:large, max-video-preview:-1\" \/>\n<link rel=\"canonical\" href=\"https:\/\/blogs.thesocialmedia.com\/leblogmoto\/2009\/05\/16\/regis-laconi-en-coma-artificiel\/\" \/>\n<meta name=\"twitter:card\" content=\"summary_large_image\" \/>\n<meta name=\"twitter:title\" content=\"Regis Laconi en coma artificiel - leblogmoto.com\" \/>\n<meta name=\"twitter:description\" content=\"Hier pendant sa s\u00e9ance d&#039;essai Superbike sur le circuit de Kyalami Regis Laconi a lourdement chut\u00e9 dans une rapide courbe \u00e0 droite. Son casque a heurt\u00e9 violemment la piste et provoqu\u00e9 des dommages \u00e0 ses cervicales (C3 &amp; C5), vert\u00e8bres ainsi qu&#039;un oedeme pulmonaire. A la suite d&#039;un arr\u00eat cardiaque les m\u00e9decins sud africains ont [&hellip;]\" \/>\n<meta name=\"twitter:image\" content=\"https:\/\/blogs.thesocialmedia.com\/leblogmoto\/files\/2012\/07\/6a00d83451b18369e20115708cb9cf970b-500wi.jpg\" \/>\n<meta name=\"twitter:label1\" content=\"\u00c9crit par\" \/>\n\t<meta name=\"twitter:data1\" content=\"albin le guyader\" \/>\n\t<meta name=\"twitter:label2\" content=\"Dur\u00e9e de lecture estim\u00e9e\" \/>\n\t<meta name=\"twitter:data2\" content=\"1 minute\" \/>\n<script type=\"application\/ld+json\" class=\"yoast-schema-graph\">{\"@context\":\"https:\/\/schema.org\",\"@graph\":[{\"@type\":\"WebPage\",\"@id\":\"https:\/\/blogs.thesocialmedia.com\/leblogmoto\/2009\/05\/16\/regis-laconi-en-coma-artificiel\/\",\"url\":\"https:\/\/blogs.thesocialmedia.com\/leblogmoto\/2009\/05\/16\/regis-laconi-en-coma-artificiel\/\",\"name\":\"Regis Laconi en coma artificiel - leblogmoto.com\",\"isPartOf\":{\"@id\":\"https:\/\/blogs.thesocialmedia.com\/leblogmoto\/#website\"},\"primaryImageOfPage\":{\"@id\":\"https:\/\/blogs.thesocialmedia.com\/leblogmoto\/2009\/05\/16\/regis-laconi-en-coma-artificiel\/#primaryimage\"},\"image\":{\"@id\":\"https:\/\/blogs.thesocialmedia.com\/leblogmoto\/2009\/05\/16\/regis-laconi-en-coma-artificiel\/#primaryimage\"},\"thumbnailUrl\":\"https:\/\/blogs.thesocialmedia.com\/leblogmoto\/files\/2012\/07\/6a00d83451b18369e20115708cb9cf970b-500wi.jpg\",\"datePublished\":\"2009-05-16T14:25:10+00:00\",\"dateModified\":\"2012-07-11T17:25:46+00:00\",\"author\":{\"@id\":\"https:\/\/blogs.thesocialmedia.com\/leblogmoto\/#\/schema\/person\/b496d27c898c29a39678e2425cafb9ae\"},\"breadcrumb\":{\"@id\":\"https:\/\/blogs.thesocialmedia.com\/leblogmoto\/2009\/05\/16\/regis-laconi-en-coma-artificiel\/#breadcrumb\"},\"inLanguage\":\"fr-FR\",\"potentialAction\":[{\"@type\":\"ReadAction\",\"target\":[\"https:\/\/blogs.thesocialmedia.com\/leblogmoto\/2009\/05\/16\/regis-laconi-en-coma-artificiel\/\"]}]},{\"@type\":\"ImageObject\",\"inLanguage\":\"fr-FR\",\"@id\":\"https:\/\/blogs.thesocialmedia.com\/leblogmoto\/2009\/05\/16\/regis-laconi-en-coma-artificiel\/#primaryimage\",\"url\":\"https:\/\/blogs.thesocialmedia.com\/leblogmoto\/files\/2012\/07\/6a00d83451b18369e20115708cb9cf970b-500wi.jpg\",\"contentUrl\":\"https:\/\/blogs.thesocialmedia.com\/leblogmoto\/files\/2012\/07\/6a00d83451b18369e20115708cb9cf970b-500wi.jpg\",\"width\":\"465\",\"height\":\"288\"},{\"@type\":\"BreadcrumbList\",\"@id\":\"https:\/\/blogs.thesocialmedia.com\/leblogmoto\/2009\/05\/16\/regis-laconi-en-coma-artificiel\/#breadcrumb\",\"itemListElement\":[{\"@type\":\"ListItem\",\"position\":1,\"name\":\"Accueil\",\"item\":\"https:\/\/blogs.thesocialmedia.com\/leblogmoto\/\"},{\"@type\":\"ListItem\",\"position\":2,\"name\":\"Regis Laconi en coma artificiel\"}]},{\"@type\":\"WebSite\",\"@id\":\"https:\/\/blogs.thesocialmedia.com\/leblogmoto\/#website\",\"url\":\"https:\/\/blogs.thesocialmedia.com\/leblogmoto\/\",\"name\":\"leblogmoto\",\"description\":\"Toute l&#039;actualit\u00e9 des 2 roues\",\"potentialAction\":[{\"@type\":\"SearchAction\",\"target\":{\"@type\":\"EntryPoint\",\"urlTemplate\":\"https:\/\/blogs.thesocialmedia.com\/leblogmoto\/?s={search_term_string}\"},\"query-input\":{\"@type\":\"PropertyValueSpecification\",\"valueRequired\":true,\"valueName\":\"search_term_string\"}}],\"inLanguage\":\"fr-FR\"},{\"@type\":\"Person\",\"@id\":\"https:\/\/blogs.thesocialmedia.com\/leblogmoto\/#\/schema\/person\/b496d27c898c29a39678e2425cafb9ae\",\"name\":\"albin le guyader\",\"image\":{\"@type\":\"ImageObject\",\"inLanguage\":\"fr-FR\",\"@id\":\"https:\/\/blogs.thesocialmedia.com\/leblogmoto\/#\/schema\/person\/image\/\",\"url\":\"https:\/\/secure.gravatar.com\/avatar\/?s=96&d=mm&r=g\",\"contentUrl\":\"https:\/\/secure.gravatar.com\/avatar\/?s=96&d=mm&r=g\",\"caption\":\"albin le guyader\"},\"url\":\"https:\/\/blogs.thesocialmedia.com\/leblogmoto\/author\/albin-le-guyader\/\"}]}<\/script>\n<!-- \/ Yoast SEO plugin. -->","yoast_head_json":{"title":"Regis Laconi en coma artificiel - leblogmoto.com","robots":{"index":"index","follow":"follow","max-snippet":"max-snippet:-1","max-image-preview":"max-image-preview:large","max-video-preview":"max-video-preview:-1"},"canonical":"https:\/\/blogs.thesocialmedia.com\/leblogmoto\/2009\/05\/16\/regis-laconi-en-coma-artificiel\/","twitter_card":"summary_large_image","twitter_title":"Regis Laconi en coma artificiel - leblogmoto.com","twitter_description":"Hier pendant sa s\u00e9ance d&#039;essai Superbike sur le circuit de Kyalami Regis Laconi a lourdement chut\u00e9 dans une rapide courbe \u00e0 droite. Son casque a heurt\u00e9 violemment la piste et provoqu\u00e9 des dommages \u00e0 ses cervicales (C3 &amp; C5), vert\u00e8bres ainsi qu&#039;un oedeme pulmonaire. A la suite d&#039;un arr\u00eat cardiaque les m\u00e9decins sud africains ont [&hellip;]","twitter_image":"https:\/\/blogs.thesocialmedia.com\/leblogmoto\/files\/2012\/07\/6a00d83451b18369e20115708cb9cf970b-500wi.jpg","twitter_misc":{"\u00c9crit par":"albin le guyader","Dur\u00e9e de lecture estim\u00e9e":"1 minute"},"schema":{"@context":"https:\/\/schema.org","@graph":[{"@type":"WebPage","@id":"https:\/\/blogs.thesocialmedia.com\/leblogmoto\/2009\/05\/16\/regis-laconi-en-coma-artificiel\/","url":"https:\/\/blogs.thesocialmedia.com\/leblogmoto\/2009\/05\/16\/regis-laconi-en-coma-artificiel\/","name":"Regis Laconi en coma artificiel - leblogmoto.com","isPartOf":{"@id":"https:\/\/blogs.thesocialmedia.com\/leblogmoto\/#website"},"primaryImageOfPage":{"@id":"https:\/\/blogs.thesocialmedia.com\/leblogmoto\/2009\/05\/16\/regis-laconi-en-coma-artificiel\/#primaryimage"},"image":{"@id":"https:\/\/blogs.thesocialmedia.com\/leblogmoto\/2009\/05\/16\/regis-laconi-en-coma-artificiel\/#primaryimage"},"thumbnailUrl":"https:\/\/blogs.thesocialmedia.com\/leblogmoto\/files\/2012\/07\/6a00d83451b18369e20115708cb9cf970b-500wi.jpg","datePublished":"2009-05-16T14:25:10+00:00","dateModified":"2012-07-11T17:25:46+00:00","author":{"@id":"https:\/\/blogs.thesocialmedia.com\/leblogmoto\/#\/schema\/person\/b496d27c898c29a39678e2425cafb9ae"},"breadcrumb":{"@id":"https:\/\/blogs.thesocialmedia.com\/leblogmoto\/2009\/05\/16\/regis-laconi-en-coma-artificiel\/#breadcrumb"},"inLanguage":"fr-FR","potentialAction":[{"@type":"ReadAction","target":["https:\/\/blogs.thesocialmedia.com\/leblogmoto\/2009\/05\/16\/regis-laconi-en-coma-artificiel\/"]}]},{"@type":"ImageObject","inLanguage":"fr-FR","@id":"https:\/\/blogs.thesocialmedia.com\/leblogmoto\/2009\/05\/16\/regis-laconi-en-coma-artificiel\/#primaryimage","url":"https:\/\/blogs.thesocialmedia.com\/leblogmoto\/files\/2012\/07\/6a00d83451b18369e20115708cb9cf970b-500wi.jpg","contentUrl":"https:\/\/blogs.thesocialmedia.com\/leblogmoto\/files\/2012\/07\/6a00d83451b18369e20115708cb9cf970b-500wi.jpg","width":"465","height":"288"},{"@type":"BreadcrumbList","@id":"https:\/\/blogs.thesocialmedia.com\/leblogmoto\/2009\/05\/16\/regis-laconi-en-coma-artificiel\/#breadcrumb","itemListElement":[{"@type":"ListItem","position":1,"name":"Accueil","item":"https:\/\/blogs.thesocialmedia.com\/leblogmoto\/"},{"@type":"ListItem","position":2,"name":"Regis Laconi en coma artificiel"}]},{"@type":"WebSite","@id":"https:\/\/blogs.thesocialmedia.com\/leblogmoto\/#website","url":"https:\/\/blogs.thesocialmedia.com\/leblogmoto\/","name":"leblogmoto","description":"Toute l&#039;actualit\u00e9 des 2 roues","potentialAction":[{"@type":"SearchAction","target":{"@type":"EntryPoint","urlTemplate":"https:\/\/blogs.thesocialmedia.com\/leblogmoto\/?s={search_term_string}"},"query-input":{"@type":"PropertyValueSpecification","valueRequired":true,"valueName":"search_term_string"}}],"inLanguage":"fr-FR"},{"@type":"Person","@id":"https:\/\/blogs.thesocialmedia.com\/leblogmoto\/#\/schema\/person\/b496d27c898c29a39678e2425cafb9ae","name":"albin le guyader","image":{"@type":"ImageObject","inLanguage":"fr-FR","@id":"https:\/\/blogs.thesocialmedia.com\/leblogmoto\/#\/schema\/person\/image\/","url":"https:\/\/secure.gravatar.com\/avatar\/?s=96&d=mm&r=g","contentUrl":"https:\/\/secure.gravatar.com\/avatar\/?s=96&d=mm&r=g","caption":"albin le guyader"},"url":"https:\/\/blogs.thesocialmedia.com\/leblogmoto\/author\/albin-le-guyader\/"}]}},"_links":{"self":[{"href":"https:\/\/blogs.thesocialmedia.com\/leblogmoto\/wp-json\/wp\/v2\/posts\/146","targetHints":{"allow":["GET"]}}],"collection":[{"href":"https:\/\/blogs.thesocialmedia.com\/leblogmoto\/wp-json\/wp\/v2\/posts"}],"about":[{"href":"https:\/\/blogs.thesocialmedia.com\/leblogmoto\/wp-json\/wp\/v2\/types\/post"}],"author":[{"embeddable":true,"href":"https:\/\/blogs.thesocialmedia.com\/leblogmoto\/wp-json\/wp\/v2\/users\/323"}],"replies":[{"embeddable":true,"href":"https:\/\/blogs.thesocialmedia.com\/leblogmoto\/wp-json\/wp\/v2\/comments?post=146"}],"version-history":[{"count":1,"href":"https:\/\/blogs.thesocialmedia.com\/leblogmoto\/wp-json\/wp\/v2\/posts\/146\/revisions"}],"predecessor-version":[{"id":13555,"href":"https:\/\/blogs.thesocialmedia.com\/leblogmoto\/wp-json\/wp\/v2\/posts\/146\/revisions\/13555"}],"wp:featuredmedia":[{"embeddable":true,"href":"https:\/\/blogs.thesocialmedia.com\/leblogmoto\/wp-json\/wp\/v2\/media\/13553"}],"wp:attachment":[{"href":"https:\/\/blogs.thesocialmedia.com\/leblogmoto\/wp-json\/wp\/v2\/media?parent=146"}],"wp:term":[{"taxonomy":"category","embeddable":true,"href":"https:\/\/blogs.thesocialmedia.com\/leblogmoto\/wp-json\/wp\/v2\/categories?post=146"},{"taxonomy":"post_tag","embeddable":true,"href":"https:\/\/blogs.thesocialmedia.com\/leblogmoto\/wp-json\/wp\/v2\/tags?post=146"}],"curies":[{"name":"wp","href":"https:\/\/api.w.org\/{rel}","templated":true}]}}