{"id":1463,"date":"2007-03-21T10:31:37","date_gmt":"2007-03-21T10:31:37","guid":{"rendered":"http:\/\/blogs.thesocialmedia.com\/leblogmoto\/2007\/03\/21\/paris-signe-la\/"},"modified":"2012-07-11T14:36:14","modified_gmt":"2012-07-11T14:36:14","slug":"paris-signe-la","status":"publish","type":"post","link":"https:\/\/blogs.thesocialmedia.com\/leblogmoto\/2007\/03\/21\/paris-signe-la\/","title":{"rendered":"Signature de la charte des deux-roues motoris\u00e9s pour Paris"},"content":{"rendered":"<p><a href=\"http:\/\/blogs.thesocialmedia.com\/leblogmoto\/files\/2012\/07\/chartedeuxroues032.jpg\"><img loading=\"lazy\" decoding=\"async\" height=\"187\" alt=\"Chartedeuxroues032\" src=\"http:\/\/www.leblogmoto.com\/images\/2007\/03\/21\/chartedeuxroues032.jpg\" width=\"250\"  \/><\/a> Le lundi 19 mars 2007 a \u00e9t\u00e9 sign\u00e9e par <a href=\"http:\/\/fr.wikipedia.org\/wiki\/Bertrand_Delano%C3%AB\">Bertrand Delano\u00eb<\/a>, <a href=\"http:\/\/www.paris.fr\/portail\/accueil\/Portal.lut?page_id=1\">maire de Paris<\/a>, la <a href=\"http:\/\/www.motomag.com\/spip\/IMG\/pdf\/charte-deux-roues-paris-2.pdf\">charte des 2 roues motoris\u00e9s<\/a>. Cette date marque le premier pas de la FFMC qui veut que la circulation inter-files devienne l\u00e9gale ainsi que le <a href=\"http:\/\/www.leblogmoto.com\/2007\/02\/stationnement_d.html\">stationnement sur les trottoirs<\/a>.<br \/>Cette <a href=\"http:\/\/www.motomag.com\/spip\/IMG\/pdf\/charte-deux-roues-paris-2.pdf\">charte<\/a>, c&rsquo;est aussi le r\u00e9sultat de trois ans de concertations avec les diff\u00e9rentes association repr\u00e9sentant motards et scoot\u00e9ristes.<br \/><em>&quot;Je ne suis pas anti-voitures ou anti-moto, je suis pour qu\u2019on trouve un moyen de vivre ensemble&quot; souligne le <\/em><a href=\"http:\/\/www.paris.fr\/portail\/accueil\/Portal.lut?page_id=1\"><em>Maire de Paris<\/em><\/a><em>.<br \/>&quot;Ce n\u2019est pas totalement satisfaisant, mais plut\u00f4t un premier jet &quot;<\/em> raconte Marc Belotti, signataire de la charte pour la FFMC de Paris-Petite Couronne.<\/p>\n<p><a href=\"http:\/\/clabedan.typepad.com\/.shared\/image.html?\/photos\/uncategorized\/2007\/03\/21\/chartedeuxroues032_2.jpg\"><\/a><a href=\"http:\/\/clabedan.typepad.com\/.shared\/image.html?\/photos\/uncategorized\/2007\/03\/21\/chartedeuxroues012.jpg\"><img loading=\"lazy\" decoding=\"async\" height=\"187\" alt=\"Chartedeuxroues012\" src=\"http:\/\/www.leblogmoto.com\/images\/2007\/03\/21\/chartedeuxroues012.jpg\" width=\"250\"  \/><\/a> Il rajoute &quot;<em>On attend que la Pr\u00e9fecture de police de Paris signe elle aussi ce document.<\/em> &quot;<br \/>Seulement le prbl\u00e8me c&rsquo;est que la pr\u00e9fecture de Paris, symbole du maintien de l&rsquo;ordre dans la Capitale, n&rsquo;est pas pr\u00eate \u00e0 signer cette <a href=\"http:\/\/www.motomag.com\/spip\/IMG\/pdf\/charte-deux-roues-paris-2.pdf\">charte<\/a>. Malgr\u00e9 que le texte d\u00e9taille bien comment peut s&rsquo;effectuer la circulation interfiles.<br \/><a href=\"http:\/\/fr.wikipedia.org\/wiki\/Bertrand_Delano%C3%AB\">Delano\u00eb<\/a> d\u00e9clare : &quot;<em>Je regrette moi aussi que la Pr\u00e9fecture de police ne signe pas avec nous, mais je les remercie quand m\u00eame d&rsquo;avoir travaill\u00e9 avec nous et je ne d\u00e9sesp\u00e8re pas que dans les temps qui viennent, nous puissions obtenir que la Pr\u00e9fecture signe ce que nous allons signer ce matin.&quot;, <\/em><a href=\"http:\/\/clabedan.typepad.com\/.shared\/image.html?\/photos\/uncategorized\/2007\/03\/21\/chartedeuxroues022.jpg\"><em><img loading=\"lazy\" decoding=\"async\" height=\"187\" alt=\"Chartedeuxroues022\" src=\"http:\/\/www.leblogmoto.com\/images\/2007\/03\/21\/chartedeuxroues022.jpg\" width=\"250\"  \/><\/em><\/a><em> <br \/>il rajoute : &quot;Concernant la remont\u00e9e des files il ne s&rsquo;agit pas, vous associations ou moi maire de Paris, de se substituer aux autorit\u00e9s l\u00e9gales<\/em>&quot;, a-t-il poursuivi, &quot;<em>mais de mettre en commun, noir sur blanc, ce qui est d\u00e9j\u00e0 une pratique. Une pratique que je valide et que j&rsquo;accompagne, parce qu&rsquo;elle est facteur de s\u00e9curit\u00e9 pour les usagers des deux-roues motoris\u00e9s.&quot;<\/em><\/p>\n<p>Du c\u00f4t\u00e9 de nos candidats aux pr\u00e9sidentielles, <a href=\"http:\/\/fr.wikipedia.org\/wiki\/Nicolas_Sarkozy\">Nicolas Sarkozy<\/a> est contre la circulation inter-files mais pour la cr\u00e9ation d&rsquo;une voie de circulation d\u00e9di\u00e9e aux 2 roues motoris\u00e9s. Du c\u00f4t\u00e9 de <a href=\"http:\/\/fr.wikipedia.org\/wiki\/S%C3%A9gol%C3%A8ne_Royal\">S\u00e9gol\u00e8ne Royal<\/a>, elle est pour l&rsquo;exp\u00e9rimentation de la circulation inter-files.<\/p>\n<p>D\u00e9but d&rsquo;une avanc\u00e9e? Cette charte pourra-t-elle s&rsquo;\u00e9tendre au reste du territoire? Tant de questions qui restent encore sans r\u00e9ponses, mais nous ne perdons pas espoir. <\/p>\n<p>Et vous cher(e)s lecteurs(lectrices) que pensez vous de cette <a href=\"http:\/\/www.motomag.com\/spip\/IMG\/pdf\/charte-deux-roues-paris-2.pdf\">charte<\/a>?<\/p>\n<p>Source: <a href=\"http:\/\/www.moto-net.com\/p_article.php?RefArticle=1447\" target=\"_blank\">DEUX-ROUES EN VILLE : La mairie de Paris signe la Charte des deux-roues motoris\u00e9s<\/a><br \/>WWW.MOTO-NET.COM du 19.3.2007 et <a href=\"http:\/\/www.motomag.com\/\">www.motomag.com<\/a><\/p>\n<div class=\"box-citation\">\n<div align=\"right\">\u00a9 <a href=\"http:\/\/www.moto-net.com\/\" target=\"_blank\"><img loading=\"lazy\" decoding=\"async\" height=\"15\" alt=\"Moto-Net.Com le Journal moto du net\" src=\"http:\/\/www.moto-net.com\/images\/logos\/logo_mnc45.gif\" width=\"45\" align=\"absMiddle\"  \/><\/a><\/div>\n<\/div>\n","protected":false},"excerpt":{"rendered":"<p>Le lundi 19 mars 2007 a \u00e9t\u00e9 sign\u00e9e par Bertrand Delano\u00eb, maire de Paris, la charte des 2 roues motoris\u00e9s. Cette date marque le premier pas de la FFMC qui veut que la circulation inter-files devienne l\u00e9gale ainsi que le stationnement sur les trottoirs.Cette charte, c&rsquo;est aussi le r\u00e9sultat de trois ans de concertations avec [&hellip;]<\/p>\n","protected":false},"author":329,"featured_media":0,"comment_status":"open","ping_status":"open","sticky":false,"template":"","format":"standard","meta":{"footnotes":""},"categories":[3],"tags":[],"class_list":["post-1463","post","type-post","status-publish","format-standard","hentry","category-actualite"],"yoast_head":"<!-- This site is optimized with the Yoast SEO plugin v26.0 - https:\/\/yoast.com\/wordpress\/plugins\/seo\/ -->\n<title>Signature de la charte des deux-roues motoris\u00e9s pour Paris - leblogmoto.com<\/title>\n<meta name=\"robots\" content=\"index, follow, max-snippet:-1, max-image-preview:large, max-video-preview:-1\" \/>\n<link rel=\"canonical\" href=\"https:\/\/blogs.thesocialmedia.com\/leblogmoto\/2007\/03\/21\/paris-signe-la\/\" \/>\n<meta name=\"twitter:card\" content=\"summary_large_image\" \/>\n<meta name=\"twitter:title\" content=\"Signature de la charte des deux-roues motoris\u00e9s pour Paris - leblogmoto.com\" \/>\n<meta name=\"twitter:description\" content=\"Le lundi 19 mars 2007 a \u00e9t\u00e9 sign\u00e9e par Bertrand Delano\u00eb, maire de Paris, la charte des 2 roues motoris\u00e9s. Cette date marque le premier pas de la FFMC qui veut que la circulation inter-files devienne l\u00e9gale ainsi que le stationnement sur les trottoirs.Cette charte, c&rsquo;est aussi le r\u00e9sultat de trois ans de concertations avec [&hellip;]\" \/>\n<meta name=\"twitter:image\" content=\"http:\/\/www.leblogmoto.com\/images\/2007\/03\/21\/chartedeuxroues032.jpg\" \/>\n<meta name=\"twitter:label1\" content=\"\u00c9crit par\" \/>\n\t<meta name=\"twitter:data1\" content=\"gregory boucaud\" \/>\n\t<meta name=\"twitter:label2\" content=\"Dur\u00e9e de lecture estim\u00e9e\" \/>\n\t<meta name=\"twitter:data2\" content=\"2 minutes\" \/>\n<script type=\"application\/ld+json\" class=\"yoast-schema-graph\">{\"@context\":\"https:\/\/schema.org\",\"@graph\":[{\"@type\":\"WebPage\",\"@id\":\"https:\/\/blogs.thesocialmedia.com\/leblogmoto\/2007\/03\/21\/paris-signe-la\/\",\"url\":\"https:\/\/blogs.thesocialmedia.com\/leblogmoto\/2007\/03\/21\/paris-signe-la\/\",\"name\":\"Signature de la charte des deux-roues motoris\u00e9s pour Paris - leblogmoto.com\",\"isPartOf\":{\"@id\":\"https:\/\/blogs.thesocialmedia.com\/leblogmoto\/#website\"},\"primaryImageOfPage\":{\"@id\":\"https:\/\/blogs.thesocialmedia.com\/leblogmoto\/2007\/03\/21\/paris-signe-la\/#primaryimage\"},\"image\":{\"@id\":\"https:\/\/blogs.thesocialmedia.com\/leblogmoto\/2007\/03\/21\/paris-signe-la\/#primaryimage\"},\"thumbnailUrl\":\"http:\/\/www.leblogmoto.com\/images\/2007\/03\/21\/chartedeuxroues032.jpg\",\"datePublished\":\"2007-03-21T10:31:37+00:00\",\"dateModified\":\"2012-07-11T14:36:14+00:00\",\"author\":{\"@id\":\"https:\/\/blogs.thesocialmedia.com\/leblogmoto\/#\/schema\/person\/769623f89741cc3381675029a37764f8\"},\"breadcrumb\":{\"@id\":\"https:\/\/blogs.thesocialmedia.com\/leblogmoto\/2007\/03\/21\/paris-signe-la\/#breadcrumb\"},\"inLanguage\":\"fr-FR\",\"potentialAction\":[{\"@type\":\"ReadAction\",\"target\":[\"https:\/\/blogs.thesocialmedia.com\/leblogmoto\/2007\/03\/21\/paris-signe-la\/\"]}]},{\"@type\":\"ImageObject\",\"inLanguage\":\"fr-FR\",\"@id\":\"https:\/\/blogs.thesocialmedia.com\/leblogmoto\/2007\/03\/21\/paris-signe-la\/#primaryimage\",\"url\":\"http:\/\/www.leblogmoto.com\/images\/2007\/03\/21\/chartedeuxroues032.jpg\",\"contentUrl\":\"http:\/\/www.leblogmoto.com\/images\/2007\/03\/21\/chartedeuxroues032.jpg\"},{\"@type\":\"BreadcrumbList\",\"@id\":\"https:\/\/blogs.thesocialmedia.com\/leblogmoto\/2007\/03\/21\/paris-signe-la\/#breadcrumb\",\"itemListElement\":[{\"@type\":\"ListItem\",\"position\":1,\"name\":\"Accueil\",\"item\":\"https:\/\/blogs.thesocialmedia.com\/leblogmoto\/\"},{\"@type\":\"ListItem\",\"position\":2,\"name\":\"Signature de la charte des deux-roues motoris\u00e9s pour Paris\"}]},{\"@type\":\"WebSite\",\"@id\":\"https:\/\/blogs.thesocialmedia.com\/leblogmoto\/#website\",\"url\":\"https:\/\/blogs.thesocialmedia.com\/leblogmoto\/\",\"name\":\"leblogmoto\",\"description\":\"Toute l&#039;actualit\u00e9 des 2 roues\",\"potentialAction\":[{\"@type\":\"SearchAction\",\"target\":{\"@type\":\"EntryPoint\",\"urlTemplate\":\"https:\/\/blogs.thesocialmedia.com\/leblogmoto\/?s={search_term_string}\"},\"query-input\":{\"@type\":\"PropertyValueSpecification\",\"valueRequired\":true,\"valueName\":\"search_term_string\"}}],\"inLanguage\":\"fr-FR\"},{\"@type\":\"Person\",\"@id\":\"https:\/\/blogs.thesocialmedia.com\/leblogmoto\/#\/schema\/person\/769623f89741cc3381675029a37764f8\",\"name\":\"gregory boucaud\",\"image\":{\"@type\":\"ImageObject\",\"inLanguage\":\"fr-FR\",\"@id\":\"https:\/\/blogs.thesocialmedia.com\/leblogmoto\/#\/schema\/person\/image\/\",\"url\":\"https:\/\/secure.gravatar.com\/avatar\/?s=96&d=mm&r=g\",\"contentUrl\":\"https:\/\/secure.gravatar.com\/avatar\/?s=96&d=mm&r=g\",\"caption\":\"gregory boucaud\"},\"url\":\"https:\/\/blogs.thesocialmedia.com\/leblogmoto\/author\/gregory-boucaud\/\"}]}<\/script>\n<!-- \/ Yoast SEO plugin. -->","yoast_head_json":{"title":"Signature de la charte des deux-roues motoris\u00e9s pour Paris - leblogmoto.com","robots":{"index":"index","follow":"follow","max-snippet":"max-snippet:-1","max-image-preview":"max-image-preview:large","max-video-preview":"max-video-preview:-1"},"canonical":"https:\/\/blogs.thesocialmedia.com\/leblogmoto\/2007\/03\/21\/paris-signe-la\/","twitter_card":"summary_large_image","twitter_title":"Signature de la charte des deux-roues motoris\u00e9s pour Paris - leblogmoto.com","twitter_description":"Le lundi 19 mars 2007 a \u00e9t\u00e9 sign\u00e9e par Bertrand Delano\u00eb, maire de Paris, la charte des 2 roues motoris\u00e9s. Cette date marque le premier pas de la FFMC qui veut que la circulation inter-files devienne l\u00e9gale ainsi que le stationnement sur les trottoirs.Cette charte, c&rsquo;est aussi le r\u00e9sultat de trois ans de concertations avec [&hellip;]","twitter_image":"http:\/\/www.leblogmoto.com\/images\/2007\/03\/21\/chartedeuxroues032.jpg","twitter_misc":{"\u00c9crit par":"gregory boucaud","Dur\u00e9e de lecture estim\u00e9e":"2 minutes"},"schema":{"@context":"https:\/\/schema.org","@graph":[{"@type":"WebPage","@id":"https:\/\/blogs.thesocialmedia.com\/leblogmoto\/2007\/03\/21\/paris-signe-la\/","url":"https:\/\/blogs.thesocialmedia.com\/leblogmoto\/2007\/03\/21\/paris-signe-la\/","name":"Signature de la charte des deux-roues motoris\u00e9s pour Paris - leblogmoto.com","isPartOf":{"@id":"https:\/\/blogs.thesocialmedia.com\/leblogmoto\/#website"},"primaryImageOfPage":{"@id":"https:\/\/blogs.thesocialmedia.com\/leblogmoto\/2007\/03\/21\/paris-signe-la\/#primaryimage"},"image":{"@id":"https:\/\/blogs.thesocialmedia.com\/leblogmoto\/2007\/03\/21\/paris-signe-la\/#primaryimage"},"thumbnailUrl":"http:\/\/www.leblogmoto.com\/images\/2007\/03\/21\/chartedeuxroues032.jpg","datePublished":"2007-03-21T10:31:37+00:00","dateModified":"2012-07-11T14:36:14+00:00","author":{"@id":"https:\/\/blogs.thesocialmedia.com\/leblogmoto\/#\/schema\/person\/769623f89741cc3381675029a37764f8"},"breadcrumb":{"@id":"https:\/\/blogs.thesocialmedia.com\/leblogmoto\/2007\/03\/21\/paris-signe-la\/#breadcrumb"},"inLanguage":"fr-FR","potentialAction":[{"@type":"ReadAction","target":["https:\/\/blogs.thesocialmedia.com\/leblogmoto\/2007\/03\/21\/paris-signe-la\/"]}]},{"@type":"ImageObject","inLanguage":"fr-FR","@id":"https:\/\/blogs.thesocialmedia.com\/leblogmoto\/2007\/03\/21\/paris-signe-la\/#primaryimage","url":"http:\/\/www.leblogmoto.com\/images\/2007\/03\/21\/chartedeuxroues032.jpg","contentUrl":"http:\/\/www.leblogmoto.com\/images\/2007\/03\/21\/chartedeuxroues032.jpg"},{"@type":"BreadcrumbList","@id":"https:\/\/blogs.thesocialmedia.com\/leblogmoto\/2007\/03\/21\/paris-signe-la\/#breadcrumb","itemListElement":[{"@type":"ListItem","position":1,"name":"Accueil","item":"https:\/\/blogs.thesocialmedia.com\/leblogmoto\/"},{"@type":"ListItem","position":2,"name":"Signature de la charte des deux-roues motoris\u00e9s pour Paris"}]},{"@type":"WebSite","@id":"https:\/\/blogs.thesocialmedia.com\/leblogmoto\/#website","url":"https:\/\/blogs.thesocialmedia.com\/leblogmoto\/","name":"leblogmoto","description":"Toute l&#039;actualit\u00e9 des 2 roues","potentialAction":[{"@type":"SearchAction","target":{"@type":"EntryPoint","urlTemplate":"https:\/\/blogs.thesocialmedia.com\/leblogmoto\/?s={search_term_string}"},"query-input":{"@type":"PropertyValueSpecification","valueRequired":true,"valueName":"search_term_string"}}],"inLanguage":"fr-FR"},{"@type":"Person","@id":"https:\/\/blogs.thesocialmedia.com\/leblogmoto\/#\/schema\/person\/769623f89741cc3381675029a37764f8","name":"gregory boucaud","image":{"@type":"ImageObject","inLanguage":"fr-FR","@id":"https:\/\/blogs.thesocialmedia.com\/leblogmoto\/#\/schema\/person\/image\/","url":"https:\/\/secure.gravatar.com\/avatar\/?s=96&d=mm&r=g","contentUrl":"https:\/\/secure.gravatar.com\/avatar\/?s=96&d=mm&r=g","caption":"gregory boucaud"},"url":"https:\/\/blogs.thesocialmedia.com\/leblogmoto\/author\/gregory-boucaud\/"}]}},"_links":{"self":[{"href":"https:\/\/blogs.thesocialmedia.com\/leblogmoto\/wp-json\/wp\/v2\/posts\/1463","targetHints":{"allow":["GET"]}}],"collection":[{"href":"https:\/\/blogs.thesocialmedia.com\/leblogmoto\/wp-json\/wp\/v2\/posts"}],"about":[{"href":"https:\/\/blogs.thesocialmedia.com\/leblogmoto\/wp-json\/wp\/v2\/types\/post"}],"author":[{"embeddable":true,"href":"https:\/\/blogs.thesocialmedia.com\/leblogmoto\/wp-json\/wp\/v2\/users\/329"}],"replies":[{"embeddable":true,"href":"https:\/\/blogs.thesocialmedia.com\/leblogmoto\/wp-json\/wp\/v2\/comments?post=1463"}],"version-history":[{"count":2,"href":"https:\/\/blogs.thesocialmedia.com\/leblogmoto\/wp-json\/wp\/v2\/posts\/1463\/revisions"}],"predecessor-version":[{"id":8228,"href":"https:\/\/blogs.thesocialmedia.com\/leblogmoto\/wp-json\/wp\/v2\/posts\/1463\/revisions\/8228"}],"wp:attachment":[{"href":"https:\/\/blogs.thesocialmedia.com\/leblogmoto\/wp-json\/wp\/v2\/media?parent=1463"}],"wp:term":[{"taxonomy":"category","embeddable":true,"href":"https:\/\/blogs.thesocialmedia.com\/leblogmoto\/wp-json\/wp\/v2\/categories?post=1463"},{"taxonomy":"post_tag","embeddable":true,"href":"https:\/\/blogs.thesocialmedia.com\/leblogmoto\/wp-json\/wp\/v2\/tags?post=1463"}],"curies":[{"name":"wp","href":"https:\/\/api.w.org\/{rel}","templated":true}]}}