{"id":1466,"date":"2007-03-20T23:42:58","date_gmt":"2007-03-20T23:42:58","guid":{"rendered":"http:\/\/blogs.thesocialmedia.com\/leblogmoto\/2007\/03\/20\/motocross-la-ch\/"},"modified":"2012-07-11T14:36:07","modified_gmt":"2012-07-11T14:36:07","slug":"motocross-la-ch","status":"publish","type":"post","link":"https:\/\/blogs.thesocialmedia.com\/leblogmoto\/2007\/03\/20\/motocross-la-ch\/","title":{"rendered":"Moto-Cross &#8211; La Chapelle-Saint-Aubin dans la boue"},"content":{"rendered":"<p><a href=\"http:\/\/blogs.thesocialmedia.com\/leblogmoto\/files\/2012\/07\/2007ffmstaubinaubinact.jpg\"><img loading=\"lazy\" decoding=\"async\" width=\"250\" height=\"328\"  src=\"http:\/\/www.leblogmoto.com\/images\/2007\/03\/20\/2007ffmstaubinaubinact.jpg\" alt=\"2007ffmstaubinaubinact\" style=\"margin: 0px 5px 5px 0px;float: left\" \/><\/a> A l\u2019inverse du <a href=\"http:\/\/www.leblogmoto.com\/2007\/03\/motocross_corbr.html#more\">cross national de Corb\u00e8re<\/a>, annul\u00e9 ce week-end pour cause de s\u00e9cheresse, la 2\u00e8me manche du Championnat de France Elite 125 \u00e0 La Chapelle-Saint-Aubin aura pour sa part souffert du probl\u00e8me inverse : la pluie !&nbsp; Tomb\u00e9e toute la matin\u00e9e, elle a transform\u00e9 le circuit con\u00e7u par les b\u00e9n\u00e9voles du MC local et les Pichon p\u00e8re &amp; fils en une patinoire boueuse extr\u00eamement difficile a piloter. La premi\u00e8re manche en particulier sera v\u00e9cue par certains pilotes comme un voyage en Enfer.<\/p>\n<p>Faire le holeshot est toujours un avantage, il l\u2019est encore plus dans ces conditions pour \u00e9viter notamment que la boue projet\u00e9e par ses devanciers ne colle aux \u00e9crans. A ce petit jeu, Steven Frossard et Lo\u00efc Rombaut dans sa roue l\u2019ont emport\u00e9 sur la premi\u00e8re manche.<\/p>\n<p>Ils ne seront pas rattrap\u00e9s malgr\u00e9 un mano \u00e0 mano qui les opposa tout au long de la course, au risque de les conduire \u00e0 la faute, vite arriv\u00e9e sur un terrain aussi lourd que glissant. C\u2019est Rombaut qui la commettra en chutant dans le dernier tour. Il put n\u00e9anmoins se relever assez vite pour terminer en seconde position devant Aubin, Boissiere et Tarroux. Mais tout n\u2019\u00e9tait pas encore dit car le \u00ab tapis vert \u00bb veillait au grain, ainsi Nicolas Aubin \u00e9copera d\u2019une p\u00e9nalit\u00e9 de 15 secondes pour avoir coup\u00e9 la piste avec Leuret, Tarroux et Vongsana. R\u00e9trograd\u00e9 en quatri\u00e8me position, il devra finalement c\u00e9der la troisi\u00e8me place \u00e0 Boissiere.<\/p>\n<p> Gr\u00e2ce \u00e0 la mobilisation des hommes du Moto-club le circuit avait retrouv\u00e9 un aspect nettement plus praticable pour la seconde manche Elite 125 et ce fut au tour de Marvin Musquin de r\u00e9ussir le holeshot. Il se fera vite passer par Xavier Boog puis Pascal Leuret avant d\u2019avoir boucl\u00e9 le premier tour. Leuret prend alors la t\u00eate et du champ dans le deuxi\u00e8me tour. Mais Nicolas Aubin \u00e0 l\u2019aff\u00fbt en cinqui\u00e8me position ouvre alors en grand pour remonter ses adversaires les uns apr\u00e8s les autres. A mi-parcours il prenait la t\u00eate devant Leuret qui finit second suivi par Xavier Boog et Steven Frossard. <\/p>\n<p> En Open, la premi\u00e8re manche sera toute aussi difficile, boueuse et glissante que pour les 125. Mais Micka\u00ebl Pichon, sur ses terres et soutenu par son public, ne pouvait souffrir aucune contestation. En t\u00eate d\u00e8s le premier tour, il jouera dans \u00ab sa \u00bb boue avec un pilotage sans faute et des trajectoires id\u00e9ales. En fin de parcours, Pierre-Alexandre Renet prendra l\u2019ascendant sur Christophe Martin et Cyrille Coulon contre lesquels il avait f\u00e9raill\u00e9 tout au long de cette manche. Les adversaires de Renet se feront aussi passer par un S\u00e9bastien Pourcel d\u00e9cha\u00een\u00e9 qui de la 25\u00e8me position \u00e0 la fin du premier tour terminera \u00e0 la troisi\u00e8me place au terme d\u2019une remont\u00e9 fantastique. Notons qu\u2019Yves Demaria victime d\u2019une chute en d\u00e9but de manche abandonna la partie.<\/p>\n<p> Pour la revanche, les b\u00e9n\u00e9voles du club livraient un terrain bien plus roulant apr\u00e8s avoir drain\u00e9 la piste. Ce fut d\u2019abord Thomas Allier qui prit la t\u00eate suivi par Cyrille Coulon, Christophe Martin et <a href=\"http:\/\/www.leblogmoto.com\/2007\/02\/mx_coppins_lami.html#more\">S\u00e9bastien Pourcel<\/a>. Micka\u00ebl Pichon bouclant quant \u00e0 lui le premier tour en septi\u00e8me position suite \u00e0 un accrochage avec Yves Demaria. Un handicap provisoire puisqu\u2019il prenait les commandes devant le chronom\u00e9trage du quatri\u00e8me tour, mais une position de leader elle aussi provisoire car il chuta dans un virage pour repartir quatri\u00e8me. Second \u00e0 la mi-course, la ma\u00eetre des lieux n\u2019avait plus que S\u00e9bastien Pourcel dans son viseur quand, surprise,&nbsp; l\u2019hydraulique de son embrayage d\u00e9clara forfait ! Une trahison m\u00e9canique qui le rel\u00e8guera au final \u00e0 la septi\u00e8me place de cette manche, au b\u00e9n\u00e9fice de Renet et Martin. Quand \u00e0 Pourcel, il s\u2019adjuge \u00e0 la fois la seconde manche et le classement g\u00e9n\u00e9ral.<\/p>\n<p> La super finale qui r\u00e9unit les meilleurs 125 et les meilleurs Open permit \u00e0 Micka\u00ebl Pichon de sauver l\u2019honneur \u00e0 la grande joie de son public, en prenant les commandes de la course du d\u00e9part jusqu\u2019au drapeau \u00e0 damiers. Seul <a href=\"http:\/\/www.leblogmoto.com\/2007\/02\/mx_coppins_lami.html#more\">S\u00e9bastien Pourcel<\/a> donnera le change en fin de manche en remontant un peu sur un leader d\u00e9finitivement hors de port\u00e9e. Thomas Allier d\u00e9croche la troisi\u00e8me place devant Pascal Leuret, premier 125 de cette super finale.<\/p>\n<p> Le prochain rendez-vous du Championnat de France Elite est pr\u00e9vu les 24 et 25 mars \u00e0 Romagn\u00e9 (35). <\/p>\n<p> Soulignons enfin que <a href=\"http:\/\/www.leblogmoto.com\/2007\/02\/mx_coppins_lami.html#more\">Christophe Pourcel<\/a> qui termine sa convalescence a annonc\u00e9 sa venue le week-end prochain \u00e0 Mons en Belgique. Il participera aussi au GP de Hollande du 1er avril et \u00e0 l\u2019\u00e9preuve d\u2019Ern\u00e9e en Mayenne programm\u00e9e le week-end du 20 juillet.<\/p>\n<p><strong> Les classements<\/strong><\/p>\n<p><strong> 1e manche 125 sur 12 tours<\/strong><br \/> 1 FROSSARD Steven KAWASAKI en 32:12.08 ;&nbsp; 2 ROMBAUT Lo\u00efc KAWASAKI \u00e0 12.447 ; 3 BOISSIERE Anthony KAWASAKI 1:11.972 ;&nbsp; 4 AUBIN Nicolas YAMAHA 1:12.046 ; 5 TARROUX Jeremy YAMAHA 1:29.779 ; 6 LARRIEU Loic KTM 1:35.311 ; 7 LEURET Pascal HONDA 1:40.418 ; 8 MUSQUIN Marvin KAWASAKI 1:43.962 ; 9 BOOG Xavier YAMAHA 1:53.511 ; 10 BELLINO Mathias YAMAHA 2:12.897 ; 11 ROUIS Alexandre YAMAHA 2:20.292 ; 12 CHARLIER Christophe YAMAHA 2:23.445 ; 13 CHARLIER Nicolas KTM 1 tour ; 14 BOIDRAS Benjamin YAMAHA 1 tour ; 15 VONGSANA Khounsith KTM 1 tour ; 16 SALLEFRANQUE Josse HONDA 1 tour ; 17 SANDOULY Frederic YAMAHA 1 tour ; 18 LESAGE Maxime HONDA 1 tour ; 19 BONNEMOY Brice YAMAHA 2 tours ; 20 NIGRETTE Noan HONDA 2 tours ; 21 TEILLET Valentin KAWASAKI 2 tours ; 22 CHASTEL Killian KTM 2 tours ; 23 HERON Damien HONDA 2 tours ; 24 DEMEURE Mederic KTM 2 tours ; 25 DUCREUX Vital KAWASAKI 3 tours ; 26 MIDALI Yoann SUZUKI 3 tours ; 27 DAGOD Hugo YAMAHA 3 tours ; 28 RAULOIS Sylvain KAWASAKI 6 tours ;<\/p>\n<p><strong> 2e manche sur 13 tours<\/strong><br \/> 1 AUBIN Nicolas YAMAHA en 29:52.17 ; 2 LEURET Pascal HONDA \u00e0 3.810 ; 3 BOOG Xavier YAMAHA 17.202 ; 4 BOISSIERE Anthony KAWASAKI 21.174 ; 5 TARROUX Jeremy YAMAHA 56.952 ; 6 MUSQUIN Marvin KAWASAKI 1:05.719 ; 7 ROMBAUT Lo\u00efc KAWASAKI 1:41.718 ; 8 LARRIEU Loic KTM 1:56.098 ; 9 BELLINO Mathias YAMAHA 2:16.675 ; 10 CHARLIER Nicolas KTM 2:22.328 ; 11 BOIDRAS Benjamin YAMAHA 2:24.272 ; 12 SANDOULY Frederic YAMAHA 2:26.315 ; 13 CHARLIER Christophe YAMAHA 2:27.507 ; 14 ROUIS Alexandre YAMAHA 1 tour ; 15 ANNELOT Remy SUZUKI 1 tour ; 16 DAGOD Hugo YAMAHA 1 tour ; 17 SOUBEYRAS Cedric YAMAHA 1 tour ; 18 SALLEFRANQUE Josse HONDA 1 tour ; 19 TEILLET Valentin KAWASAKI 1 tour ; 20 FROSSARD Steven KAWASAKI 1 tour ;&nbsp; 21 BONNEMOY Brice YAMAHA 1 tour ; 22 MARCHANDISE Lo\u00efc HONDA 1 tour ; 23 VERGER Mathieu KTM 1 tour ; 24 HERON Damien HONDA 1 tour ; 25 MIDALI Yoann SUZUKI 2 tours ; 26 GRELET Yohan YAMAHA 2 tours ; 27 RAULOIS Sylvain KAWASAKI 2 tours ; 28 PARPAIX Kevin YAMAHA 3 tours ;<\/p>\n<p><strong> Manche 1 Open :<\/strong> <br \/> 1 Pichon Micka\u00ebl KTM; 2 Renet Pierre-Alexandre HONDA; 3 Pourcel Sebastien KAWASAKI; 4 Martin Christophe KTM; 5 Coulon Cyrille HONDA; 6 Turpin Vincent HONDA; 7 Verhaeghe Franck YAMAHA; 8 Demeester Arnaud YAMAHA; 9 Vanni Julien HONDA; 10 Hemery Jerome ; 11 Beaudouin Raphael SUZUKI ; 12 Couderc Fabien KAWASAKI; 13 Mannevy Cedric KAWASAKI; 14 Lopes Adrien HONDA; 15 Maurez Romain YAMAHA; 16 Thiollier Vincent ; 17 Prevot Damien; 18 Brusset Laurent SUZUKI; 19 Mercadier Julien ; 20 Hurot David; 21 Arana Cobeaga Txomin; 22 Lelong Sebastien; 23 Vielle Sebastien; 24 Couderc Alexandre; 25 Delestre Wilfried; 26 Bonhoure Florian; 27 Emery Maxime; 28 Huc Bastien; 29 Clop Sebastien; 30 Marillier Johan; 31 Buffard Christophe; 32 Allier Thomas; 33 Janier Damien; 34 Demaria Yves; 35 Berthome Vincent; 36 Buffard Yannick; 37 Coisy Benjamin<\/p>\n<p><strong> Manche 2 Open :<\/strong> <br \/> 1 Pourcel Sebastien; 2 Renet Pierre-Alexandre; 3 Coulon Cyrille; 4 Martin Christophe; 5 Allier Thomas; 6 Vanni Julien; 7 Pichon Micka\u00ebl; 8 Turpin Vincent; 9 Verhaeghe Franck; 10 Mannevy Cedric; 11 Beaudouin Raphael; 12 Brusset Laurent; 13 Lopes Adrien; 14 Emery Maxime; 15 Buffard Yannick; 16 Couderc Fabien; 17 Demeester Arnaud; 18 Mercadier Julien; 19 Prevot Damien; 20 Maurez Romain; 21 Arana Cobeaga Txomin; 22 Couderc Alexandre; 23 Vielle Sebastien; 24 Bonhoure Florian; 25 Thiollier Vincent; 26 Hemery Jerome; 27 Marillier Johan; 28 Janier Damien; 29 Clop Sebastien; 30 Delestre Wilfried; 31 Lelong Sebastien; 32 Demaria Yves; 33 Hurot David; 34 Berthome Vincent; 35 Buffard Christophe; 36 Coisy Benjamin; 37 Huc Bastien<\/p>\n<p><strong> Super finale (125\/Open)<\/strong><br \/> 1 Pichon Micka\u00ebl KTM (Open) ; 2 Pourcel S\u00e9bastien KAWASAKI (Open) ; 3 Allier Thomas KAWASAKI (Open) ; 4 Leuret Pascal HONDA (125) ;&nbsp; 5 Aubin Nicolas YAMAHA (125) ; 6 Vanni Julien HONDA (Open) ; 7 Tarroux Jeremy YAMAHA (125) ; 8 Martin Christophe KTM (Open) ; 9 Coulon Cyrille HONDA (Open) ;10 Boog Xavier YAMAHA (125) ; 11 Renet Pierre-Alexandre HONDA (Open) ; 12 Boissi\u00e8re Anthony KAWASAKI (125) ; 13 Turpin Vincent HONDA (Open) ; 14 Beaudouin Raphael SUZUKI (Open) ;<br \/> 15 Emery Maxime KAWASAKI (Open) ; 16 Demeester Arnaud YAMAHA (Open) ; 17 Rouis Alexandre YAMAHA (125) ; 18 Rombaut Lo\u00efc KAWASAKI (125) ; 19 Frossard Steven KAWASAKI (125) ; 20 Musquin Marvin KAWASAKI (125) ; 21 Bellino Mathias YAMAHA (125) ; 22 Charlier Nicolas KTM (125) ; 23 Charlier Christophe YAMAHA (125) ; 24 Brusset Laurent SUZUKI (Open) ; 25 Boidras Benjamin YAMAHA (125) ; 26 Sandouly Fr\u00e9d\u00e9ric YAMAHA (125) ; 27 Larrieu Loic KTM (125) ; 28 Sallefranque Josse HONDA (125) ; 29 Couderc Fabien KAWASAKI (Open) ; 30 Mannevy C\u00e9dric KAWASAKI (Open) ; 31 Verhaeghe Franck YAMAHA (Open) ; 32 Lopes Adrien HONDA (Open) ; 33 Maurez Romain YAMAHA (Open) ; 34 Annelot Remy SUZUKI (125)<\/p>\n<p><strong> Overall<\/strong><br \/> 1 AUBIN Nicolas YAMAHA ( 18.0 25.0 16.0 ) 59 pts<br \/> 2 LEURET Pascal HONDA ( 14.0 22.0 18.0 ) 54<br \/> 3 BOISSIERE Anthony KAWASAKI ( 20.0 18.0 9.0 ) 47<br \/> 4 TARROUX Jeremy YAMAHA ( 16.0 16.0 14.0 ) 46<br \/> 5 BOOG Xavier YAMAHA ( 12.0 20.0 11.0 ) 43<br \/> 6 ROMBAUT Lo\u00efc KAWASAKI ( 22.0 14.0 3.0 ) 39<br \/> 7 MUSQUIN Marvin KAWASAKI ( 13.0 15.0 1.0 ) 29<br \/> 8 FROSSARD Steven KAWASAKI ( 25.0 1.0 2.0 ) 28<br \/> 9 LARRIEU Loic KTM ( 15.0 13.0 0.0 ) 28<br \/> 10 BELLINO Mathias YAMAHA ( 11.0 12.0 0.0 ) 23<br \/> 11 ROUIS Alexandre YAMAHA ( 10.0 7.0 4.0 ) 21<br \/> 12 CHARLIER Nicolas KTM ( 8.0 11.0 0.0 ) 19<br \/> 13 BOIDRAS Benjamin YAMAHA ( 7.0 10.0 0.0 ) 17<br \/> 14 CHARLIER Christophe YAMAHA ( 9.0 8.0 0.0 ) 17<br \/> 15 SANDOULY Frederic YAMAHA ( 4.0 9.0 0.0 ) 13<br \/> 16 SALLEFRANQUE Josse HONDA ( 5.0 3.0 0.0 ) 8<br \/> 17 ANNELOT Remy SUZUKI ( 0.0 6.0 0.0 ) 6<br \/> 18 VONGSANA Khounsith KTM ( 6.0 0.0 0.0 ) 6<br \/> 19 DAGOD Hugo YAMAHA ( 0.0 5.0 0.0 ) 5<br \/> 20 SOUBEYRAS Cedric YAMAHA ( 0.0 4.0 0.0 ) 4<br \/> 21 LESAGE Maxime HONDA ( 3.0 0.0 0.0 ) 3<br \/> 22 TEILLET Valentin KAWASAKI ( 0.0 2.0 0.0 ) 2<br \/> 23 BONNEMOY Brice YAMAHA ( 2.0 0.0 0.0 ) 2<br \/> 24 NIGRETTE Noan HONDA ( 1.0 0.0 0.0 ) 1<\/p>\n<p><strong> Championnat provisoire<\/strong><br \/> 1 AUBIN Nicolas YAMAHA 134 pts<br \/> 2 LEURET Pascal HONDA 98<br \/> 3 BOOG Xavier YAMAHA 93<br \/> 4 BOISSIERE Anthony KAWASAKI 91<br \/> 5 FROSSARD Steven KAWASAKI 76<br \/> 6 TARROUX Jeremy YAMAHA 72<br \/> 7 ROMBAUT Lo\u00efc KAWASAKI 64<br \/> 8 MUSQUIN Marvin KAWASAKI 60<br \/> 9 RICHIER Florent KAWASAKI 58<br \/> 10 ANNELOT Remy SUZUKI 47<br \/> 11 LARRIEU Loic KTM 43<br \/> 12 LESAGE Maxime HONDA 42<br \/> 13 ROUIS Alexandre YAMAHA 40<br \/> 14 BELLINO Mathias YAMAHA 33<br \/> 15 CHARLIER Nicolas KTM 28<br \/> 16 SANDOULY Frederic YAMAHA 26<br \/> 17 CHARLIER Christophe YAMAHA 25<br \/> 18 SOUBEYRAS Cedric YAMAHA 25<br \/> 19 DAGOD Hugo YAMAHA 24<br \/> 20 VONGSANA Khounsith KTM 22<br \/> 21 BOIDRAS Benjamin YAMAHA 18<br \/> 22 VALADE Mike YAMAHA 15<br \/> 23 NALESSO Anthony YAMAHA 11<br \/> 24 SALLEFRANQUE Josse HONDA 10<br \/> 25 BECHIS Lucas SUZUKI 10<br \/> 26 TEILLET Valentin KAWASAKI 7<br \/> 27 DELSART Antoine HONDA 5<br \/> 28 VERGER Mathieu KTM 3<br \/> 29 BONNEMOY Brice YAMAHA 2<br \/> 30 NIGRETTE Noan HONDA 1<\/p>\n<p>Sources: <a href=\"http:\/\/www.ffmoto.org\/\">FFM<\/a> &amp; <a href=\"http:\/\/www.mx2k.com\/\">MX2K<\/a><\/p>\n","protected":false},"excerpt":{"rendered":"<p>A l\u2019inverse du cross national de Corb\u00e8re, annul\u00e9 ce week-end pour cause de s\u00e9cheresse, la 2\u00e8me manche du Championnat de France Elite 125 \u00e0 La Chapelle-Saint-Aubin aura pour sa part souffert du probl\u00e8me inverse : la pluie !&nbsp; Tomb\u00e9e toute la matin\u00e9e, elle a transform\u00e9 le circuit con\u00e7u par les b\u00e9n\u00e9voles du MC local et [&hellip;]<\/p>\n","protected":false},"author":333,"featured_media":0,"comment_status":"open","ping_status":"open","sticky":false,"template":"","format":"standard","meta":{"footnotes":""},"categories":[66],"tags":[],"class_list":["post-1466","post","type-post","status-publish","format-standard","hentry","category-moto-cross"],"yoast_head":"<!-- This site is optimized with the Yoast SEO plugin v26.0 - https:\/\/yoast.com\/wordpress\/plugins\/seo\/ -->\n<title>Moto-Cross - La Chapelle-Saint-Aubin dans la boue - leblogmoto.com<\/title>\n<meta name=\"robots\" content=\"index, follow, max-snippet:-1, max-image-preview:large, max-video-preview:-1\" \/>\n<link rel=\"canonical\" href=\"https:\/\/blogs.thesocialmedia.com\/leblogmoto\/2007\/03\/20\/motocross-la-ch\/\" \/>\n<meta name=\"twitter:card\" content=\"summary_large_image\" \/>\n<meta name=\"twitter:title\" content=\"Moto-Cross - La Chapelle-Saint-Aubin dans la boue - leblogmoto.com\" \/>\n<meta name=\"twitter:description\" content=\"A l\u2019inverse du cross national de Corb\u00e8re, annul\u00e9 ce week-end pour cause de s\u00e9cheresse, la 2\u00e8me manche du Championnat de France Elite 125 \u00e0 La Chapelle-Saint-Aubin aura pour sa part souffert du probl\u00e8me inverse : la pluie !&nbsp; Tomb\u00e9e toute la matin\u00e9e, elle a transform\u00e9 le circuit con\u00e7u par les b\u00e9n\u00e9voles du MC local et [&hellip;]\" \/>\n<meta name=\"twitter:image\" content=\"http:\/\/www.leblogmoto.com\/images\/2007\/03\/20\/2007ffmstaubinaubinact.jpg\" \/>\n<meta name=\"twitter:label1\" content=\"\u00c9crit par\" \/>\n\t<meta name=\"twitter:data1\" content=\"christian tirat\" \/>\n\t<meta name=\"twitter:label2\" content=\"Dur\u00e9e de lecture estim\u00e9e\" \/>\n\t<meta name=\"twitter:data2\" content=\"8 minutes\" \/>\n<script type=\"application\/ld+json\" class=\"yoast-schema-graph\">{\"@context\":\"https:\/\/schema.org\",\"@graph\":[{\"@type\":\"WebPage\",\"@id\":\"https:\/\/blogs.thesocialmedia.com\/leblogmoto\/2007\/03\/20\/motocross-la-ch\/\",\"url\":\"https:\/\/blogs.thesocialmedia.com\/leblogmoto\/2007\/03\/20\/motocross-la-ch\/\",\"name\":\"Moto-Cross - La Chapelle-Saint-Aubin dans la boue - leblogmoto.com\",\"isPartOf\":{\"@id\":\"https:\/\/blogs.thesocialmedia.com\/leblogmoto\/#website\"},\"primaryImageOfPage\":{\"@id\":\"https:\/\/blogs.thesocialmedia.com\/leblogmoto\/2007\/03\/20\/motocross-la-ch\/#primaryimage\"},\"image\":{\"@id\":\"https:\/\/blogs.thesocialmedia.com\/leblogmoto\/2007\/03\/20\/motocross-la-ch\/#primaryimage\"},\"thumbnailUrl\":\"http:\/\/www.leblogmoto.com\/images\/2007\/03\/20\/2007ffmstaubinaubinact.jpg\",\"datePublished\":\"2007-03-20T23:42:58+00:00\",\"dateModified\":\"2012-07-11T14:36:07+00:00\",\"author\":{\"@id\":\"https:\/\/blogs.thesocialmedia.com\/leblogmoto\/#\/schema\/person\/90b2f8fd0d5a2cede2580e95fc79c6c0\"},\"breadcrumb\":{\"@id\":\"https:\/\/blogs.thesocialmedia.com\/leblogmoto\/2007\/03\/20\/motocross-la-ch\/#breadcrumb\"},\"inLanguage\":\"fr-FR\",\"potentialAction\":[{\"@type\":\"ReadAction\",\"target\":[\"https:\/\/blogs.thesocialmedia.com\/leblogmoto\/2007\/03\/20\/motocross-la-ch\/\"]}]},{\"@type\":\"ImageObject\",\"inLanguage\":\"fr-FR\",\"@id\":\"https:\/\/blogs.thesocialmedia.com\/leblogmoto\/2007\/03\/20\/motocross-la-ch\/#primaryimage\",\"url\":\"http:\/\/www.leblogmoto.com\/images\/2007\/03\/20\/2007ffmstaubinaubinact.jpg\",\"contentUrl\":\"http:\/\/www.leblogmoto.com\/images\/2007\/03\/20\/2007ffmstaubinaubinact.jpg\"},{\"@type\":\"BreadcrumbList\",\"@id\":\"https:\/\/blogs.thesocialmedia.com\/leblogmoto\/2007\/03\/20\/motocross-la-ch\/#breadcrumb\",\"itemListElement\":[{\"@type\":\"ListItem\",\"position\":1,\"name\":\"Accueil\",\"item\":\"https:\/\/blogs.thesocialmedia.com\/leblogmoto\/\"},{\"@type\":\"ListItem\",\"position\":2,\"name\":\"Moto-Cross &#8211; La Chapelle-Saint-Aubin dans la boue\"}]},{\"@type\":\"WebSite\",\"@id\":\"https:\/\/blogs.thesocialmedia.com\/leblogmoto\/#website\",\"url\":\"https:\/\/blogs.thesocialmedia.com\/leblogmoto\/\",\"name\":\"leblogmoto\",\"description\":\"Toute l&#039;actualit\u00e9 des 2 roues\",\"potentialAction\":[{\"@type\":\"SearchAction\",\"target\":{\"@type\":\"EntryPoint\",\"urlTemplate\":\"https:\/\/blogs.thesocialmedia.com\/leblogmoto\/?s={search_term_string}\"},\"query-input\":{\"@type\":\"PropertyValueSpecification\",\"valueRequired\":true,\"valueName\":\"search_term_string\"}}],\"inLanguage\":\"fr-FR\"},{\"@type\":\"Person\",\"@id\":\"https:\/\/blogs.thesocialmedia.com\/leblogmoto\/#\/schema\/person\/90b2f8fd0d5a2cede2580e95fc79c6c0\",\"name\":\"christian tirat\",\"image\":{\"@type\":\"ImageObject\",\"inLanguage\":\"fr-FR\",\"@id\":\"https:\/\/blogs.thesocialmedia.com\/leblogmoto\/#\/schema\/person\/image\/\",\"url\":\"https:\/\/secure.gravatar.com\/avatar\/?s=96&d=mm&r=g\",\"contentUrl\":\"https:\/\/secure.gravatar.com\/avatar\/?s=96&d=mm&r=g\",\"caption\":\"christian tirat\"},\"url\":\"https:\/\/blogs.thesocialmedia.com\/leblogmoto\/author\/christian-tirat\/\"}]}<\/script>\n<!-- \/ Yoast SEO plugin. -->","yoast_head_json":{"title":"Moto-Cross - La Chapelle-Saint-Aubin dans la boue - leblogmoto.com","robots":{"index":"index","follow":"follow","max-snippet":"max-snippet:-1","max-image-preview":"max-image-preview:large","max-video-preview":"max-video-preview:-1"},"canonical":"https:\/\/blogs.thesocialmedia.com\/leblogmoto\/2007\/03\/20\/motocross-la-ch\/","twitter_card":"summary_large_image","twitter_title":"Moto-Cross - La Chapelle-Saint-Aubin dans la boue - leblogmoto.com","twitter_description":"A l\u2019inverse du cross national de Corb\u00e8re, annul\u00e9 ce week-end pour cause de s\u00e9cheresse, la 2\u00e8me manche du Championnat de France Elite 125 \u00e0 La Chapelle-Saint-Aubin aura pour sa part souffert du probl\u00e8me inverse : la pluie !&nbsp; Tomb\u00e9e toute la matin\u00e9e, elle a transform\u00e9 le circuit con\u00e7u par les b\u00e9n\u00e9voles du MC local et [&hellip;]","twitter_image":"http:\/\/www.leblogmoto.com\/images\/2007\/03\/20\/2007ffmstaubinaubinact.jpg","twitter_misc":{"\u00c9crit par":"christian tirat","Dur\u00e9e de lecture estim\u00e9e":"8 minutes"},"schema":{"@context":"https:\/\/schema.org","@graph":[{"@type":"WebPage","@id":"https:\/\/blogs.thesocialmedia.com\/leblogmoto\/2007\/03\/20\/motocross-la-ch\/","url":"https:\/\/blogs.thesocialmedia.com\/leblogmoto\/2007\/03\/20\/motocross-la-ch\/","name":"Moto-Cross - La Chapelle-Saint-Aubin dans la boue - leblogmoto.com","isPartOf":{"@id":"https:\/\/blogs.thesocialmedia.com\/leblogmoto\/#website"},"primaryImageOfPage":{"@id":"https:\/\/blogs.thesocialmedia.com\/leblogmoto\/2007\/03\/20\/motocross-la-ch\/#primaryimage"},"image":{"@id":"https:\/\/blogs.thesocialmedia.com\/leblogmoto\/2007\/03\/20\/motocross-la-ch\/#primaryimage"},"thumbnailUrl":"http:\/\/www.leblogmoto.com\/images\/2007\/03\/20\/2007ffmstaubinaubinact.jpg","datePublished":"2007-03-20T23:42:58+00:00","dateModified":"2012-07-11T14:36:07+00:00","author":{"@id":"https:\/\/blogs.thesocialmedia.com\/leblogmoto\/#\/schema\/person\/90b2f8fd0d5a2cede2580e95fc79c6c0"},"breadcrumb":{"@id":"https:\/\/blogs.thesocialmedia.com\/leblogmoto\/2007\/03\/20\/motocross-la-ch\/#breadcrumb"},"inLanguage":"fr-FR","potentialAction":[{"@type":"ReadAction","target":["https:\/\/blogs.thesocialmedia.com\/leblogmoto\/2007\/03\/20\/motocross-la-ch\/"]}]},{"@type":"ImageObject","inLanguage":"fr-FR","@id":"https:\/\/blogs.thesocialmedia.com\/leblogmoto\/2007\/03\/20\/motocross-la-ch\/#primaryimage","url":"http:\/\/www.leblogmoto.com\/images\/2007\/03\/20\/2007ffmstaubinaubinact.jpg","contentUrl":"http:\/\/www.leblogmoto.com\/images\/2007\/03\/20\/2007ffmstaubinaubinact.jpg"},{"@type":"BreadcrumbList","@id":"https:\/\/blogs.thesocialmedia.com\/leblogmoto\/2007\/03\/20\/motocross-la-ch\/#breadcrumb","itemListElement":[{"@type":"ListItem","position":1,"name":"Accueil","item":"https:\/\/blogs.thesocialmedia.com\/leblogmoto\/"},{"@type":"ListItem","position":2,"name":"Moto-Cross &#8211; La Chapelle-Saint-Aubin dans la boue"}]},{"@type":"WebSite","@id":"https:\/\/blogs.thesocialmedia.com\/leblogmoto\/#website","url":"https:\/\/blogs.thesocialmedia.com\/leblogmoto\/","name":"leblogmoto","description":"Toute l&#039;actualit\u00e9 des 2 roues","potentialAction":[{"@type":"SearchAction","target":{"@type":"EntryPoint","urlTemplate":"https:\/\/blogs.thesocialmedia.com\/leblogmoto\/?s={search_term_string}"},"query-input":{"@type":"PropertyValueSpecification","valueRequired":true,"valueName":"search_term_string"}}],"inLanguage":"fr-FR"},{"@type":"Person","@id":"https:\/\/blogs.thesocialmedia.com\/leblogmoto\/#\/schema\/person\/90b2f8fd0d5a2cede2580e95fc79c6c0","name":"christian tirat","image":{"@type":"ImageObject","inLanguage":"fr-FR","@id":"https:\/\/blogs.thesocialmedia.com\/leblogmoto\/#\/schema\/person\/image\/","url":"https:\/\/secure.gravatar.com\/avatar\/?s=96&d=mm&r=g","contentUrl":"https:\/\/secure.gravatar.com\/avatar\/?s=96&d=mm&r=g","caption":"christian tirat"},"url":"https:\/\/blogs.thesocialmedia.com\/leblogmoto\/author\/christian-tirat\/"}]}},"_links":{"self":[{"href":"https:\/\/blogs.thesocialmedia.com\/leblogmoto\/wp-json\/wp\/v2\/posts\/1466","targetHints":{"allow":["GET"]}}],"collection":[{"href":"https:\/\/blogs.thesocialmedia.com\/leblogmoto\/wp-json\/wp\/v2\/posts"}],"about":[{"href":"https:\/\/blogs.thesocialmedia.com\/leblogmoto\/wp-json\/wp\/v2\/types\/post"}],"author":[{"embeddable":true,"href":"https:\/\/blogs.thesocialmedia.com\/leblogmoto\/wp-json\/wp\/v2\/users\/333"}],"replies":[{"embeddable":true,"href":"https:\/\/blogs.thesocialmedia.com\/leblogmoto\/wp-json\/wp\/v2\/comments?post=1466"}],"version-history":[{"count":2,"href":"https:\/\/blogs.thesocialmedia.com\/leblogmoto\/wp-json\/wp\/v2\/posts\/1466\/revisions"}],"predecessor-version":[{"id":8222,"href":"https:\/\/blogs.thesocialmedia.com\/leblogmoto\/wp-json\/wp\/v2\/posts\/1466\/revisions\/8222"}],"wp:attachment":[{"href":"https:\/\/blogs.thesocialmedia.com\/leblogmoto\/wp-json\/wp\/v2\/media?parent=1466"}],"wp:term":[{"taxonomy":"category","embeddable":true,"href":"https:\/\/blogs.thesocialmedia.com\/leblogmoto\/wp-json\/wp\/v2\/categories?post=1466"},{"taxonomy":"post_tag","embeddable":true,"href":"https:\/\/blogs.thesocialmedia.com\/leblogmoto\/wp-json\/wp\/v2\/tags?post=1466"}],"curies":[{"name":"wp","href":"https:\/\/api.w.org\/{rel}","templated":true}]}}