{"id":1468,"date":"2007-03-19T22:12:01","date_gmt":"2007-03-19T22:12:01","guid":{"rendered":"http:\/\/blogs.thesocialmedia.com\/leblogmoto\/2007\/03\/19\/anne-2006-mitig\/"},"modified":"2012-07-11T14:36:01","modified_gmt":"2012-07-11T14:36:01","slug":"anne-2006-mitig","status":"publish","type":"post","link":"https:\/\/blogs.thesocialmedia.com\/leblogmoto\/2007\/03\/19\/anne-2006-mitig\/","title":{"rendered":"Ann\u00e9e 2006 mitig\u00e9e pour BMW France"},"content":{"rendered":"<p><a href=\"http:\/\/blogs.thesocialmedia.com\/leblogmoto\/files\/2012\/07\/first_bmw_logo.jpg\"><img loading=\"lazy\" decoding=\"async\" height=\"187\" alt=\"First_bmw_logo\" src=\"http:\/\/www.leblogmoto.com\/images\/2007\/03\/19\/first_bmw_logo.jpg\" width=\"250\"  \/><\/a> Malgr\u00e9 une hausse de leur chiffre d&rsquo;affaires par rapport aux autres d\u00e9partements, <a href=\"http:\/\/www.bmw-motorrad.com\/com\/index.html\">BMW Motorrad<\/a> France affiche un r\u00e9sultat mitig\u00e9. Notons tout de m\u00eame un b\u00e9n\u00e9fice avant imp\u00f4t de 66 millions d&rsquo;euros en 2006, ce qui repr\u00e9sente une hausse de 10% par rapport au r\u00e9sultat 2005, qui \u00e9tait de 60 millions d&rsquo;euros. Ainsi pour la premi\u00e8re fois, le cap des 100 000 motos vendues a \u00e9t\u00e9 d\u00e9pass\u00e9 cette ann\u00e9e (100 064 motos dont 7479 en France) ce qui est un r\u00e9sultat satisfaisant pour le groupe <a href=\"www.bmw.com\">BMW<\/a>.<\/p>\n<p>Seulement, la branche fran\u00e7aise de ce groupe rencontre une baisse du nombre de motos vendues passant ainsi de 8034 motos \u00e0 7479. Cela repr\u00e9sente une baisse de 6,91%, n\u00e9anmoins il s&rsquo;agit de la seconde meilleure ann\u00e9e de BMW France depuis 10 ans.<br \/>La meilleure vente aura \u00e9t\u00e9 la <a href=\"http:\/\/fr.wikipedia.org\/wiki\/BMW_R1200\">BMW R1200RT<\/a> avec 1972 motos vendues suivie de la <a href=\"http:\/\/fr.wikipedia.org\/wiki\/BMW_R1200\">R1200GS<\/a> avec 1360 motos vendues. <\/p>\n<p>Esp\u00e9rons que 2007 sera une meilleure ann\u00e9e pour BMW France avec la sortie de la K1200R Sport, la GX650 ou encore la Megamoto&#8230;<\/p>\n<p>Et vous chers lecteurs du <a href=\"www.leblogmoto.com\">Blog Moto<\/a>, pencherez-vous pour une BMW cette ann\u00e9e?<\/p>\n<p>Source: <a href=\"www.moto-station.com\">Moto Station<\/a><\/p>\n","protected":false},"excerpt":{"rendered":"<p>Malgr\u00e9 une hausse de leur chiffre d&rsquo;affaires par rapport aux autres d\u00e9partements, BMW Motorrad France affiche un r\u00e9sultat mitig\u00e9. Notons tout de m\u00eame un b\u00e9n\u00e9fice avant imp\u00f4t de 66 millions d&rsquo;euros en 2006, ce qui repr\u00e9sente une hausse de 10% par rapport au r\u00e9sultat 2005, qui \u00e9tait de 60 millions d&rsquo;euros. Ainsi pour la premi\u00e8re [&hellip;]<\/p>\n","protected":false},"author":329,"featured_media":0,"comment_status":"open","ping_status":"open","sticky":false,"template":"","format":"standard","meta":{"footnotes":""},"categories":[3,49,7],"tags":[],"class_list":["post-1468","post","type-post","status-publish","format-standard","hentry","category-actualite","category-actualites-entreprise","category-bmw"],"yoast_head":"<!-- This site is optimized with the Yoast SEO plugin v26.0 - https:\/\/yoast.com\/wordpress\/plugins\/seo\/ -->\n<title>Ann\u00e9e 2006 mitig\u00e9e pour BMW France - leblogmoto.com<\/title>\n<meta name=\"robots\" content=\"index, follow, max-snippet:-1, max-image-preview:large, max-video-preview:-1\" \/>\n<link rel=\"canonical\" href=\"https:\/\/blogs.thesocialmedia.com\/leblogmoto\/2007\/03\/19\/anne-2006-mitig\/\" \/>\n<meta name=\"twitter:card\" content=\"summary_large_image\" \/>\n<meta name=\"twitter:title\" content=\"Ann\u00e9e 2006 mitig\u00e9e pour BMW France - leblogmoto.com\" \/>\n<meta name=\"twitter:description\" content=\"Malgr\u00e9 une hausse de leur chiffre d&rsquo;affaires par rapport aux autres d\u00e9partements, BMW Motorrad France affiche un r\u00e9sultat mitig\u00e9. Notons tout de m\u00eame un b\u00e9n\u00e9fice avant imp\u00f4t de 66 millions d&rsquo;euros en 2006, ce qui repr\u00e9sente une hausse de 10% par rapport au r\u00e9sultat 2005, qui \u00e9tait de 60 millions d&rsquo;euros. Ainsi pour la premi\u00e8re [&hellip;]\" \/>\n<meta name=\"twitter:image\" content=\"http:\/\/www.leblogmoto.com\/images\/2007\/03\/19\/first_bmw_logo.jpg\" \/>\n<meta name=\"twitter:label1\" content=\"\u00c9crit par\" \/>\n\t<meta name=\"twitter:data1\" content=\"gregory boucaud\" \/>\n\t<meta name=\"twitter:label2\" content=\"Dur\u00e9e de lecture estim\u00e9e\" \/>\n\t<meta name=\"twitter:data2\" content=\"1 minute\" \/>\n<script type=\"application\/ld+json\" class=\"yoast-schema-graph\">{\"@context\":\"https:\/\/schema.org\",\"@graph\":[{\"@type\":\"WebPage\",\"@id\":\"https:\/\/blogs.thesocialmedia.com\/leblogmoto\/2007\/03\/19\/anne-2006-mitig\/\",\"url\":\"https:\/\/blogs.thesocialmedia.com\/leblogmoto\/2007\/03\/19\/anne-2006-mitig\/\",\"name\":\"Ann\u00e9e 2006 mitig\u00e9e pour BMW France - leblogmoto.com\",\"isPartOf\":{\"@id\":\"https:\/\/blogs.thesocialmedia.com\/leblogmoto\/#website\"},\"primaryImageOfPage\":{\"@id\":\"https:\/\/blogs.thesocialmedia.com\/leblogmoto\/2007\/03\/19\/anne-2006-mitig\/#primaryimage\"},\"image\":{\"@id\":\"https:\/\/blogs.thesocialmedia.com\/leblogmoto\/2007\/03\/19\/anne-2006-mitig\/#primaryimage\"},\"thumbnailUrl\":\"http:\/\/www.leblogmoto.com\/images\/2007\/03\/19\/first_bmw_logo.jpg\",\"datePublished\":\"2007-03-19T22:12:01+00:00\",\"dateModified\":\"2012-07-11T14:36:01+00:00\",\"author\":{\"@id\":\"https:\/\/blogs.thesocialmedia.com\/leblogmoto\/#\/schema\/person\/769623f89741cc3381675029a37764f8\"},\"breadcrumb\":{\"@id\":\"https:\/\/blogs.thesocialmedia.com\/leblogmoto\/2007\/03\/19\/anne-2006-mitig\/#breadcrumb\"},\"inLanguage\":\"fr-FR\",\"potentialAction\":[{\"@type\":\"ReadAction\",\"target\":[\"https:\/\/blogs.thesocialmedia.com\/leblogmoto\/2007\/03\/19\/anne-2006-mitig\/\"]}]},{\"@type\":\"ImageObject\",\"inLanguage\":\"fr-FR\",\"@id\":\"https:\/\/blogs.thesocialmedia.com\/leblogmoto\/2007\/03\/19\/anne-2006-mitig\/#primaryimage\",\"url\":\"http:\/\/www.leblogmoto.com\/images\/2007\/03\/19\/first_bmw_logo.jpg\",\"contentUrl\":\"http:\/\/www.leblogmoto.com\/images\/2007\/03\/19\/first_bmw_logo.jpg\"},{\"@type\":\"BreadcrumbList\",\"@id\":\"https:\/\/blogs.thesocialmedia.com\/leblogmoto\/2007\/03\/19\/anne-2006-mitig\/#breadcrumb\",\"itemListElement\":[{\"@type\":\"ListItem\",\"position\":1,\"name\":\"Accueil\",\"item\":\"https:\/\/blogs.thesocialmedia.com\/leblogmoto\/\"},{\"@type\":\"ListItem\",\"position\":2,\"name\":\"Ann\u00e9e 2006 mitig\u00e9e pour BMW France\"}]},{\"@type\":\"WebSite\",\"@id\":\"https:\/\/blogs.thesocialmedia.com\/leblogmoto\/#website\",\"url\":\"https:\/\/blogs.thesocialmedia.com\/leblogmoto\/\",\"name\":\"leblogmoto\",\"description\":\"Toute l&#039;actualit\u00e9 des 2 roues\",\"potentialAction\":[{\"@type\":\"SearchAction\",\"target\":{\"@type\":\"EntryPoint\",\"urlTemplate\":\"https:\/\/blogs.thesocialmedia.com\/leblogmoto\/?s={search_term_string}\"},\"query-input\":{\"@type\":\"PropertyValueSpecification\",\"valueRequired\":true,\"valueName\":\"search_term_string\"}}],\"inLanguage\":\"fr-FR\"},{\"@type\":\"Person\",\"@id\":\"https:\/\/blogs.thesocialmedia.com\/leblogmoto\/#\/schema\/person\/769623f89741cc3381675029a37764f8\",\"name\":\"gregory boucaud\",\"image\":{\"@type\":\"ImageObject\",\"inLanguage\":\"fr-FR\",\"@id\":\"https:\/\/blogs.thesocialmedia.com\/leblogmoto\/#\/schema\/person\/image\/\",\"url\":\"https:\/\/secure.gravatar.com\/avatar\/?s=96&d=mm&r=g\",\"contentUrl\":\"https:\/\/secure.gravatar.com\/avatar\/?s=96&d=mm&r=g\",\"caption\":\"gregory boucaud\"},\"url\":\"https:\/\/blogs.thesocialmedia.com\/leblogmoto\/author\/gregory-boucaud\/\"}]}<\/script>\n<!-- \/ Yoast SEO plugin. -->","yoast_head_json":{"title":"Ann\u00e9e 2006 mitig\u00e9e pour BMW France - leblogmoto.com","robots":{"index":"index","follow":"follow","max-snippet":"max-snippet:-1","max-image-preview":"max-image-preview:large","max-video-preview":"max-video-preview:-1"},"canonical":"https:\/\/blogs.thesocialmedia.com\/leblogmoto\/2007\/03\/19\/anne-2006-mitig\/","twitter_card":"summary_large_image","twitter_title":"Ann\u00e9e 2006 mitig\u00e9e pour BMW France - leblogmoto.com","twitter_description":"Malgr\u00e9 une hausse de leur chiffre d&rsquo;affaires par rapport aux autres d\u00e9partements, BMW Motorrad France affiche un r\u00e9sultat mitig\u00e9. Notons tout de m\u00eame un b\u00e9n\u00e9fice avant imp\u00f4t de 66 millions d&rsquo;euros en 2006, ce qui repr\u00e9sente une hausse de 10% par rapport au r\u00e9sultat 2005, qui \u00e9tait de 60 millions d&rsquo;euros. Ainsi pour la premi\u00e8re [&hellip;]","twitter_image":"http:\/\/www.leblogmoto.com\/images\/2007\/03\/19\/first_bmw_logo.jpg","twitter_misc":{"\u00c9crit par":"gregory boucaud","Dur\u00e9e de lecture estim\u00e9e":"1 minute"},"schema":{"@context":"https:\/\/schema.org","@graph":[{"@type":"WebPage","@id":"https:\/\/blogs.thesocialmedia.com\/leblogmoto\/2007\/03\/19\/anne-2006-mitig\/","url":"https:\/\/blogs.thesocialmedia.com\/leblogmoto\/2007\/03\/19\/anne-2006-mitig\/","name":"Ann\u00e9e 2006 mitig\u00e9e pour BMW France - leblogmoto.com","isPartOf":{"@id":"https:\/\/blogs.thesocialmedia.com\/leblogmoto\/#website"},"primaryImageOfPage":{"@id":"https:\/\/blogs.thesocialmedia.com\/leblogmoto\/2007\/03\/19\/anne-2006-mitig\/#primaryimage"},"image":{"@id":"https:\/\/blogs.thesocialmedia.com\/leblogmoto\/2007\/03\/19\/anne-2006-mitig\/#primaryimage"},"thumbnailUrl":"http:\/\/www.leblogmoto.com\/images\/2007\/03\/19\/first_bmw_logo.jpg","datePublished":"2007-03-19T22:12:01+00:00","dateModified":"2012-07-11T14:36:01+00:00","author":{"@id":"https:\/\/blogs.thesocialmedia.com\/leblogmoto\/#\/schema\/person\/769623f89741cc3381675029a37764f8"},"breadcrumb":{"@id":"https:\/\/blogs.thesocialmedia.com\/leblogmoto\/2007\/03\/19\/anne-2006-mitig\/#breadcrumb"},"inLanguage":"fr-FR","potentialAction":[{"@type":"ReadAction","target":["https:\/\/blogs.thesocialmedia.com\/leblogmoto\/2007\/03\/19\/anne-2006-mitig\/"]}]},{"@type":"ImageObject","inLanguage":"fr-FR","@id":"https:\/\/blogs.thesocialmedia.com\/leblogmoto\/2007\/03\/19\/anne-2006-mitig\/#primaryimage","url":"http:\/\/www.leblogmoto.com\/images\/2007\/03\/19\/first_bmw_logo.jpg","contentUrl":"http:\/\/www.leblogmoto.com\/images\/2007\/03\/19\/first_bmw_logo.jpg"},{"@type":"BreadcrumbList","@id":"https:\/\/blogs.thesocialmedia.com\/leblogmoto\/2007\/03\/19\/anne-2006-mitig\/#breadcrumb","itemListElement":[{"@type":"ListItem","position":1,"name":"Accueil","item":"https:\/\/blogs.thesocialmedia.com\/leblogmoto\/"},{"@type":"ListItem","position":2,"name":"Ann\u00e9e 2006 mitig\u00e9e pour BMW France"}]},{"@type":"WebSite","@id":"https:\/\/blogs.thesocialmedia.com\/leblogmoto\/#website","url":"https:\/\/blogs.thesocialmedia.com\/leblogmoto\/","name":"leblogmoto","description":"Toute l&#039;actualit\u00e9 des 2 roues","potentialAction":[{"@type":"SearchAction","target":{"@type":"EntryPoint","urlTemplate":"https:\/\/blogs.thesocialmedia.com\/leblogmoto\/?s={search_term_string}"},"query-input":{"@type":"PropertyValueSpecification","valueRequired":true,"valueName":"search_term_string"}}],"inLanguage":"fr-FR"},{"@type":"Person","@id":"https:\/\/blogs.thesocialmedia.com\/leblogmoto\/#\/schema\/person\/769623f89741cc3381675029a37764f8","name":"gregory boucaud","image":{"@type":"ImageObject","inLanguage":"fr-FR","@id":"https:\/\/blogs.thesocialmedia.com\/leblogmoto\/#\/schema\/person\/image\/","url":"https:\/\/secure.gravatar.com\/avatar\/?s=96&d=mm&r=g","contentUrl":"https:\/\/secure.gravatar.com\/avatar\/?s=96&d=mm&r=g","caption":"gregory boucaud"},"url":"https:\/\/blogs.thesocialmedia.com\/leblogmoto\/author\/gregory-boucaud\/"}]}},"_links":{"self":[{"href":"https:\/\/blogs.thesocialmedia.com\/leblogmoto\/wp-json\/wp\/v2\/posts\/1468","targetHints":{"allow":["GET"]}}],"collection":[{"href":"https:\/\/blogs.thesocialmedia.com\/leblogmoto\/wp-json\/wp\/v2\/posts"}],"about":[{"href":"https:\/\/blogs.thesocialmedia.com\/leblogmoto\/wp-json\/wp\/v2\/types\/post"}],"author":[{"embeddable":true,"href":"https:\/\/blogs.thesocialmedia.com\/leblogmoto\/wp-json\/wp\/v2\/users\/329"}],"replies":[{"embeddable":true,"href":"https:\/\/blogs.thesocialmedia.com\/leblogmoto\/wp-json\/wp\/v2\/comments?post=1468"}],"version-history":[{"count":2,"href":"https:\/\/blogs.thesocialmedia.com\/leblogmoto\/wp-json\/wp\/v2\/posts\/1468\/revisions"}],"predecessor-version":[{"id":8218,"href":"https:\/\/blogs.thesocialmedia.com\/leblogmoto\/wp-json\/wp\/v2\/posts\/1468\/revisions\/8218"}],"wp:attachment":[{"href":"https:\/\/blogs.thesocialmedia.com\/leblogmoto\/wp-json\/wp\/v2\/media?parent=1468"}],"wp:term":[{"taxonomy":"category","embeddable":true,"href":"https:\/\/blogs.thesocialmedia.com\/leblogmoto\/wp-json\/wp\/v2\/categories?post=1468"},{"taxonomy":"post_tag","embeddable":true,"href":"https:\/\/blogs.thesocialmedia.com\/leblogmoto\/wp-json\/wp\/v2\/tags?post=1468"}],"curies":[{"name":"wp","href":"https:\/\/api.w.org\/{rel}","templated":true}]}}