{"id":1469,"date":"2007-03-19T19:40:55","date_gmt":"2007-03-19T19:40:55","guid":{"rendered":"http:\/\/blogs.thesocialmedia.com\/leblogmoto\/2007\/03\/19\/kawasaki-z750-e\/"},"modified":"2012-07-11T14:35:59","modified_gmt":"2012-07-11T14:35:59","slug":"kawasaki-z750-e","status":"publish","type":"post","link":"https:\/\/blogs.thesocialmedia.com\/leblogmoto\/2007\/03\/19\/kawasaki-z750-e\/","title":{"rendered":"Kawasaki Z750 en concession"},"content":{"rendered":"<p><a href=\"http:\/\/blogs.thesocialmedia.com\/leblogmoto\/files\/2012\/07\/w600h536_000003404cdec008.jpg\"><img loading=\"lazy\" decoding=\"async\" width=\"250\" height=\"223\"  alt=\"W600h536_000003404cdec008\" src=\"http:\/\/www.leblogmoto.com\/images\/2007\/03\/19\/w600h536_000003404cdec008.jpg\" style=\"margin: 0px 5px 5px 0px;float: left\" \/><\/a>La date de sortie officielle de la derni\u00e8re verte approche et vous pouvez d&rsquo;or et d\u00e9j\u00e0 aller l&rsquo;admirer dans de plus en plus de concessions. Cette <a href=\"http:\/\/www.kawasaki.fr\/z750\/\">Z750<\/a> reprend donc la recette qui a si bien fonctionn\u00e9e avec un design tr\u00e8s &quot;manga&quot;, toujours un quatre cylindres de 748 cm3 d\u00e9veloppant 106ch \u00e0 10 500 tr\/min (version fran\u00e7aise) et 8.0 mkg \u00e0 8300 tr\/min qui se dote d&rsquo;un nouveau syst\u00e8me injection plus pr\u00e9cis. Le cadre en aluminium moul\u00e9 est \u00e9galement nouveau et optimis\u00e9 pour r\u00e9duire les vibrations moteurs. <a href=\"http:\/\/www.kawasaki.fr\/\">Kawasaki <\/a>semble \u00e9couter ses clients et \u00e0 revu les suspensions qui se montraient trop souples sur la version pr\u00e9c\u00e9dente. Une fourche invers\u00e9e de 41 mm (avec r\u00e9glage de pr\u00e9charge et d\u00e9tente) a donc pris place \u00e0 l&rsquo;avant.<\/p>\n<p><a href=\"http:\/\/clabedan.typepad.com\/.shared\/image.html?\/photos\/uncategorized\/2007\/03\/19\/w681h511_0000034049056116.jpg\"><img loading=\"lazy\" decoding=\"async\" width=\"250\" height=\"187\"  alt=\"W681h511_0000034049056116\" src=\"http:\/\/www.leblogmoto.com\/images\/2007\/03\/19\/w681h511_0000034049056116.jpg\" style=\"margin: 0px 5px 5px 0px;float: left\" \/><\/a> Nous avons d\u00e9j\u00e0 pu la voir sur les salons qui ont lieu ces temps ci, elle semble avoir m\u00fbri et vouloir combler les quelques d\u00e9fauts qui restaient. Les demandes sont d\u00e9j\u00e0 nombreuses selon les concessionnaires. Cette nouvelle mouture s&rsquo;annonce comme un grand succ\u00e8s.<\/p>\n","protected":false},"excerpt":{"rendered":"<p>La date de sortie officielle de la derni\u00e8re verte approche et vous pouvez d&rsquo;or et d\u00e9j\u00e0 aller l&rsquo;admirer dans de plus en plus de concessions. Cette Z750 reprend donc la recette qui a si bien fonctionn\u00e9e avec un design tr\u00e8s &quot;manga&quot;, toujours un quatre cylindres de 748 cm3 d\u00e9veloppant 106ch \u00e0 10 500 tr\/min (version [&hellip;]<\/p>\n","protected":false},"author":331,"featured_media":0,"comment_status":"open","ping_status":"open","sticky":false,"template":"","format":"standard","meta":{"footnotes":""},"categories":[3],"tags":[45,138],"class_list":["post-1469","post","type-post","status-publish","format-standard","hentry","category-actualite","tag-kawasaki","tag-z750"],"yoast_head":"<!-- This site is optimized with the Yoast SEO plugin v26.0 - https:\/\/yoast.com\/wordpress\/plugins\/seo\/ -->\n<title>Kawasaki Z750 en concession - leblogmoto.com<\/title>\n<meta name=\"robots\" content=\"index, follow, max-snippet:-1, max-image-preview:large, max-video-preview:-1\" \/>\n<link rel=\"canonical\" href=\"https:\/\/blogs.thesocialmedia.com\/leblogmoto\/2007\/03\/19\/kawasaki-z750-e\/\" \/>\n<meta name=\"twitter:card\" content=\"summary_large_image\" \/>\n<meta name=\"twitter:title\" content=\"Kawasaki Z750 en concession - leblogmoto.com\" \/>\n<meta name=\"twitter:description\" content=\"La date de sortie officielle de la derni\u00e8re verte approche et vous pouvez d&rsquo;or et d\u00e9j\u00e0 aller l&rsquo;admirer dans de plus en plus de concessions. Cette Z750 reprend donc la recette qui a si bien fonctionn\u00e9e avec un design tr\u00e8s &quot;manga&quot;, toujours un quatre cylindres de 748 cm3 d\u00e9veloppant 106ch \u00e0 10 500 tr\/min (version [&hellip;]\" \/>\n<meta name=\"twitter:image\" content=\"http:\/\/www.leblogmoto.com\/images\/2007\/03\/19\/w600h536_000003404cdec008.jpg\" \/>\n<meta name=\"twitter:label1\" content=\"\u00c9crit par\" \/>\n\t<meta name=\"twitter:data1\" content=\"nicolas gehin\" \/>\n\t<meta name=\"twitter:label2\" content=\"Dur\u00e9e de lecture estim\u00e9e\" \/>\n\t<meta name=\"twitter:data2\" content=\"1 minute\" \/>\n<script type=\"application\/ld+json\" class=\"yoast-schema-graph\">{\"@context\":\"https:\/\/schema.org\",\"@graph\":[{\"@type\":\"WebPage\",\"@id\":\"https:\/\/blogs.thesocialmedia.com\/leblogmoto\/2007\/03\/19\/kawasaki-z750-e\/\",\"url\":\"https:\/\/blogs.thesocialmedia.com\/leblogmoto\/2007\/03\/19\/kawasaki-z750-e\/\",\"name\":\"Kawasaki Z750 en concession - leblogmoto.com\",\"isPartOf\":{\"@id\":\"https:\/\/blogs.thesocialmedia.com\/leblogmoto\/#website\"},\"primaryImageOfPage\":{\"@id\":\"https:\/\/blogs.thesocialmedia.com\/leblogmoto\/2007\/03\/19\/kawasaki-z750-e\/#primaryimage\"},\"image\":{\"@id\":\"https:\/\/blogs.thesocialmedia.com\/leblogmoto\/2007\/03\/19\/kawasaki-z750-e\/#primaryimage\"},\"thumbnailUrl\":\"http:\/\/www.leblogmoto.com\/images\/2007\/03\/19\/w600h536_000003404cdec008.jpg\",\"datePublished\":\"2007-03-19T19:40:55+00:00\",\"dateModified\":\"2012-07-11T14:35:59+00:00\",\"author\":{\"@id\":\"https:\/\/blogs.thesocialmedia.com\/leblogmoto\/#\/schema\/person\/46fe3ed364ad3153421e8604c6e3305f\"},\"breadcrumb\":{\"@id\":\"https:\/\/blogs.thesocialmedia.com\/leblogmoto\/2007\/03\/19\/kawasaki-z750-e\/#breadcrumb\"},\"inLanguage\":\"fr-FR\",\"potentialAction\":[{\"@type\":\"ReadAction\",\"target\":[\"https:\/\/blogs.thesocialmedia.com\/leblogmoto\/2007\/03\/19\/kawasaki-z750-e\/\"]}]},{\"@type\":\"ImageObject\",\"inLanguage\":\"fr-FR\",\"@id\":\"https:\/\/blogs.thesocialmedia.com\/leblogmoto\/2007\/03\/19\/kawasaki-z750-e\/#primaryimage\",\"url\":\"http:\/\/www.leblogmoto.com\/images\/2007\/03\/19\/w600h536_000003404cdec008.jpg\",\"contentUrl\":\"http:\/\/www.leblogmoto.com\/images\/2007\/03\/19\/w600h536_000003404cdec008.jpg\"},{\"@type\":\"BreadcrumbList\",\"@id\":\"https:\/\/blogs.thesocialmedia.com\/leblogmoto\/2007\/03\/19\/kawasaki-z750-e\/#breadcrumb\",\"itemListElement\":[{\"@type\":\"ListItem\",\"position\":1,\"name\":\"Accueil\",\"item\":\"https:\/\/blogs.thesocialmedia.com\/leblogmoto\/\"},{\"@type\":\"ListItem\",\"position\":2,\"name\":\"Kawasaki Z750 en concession\"}]},{\"@type\":\"WebSite\",\"@id\":\"https:\/\/blogs.thesocialmedia.com\/leblogmoto\/#website\",\"url\":\"https:\/\/blogs.thesocialmedia.com\/leblogmoto\/\",\"name\":\"leblogmoto\",\"description\":\"Toute l&#039;actualit\u00e9 des 2 roues\",\"potentialAction\":[{\"@type\":\"SearchAction\",\"target\":{\"@type\":\"EntryPoint\",\"urlTemplate\":\"https:\/\/blogs.thesocialmedia.com\/leblogmoto\/?s={search_term_string}\"},\"query-input\":{\"@type\":\"PropertyValueSpecification\",\"valueRequired\":true,\"valueName\":\"search_term_string\"}}],\"inLanguage\":\"fr-FR\"},{\"@type\":\"Person\",\"@id\":\"https:\/\/blogs.thesocialmedia.com\/leblogmoto\/#\/schema\/person\/46fe3ed364ad3153421e8604c6e3305f\",\"name\":\"nicolas gehin\",\"image\":{\"@type\":\"ImageObject\",\"inLanguage\":\"fr-FR\",\"@id\":\"https:\/\/blogs.thesocialmedia.com\/leblogmoto\/#\/schema\/person\/image\/\",\"url\":\"https:\/\/secure.gravatar.com\/avatar\/?s=96&d=mm&r=g\",\"contentUrl\":\"https:\/\/secure.gravatar.com\/avatar\/?s=96&d=mm&r=g\",\"caption\":\"nicolas gehin\"},\"url\":\"https:\/\/blogs.thesocialmedia.com\/leblogmoto\/author\/nicolas-gehin\/\"}]}<\/script>\n<!-- \/ Yoast SEO plugin. -->","yoast_head_json":{"title":"Kawasaki Z750 en concession - leblogmoto.com","robots":{"index":"index","follow":"follow","max-snippet":"max-snippet:-1","max-image-preview":"max-image-preview:large","max-video-preview":"max-video-preview:-1"},"canonical":"https:\/\/blogs.thesocialmedia.com\/leblogmoto\/2007\/03\/19\/kawasaki-z750-e\/","twitter_card":"summary_large_image","twitter_title":"Kawasaki Z750 en concession - leblogmoto.com","twitter_description":"La date de sortie officielle de la derni\u00e8re verte approche et vous pouvez d&rsquo;or et d\u00e9j\u00e0 aller l&rsquo;admirer dans de plus en plus de concessions. Cette Z750 reprend donc la recette qui a si bien fonctionn\u00e9e avec un design tr\u00e8s &quot;manga&quot;, toujours un quatre cylindres de 748 cm3 d\u00e9veloppant 106ch \u00e0 10 500 tr\/min (version [&hellip;]","twitter_image":"http:\/\/www.leblogmoto.com\/images\/2007\/03\/19\/w600h536_000003404cdec008.jpg","twitter_misc":{"\u00c9crit par":"nicolas gehin","Dur\u00e9e de lecture estim\u00e9e":"1 minute"},"schema":{"@context":"https:\/\/schema.org","@graph":[{"@type":"WebPage","@id":"https:\/\/blogs.thesocialmedia.com\/leblogmoto\/2007\/03\/19\/kawasaki-z750-e\/","url":"https:\/\/blogs.thesocialmedia.com\/leblogmoto\/2007\/03\/19\/kawasaki-z750-e\/","name":"Kawasaki Z750 en concession - leblogmoto.com","isPartOf":{"@id":"https:\/\/blogs.thesocialmedia.com\/leblogmoto\/#website"},"primaryImageOfPage":{"@id":"https:\/\/blogs.thesocialmedia.com\/leblogmoto\/2007\/03\/19\/kawasaki-z750-e\/#primaryimage"},"image":{"@id":"https:\/\/blogs.thesocialmedia.com\/leblogmoto\/2007\/03\/19\/kawasaki-z750-e\/#primaryimage"},"thumbnailUrl":"http:\/\/www.leblogmoto.com\/images\/2007\/03\/19\/w600h536_000003404cdec008.jpg","datePublished":"2007-03-19T19:40:55+00:00","dateModified":"2012-07-11T14:35:59+00:00","author":{"@id":"https:\/\/blogs.thesocialmedia.com\/leblogmoto\/#\/schema\/person\/46fe3ed364ad3153421e8604c6e3305f"},"breadcrumb":{"@id":"https:\/\/blogs.thesocialmedia.com\/leblogmoto\/2007\/03\/19\/kawasaki-z750-e\/#breadcrumb"},"inLanguage":"fr-FR","potentialAction":[{"@type":"ReadAction","target":["https:\/\/blogs.thesocialmedia.com\/leblogmoto\/2007\/03\/19\/kawasaki-z750-e\/"]}]},{"@type":"ImageObject","inLanguage":"fr-FR","@id":"https:\/\/blogs.thesocialmedia.com\/leblogmoto\/2007\/03\/19\/kawasaki-z750-e\/#primaryimage","url":"http:\/\/www.leblogmoto.com\/images\/2007\/03\/19\/w600h536_000003404cdec008.jpg","contentUrl":"http:\/\/www.leblogmoto.com\/images\/2007\/03\/19\/w600h536_000003404cdec008.jpg"},{"@type":"BreadcrumbList","@id":"https:\/\/blogs.thesocialmedia.com\/leblogmoto\/2007\/03\/19\/kawasaki-z750-e\/#breadcrumb","itemListElement":[{"@type":"ListItem","position":1,"name":"Accueil","item":"https:\/\/blogs.thesocialmedia.com\/leblogmoto\/"},{"@type":"ListItem","position":2,"name":"Kawasaki Z750 en concession"}]},{"@type":"WebSite","@id":"https:\/\/blogs.thesocialmedia.com\/leblogmoto\/#website","url":"https:\/\/blogs.thesocialmedia.com\/leblogmoto\/","name":"leblogmoto","description":"Toute l&#039;actualit\u00e9 des 2 roues","potentialAction":[{"@type":"SearchAction","target":{"@type":"EntryPoint","urlTemplate":"https:\/\/blogs.thesocialmedia.com\/leblogmoto\/?s={search_term_string}"},"query-input":{"@type":"PropertyValueSpecification","valueRequired":true,"valueName":"search_term_string"}}],"inLanguage":"fr-FR"},{"@type":"Person","@id":"https:\/\/blogs.thesocialmedia.com\/leblogmoto\/#\/schema\/person\/46fe3ed364ad3153421e8604c6e3305f","name":"nicolas gehin","image":{"@type":"ImageObject","inLanguage":"fr-FR","@id":"https:\/\/blogs.thesocialmedia.com\/leblogmoto\/#\/schema\/person\/image\/","url":"https:\/\/secure.gravatar.com\/avatar\/?s=96&d=mm&r=g","contentUrl":"https:\/\/secure.gravatar.com\/avatar\/?s=96&d=mm&r=g","caption":"nicolas gehin"},"url":"https:\/\/blogs.thesocialmedia.com\/leblogmoto\/author\/nicolas-gehin\/"}]}},"_links":{"self":[{"href":"https:\/\/blogs.thesocialmedia.com\/leblogmoto\/wp-json\/wp\/v2\/posts\/1469","targetHints":{"allow":["GET"]}}],"collection":[{"href":"https:\/\/blogs.thesocialmedia.com\/leblogmoto\/wp-json\/wp\/v2\/posts"}],"about":[{"href":"https:\/\/blogs.thesocialmedia.com\/leblogmoto\/wp-json\/wp\/v2\/types\/post"}],"author":[{"embeddable":true,"href":"https:\/\/blogs.thesocialmedia.com\/leblogmoto\/wp-json\/wp\/v2\/users\/331"}],"replies":[{"embeddable":true,"href":"https:\/\/blogs.thesocialmedia.com\/leblogmoto\/wp-json\/wp\/v2\/comments?post=1469"}],"version-history":[{"count":2,"href":"https:\/\/blogs.thesocialmedia.com\/leblogmoto\/wp-json\/wp\/v2\/posts\/1469\/revisions"}],"predecessor-version":[{"id":8216,"href":"https:\/\/blogs.thesocialmedia.com\/leblogmoto\/wp-json\/wp\/v2\/posts\/1469\/revisions\/8216"}],"wp:attachment":[{"href":"https:\/\/blogs.thesocialmedia.com\/leblogmoto\/wp-json\/wp\/v2\/media?parent=1469"}],"wp:term":[{"taxonomy":"category","embeddable":true,"href":"https:\/\/blogs.thesocialmedia.com\/leblogmoto\/wp-json\/wp\/v2\/categories?post=1469"},{"taxonomy":"post_tag","embeddable":true,"href":"https:\/\/blogs.thesocialmedia.com\/leblogmoto\/wp-json\/wp\/v2\/tags?post=1469"}],"curies":[{"name":"wp","href":"https:\/\/api.w.org\/{rel}","templated":true}]}}