{"id":1471,"date":"2007-03-19T17:30:46","date_gmt":"2007-03-19T17:30:46","guid":{"rendered":"http:\/\/blogs.thesocialmedia.com\/leblogmoto\/2007\/03\/19\/motocross-corbr\/"},"modified":"2012-07-11T14:35:52","modified_gmt":"2012-07-11T14:35:52","slug":"motocross-corbr","status":"publish","type":"post","link":"https:\/\/blogs.thesocialmedia.com\/leblogmoto\/2007\/03\/19\/motocross-corbr\/","title":{"rendered":"Moto-Cross : Corb\u00e8re mord la poussi\u00e8re"},"content":{"rendered":"<p><a href=\"http:\/\/blogs.thesocialmedia.com\/leblogmoto\/files\/2012\/07\/26_2.jpg\"><img loading=\"lazy\" decoding=\"async\" width=\"250\" height=\"164\"  alt=\"26_2\" src=\"http:\/\/www.leblogmoto.com\/images\/2007\/03\/19\/26_2.jpg\" style=\"margin: 0px 5px 5px 0px;float: left\" \/><\/a> Les manches du Championnat de France de Moto-Cross National et Cadets 125 cm3 qui devaient se courir samedi et dimanche apr\u00e8s-midi \u00e0 Corb\u00e8re-les-Cabannes, dans les Pyr\u00e9n\u00e9es-Orientales, ont \u00e9t\u00e9 annul\u00e9es en raison de la <a href=\"http:\/\/www.leblogfinance.com\/2007\/01\/aude_pnurie_dea.html\">s\u00e9cheresse<\/a>. Le vent violent qui soufflait sur le circuit soulevait tant de poussi\u00e8re que la visibilit\u00e9 \u00e9tait nulle. C\u2019e\u00fbt \u00e9t\u00e9 pire si les courses avaient eu lieu. <\/p>\n<p><a href=\"http:\/\/clabedan.typepad.com\/.shared\/image.html?\/photos\/uncategorized\/2007\/03\/19\/job_4738_330.jpg\"><img loading=\"lazy\" decoding=\"async\" width=\"250\" height=\"480\"  src=\"http:\/\/www.leblogmoto.com\/images\/2007\/03\/19\/job_4738_330.jpg\" alt=\"Job_4738_330\" style=\"margin: 0px 5px 5px 0px;float: left\" \/><\/a> L\u2019arrosage de la piste ne fut pas possible en raison des restrictions d\u2019eau li\u00e9es \u00e0 la <a href=\"http:\/\/www.leblogfinance.com\/2007\/01\/aude_pnurie_dea.html\">s\u00e9cheresse<\/a> prises par la pr\u00e9fecture. Les \u00e9preuves nationales ont finalement \u00e9t\u00e9 purement et simplement annul\u00e9es \u00e0 la grande d\u00e9ception de tous.<\/p>\n<p>Cette <a href=\"http:\/\/www.leblogfinance.com\/2007\/01\/aude_pnurie_dea.html\">p\u00e9nurie d&rsquo;eau<\/a> qui \u00e9tait au c\u0153ur des travaux du <a href=\"http:\/\/www.leblogfinance.com\/2007\/01\/aude_pnurie_dea.html\">Comit\u00e9 S\u00e9cheresse<\/a> r\u00e9uni ce matin en pr\u00e9fecture de R\u00e9gion Midi-Pyr\u00e9n\u00e9es pourrait perturber bon nombre d\u2019\u00e9preuves du Grand Sud, voire ailleurs au cours de la saison 2007. En effet, depuis l&rsquo;automne 2006, un grave d\u00e9ficit pluviom\u00e9trique affecte notamment le massif Pyr\u00e9n\u00e9en et ses bassins versants, un d\u00e9ficit aggrav\u00e9 par la quasi-absence de neige et de recharge des nappes phr\u00e9atiques.<\/p>\n<p> Une note d&rsquo;espoir cependant :&nbsp; \u00e0 l\u2019heure o\u00f9 j\u2019\u00e9cris ces lignes , la neige tombe en abondance aux pieds des Pyr\u00e9n\u00e9es et jusqu\u2019\u00e0 200 m\u00e8tres d\u2019altitude\u2026mieux vaut tard que jamais !<\/p>\n<p>L\u00e9gende photos: En motocross, la boue (photo 2) vaut mieux que la poussi\u00e8re (photo 1) voir prochain post.<\/p>\n","protected":false},"excerpt":{"rendered":"<p>Les manches du Championnat de France de Moto-Cross National et Cadets 125 cm3 qui devaient se courir samedi et dimanche apr\u00e8s-midi \u00e0 Corb\u00e8re-les-Cabannes, dans les Pyr\u00e9n\u00e9es-Orientales, ont \u00e9t\u00e9 annul\u00e9es en raison de la s\u00e9cheresse. Le vent violent qui soufflait sur le circuit soulevait tant de poussi\u00e8re que la visibilit\u00e9 \u00e9tait nulle. C\u2019e\u00fbt \u00e9t\u00e9 pire si [&hellip;]<\/p>\n","protected":false},"author":333,"featured_media":0,"comment_status":"open","ping_status":"open","sticky":false,"template":"","format":"standard","meta":{"footnotes":""},"categories":[66],"tags":[],"class_list":["post-1471","post","type-post","status-publish","format-standard","hentry","category-moto-cross"],"yoast_head":"<!-- This site is optimized with the Yoast SEO plugin v26.0 - https:\/\/yoast.com\/wordpress\/plugins\/seo\/ -->\n<title>Moto-Cross : Corb\u00e8re mord la poussi\u00e8re - leblogmoto.com<\/title>\n<meta name=\"robots\" content=\"index, follow, max-snippet:-1, max-image-preview:large, max-video-preview:-1\" \/>\n<link rel=\"canonical\" href=\"https:\/\/blogs.thesocialmedia.com\/leblogmoto\/2007\/03\/19\/motocross-corbr\/\" \/>\n<meta name=\"twitter:card\" content=\"summary_large_image\" \/>\n<meta name=\"twitter:title\" content=\"Moto-Cross : Corb\u00e8re mord la poussi\u00e8re - leblogmoto.com\" \/>\n<meta name=\"twitter:description\" content=\"Les manches du Championnat de France de Moto-Cross National et Cadets 125 cm3 qui devaient se courir samedi et dimanche apr\u00e8s-midi \u00e0 Corb\u00e8re-les-Cabannes, dans les Pyr\u00e9n\u00e9es-Orientales, ont \u00e9t\u00e9 annul\u00e9es en raison de la s\u00e9cheresse. Le vent violent qui soufflait sur le circuit soulevait tant de poussi\u00e8re que la visibilit\u00e9 \u00e9tait nulle. C\u2019e\u00fbt \u00e9t\u00e9 pire si [&hellip;]\" \/>\n<meta name=\"twitter:image\" content=\"http:\/\/www.leblogmoto.com\/images\/2007\/03\/19\/26_2.jpg\" \/>\n<meta name=\"twitter:label1\" content=\"\u00c9crit par\" \/>\n\t<meta name=\"twitter:data1\" content=\"christian tirat\" \/>\n\t<meta name=\"twitter:label2\" content=\"Dur\u00e9e de lecture estim\u00e9e\" \/>\n\t<meta name=\"twitter:data2\" content=\"1 minute\" \/>\n<script type=\"application\/ld+json\" class=\"yoast-schema-graph\">{\"@context\":\"https:\/\/schema.org\",\"@graph\":[{\"@type\":\"WebPage\",\"@id\":\"https:\/\/blogs.thesocialmedia.com\/leblogmoto\/2007\/03\/19\/motocross-corbr\/\",\"url\":\"https:\/\/blogs.thesocialmedia.com\/leblogmoto\/2007\/03\/19\/motocross-corbr\/\",\"name\":\"Moto-Cross : Corb\u00e8re mord la poussi\u00e8re - leblogmoto.com\",\"isPartOf\":{\"@id\":\"https:\/\/blogs.thesocialmedia.com\/leblogmoto\/#website\"},\"primaryImageOfPage\":{\"@id\":\"https:\/\/blogs.thesocialmedia.com\/leblogmoto\/2007\/03\/19\/motocross-corbr\/#primaryimage\"},\"image\":{\"@id\":\"https:\/\/blogs.thesocialmedia.com\/leblogmoto\/2007\/03\/19\/motocross-corbr\/#primaryimage\"},\"thumbnailUrl\":\"http:\/\/www.leblogmoto.com\/images\/2007\/03\/19\/26_2.jpg\",\"datePublished\":\"2007-03-19T17:30:46+00:00\",\"dateModified\":\"2012-07-11T14:35:52+00:00\",\"author\":{\"@id\":\"https:\/\/blogs.thesocialmedia.com\/leblogmoto\/#\/schema\/person\/90b2f8fd0d5a2cede2580e95fc79c6c0\"},\"breadcrumb\":{\"@id\":\"https:\/\/blogs.thesocialmedia.com\/leblogmoto\/2007\/03\/19\/motocross-corbr\/#breadcrumb\"},\"inLanguage\":\"fr-FR\",\"potentialAction\":[{\"@type\":\"ReadAction\",\"target\":[\"https:\/\/blogs.thesocialmedia.com\/leblogmoto\/2007\/03\/19\/motocross-corbr\/\"]}]},{\"@type\":\"ImageObject\",\"inLanguage\":\"fr-FR\",\"@id\":\"https:\/\/blogs.thesocialmedia.com\/leblogmoto\/2007\/03\/19\/motocross-corbr\/#primaryimage\",\"url\":\"http:\/\/www.leblogmoto.com\/images\/2007\/03\/19\/26_2.jpg\",\"contentUrl\":\"http:\/\/www.leblogmoto.com\/images\/2007\/03\/19\/26_2.jpg\"},{\"@type\":\"BreadcrumbList\",\"@id\":\"https:\/\/blogs.thesocialmedia.com\/leblogmoto\/2007\/03\/19\/motocross-corbr\/#breadcrumb\",\"itemListElement\":[{\"@type\":\"ListItem\",\"position\":1,\"name\":\"Accueil\",\"item\":\"https:\/\/blogs.thesocialmedia.com\/leblogmoto\/\"},{\"@type\":\"ListItem\",\"position\":2,\"name\":\"Moto-Cross : Corb\u00e8re mord la poussi\u00e8re\"}]},{\"@type\":\"WebSite\",\"@id\":\"https:\/\/blogs.thesocialmedia.com\/leblogmoto\/#website\",\"url\":\"https:\/\/blogs.thesocialmedia.com\/leblogmoto\/\",\"name\":\"leblogmoto\",\"description\":\"Toute l&#039;actualit\u00e9 des 2 roues\",\"potentialAction\":[{\"@type\":\"SearchAction\",\"target\":{\"@type\":\"EntryPoint\",\"urlTemplate\":\"https:\/\/blogs.thesocialmedia.com\/leblogmoto\/?s={search_term_string}\"},\"query-input\":{\"@type\":\"PropertyValueSpecification\",\"valueRequired\":true,\"valueName\":\"search_term_string\"}}],\"inLanguage\":\"fr-FR\"},{\"@type\":\"Person\",\"@id\":\"https:\/\/blogs.thesocialmedia.com\/leblogmoto\/#\/schema\/person\/90b2f8fd0d5a2cede2580e95fc79c6c0\",\"name\":\"christian tirat\",\"image\":{\"@type\":\"ImageObject\",\"inLanguage\":\"fr-FR\",\"@id\":\"https:\/\/blogs.thesocialmedia.com\/leblogmoto\/#\/schema\/person\/image\/\",\"url\":\"https:\/\/secure.gravatar.com\/avatar\/?s=96&d=mm&r=g\",\"contentUrl\":\"https:\/\/secure.gravatar.com\/avatar\/?s=96&d=mm&r=g\",\"caption\":\"christian tirat\"},\"url\":\"https:\/\/blogs.thesocialmedia.com\/leblogmoto\/author\/christian-tirat\/\"}]}<\/script>\n<!-- \/ Yoast SEO plugin. -->","yoast_head_json":{"title":"Moto-Cross : Corb\u00e8re mord la poussi\u00e8re - leblogmoto.com","robots":{"index":"index","follow":"follow","max-snippet":"max-snippet:-1","max-image-preview":"max-image-preview:large","max-video-preview":"max-video-preview:-1"},"canonical":"https:\/\/blogs.thesocialmedia.com\/leblogmoto\/2007\/03\/19\/motocross-corbr\/","twitter_card":"summary_large_image","twitter_title":"Moto-Cross : Corb\u00e8re mord la poussi\u00e8re - leblogmoto.com","twitter_description":"Les manches du Championnat de France de Moto-Cross National et Cadets 125 cm3 qui devaient se courir samedi et dimanche apr\u00e8s-midi \u00e0 Corb\u00e8re-les-Cabannes, dans les Pyr\u00e9n\u00e9es-Orientales, ont \u00e9t\u00e9 annul\u00e9es en raison de la s\u00e9cheresse. Le vent violent qui soufflait sur le circuit soulevait tant de poussi\u00e8re que la visibilit\u00e9 \u00e9tait nulle. C\u2019e\u00fbt \u00e9t\u00e9 pire si [&hellip;]","twitter_image":"http:\/\/www.leblogmoto.com\/images\/2007\/03\/19\/26_2.jpg","twitter_misc":{"\u00c9crit par":"christian tirat","Dur\u00e9e de lecture estim\u00e9e":"1 minute"},"schema":{"@context":"https:\/\/schema.org","@graph":[{"@type":"WebPage","@id":"https:\/\/blogs.thesocialmedia.com\/leblogmoto\/2007\/03\/19\/motocross-corbr\/","url":"https:\/\/blogs.thesocialmedia.com\/leblogmoto\/2007\/03\/19\/motocross-corbr\/","name":"Moto-Cross : Corb\u00e8re mord la poussi\u00e8re - leblogmoto.com","isPartOf":{"@id":"https:\/\/blogs.thesocialmedia.com\/leblogmoto\/#website"},"primaryImageOfPage":{"@id":"https:\/\/blogs.thesocialmedia.com\/leblogmoto\/2007\/03\/19\/motocross-corbr\/#primaryimage"},"image":{"@id":"https:\/\/blogs.thesocialmedia.com\/leblogmoto\/2007\/03\/19\/motocross-corbr\/#primaryimage"},"thumbnailUrl":"http:\/\/www.leblogmoto.com\/images\/2007\/03\/19\/26_2.jpg","datePublished":"2007-03-19T17:30:46+00:00","dateModified":"2012-07-11T14:35:52+00:00","author":{"@id":"https:\/\/blogs.thesocialmedia.com\/leblogmoto\/#\/schema\/person\/90b2f8fd0d5a2cede2580e95fc79c6c0"},"breadcrumb":{"@id":"https:\/\/blogs.thesocialmedia.com\/leblogmoto\/2007\/03\/19\/motocross-corbr\/#breadcrumb"},"inLanguage":"fr-FR","potentialAction":[{"@type":"ReadAction","target":["https:\/\/blogs.thesocialmedia.com\/leblogmoto\/2007\/03\/19\/motocross-corbr\/"]}]},{"@type":"ImageObject","inLanguage":"fr-FR","@id":"https:\/\/blogs.thesocialmedia.com\/leblogmoto\/2007\/03\/19\/motocross-corbr\/#primaryimage","url":"http:\/\/www.leblogmoto.com\/images\/2007\/03\/19\/26_2.jpg","contentUrl":"http:\/\/www.leblogmoto.com\/images\/2007\/03\/19\/26_2.jpg"},{"@type":"BreadcrumbList","@id":"https:\/\/blogs.thesocialmedia.com\/leblogmoto\/2007\/03\/19\/motocross-corbr\/#breadcrumb","itemListElement":[{"@type":"ListItem","position":1,"name":"Accueil","item":"https:\/\/blogs.thesocialmedia.com\/leblogmoto\/"},{"@type":"ListItem","position":2,"name":"Moto-Cross : Corb\u00e8re mord la poussi\u00e8re"}]},{"@type":"WebSite","@id":"https:\/\/blogs.thesocialmedia.com\/leblogmoto\/#website","url":"https:\/\/blogs.thesocialmedia.com\/leblogmoto\/","name":"leblogmoto","description":"Toute l&#039;actualit\u00e9 des 2 roues","potentialAction":[{"@type":"SearchAction","target":{"@type":"EntryPoint","urlTemplate":"https:\/\/blogs.thesocialmedia.com\/leblogmoto\/?s={search_term_string}"},"query-input":{"@type":"PropertyValueSpecification","valueRequired":true,"valueName":"search_term_string"}}],"inLanguage":"fr-FR"},{"@type":"Person","@id":"https:\/\/blogs.thesocialmedia.com\/leblogmoto\/#\/schema\/person\/90b2f8fd0d5a2cede2580e95fc79c6c0","name":"christian tirat","image":{"@type":"ImageObject","inLanguage":"fr-FR","@id":"https:\/\/blogs.thesocialmedia.com\/leblogmoto\/#\/schema\/person\/image\/","url":"https:\/\/secure.gravatar.com\/avatar\/?s=96&d=mm&r=g","contentUrl":"https:\/\/secure.gravatar.com\/avatar\/?s=96&d=mm&r=g","caption":"christian tirat"},"url":"https:\/\/blogs.thesocialmedia.com\/leblogmoto\/author\/christian-tirat\/"}]}},"_links":{"self":[{"href":"https:\/\/blogs.thesocialmedia.com\/leblogmoto\/wp-json\/wp\/v2\/posts\/1471","targetHints":{"allow":["GET"]}}],"collection":[{"href":"https:\/\/blogs.thesocialmedia.com\/leblogmoto\/wp-json\/wp\/v2\/posts"}],"about":[{"href":"https:\/\/blogs.thesocialmedia.com\/leblogmoto\/wp-json\/wp\/v2\/types\/post"}],"author":[{"embeddable":true,"href":"https:\/\/blogs.thesocialmedia.com\/leblogmoto\/wp-json\/wp\/v2\/users\/333"}],"replies":[{"embeddable":true,"href":"https:\/\/blogs.thesocialmedia.com\/leblogmoto\/wp-json\/wp\/v2\/comments?post=1471"}],"version-history":[{"count":2,"href":"https:\/\/blogs.thesocialmedia.com\/leblogmoto\/wp-json\/wp\/v2\/posts\/1471\/revisions"}],"predecessor-version":[{"id":8211,"href":"https:\/\/blogs.thesocialmedia.com\/leblogmoto\/wp-json\/wp\/v2\/posts\/1471\/revisions\/8211"}],"wp:attachment":[{"href":"https:\/\/blogs.thesocialmedia.com\/leblogmoto\/wp-json\/wp\/v2\/media?parent=1471"}],"wp:term":[{"taxonomy":"category","embeddable":true,"href":"https:\/\/blogs.thesocialmedia.com\/leblogmoto\/wp-json\/wp\/v2\/categories?post=1471"},{"taxonomy":"post_tag","embeddable":true,"href":"https:\/\/blogs.thesocialmedia.com\/leblogmoto\/wp-json\/wp\/v2\/tags?post=1471"}],"curies":[{"name":"wp","href":"https:\/\/api.w.org\/{rel}","templated":true}]}}