{"id":1472,"date":"2007-03-18T22:09:13","date_gmt":"2007-03-18T22:09:13","guid":{"rendered":"http:\/\/blogs.thesocialmedia.com\/leblogmoto\/2007\/03\/18\/trial-indoor-de\/"},"modified":"2012-07-11T14:35:50","modified_gmt":"2012-07-11T14:35:50","slug":"trial-indoor-de","status":"publish","type":"post","link":"https:\/\/blogs.thesocialmedia.com\/leblogmoto\/2007\/03\/18\/trial-indoor-de\/","title":{"rendered":"Trial Indoor de Madrid: Ils ont dit"},"content":{"rendered":"<p><a href=\"http:\/\/blogs.thesocialmedia.com\/leblogmoto\/files\/2012\/07\/a_raga_2.jpg\"><img loading=\"lazy\" decoding=\"async\" width=\"250\" height=\"287\"  src=\"http:\/\/www.leblogmoto.com\/images\/2007\/03\/18\/a_raga_2.jpg\" alt=\"A_raga_2\" style=\"margin: 0px 5px 5px 0px;float: left\" \/><\/a> A l&rsquo;issue de l&rsquo;<a href=\"http:\/\/www.leblogmoto.com\/2007\/03\/trial_bou_dedan.html#more\">ultime Trial du Championnat du Monde Indoor<\/a> qui consacre <a href=\"http:\/\/www.leblogmoto.com\/2007\/02\/trial_en_salle__4.html#more\">Toni Bou<\/a>, apr\u00e8s une derni\u00e8re victoire du champion d\u00e9tronn\u00e9 <a href=\"http:\/\/www.leblogmoto.com\/2007\/03\/trial_indoor_ra.html#more\">Adam Raga<\/a>, les trois acc\u00e9dants au podium de Madrid se sont exprim\u00e9s.<\/p>\n<p><strong>Adam Raga :<\/strong><br \/>\u00ab je suis enchant\u00e9 de cette victoire qui me permet d\u2019acc\u00e9der \u00e0 la seconde place du podium Mondial. Je d\u00e9montre par cette victoire que je reste au top de ma forme. Cet excellent r\u00e9sultat confirme mes ambitions en Championnat du Monde Outdoor. J&rsquo;ai donn\u00e9 ce soir le meilleur de moi-m\u00eame ce qui m\u2019a permis d\u2019obtenir un meilleur r\u00e9sultat dans la manche finale, apr\u00e8s quelques erreurs tout au long de la saison \u00bb.<\/p>\n<p><a href=\"http:\/\/clabedan.typepad.com\/.shared\/image.html?\/photos\/uncategorized\/2007\/03\/18\/t_bou_2.jpg\"><img loading=\"lazy\" decoding=\"async\" width=\"250\" height=\"267\"  src=\"http:\/\/www.leblogmoto.com\/images\/2007\/03\/18\/t_bou_2.jpg\" alt=\"T_bou_2\" style=\"margin: 0px 5px 5px 0px;float: left\" \/><\/a><strong> Toni Bou :<\/strong> <\/p>\n<p>\u00ab J\u2019aurais pr\u00e9f\u00e9r\u00e9 terminer le championnat par une nouvelle victoire, mais il est clair qu\u2019on ne peut pas toujours gagner. Quoi qu&rsquo;il en soit c\u2019est un grand r\u00e9sultat dont je suis tr\u00e8s satisfait. J\u2019ai obtenu ce titre contre de grands rivaux comme Raga, dont la victoire de ce soir valorise encore plus ma couronne mondiale. \u00bb<\/p>\n<p><a href=\"http:\/\/blogs.thesocialmedia.com\/leblogmoto\/files\/2012\/07\/d_lampkin_2.jpg\"><img loading=\"lazy\" decoding=\"async\" width=\"250\" height=\"267\"  src=\"http:\/\/www.leblogmoto.com\/images\/2007\/03\/18\/d_lampkin_2.jpg\" alt=\"D_lampkin_2\" style=\"margin: 0px 5px 5px 0px;float: left\" \/><\/a><strong> Dougie Lampkin :<\/strong> <\/p>\n<p>\u00ab Depuis Marseille, j\u2019attendais en vain de remonter sur un podium. J\u2019attendais avec impatience la finale du Championnat apr\u00e8s mes faibles r\u00e9sultats de la saison Indoor. A pr\u00e9sent je souhaite \u00e9crire une nouvelle page de ma carri\u00e8re et me concentrer sur d\u2019autres objectifs. \u00bb<\/p>\n<p> Le prochain rendez-vous Inter et en salle, ce sera \u00e0 Alicante, Espagne pour l\u2019Indoor des Nations du 24.11.2007. <\/p>\n<p>En attendant, rendez-vous le premier avril pour le d\u00e9but du Championnat du Monde Outdoor \u00e0 Mancha Real, toujours en Espagne, mais avant, vous pourrez vous rendre le 25 mars \u00e0 Goudargues (30)&nbsp; pour l&rsquo;ouvertude du Championnat de France.<\/p>\n<p>Sources: <a href=\"http:\/\/www.indoortrial.com\/\">Indoortrial.com<\/a><br \/>Photos by <a href=\"http:\/\/www.photobysergio.fr\/\">Sergio<\/a><\/p>\n","protected":false},"excerpt":{"rendered":"<p>A l&rsquo;issue de l&rsquo;ultime Trial du Championnat du Monde Indoor qui consacre Toni Bou, apr\u00e8s une derni\u00e8re victoire du champion d\u00e9tronn\u00e9 Adam Raga, les trois acc\u00e9dants au podium de Madrid se sont exprim\u00e9s. Adam Raga :\u00ab je suis enchant\u00e9 de cette victoire qui me permet d\u2019acc\u00e9der \u00e0 la seconde place du podium Mondial. Je d\u00e9montre [&hellip;]<\/p>\n","protected":false},"author":333,"featured_media":0,"comment_status":"open","ping_status":"open","sticky":false,"template":"","format":"standard","meta":{"footnotes":""},"categories":[32],"tags":[],"class_list":["post-1472","post","type-post","status-publish","format-standard","hentry","category-sport-moto"],"yoast_head":"<!-- This site is optimized with the Yoast SEO plugin v26.0 - https:\/\/yoast.com\/wordpress\/plugins\/seo\/ -->\n<title>Trial Indoor de Madrid: Ils ont dit - leblogmoto.com<\/title>\n<meta name=\"robots\" content=\"index, follow, max-snippet:-1, max-image-preview:large, max-video-preview:-1\" \/>\n<link rel=\"canonical\" href=\"https:\/\/blogs.thesocialmedia.com\/leblogmoto\/2007\/03\/18\/trial-indoor-de\/\" \/>\n<meta name=\"twitter:card\" content=\"summary_large_image\" \/>\n<meta name=\"twitter:title\" content=\"Trial Indoor de Madrid: Ils ont dit - leblogmoto.com\" \/>\n<meta name=\"twitter:description\" content=\"A l&rsquo;issue de l&rsquo;ultime Trial du Championnat du Monde Indoor qui consacre Toni Bou, apr\u00e8s une derni\u00e8re victoire du champion d\u00e9tronn\u00e9 Adam Raga, les trois acc\u00e9dants au podium de Madrid se sont exprim\u00e9s. Adam Raga :\u00ab je suis enchant\u00e9 de cette victoire qui me permet d\u2019acc\u00e9der \u00e0 la seconde place du podium Mondial. Je d\u00e9montre [&hellip;]\" \/>\n<meta name=\"twitter:image\" content=\"http:\/\/www.leblogmoto.com\/images\/2007\/03\/18\/a_raga_2.jpg\" \/>\n<meta name=\"twitter:label1\" content=\"\u00c9crit par\" \/>\n\t<meta name=\"twitter:data1\" content=\"christian tirat\" \/>\n\t<meta name=\"twitter:label2\" content=\"Dur\u00e9e de lecture estim\u00e9e\" \/>\n\t<meta name=\"twitter:data2\" content=\"1 minute\" \/>\n<script type=\"application\/ld+json\" class=\"yoast-schema-graph\">{\"@context\":\"https:\/\/schema.org\",\"@graph\":[{\"@type\":\"WebPage\",\"@id\":\"https:\/\/blogs.thesocialmedia.com\/leblogmoto\/2007\/03\/18\/trial-indoor-de\/\",\"url\":\"https:\/\/blogs.thesocialmedia.com\/leblogmoto\/2007\/03\/18\/trial-indoor-de\/\",\"name\":\"Trial Indoor de Madrid: Ils ont dit - leblogmoto.com\",\"isPartOf\":{\"@id\":\"https:\/\/blogs.thesocialmedia.com\/leblogmoto\/#website\"},\"primaryImageOfPage\":{\"@id\":\"https:\/\/blogs.thesocialmedia.com\/leblogmoto\/2007\/03\/18\/trial-indoor-de\/#primaryimage\"},\"image\":{\"@id\":\"https:\/\/blogs.thesocialmedia.com\/leblogmoto\/2007\/03\/18\/trial-indoor-de\/#primaryimage\"},\"thumbnailUrl\":\"http:\/\/www.leblogmoto.com\/images\/2007\/03\/18\/a_raga_2.jpg\",\"datePublished\":\"2007-03-18T22:09:13+00:00\",\"dateModified\":\"2012-07-11T14:35:50+00:00\",\"author\":{\"@id\":\"https:\/\/blogs.thesocialmedia.com\/leblogmoto\/#\/schema\/person\/90b2f8fd0d5a2cede2580e95fc79c6c0\"},\"breadcrumb\":{\"@id\":\"https:\/\/blogs.thesocialmedia.com\/leblogmoto\/2007\/03\/18\/trial-indoor-de\/#breadcrumb\"},\"inLanguage\":\"fr-FR\",\"potentialAction\":[{\"@type\":\"ReadAction\",\"target\":[\"https:\/\/blogs.thesocialmedia.com\/leblogmoto\/2007\/03\/18\/trial-indoor-de\/\"]}]},{\"@type\":\"ImageObject\",\"inLanguage\":\"fr-FR\",\"@id\":\"https:\/\/blogs.thesocialmedia.com\/leblogmoto\/2007\/03\/18\/trial-indoor-de\/#primaryimage\",\"url\":\"http:\/\/www.leblogmoto.com\/images\/2007\/03\/18\/a_raga_2.jpg\",\"contentUrl\":\"http:\/\/www.leblogmoto.com\/images\/2007\/03\/18\/a_raga_2.jpg\"},{\"@type\":\"BreadcrumbList\",\"@id\":\"https:\/\/blogs.thesocialmedia.com\/leblogmoto\/2007\/03\/18\/trial-indoor-de\/#breadcrumb\",\"itemListElement\":[{\"@type\":\"ListItem\",\"position\":1,\"name\":\"Accueil\",\"item\":\"https:\/\/blogs.thesocialmedia.com\/leblogmoto\/\"},{\"@type\":\"ListItem\",\"position\":2,\"name\":\"Trial Indoor de Madrid: Ils ont dit\"}]},{\"@type\":\"WebSite\",\"@id\":\"https:\/\/blogs.thesocialmedia.com\/leblogmoto\/#website\",\"url\":\"https:\/\/blogs.thesocialmedia.com\/leblogmoto\/\",\"name\":\"leblogmoto\",\"description\":\"Toute l&#039;actualit\u00e9 des 2 roues\",\"potentialAction\":[{\"@type\":\"SearchAction\",\"target\":{\"@type\":\"EntryPoint\",\"urlTemplate\":\"https:\/\/blogs.thesocialmedia.com\/leblogmoto\/?s={search_term_string}\"},\"query-input\":{\"@type\":\"PropertyValueSpecification\",\"valueRequired\":true,\"valueName\":\"search_term_string\"}}],\"inLanguage\":\"fr-FR\"},{\"@type\":\"Person\",\"@id\":\"https:\/\/blogs.thesocialmedia.com\/leblogmoto\/#\/schema\/person\/90b2f8fd0d5a2cede2580e95fc79c6c0\",\"name\":\"christian tirat\",\"image\":{\"@type\":\"ImageObject\",\"inLanguage\":\"fr-FR\",\"@id\":\"https:\/\/blogs.thesocialmedia.com\/leblogmoto\/#\/schema\/person\/image\/\",\"url\":\"https:\/\/secure.gravatar.com\/avatar\/?s=96&d=mm&r=g\",\"contentUrl\":\"https:\/\/secure.gravatar.com\/avatar\/?s=96&d=mm&r=g\",\"caption\":\"christian tirat\"},\"url\":\"https:\/\/blogs.thesocialmedia.com\/leblogmoto\/author\/christian-tirat\/\"}]}<\/script>\n<!-- \/ Yoast SEO plugin. -->","yoast_head_json":{"title":"Trial Indoor de Madrid: Ils ont dit - leblogmoto.com","robots":{"index":"index","follow":"follow","max-snippet":"max-snippet:-1","max-image-preview":"max-image-preview:large","max-video-preview":"max-video-preview:-1"},"canonical":"https:\/\/blogs.thesocialmedia.com\/leblogmoto\/2007\/03\/18\/trial-indoor-de\/","twitter_card":"summary_large_image","twitter_title":"Trial Indoor de Madrid: Ils ont dit - leblogmoto.com","twitter_description":"A l&rsquo;issue de l&rsquo;ultime Trial du Championnat du Monde Indoor qui consacre Toni Bou, apr\u00e8s une derni\u00e8re victoire du champion d\u00e9tronn\u00e9 Adam Raga, les trois acc\u00e9dants au podium de Madrid se sont exprim\u00e9s. Adam Raga :\u00ab je suis enchant\u00e9 de cette victoire qui me permet d\u2019acc\u00e9der \u00e0 la seconde place du podium Mondial. Je d\u00e9montre [&hellip;]","twitter_image":"http:\/\/www.leblogmoto.com\/images\/2007\/03\/18\/a_raga_2.jpg","twitter_misc":{"\u00c9crit par":"christian tirat","Dur\u00e9e de lecture estim\u00e9e":"1 minute"},"schema":{"@context":"https:\/\/schema.org","@graph":[{"@type":"WebPage","@id":"https:\/\/blogs.thesocialmedia.com\/leblogmoto\/2007\/03\/18\/trial-indoor-de\/","url":"https:\/\/blogs.thesocialmedia.com\/leblogmoto\/2007\/03\/18\/trial-indoor-de\/","name":"Trial Indoor de Madrid: Ils ont dit - leblogmoto.com","isPartOf":{"@id":"https:\/\/blogs.thesocialmedia.com\/leblogmoto\/#website"},"primaryImageOfPage":{"@id":"https:\/\/blogs.thesocialmedia.com\/leblogmoto\/2007\/03\/18\/trial-indoor-de\/#primaryimage"},"image":{"@id":"https:\/\/blogs.thesocialmedia.com\/leblogmoto\/2007\/03\/18\/trial-indoor-de\/#primaryimage"},"thumbnailUrl":"http:\/\/www.leblogmoto.com\/images\/2007\/03\/18\/a_raga_2.jpg","datePublished":"2007-03-18T22:09:13+00:00","dateModified":"2012-07-11T14:35:50+00:00","author":{"@id":"https:\/\/blogs.thesocialmedia.com\/leblogmoto\/#\/schema\/person\/90b2f8fd0d5a2cede2580e95fc79c6c0"},"breadcrumb":{"@id":"https:\/\/blogs.thesocialmedia.com\/leblogmoto\/2007\/03\/18\/trial-indoor-de\/#breadcrumb"},"inLanguage":"fr-FR","potentialAction":[{"@type":"ReadAction","target":["https:\/\/blogs.thesocialmedia.com\/leblogmoto\/2007\/03\/18\/trial-indoor-de\/"]}]},{"@type":"ImageObject","inLanguage":"fr-FR","@id":"https:\/\/blogs.thesocialmedia.com\/leblogmoto\/2007\/03\/18\/trial-indoor-de\/#primaryimage","url":"http:\/\/www.leblogmoto.com\/images\/2007\/03\/18\/a_raga_2.jpg","contentUrl":"http:\/\/www.leblogmoto.com\/images\/2007\/03\/18\/a_raga_2.jpg"},{"@type":"BreadcrumbList","@id":"https:\/\/blogs.thesocialmedia.com\/leblogmoto\/2007\/03\/18\/trial-indoor-de\/#breadcrumb","itemListElement":[{"@type":"ListItem","position":1,"name":"Accueil","item":"https:\/\/blogs.thesocialmedia.com\/leblogmoto\/"},{"@type":"ListItem","position":2,"name":"Trial Indoor de Madrid: Ils ont dit"}]},{"@type":"WebSite","@id":"https:\/\/blogs.thesocialmedia.com\/leblogmoto\/#website","url":"https:\/\/blogs.thesocialmedia.com\/leblogmoto\/","name":"leblogmoto","description":"Toute l&#039;actualit\u00e9 des 2 roues","potentialAction":[{"@type":"SearchAction","target":{"@type":"EntryPoint","urlTemplate":"https:\/\/blogs.thesocialmedia.com\/leblogmoto\/?s={search_term_string}"},"query-input":{"@type":"PropertyValueSpecification","valueRequired":true,"valueName":"search_term_string"}}],"inLanguage":"fr-FR"},{"@type":"Person","@id":"https:\/\/blogs.thesocialmedia.com\/leblogmoto\/#\/schema\/person\/90b2f8fd0d5a2cede2580e95fc79c6c0","name":"christian tirat","image":{"@type":"ImageObject","inLanguage":"fr-FR","@id":"https:\/\/blogs.thesocialmedia.com\/leblogmoto\/#\/schema\/person\/image\/","url":"https:\/\/secure.gravatar.com\/avatar\/?s=96&d=mm&r=g","contentUrl":"https:\/\/secure.gravatar.com\/avatar\/?s=96&d=mm&r=g","caption":"christian tirat"},"url":"https:\/\/blogs.thesocialmedia.com\/leblogmoto\/author\/christian-tirat\/"}]}},"_links":{"self":[{"href":"https:\/\/blogs.thesocialmedia.com\/leblogmoto\/wp-json\/wp\/v2\/posts\/1472","targetHints":{"allow":["GET"]}}],"collection":[{"href":"https:\/\/blogs.thesocialmedia.com\/leblogmoto\/wp-json\/wp\/v2\/posts"}],"about":[{"href":"https:\/\/blogs.thesocialmedia.com\/leblogmoto\/wp-json\/wp\/v2\/types\/post"}],"author":[{"embeddable":true,"href":"https:\/\/blogs.thesocialmedia.com\/leblogmoto\/wp-json\/wp\/v2\/users\/333"}],"replies":[{"embeddable":true,"href":"https:\/\/blogs.thesocialmedia.com\/leblogmoto\/wp-json\/wp\/v2\/comments?post=1472"}],"version-history":[{"count":2,"href":"https:\/\/blogs.thesocialmedia.com\/leblogmoto\/wp-json\/wp\/v2\/posts\/1472\/revisions"}],"predecessor-version":[{"id":8209,"href":"https:\/\/blogs.thesocialmedia.com\/leblogmoto\/wp-json\/wp\/v2\/posts\/1472\/revisions\/8209"}],"wp:attachment":[{"href":"https:\/\/blogs.thesocialmedia.com\/leblogmoto\/wp-json\/wp\/v2\/media?parent=1472"}],"wp:term":[{"taxonomy":"category","embeddable":true,"href":"https:\/\/blogs.thesocialmedia.com\/leblogmoto\/wp-json\/wp\/v2\/categories?post=1472"},{"taxonomy":"post_tag","embeddable":true,"href":"https:\/\/blogs.thesocialmedia.com\/leblogmoto\/wp-json\/wp\/v2\/tags?post=1472"}],"curies":[{"name":"wp","href":"https:\/\/api.w.org\/{rel}","templated":true}]}}