{"id":1473,"date":"2007-03-18T18:06:01","date_gmt":"2007-03-18T18:06:01","guid":{"rendered":"http:\/\/blogs.thesocialmedia.com\/leblogmoto\/2007\/03\/18\/trial-bou-dedan\/"},"modified":"2012-07-11T14:35:45","modified_gmt":"2012-07-11T14:35:45","slug":"trial-bou-dedan","status":"publish","type":"post","link":"https:\/\/blogs.thesocialmedia.com\/leblogmoto\/2007\/03\/18\/trial-bou-dedan\/","title":{"rendered":"Trial: Bou dedans\u2026Raga dehors ?"},"content":{"rendered":"<p><a href=\"http:\/\/blogs.thesocialmedia.com\/leblogmoto\/files\/2012\/07\/madridadamraga.jpg\"><img loading=\"lazy\" decoding=\"async\" width=\"250\" height=\"305\"  src=\"http:\/\/www.leblogmoto.com\/images\/2007\/03\/18\/madridadamraga.jpg\" alt=\"Madridadamraga\" style=\"margin: 0px 5px 5px 0px;float: left\" \/><\/a> C\u2019est jou\u00e9, le Championnat du Monde de Trial en Salle s\u2019est achev\u00e9 samedi \u00e0 <a href=\"http:\/\/www.leblogmoto.com\/2007\/03\/trial_indoor_ra.html#more\">Madrid<\/a> sur la victoire annonc\u00e9e du nouveau patron de la discipline, l\u2019Espagnol Antonio Bou. Mais le printemps arrive et avec lui l\u2019ouverture du Championnat Outdoor. Adam Raga le champion d\u00e9chu a tenu a le rappeler en remportant l\u2019\u00e9preuve Madrilaine.<\/p>\n<p>Bouclant au panache le tour de qualification avec seulement 4 points de p\u00e9nalit\u00e9s, Raga \u00e0 montr\u00e9 \u00e0 Toni Bou (6 points) qu\u2019il restait un client s\u00e9rieux. Il est vrai que subissant une extr\u00eame pression \u00e0 laquelle il n\u2019est pas encore habitu\u00e9, Bou \u00e9tait all\u00e9 \u00e0 la faute maximum sur une zone. Mais c\u2019est Dougie Lampkin (Montesa) qui a cr\u00e9e la surprise en se qualifiant devant Albert Cabestany (Sherco) qui jouait ici une \u00e9ventuelle seconde place au Mondial puisque seulement devanc\u00e9 par Raga de deux petits points.  <\/p>\n<p><a href=\"http:\/\/clabedan.typepad.com\/.shared\/image.html?\/photos\/uncategorized\/2007\/03\/18\/madridtonybou.jpg\"><img loading=\"lazy\" decoding=\"async\" width=\"250\" height=\"269\"  src=\"http:\/\/www.leblogmoto.com\/images\/2007\/03\/18\/madridtonybou.jpg\" alt=\"Madridtonybou\" style=\"margin: 0px 5px 5px 0px;float: left\" \/><\/a>Un handicap surmontable mais Madrid en a voulu autrement en laissant au co\u00e9quipier Britannique de Toni Bou une place d\u2019honneur sur le podium qui lui avait fait d\u00e9faut tout au long du Championnat.<\/p>\n<p> Priv\u00e9 de finale, Cabestany hisse quand m\u00eame la marque fran\u00e7aise Sherco sur la troisi\u00e8me marche du podium du Mondial, une prestation fort honorable.<\/p>\n<p> Takahisa Fujinami le pilote Japonais Fujigas du team Repsol Montesa-HRC a rencontr\u00e9 des probl\u00e8mes au d\u00e9but de son parcours, quelques erreurs sur les deux premi\u00e8res zones, suivies d\u2019une crevaison du pneu arri\u00e8re. Le nippon a alors perdu de pr\u00e9cieuses secondes qui l\u2019ont contraint a zapper la zone 5. Il termine cinqui\u00e8me de l\u2019\u00e9preuve et quatri\u00e8me du Mondial.<\/p>\n<p> Du c\u00f4t\u00e9 des \u00ab petites \u00bb marques notons que Jeroni Fajardo le pilote Scorpa, \u00e9tait remplac\u00e9 par Marc Freixa suite \u00e0 une blessure. Apr\u00e8s avoir brill\u00e9 sur les premi\u00e8res zones du tour qualificatif Freixa est all\u00e9 \u00e0 la faute sur un grand saut qui lui fit perdre tout son avantage sur un Fujinami pourtant en d\u00e9tresse qui le rel\u00e8gue finalement \u00e0 la sixi\u00e8me place.<\/p>\n<p> Le pilote Polonais Tadeusz Blazusiak sur Beta termine en queue de peloton.<\/p>\n<p> Avec le couronnement du nouveau champion du Monde Antonio Bou, le Championnat Indoor 2007 s&rsquo;ach\u00e8ve \u2026que vive le Championnat Outdoor !<\/p>\n<p> A suivre \u2026<\/p>\n<p><strong> Classement Trial de Madrid<\/strong><\/p>\n<p> 01. Adam Raga \u2013 Gas Gas &#8211;&nbsp; &nbsp;&nbsp; 4 &#8211; 3<br \/> 02. Toni Bou \u2013Montesa &#8211;&nbsp; &nbsp; 6 &#8211; 6<br \/> 03. Dougie Lampkin \u2013 Montesa &#8211;&nbsp; &nbsp; 13 &#8211; 26<br \/> 04. Albert Cabestany \u2013 Sherco &#8211;&nbsp; &nbsp; 16<br \/> 05. Takahisa Fujinami \u2013 Montesa &#8211; 24<br \/> 06. Marc Freixa \u2013 Scorpa &#8211; 26<br \/> 07. Tadeusz Blazusiak \u2013 Beta \u2013 39<\/p>\n<p><strong> Classement final du Championnat du Monde de Trial Indoor<\/strong><\/p>\n<p> 01. Toni Bou 67<br \/> 02. Adam Raga 57&nbsp; <br \/> 03. Albert Cabestany 54<br \/> 04. Takahisa Fujinami 41<br \/> 05. Dougie Lampkin 36<br \/> 06. Jeroni Fajardo 30<br \/> 07. Tadeusz Blazusiak 10<br \/> 08. Shaun Morris 4<br \/> 09. J\u00e9r\u00f4me Bethune 2<br \/> 10. Fabio Lenzi 1<\/p>\n<p> Sources &amp; photos : indoortrial.com<\/p>\n","protected":false},"excerpt":{"rendered":"<p>C\u2019est jou\u00e9, le Championnat du Monde de Trial en Salle s\u2019est achev\u00e9 samedi \u00e0 Madrid sur la victoire annonc\u00e9e du nouveau patron de la discipline, l\u2019Espagnol Antonio Bou. Mais le printemps arrive et avec lui l\u2019ouverture du Championnat Outdoor. Adam Raga le champion d\u00e9chu a tenu a le rappeler en remportant l\u2019\u00e9preuve Madrilaine. Bouclant au [&hellip;]<\/p>\n","protected":false},"author":333,"featured_media":0,"comment_status":"open","ping_status":"open","sticky":false,"template":"","format":"standard","meta":{"footnotes":""},"categories":[32],"tags":[],"class_list":["post-1473","post","type-post","status-publish","format-standard","hentry","category-sport-moto"],"yoast_head":"<!-- This site is optimized with the Yoast SEO plugin v26.0 - https:\/\/yoast.com\/wordpress\/plugins\/seo\/ -->\n<title>Trial: Bou dedans\u2026Raga dehors ? - leblogmoto.com<\/title>\n<meta name=\"robots\" content=\"index, follow, max-snippet:-1, max-image-preview:large, max-video-preview:-1\" \/>\n<link rel=\"canonical\" href=\"https:\/\/blogs.thesocialmedia.com\/leblogmoto\/2007\/03\/18\/trial-bou-dedan\/\" \/>\n<meta name=\"twitter:card\" content=\"summary_large_image\" \/>\n<meta name=\"twitter:title\" content=\"Trial: Bou dedans\u2026Raga dehors ? - leblogmoto.com\" \/>\n<meta name=\"twitter:description\" content=\"C\u2019est jou\u00e9, le Championnat du Monde de Trial en Salle s\u2019est achev\u00e9 samedi \u00e0 Madrid sur la victoire annonc\u00e9e du nouveau patron de la discipline, l\u2019Espagnol Antonio Bou. Mais le printemps arrive et avec lui l\u2019ouverture du Championnat Outdoor. Adam Raga le champion d\u00e9chu a tenu a le rappeler en remportant l\u2019\u00e9preuve Madrilaine. Bouclant au [&hellip;]\" \/>\n<meta name=\"twitter:image\" content=\"http:\/\/www.leblogmoto.com\/images\/2007\/03\/18\/madridadamraga.jpg\" \/>\n<meta name=\"twitter:label1\" content=\"\u00c9crit par\" \/>\n\t<meta name=\"twitter:data1\" content=\"christian tirat\" \/>\n\t<meta name=\"twitter:label2\" content=\"Dur\u00e9e de lecture estim\u00e9e\" \/>\n\t<meta name=\"twitter:data2\" content=\"2 minutes\" \/>\n<script type=\"application\/ld+json\" class=\"yoast-schema-graph\">{\"@context\":\"https:\/\/schema.org\",\"@graph\":[{\"@type\":\"WebPage\",\"@id\":\"https:\/\/blogs.thesocialmedia.com\/leblogmoto\/2007\/03\/18\/trial-bou-dedan\/\",\"url\":\"https:\/\/blogs.thesocialmedia.com\/leblogmoto\/2007\/03\/18\/trial-bou-dedan\/\",\"name\":\"Trial: Bou dedans\u2026Raga dehors ? - leblogmoto.com\",\"isPartOf\":{\"@id\":\"https:\/\/blogs.thesocialmedia.com\/leblogmoto\/#website\"},\"primaryImageOfPage\":{\"@id\":\"https:\/\/blogs.thesocialmedia.com\/leblogmoto\/2007\/03\/18\/trial-bou-dedan\/#primaryimage\"},\"image\":{\"@id\":\"https:\/\/blogs.thesocialmedia.com\/leblogmoto\/2007\/03\/18\/trial-bou-dedan\/#primaryimage\"},\"thumbnailUrl\":\"http:\/\/www.leblogmoto.com\/images\/2007\/03\/18\/madridadamraga.jpg\",\"datePublished\":\"2007-03-18T18:06:01+00:00\",\"dateModified\":\"2012-07-11T14:35:45+00:00\",\"author\":{\"@id\":\"https:\/\/blogs.thesocialmedia.com\/leblogmoto\/#\/schema\/person\/90b2f8fd0d5a2cede2580e95fc79c6c0\"},\"breadcrumb\":{\"@id\":\"https:\/\/blogs.thesocialmedia.com\/leblogmoto\/2007\/03\/18\/trial-bou-dedan\/#breadcrumb\"},\"inLanguage\":\"fr-FR\",\"potentialAction\":[{\"@type\":\"ReadAction\",\"target\":[\"https:\/\/blogs.thesocialmedia.com\/leblogmoto\/2007\/03\/18\/trial-bou-dedan\/\"]}]},{\"@type\":\"ImageObject\",\"inLanguage\":\"fr-FR\",\"@id\":\"https:\/\/blogs.thesocialmedia.com\/leblogmoto\/2007\/03\/18\/trial-bou-dedan\/#primaryimage\",\"url\":\"http:\/\/www.leblogmoto.com\/images\/2007\/03\/18\/madridadamraga.jpg\",\"contentUrl\":\"http:\/\/www.leblogmoto.com\/images\/2007\/03\/18\/madridadamraga.jpg\"},{\"@type\":\"BreadcrumbList\",\"@id\":\"https:\/\/blogs.thesocialmedia.com\/leblogmoto\/2007\/03\/18\/trial-bou-dedan\/#breadcrumb\",\"itemListElement\":[{\"@type\":\"ListItem\",\"position\":1,\"name\":\"Accueil\",\"item\":\"https:\/\/blogs.thesocialmedia.com\/leblogmoto\/\"},{\"@type\":\"ListItem\",\"position\":2,\"name\":\"Trial: Bou dedans\u2026Raga dehors ?\"}]},{\"@type\":\"WebSite\",\"@id\":\"https:\/\/blogs.thesocialmedia.com\/leblogmoto\/#website\",\"url\":\"https:\/\/blogs.thesocialmedia.com\/leblogmoto\/\",\"name\":\"leblogmoto\",\"description\":\"Toute l&#039;actualit\u00e9 des 2 roues\",\"potentialAction\":[{\"@type\":\"SearchAction\",\"target\":{\"@type\":\"EntryPoint\",\"urlTemplate\":\"https:\/\/blogs.thesocialmedia.com\/leblogmoto\/?s={search_term_string}\"},\"query-input\":{\"@type\":\"PropertyValueSpecification\",\"valueRequired\":true,\"valueName\":\"search_term_string\"}}],\"inLanguage\":\"fr-FR\"},{\"@type\":\"Person\",\"@id\":\"https:\/\/blogs.thesocialmedia.com\/leblogmoto\/#\/schema\/person\/90b2f8fd0d5a2cede2580e95fc79c6c0\",\"name\":\"christian tirat\",\"image\":{\"@type\":\"ImageObject\",\"inLanguage\":\"fr-FR\",\"@id\":\"https:\/\/blogs.thesocialmedia.com\/leblogmoto\/#\/schema\/person\/image\/\",\"url\":\"https:\/\/secure.gravatar.com\/avatar\/?s=96&d=mm&r=g\",\"contentUrl\":\"https:\/\/secure.gravatar.com\/avatar\/?s=96&d=mm&r=g\",\"caption\":\"christian tirat\"},\"url\":\"https:\/\/blogs.thesocialmedia.com\/leblogmoto\/author\/christian-tirat\/\"}]}<\/script>\n<!-- \/ Yoast SEO plugin. -->","yoast_head_json":{"title":"Trial: Bou dedans\u2026Raga dehors ? - leblogmoto.com","robots":{"index":"index","follow":"follow","max-snippet":"max-snippet:-1","max-image-preview":"max-image-preview:large","max-video-preview":"max-video-preview:-1"},"canonical":"https:\/\/blogs.thesocialmedia.com\/leblogmoto\/2007\/03\/18\/trial-bou-dedan\/","twitter_card":"summary_large_image","twitter_title":"Trial: Bou dedans\u2026Raga dehors ? - leblogmoto.com","twitter_description":"C\u2019est jou\u00e9, le Championnat du Monde de Trial en Salle s\u2019est achev\u00e9 samedi \u00e0 Madrid sur la victoire annonc\u00e9e du nouveau patron de la discipline, l\u2019Espagnol Antonio Bou. Mais le printemps arrive et avec lui l\u2019ouverture du Championnat Outdoor. Adam Raga le champion d\u00e9chu a tenu a le rappeler en remportant l\u2019\u00e9preuve Madrilaine. Bouclant au [&hellip;]","twitter_image":"http:\/\/www.leblogmoto.com\/images\/2007\/03\/18\/madridadamraga.jpg","twitter_misc":{"\u00c9crit par":"christian tirat","Dur\u00e9e de lecture estim\u00e9e":"2 minutes"},"schema":{"@context":"https:\/\/schema.org","@graph":[{"@type":"WebPage","@id":"https:\/\/blogs.thesocialmedia.com\/leblogmoto\/2007\/03\/18\/trial-bou-dedan\/","url":"https:\/\/blogs.thesocialmedia.com\/leblogmoto\/2007\/03\/18\/trial-bou-dedan\/","name":"Trial: Bou dedans\u2026Raga dehors ? - leblogmoto.com","isPartOf":{"@id":"https:\/\/blogs.thesocialmedia.com\/leblogmoto\/#website"},"primaryImageOfPage":{"@id":"https:\/\/blogs.thesocialmedia.com\/leblogmoto\/2007\/03\/18\/trial-bou-dedan\/#primaryimage"},"image":{"@id":"https:\/\/blogs.thesocialmedia.com\/leblogmoto\/2007\/03\/18\/trial-bou-dedan\/#primaryimage"},"thumbnailUrl":"http:\/\/www.leblogmoto.com\/images\/2007\/03\/18\/madridadamraga.jpg","datePublished":"2007-03-18T18:06:01+00:00","dateModified":"2012-07-11T14:35:45+00:00","author":{"@id":"https:\/\/blogs.thesocialmedia.com\/leblogmoto\/#\/schema\/person\/90b2f8fd0d5a2cede2580e95fc79c6c0"},"breadcrumb":{"@id":"https:\/\/blogs.thesocialmedia.com\/leblogmoto\/2007\/03\/18\/trial-bou-dedan\/#breadcrumb"},"inLanguage":"fr-FR","potentialAction":[{"@type":"ReadAction","target":["https:\/\/blogs.thesocialmedia.com\/leblogmoto\/2007\/03\/18\/trial-bou-dedan\/"]}]},{"@type":"ImageObject","inLanguage":"fr-FR","@id":"https:\/\/blogs.thesocialmedia.com\/leblogmoto\/2007\/03\/18\/trial-bou-dedan\/#primaryimage","url":"http:\/\/www.leblogmoto.com\/images\/2007\/03\/18\/madridadamraga.jpg","contentUrl":"http:\/\/www.leblogmoto.com\/images\/2007\/03\/18\/madridadamraga.jpg"},{"@type":"BreadcrumbList","@id":"https:\/\/blogs.thesocialmedia.com\/leblogmoto\/2007\/03\/18\/trial-bou-dedan\/#breadcrumb","itemListElement":[{"@type":"ListItem","position":1,"name":"Accueil","item":"https:\/\/blogs.thesocialmedia.com\/leblogmoto\/"},{"@type":"ListItem","position":2,"name":"Trial: Bou dedans\u2026Raga dehors ?"}]},{"@type":"WebSite","@id":"https:\/\/blogs.thesocialmedia.com\/leblogmoto\/#website","url":"https:\/\/blogs.thesocialmedia.com\/leblogmoto\/","name":"leblogmoto","description":"Toute l&#039;actualit\u00e9 des 2 roues","potentialAction":[{"@type":"SearchAction","target":{"@type":"EntryPoint","urlTemplate":"https:\/\/blogs.thesocialmedia.com\/leblogmoto\/?s={search_term_string}"},"query-input":{"@type":"PropertyValueSpecification","valueRequired":true,"valueName":"search_term_string"}}],"inLanguage":"fr-FR"},{"@type":"Person","@id":"https:\/\/blogs.thesocialmedia.com\/leblogmoto\/#\/schema\/person\/90b2f8fd0d5a2cede2580e95fc79c6c0","name":"christian tirat","image":{"@type":"ImageObject","inLanguage":"fr-FR","@id":"https:\/\/blogs.thesocialmedia.com\/leblogmoto\/#\/schema\/person\/image\/","url":"https:\/\/secure.gravatar.com\/avatar\/?s=96&d=mm&r=g","contentUrl":"https:\/\/secure.gravatar.com\/avatar\/?s=96&d=mm&r=g","caption":"christian tirat"},"url":"https:\/\/blogs.thesocialmedia.com\/leblogmoto\/author\/christian-tirat\/"}]}},"_links":{"self":[{"href":"https:\/\/blogs.thesocialmedia.com\/leblogmoto\/wp-json\/wp\/v2\/posts\/1473","targetHints":{"allow":["GET"]}}],"collection":[{"href":"https:\/\/blogs.thesocialmedia.com\/leblogmoto\/wp-json\/wp\/v2\/posts"}],"about":[{"href":"https:\/\/blogs.thesocialmedia.com\/leblogmoto\/wp-json\/wp\/v2\/types\/post"}],"author":[{"embeddable":true,"href":"https:\/\/blogs.thesocialmedia.com\/leblogmoto\/wp-json\/wp\/v2\/users\/333"}],"replies":[{"embeddable":true,"href":"https:\/\/blogs.thesocialmedia.com\/leblogmoto\/wp-json\/wp\/v2\/comments?post=1473"}],"version-history":[{"count":2,"href":"https:\/\/blogs.thesocialmedia.com\/leblogmoto\/wp-json\/wp\/v2\/posts\/1473\/revisions"}],"predecessor-version":[{"id":8206,"href":"https:\/\/blogs.thesocialmedia.com\/leblogmoto\/wp-json\/wp\/v2\/posts\/1473\/revisions\/8206"}],"wp:attachment":[{"href":"https:\/\/blogs.thesocialmedia.com\/leblogmoto\/wp-json\/wp\/v2\/media?parent=1473"}],"wp:term":[{"taxonomy":"category","embeddable":true,"href":"https:\/\/blogs.thesocialmedia.com\/leblogmoto\/wp-json\/wp\/v2\/categories?post=1473"},{"taxonomy":"post_tag","embeddable":true,"href":"https:\/\/blogs.thesocialmedia.com\/leblogmoto\/wp-json\/wp\/v2\/tags?post=1473"}],"curies":[{"name":"wp","href":"https:\/\/api.w.org\/{rel}","templated":true}]}}