{"id":1474,"date":"2007-03-18T14:44:01","date_gmt":"2007-03-18T14:44:01","guid":{"rendered":"http:\/\/blogs.thesocialmedia.com\/leblogmoto\/2007\/03\/18\/trial-indoor-ra\/"},"modified":"2012-07-11T14:35:42","modified_gmt":"2012-07-11T14:35:42","slug":"trial-indoor-ra","status":"publish","type":"post","link":"https:\/\/blogs.thesocialmedia.com\/leblogmoto\/2007\/03\/18\/trial-indoor-ra\/","title":{"rendered":"Trial Indoor : Raga sauve l\u2019honneur \u00e0 Madrid"},"content":{"rendered":"<p><a href=\"http:\/\/blogs.thesocialmedia.com\/leblogmoto\/files\/2012\/07\/raga_madrid_2007.jpg\"><img loading=\"lazy\" decoding=\"async\" width=\"250\" height=\"159\"  alt=\"Raga_madrid_2007\" src=\"http:\/\/www.leblogmoto.com\/images\/2007\/03\/18\/raga_madrid_2007.jpg\" style=\"margin: 0px 5px 5px 0px;float: left\" \/><\/a> Hier soir le Palais des Sports de Madrid accueillait l\u2019ultime \u00e9tape du Championnat du Monde de Trial Indoor 2007. Comme de coutume la salle \u00e9tait comble et le public survolt\u00e9 comptait quelques \u00ab guest stars \u00bb du sport moto soutenues par Repsol. Ainsi, le champion en titre du MotoGP 2006 Nicky Hayden, son co\u00e9quipier Dani Pedrosa, Nani Roma et Marc Coma ont focalis\u00e9 l\u2019attention des observateurs sur le \u00ab carr\u00e9 d\u2019or \u00bb <\/p>\n<p><a href=\"http:\/\/blogs.thesocialmedia.com\/leblogmoto\/files\/2012\/07\/podium_madrid_2007.jpg\"><img loading=\"lazy\" decoding=\"async\" width=\"250\" height=\"159\"  alt=\"Podium_madrid_2007\" src=\"http:\/\/www.leblogmoto.com\/images\/2007\/03\/18\/podium_madrid_2007.jpg\" style=\"margin: 0px 5px 5px 0px;float: left\" \/><\/a>Le titre supr\u00eame ayant \u00e9t\u00e9 d\u00e9finitivement assur\u00e9 il y \u00e0 15 jours <a href=\"http:\/\/www.leblogmoto.com\/2007\/02\/trial_en_salle__4.html#more\">aux Bal\u00e9ares<\/a> par le jeune Espagnol <a href=\"http:\/\/www.tonibou.com\/\">Toni Bou <\/a>(<a href=\"http:\/\/www.montesa.fr\/\">Repsol-Montesa-HRC<\/a>), <a href=\"http:\/\/www.adamraga.com\/\">Adam Raga<\/a> (<a href=\"http:\/\/www.gasgasmotos.es\/esp\/frame.htm\">Gaz Gaz<\/a>), le champion d\u00e9chu, ne pouvait plus que se battre pour une place de dauphin que lui convoitait \u00e2prement <a href=\"http:\/\/www.leblogmoto.com\/2007\/02\/trial_en_salle__3.html#more\">Albert Cabestany<\/a> et sa moto fran\u00e7aise, la <a href=\"http:\/\/www.sherco-moto.com\/\">Sherco <\/a>produite \u00e0 N\u00eemes.<\/p>\n<p> En remportant haut la main le Trial de Madrid, <a href=\"http:\/\/www.adamraga.com\/\">Adam Raga<\/a> sauve l\u2019honneur en arrachant la seconde place du Championnat Mondial en Salle, histoire de rappeler que le Mondial Outdoor n\u2019a pas encore commenc\u00e9.<br \/> Par un dernier sursaut, le pilote <a href=\"http:\/\/www.gasgasmotos.es\/esp\/frame.htm\">Gaz-Gaz<\/a> remporte donc sa seconde victoire de la saison, devant le nouveau ma\u00eetre Mondial <a href=\"http:\/\/www.tonibou.com\/\">Toni Bou<\/a> et son concurrent direct <a href=\"http:\/\/www.albertcabestany.com\/\">Albert Cabestany<\/a> qui termine 4\u00e8me. <a href=\"http:\/\/www.dougielampkin.co.uk\/\">Dougie Lampkin<\/a> (<a href=\"http:\/\/www.montesa.fr\/\">Montesa<\/a>) le \u00ab doyen \u00bb Britannique et quintuple champion plan\u00e9taire termine Madrid sur une troisi\u00e8me place qui rel\u00e8ve le faible niveau de ses prestations 2007. <\/p>\n<p><a href=\"http:\/\/clabedan.typepad.com\/.shared\/image.html?\/photos\/uncategorized\/2007\/03\/18\/raga_mahon.jpg\"><img loading=\"lazy\" decoding=\"async\" width=\"250\" height=\"156\"  alt=\"Raga_mahon\" src=\"http:\/\/www.leblogmoto.com\/images\/2007\/03\/18\/raga_mahon.jpg\" style=\"margin: 0px 5px 5px 0px;float: left\" \/><\/a> A Madrid pourtant <a href=\"http:\/\/www.tonibou.com\/\">Toni Bou<\/a> n\u2019a pas rel\u00e2ch\u00e9 sa pression sur <a href=\"http:\/\/www.adamraga.com\/\">Raga<\/a> mais il n\u2019est pas parvenu a contrer son ex challenger qui se devait de faire \u00ab Cameronne \u00bb sur ses terres. Un revers qui n\u2019a&nbsp; pas assombri le triomphe de <a href=\"http:\/\/www.tonibou.com\/\">Toni Bou<\/a> qui en fin de soir\u00e9e s\u2019est vu remettre le titre tant convoit\u00e9 de Champion du Monde.<\/p>\n<p>A suivre&#8230;<\/p>\n","protected":false},"excerpt":{"rendered":"<p>Hier soir le Palais des Sports de Madrid accueillait l\u2019ultime \u00e9tape du Championnat du Monde de Trial Indoor 2007. Comme de coutume la salle \u00e9tait comble et le public survolt\u00e9 comptait quelques \u00ab guest stars \u00bb du sport moto soutenues par Repsol. Ainsi, le champion en titre du MotoGP 2006 Nicky Hayden, son co\u00e9quipier Dani [&hellip;]<\/p>\n","protected":false},"author":333,"featured_media":0,"comment_status":"open","ping_status":"open","sticky":false,"template":"","format":"standard","meta":{"footnotes":""},"categories":[32],"tags":[],"class_list":["post-1474","post","type-post","status-publish","format-standard","hentry","category-sport-moto"],"yoast_head":"<!-- This site is optimized with the Yoast SEO plugin v26.0 - https:\/\/yoast.com\/wordpress\/plugins\/seo\/ -->\n<title>Trial Indoor : Raga sauve l\u2019honneur \u00e0 Madrid - leblogmoto.com<\/title>\n<meta name=\"robots\" content=\"index, follow, max-snippet:-1, max-image-preview:large, max-video-preview:-1\" \/>\n<link rel=\"canonical\" href=\"https:\/\/blogs.thesocialmedia.com\/leblogmoto\/2007\/03\/18\/trial-indoor-ra\/\" \/>\n<meta name=\"twitter:card\" content=\"summary_large_image\" \/>\n<meta name=\"twitter:title\" content=\"Trial Indoor : Raga sauve l\u2019honneur \u00e0 Madrid - leblogmoto.com\" \/>\n<meta name=\"twitter:description\" content=\"Hier soir le Palais des Sports de Madrid accueillait l\u2019ultime \u00e9tape du Championnat du Monde de Trial Indoor 2007. Comme de coutume la salle \u00e9tait comble et le public survolt\u00e9 comptait quelques \u00ab guest stars \u00bb du sport moto soutenues par Repsol. Ainsi, le champion en titre du MotoGP 2006 Nicky Hayden, son co\u00e9quipier Dani [&hellip;]\" \/>\n<meta name=\"twitter:image\" content=\"http:\/\/www.leblogmoto.com\/images\/2007\/03\/18\/raga_madrid_2007.jpg\" \/>\n<meta name=\"twitter:label1\" content=\"\u00c9crit par\" \/>\n\t<meta name=\"twitter:data1\" content=\"christian tirat\" \/>\n\t<meta name=\"twitter:label2\" content=\"Dur\u00e9e de lecture estim\u00e9e\" \/>\n\t<meta name=\"twitter:data2\" content=\"1 minute\" \/>\n<script type=\"application\/ld+json\" class=\"yoast-schema-graph\">{\"@context\":\"https:\/\/schema.org\",\"@graph\":[{\"@type\":\"WebPage\",\"@id\":\"https:\/\/blogs.thesocialmedia.com\/leblogmoto\/2007\/03\/18\/trial-indoor-ra\/\",\"url\":\"https:\/\/blogs.thesocialmedia.com\/leblogmoto\/2007\/03\/18\/trial-indoor-ra\/\",\"name\":\"Trial Indoor : Raga sauve l\u2019honneur \u00e0 Madrid - leblogmoto.com\",\"isPartOf\":{\"@id\":\"https:\/\/blogs.thesocialmedia.com\/leblogmoto\/#website\"},\"primaryImageOfPage\":{\"@id\":\"https:\/\/blogs.thesocialmedia.com\/leblogmoto\/2007\/03\/18\/trial-indoor-ra\/#primaryimage\"},\"image\":{\"@id\":\"https:\/\/blogs.thesocialmedia.com\/leblogmoto\/2007\/03\/18\/trial-indoor-ra\/#primaryimage\"},\"thumbnailUrl\":\"http:\/\/www.leblogmoto.com\/images\/2007\/03\/18\/raga_madrid_2007.jpg\",\"datePublished\":\"2007-03-18T14:44:01+00:00\",\"dateModified\":\"2012-07-11T14:35:42+00:00\",\"author\":{\"@id\":\"https:\/\/blogs.thesocialmedia.com\/leblogmoto\/#\/schema\/person\/90b2f8fd0d5a2cede2580e95fc79c6c0\"},\"breadcrumb\":{\"@id\":\"https:\/\/blogs.thesocialmedia.com\/leblogmoto\/2007\/03\/18\/trial-indoor-ra\/#breadcrumb\"},\"inLanguage\":\"fr-FR\",\"potentialAction\":[{\"@type\":\"ReadAction\",\"target\":[\"https:\/\/blogs.thesocialmedia.com\/leblogmoto\/2007\/03\/18\/trial-indoor-ra\/\"]}]},{\"@type\":\"ImageObject\",\"inLanguage\":\"fr-FR\",\"@id\":\"https:\/\/blogs.thesocialmedia.com\/leblogmoto\/2007\/03\/18\/trial-indoor-ra\/#primaryimage\",\"url\":\"http:\/\/www.leblogmoto.com\/images\/2007\/03\/18\/raga_madrid_2007.jpg\",\"contentUrl\":\"http:\/\/www.leblogmoto.com\/images\/2007\/03\/18\/raga_madrid_2007.jpg\"},{\"@type\":\"BreadcrumbList\",\"@id\":\"https:\/\/blogs.thesocialmedia.com\/leblogmoto\/2007\/03\/18\/trial-indoor-ra\/#breadcrumb\",\"itemListElement\":[{\"@type\":\"ListItem\",\"position\":1,\"name\":\"Accueil\",\"item\":\"https:\/\/blogs.thesocialmedia.com\/leblogmoto\/\"},{\"@type\":\"ListItem\",\"position\":2,\"name\":\"Trial Indoor : Raga sauve l\u2019honneur \u00e0 Madrid\"}]},{\"@type\":\"WebSite\",\"@id\":\"https:\/\/blogs.thesocialmedia.com\/leblogmoto\/#website\",\"url\":\"https:\/\/blogs.thesocialmedia.com\/leblogmoto\/\",\"name\":\"leblogmoto\",\"description\":\"Toute l&#039;actualit\u00e9 des 2 roues\",\"potentialAction\":[{\"@type\":\"SearchAction\",\"target\":{\"@type\":\"EntryPoint\",\"urlTemplate\":\"https:\/\/blogs.thesocialmedia.com\/leblogmoto\/?s={search_term_string}\"},\"query-input\":{\"@type\":\"PropertyValueSpecification\",\"valueRequired\":true,\"valueName\":\"search_term_string\"}}],\"inLanguage\":\"fr-FR\"},{\"@type\":\"Person\",\"@id\":\"https:\/\/blogs.thesocialmedia.com\/leblogmoto\/#\/schema\/person\/90b2f8fd0d5a2cede2580e95fc79c6c0\",\"name\":\"christian tirat\",\"image\":{\"@type\":\"ImageObject\",\"inLanguage\":\"fr-FR\",\"@id\":\"https:\/\/blogs.thesocialmedia.com\/leblogmoto\/#\/schema\/person\/image\/\",\"url\":\"https:\/\/secure.gravatar.com\/avatar\/?s=96&d=mm&r=g\",\"contentUrl\":\"https:\/\/secure.gravatar.com\/avatar\/?s=96&d=mm&r=g\",\"caption\":\"christian tirat\"},\"url\":\"https:\/\/blogs.thesocialmedia.com\/leblogmoto\/author\/christian-tirat\/\"}]}<\/script>\n<!-- \/ Yoast SEO plugin. -->","yoast_head_json":{"title":"Trial Indoor : Raga sauve l\u2019honneur \u00e0 Madrid - leblogmoto.com","robots":{"index":"index","follow":"follow","max-snippet":"max-snippet:-1","max-image-preview":"max-image-preview:large","max-video-preview":"max-video-preview:-1"},"canonical":"https:\/\/blogs.thesocialmedia.com\/leblogmoto\/2007\/03\/18\/trial-indoor-ra\/","twitter_card":"summary_large_image","twitter_title":"Trial Indoor : Raga sauve l\u2019honneur \u00e0 Madrid - leblogmoto.com","twitter_description":"Hier soir le Palais des Sports de Madrid accueillait l\u2019ultime \u00e9tape du Championnat du Monde de Trial Indoor 2007. Comme de coutume la salle \u00e9tait comble et le public survolt\u00e9 comptait quelques \u00ab guest stars \u00bb du sport moto soutenues par Repsol. Ainsi, le champion en titre du MotoGP 2006 Nicky Hayden, son co\u00e9quipier Dani [&hellip;]","twitter_image":"http:\/\/www.leblogmoto.com\/images\/2007\/03\/18\/raga_madrid_2007.jpg","twitter_misc":{"\u00c9crit par":"christian tirat","Dur\u00e9e de lecture estim\u00e9e":"1 minute"},"schema":{"@context":"https:\/\/schema.org","@graph":[{"@type":"WebPage","@id":"https:\/\/blogs.thesocialmedia.com\/leblogmoto\/2007\/03\/18\/trial-indoor-ra\/","url":"https:\/\/blogs.thesocialmedia.com\/leblogmoto\/2007\/03\/18\/trial-indoor-ra\/","name":"Trial Indoor : Raga sauve l\u2019honneur \u00e0 Madrid - leblogmoto.com","isPartOf":{"@id":"https:\/\/blogs.thesocialmedia.com\/leblogmoto\/#website"},"primaryImageOfPage":{"@id":"https:\/\/blogs.thesocialmedia.com\/leblogmoto\/2007\/03\/18\/trial-indoor-ra\/#primaryimage"},"image":{"@id":"https:\/\/blogs.thesocialmedia.com\/leblogmoto\/2007\/03\/18\/trial-indoor-ra\/#primaryimage"},"thumbnailUrl":"http:\/\/www.leblogmoto.com\/images\/2007\/03\/18\/raga_madrid_2007.jpg","datePublished":"2007-03-18T14:44:01+00:00","dateModified":"2012-07-11T14:35:42+00:00","author":{"@id":"https:\/\/blogs.thesocialmedia.com\/leblogmoto\/#\/schema\/person\/90b2f8fd0d5a2cede2580e95fc79c6c0"},"breadcrumb":{"@id":"https:\/\/blogs.thesocialmedia.com\/leblogmoto\/2007\/03\/18\/trial-indoor-ra\/#breadcrumb"},"inLanguage":"fr-FR","potentialAction":[{"@type":"ReadAction","target":["https:\/\/blogs.thesocialmedia.com\/leblogmoto\/2007\/03\/18\/trial-indoor-ra\/"]}]},{"@type":"ImageObject","inLanguage":"fr-FR","@id":"https:\/\/blogs.thesocialmedia.com\/leblogmoto\/2007\/03\/18\/trial-indoor-ra\/#primaryimage","url":"http:\/\/www.leblogmoto.com\/images\/2007\/03\/18\/raga_madrid_2007.jpg","contentUrl":"http:\/\/www.leblogmoto.com\/images\/2007\/03\/18\/raga_madrid_2007.jpg"},{"@type":"BreadcrumbList","@id":"https:\/\/blogs.thesocialmedia.com\/leblogmoto\/2007\/03\/18\/trial-indoor-ra\/#breadcrumb","itemListElement":[{"@type":"ListItem","position":1,"name":"Accueil","item":"https:\/\/blogs.thesocialmedia.com\/leblogmoto\/"},{"@type":"ListItem","position":2,"name":"Trial Indoor : Raga sauve l\u2019honneur \u00e0 Madrid"}]},{"@type":"WebSite","@id":"https:\/\/blogs.thesocialmedia.com\/leblogmoto\/#website","url":"https:\/\/blogs.thesocialmedia.com\/leblogmoto\/","name":"leblogmoto","description":"Toute l&#039;actualit\u00e9 des 2 roues","potentialAction":[{"@type":"SearchAction","target":{"@type":"EntryPoint","urlTemplate":"https:\/\/blogs.thesocialmedia.com\/leblogmoto\/?s={search_term_string}"},"query-input":{"@type":"PropertyValueSpecification","valueRequired":true,"valueName":"search_term_string"}}],"inLanguage":"fr-FR"},{"@type":"Person","@id":"https:\/\/blogs.thesocialmedia.com\/leblogmoto\/#\/schema\/person\/90b2f8fd0d5a2cede2580e95fc79c6c0","name":"christian tirat","image":{"@type":"ImageObject","inLanguage":"fr-FR","@id":"https:\/\/blogs.thesocialmedia.com\/leblogmoto\/#\/schema\/person\/image\/","url":"https:\/\/secure.gravatar.com\/avatar\/?s=96&d=mm&r=g","contentUrl":"https:\/\/secure.gravatar.com\/avatar\/?s=96&d=mm&r=g","caption":"christian tirat"},"url":"https:\/\/blogs.thesocialmedia.com\/leblogmoto\/author\/christian-tirat\/"}]}},"_links":{"self":[{"href":"https:\/\/blogs.thesocialmedia.com\/leblogmoto\/wp-json\/wp\/v2\/posts\/1474","targetHints":{"allow":["GET"]}}],"collection":[{"href":"https:\/\/blogs.thesocialmedia.com\/leblogmoto\/wp-json\/wp\/v2\/posts"}],"about":[{"href":"https:\/\/blogs.thesocialmedia.com\/leblogmoto\/wp-json\/wp\/v2\/types\/post"}],"author":[{"embeddable":true,"href":"https:\/\/blogs.thesocialmedia.com\/leblogmoto\/wp-json\/wp\/v2\/users\/333"}],"replies":[{"embeddable":true,"href":"https:\/\/blogs.thesocialmedia.com\/leblogmoto\/wp-json\/wp\/v2\/comments?post=1474"}],"version-history":[{"count":2,"href":"https:\/\/blogs.thesocialmedia.com\/leblogmoto\/wp-json\/wp\/v2\/posts\/1474\/revisions"}],"predecessor-version":[{"id":8204,"href":"https:\/\/blogs.thesocialmedia.com\/leblogmoto\/wp-json\/wp\/v2\/posts\/1474\/revisions\/8204"}],"wp:attachment":[{"href":"https:\/\/blogs.thesocialmedia.com\/leblogmoto\/wp-json\/wp\/v2\/media?parent=1474"}],"wp:term":[{"taxonomy":"category","embeddable":true,"href":"https:\/\/blogs.thesocialmedia.com\/leblogmoto\/wp-json\/wp\/v2\/categories?post=1474"},{"taxonomy":"post_tag","embeddable":true,"href":"https:\/\/blogs.thesocialmedia.com\/leblogmoto\/wp-json\/wp\/v2\/tags?post=1474"}],"curies":[{"name":"wp","href":"https:\/\/api.w.org\/{rel}","templated":true}]}}