{"id":1477,"date":"2007-03-17T11:03:57","date_gmt":"2007-03-17T11:03:57","guid":{"rendered":"http:\/\/blogs.thesocialmedia.com\/leblogmoto\/2007\/03\/17\/restitution-des\/"},"modified":"2012-07-11T14:35:28","modified_gmt":"2012-07-11T14:35:28","slug":"restitution-des","status":"publish","type":"post","link":"https:\/\/blogs.thesocialmedia.com\/leblogmoto\/2007\/03\/17\/restitution-des\/","title":{"rendered":"Restitution des locaux de Voxan"},"content":{"rendered":"<p><a href=\"http:\/\/blogs.thesocialmedia.com\/leblogmoto\/files\/2012\/07\/logo_voxan_basse_df.gif\"><img loading=\"lazy\" decoding=\"async\" height=\"73\" alt=\"Logo_voxan_basse_df\" src=\"http:\/\/www.leblogmoto.com\/images\/2007\/03\/17\/logo_voxan_basse_df.gif\" width=\"250\"  \/><\/a>&nbsp; C&rsquo;est dans le <a href=\"http:\/\/www.puydedome.com\/\">Puy-de-D\u00f4me<\/a> \u00e0 Issoire que <a href=\"www.voxan.com\">Voxan<\/a> avait \u00e9tablit son usine de production de motos de grosses cylindr\u00e9es fran\u00e7aises.<br \/>C&rsquo;est en 1995 que cette entreprise a \u00e9t\u00e9 cr\u00e9\u00e9e et elle a souvent connu les d\u00e9boires.<\/p>\n<p>Mais d&rsquo;apr\u00e8s la <a href=\"www.lagazettedescommunes.com\">Gazette des Communes<\/a>, cette entreprise connait encore quelques difficult\u00e9s, c&rsquo;est donc pour cela que le conseil municipal d&rsquo;Issoire a d\u00e9cid\u00e9 &quot;<em>\u00e0 l\u2019unanimit\u00e9, de d\u00e9cider de suspendre toute aide publique \u00e0 l\u2019entreprise <a href=\"http:\/\/fr.wikipedia.org\/wiki\/Voxan\">Voxan<\/a>&quot;.<\/em> Rappelons qu&rsquo;en 2001, <a href=\"http:\/\/www.voxan.com\/voxan\/\">Voxan<\/a> \u00e9tait en redressement judiciaire et que c&rsquo;est Didier Cazeaux qui en a repris la t\u00eate. Seulement les ventes ne d\u00e9colent pas, 108 ventes l&rsquo;an dernier, 287 en 2005, 299 en 2004, 126 en 2003, pas de quoi redresser l&rsquo;entreprise. Cette ann\u00e9e, l&rsquo;objectif serait de vendre 400 motos, esp\u00e9rons qu&rsquo;ils arrivent \u00e0 l&rsquo;atteindre&#8230;<br \/>Toujours d&rsquo;apr\u00e8s la <a href=\"www.lagazettedescommunes.com\">Gazette des Communes<\/a>, il y a des rumeurs comme quoi des chinois voudraient reprendre l&rsquo;entreprise, je ne sais pas pour vous chers lecteurs du Blog Moto mais moi \u00e7a me fait mal au coeur de lire \u00e7a&#8230;<\/p>\n<p>Source : <a href=\"http:\/\/www.lagazettedescommunes.com\/\">www.lagazettedescommunes.com<\/a><\/p>\n","protected":false},"excerpt":{"rendered":"<p>&nbsp; C&rsquo;est dans le Puy-de-D\u00f4me \u00e0 Issoire que Voxan avait \u00e9tablit son usine de production de motos de grosses cylindr\u00e9es fran\u00e7aises.C&rsquo;est en 1995 que cette entreprise a \u00e9t\u00e9 cr\u00e9\u00e9e et elle a souvent connu les d\u00e9boires. Mais d&rsquo;apr\u00e8s la Gazette des Communes, cette entreprise connait encore quelques difficult\u00e9s, c&rsquo;est donc pour cela que le conseil [&hellip;]<\/p>\n","protected":false},"author":329,"featured_media":0,"comment_status":"open","ping_status":"open","sticky":false,"template":"","format":"standard","meta":{"footnotes":""},"categories":[3,49],"tags":[],"class_list":["post-1477","post","type-post","status-publish","format-standard","hentry","category-actualite","category-actualites-entreprise"],"yoast_head":"<!-- This site is optimized with the Yoast SEO plugin v26.0 - https:\/\/yoast.com\/wordpress\/plugins\/seo\/ -->\n<title>Restitution des locaux de Voxan - leblogmoto.com<\/title>\n<meta name=\"robots\" content=\"index, follow, max-snippet:-1, max-image-preview:large, max-video-preview:-1\" \/>\n<link rel=\"canonical\" href=\"https:\/\/blogs.thesocialmedia.com\/leblogmoto\/2007\/03\/17\/restitution-des\/\" \/>\n<meta name=\"twitter:card\" content=\"summary_large_image\" \/>\n<meta name=\"twitter:title\" content=\"Restitution des locaux de Voxan - leblogmoto.com\" \/>\n<meta name=\"twitter:description\" content=\"&nbsp; C&rsquo;est dans le Puy-de-D\u00f4me \u00e0 Issoire que Voxan avait \u00e9tablit son usine de production de motos de grosses cylindr\u00e9es fran\u00e7aises.C&rsquo;est en 1995 que cette entreprise a \u00e9t\u00e9 cr\u00e9\u00e9e et elle a souvent connu les d\u00e9boires. Mais d&rsquo;apr\u00e8s la Gazette des Communes, cette entreprise connait encore quelques difficult\u00e9s, c&rsquo;est donc pour cela que le conseil [&hellip;]\" \/>\n<meta name=\"twitter:image\" content=\"http:\/\/www.leblogmoto.com\/images\/2007\/03\/17\/logo_voxan_basse_df.gif\" \/>\n<meta name=\"twitter:label1\" content=\"\u00c9crit par\" \/>\n\t<meta name=\"twitter:data1\" content=\"gregory boucaud\" \/>\n\t<meta name=\"twitter:label2\" content=\"Dur\u00e9e de lecture estim\u00e9e\" \/>\n\t<meta name=\"twitter:data2\" content=\"1 minute\" \/>\n<script type=\"application\/ld+json\" class=\"yoast-schema-graph\">{\"@context\":\"https:\/\/schema.org\",\"@graph\":[{\"@type\":\"WebPage\",\"@id\":\"https:\/\/blogs.thesocialmedia.com\/leblogmoto\/2007\/03\/17\/restitution-des\/\",\"url\":\"https:\/\/blogs.thesocialmedia.com\/leblogmoto\/2007\/03\/17\/restitution-des\/\",\"name\":\"Restitution des locaux de Voxan - leblogmoto.com\",\"isPartOf\":{\"@id\":\"https:\/\/blogs.thesocialmedia.com\/leblogmoto\/#website\"},\"primaryImageOfPage\":{\"@id\":\"https:\/\/blogs.thesocialmedia.com\/leblogmoto\/2007\/03\/17\/restitution-des\/#primaryimage\"},\"image\":{\"@id\":\"https:\/\/blogs.thesocialmedia.com\/leblogmoto\/2007\/03\/17\/restitution-des\/#primaryimage\"},\"thumbnailUrl\":\"http:\/\/www.leblogmoto.com\/images\/2007\/03\/17\/logo_voxan_basse_df.gif\",\"datePublished\":\"2007-03-17T11:03:57+00:00\",\"dateModified\":\"2012-07-11T14:35:28+00:00\",\"author\":{\"@id\":\"https:\/\/blogs.thesocialmedia.com\/leblogmoto\/#\/schema\/person\/769623f89741cc3381675029a37764f8\"},\"breadcrumb\":{\"@id\":\"https:\/\/blogs.thesocialmedia.com\/leblogmoto\/2007\/03\/17\/restitution-des\/#breadcrumb\"},\"inLanguage\":\"fr-FR\",\"potentialAction\":[{\"@type\":\"ReadAction\",\"target\":[\"https:\/\/blogs.thesocialmedia.com\/leblogmoto\/2007\/03\/17\/restitution-des\/\"]}]},{\"@type\":\"ImageObject\",\"inLanguage\":\"fr-FR\",\"@id\":\"https:\/\/blogs.thesocialmedia.com\/leblogmoto\/2007\/03\/17\/restitution-des\/#primaryimage\",\"url\":\"http:\/\/www.leblogmoto.com\/images\/2007\/03\/17\/logo_voxan_basse_df.gif\",\"contentUrl\":\"http:\/\/www.leblogmoto.com\/images\/2007\/03\/17\/logo_voxan_basse_df.gif\"},{\"@type\":\"BreadcrumbList\",\"@id\":\"https:\/\/blogs.thesocialmedia.com\/leblogmoto\/2007\/03\/17\/restitution-des\/#breadcrumb\",\"itemListElement\":[{\"@type\":\"ListItem\",\"position\":1,\"name\":\"Accueil\",\"item\":\"https:\/\/blogs.thesocialmedia.com\/leblogmoto\/\"},{\"@type\":\"ListItem\",\"position\":2,\"name\":\"Restitution des locaux de Voxan\"}]},{\"@type\":\"WebSite\",\"@id\":\"https:\/\/blogs.thesocialmedia.com\/leblogmoto\/#website\",\"url\":\"https:\/\/blogs.thesocialmedia.com\/leblogmoto\/\",\"name\":\"leblogmoto\",\"description\":\"Toute l&#039;actualit\u00e9 des 2 roues\",\"potentialAction\":[{\"@type\":\"SearchAction\",\"target\":{\"@type\":\"EntryPoint\",\"urlTemplate\":\"https:\/\/blogs.thesocialmedia.com\/leblogmoto\/?s={search_term_string}\"},\"query-input\":{\"@type\":\"PropertyValueSpecification\",\"valueRequired\":true,\"valueName\":\"search_term_string\"}}],\"inLanguage\":\"fr-FR\"},{\"@type\":\"Person\",\"@id\":\"https:\/\/blogs.thesocialmedia.com\/leblogmoto\/#\/schema\/person\/769623f89741cc3381675029a37764f8\",\"name\":\"gregory boucaud\",\"image\":{\"@type\":\"ImageObject\",\"inLanguage\":\"fr-FR\",\"@id\":\"https:\/\/blogs.thesocialmedia.com\/leblogmoto\/#\/schema\/person\/image\/\",\"url\":\"https:\/\/secure.gravatar.com\/avatar\/?s=96&d=mm&r=g\",\"contentUrl\":\"https:\/\/secure.gravatar.com\/avatar\/?s=96&d=mm&r=g\",\"caption\":\"gregory boucaud\"},\"url\":\"https:\/\/blogs.thesocialmedia.com\/leblogmoto\/author\/gregory-boucaud\/\"}]}<\/script>\n<!-- \/ Yoast SEO plugin. -->","yoast_head_json":{"title":"Restitution des locaux de Voxan - leblogmoto.com","robots":{"index":"index","follow":"follow","max-snippet":"max-snippet:-1","max-image-preview":"max-image-preview:large","max-video-preview":"max-video-preview:-1"},"canonical":"https:\/\/blogs.thesocialmedia.com\/leblogmoto\/2007\/03\/17\/restitution-des\/","twitter_card":"summary_large_image","twitter_title":"Restitution des locaux de Voxan - leblogmoto.com","twitter_description":"&nbsp; C&rsquo;est dans le Puy-de-D\u00f4me \u00e0 Issoire que Voxan avait \u00e9tablit son usine de production de motos de grosses cylindr\u00e9es fran\u00e7aises.C&rsquo;est en 1995 que cette entreprise a \u00e9t\u00e9 cr\u00e9\u00e9e et elle a souvent connu les d\u00e9boires. Mais d&rsquo;apr\u00e8s la Gazette des Communes, cette entreprise connait encore quelques difficult\u00e9s, c&rsquo;est donc pour cela que le conseil [&hellip;]","twitter_image":"http:\/\/www.leblogmoto.com\/images\/2007\/03\/17\/logo_voxan_basse_df.gif","twitter_misc":{"\u00c9crit par":"gregory boucaud","Dur\u00e9e de lecture estim\u00e9e":"1 minute"},"schema":{"@context":"https:\/\/schema.org","@graph":[{"@type":"WebPage","@id":"https:\/\/blogs.thesocialmedia.com\/leblogmoto\/2007\/03\/17\/restitution-des\/","url":"https:\/\/blogs.thesocialmedia.com\/leblogmoto\/2007\/03\/17\/restitution-des\/","name":"Restitution des locaux de Voxan - leblogmoto.com","isPartOf":{"@id":"https:\/\/blogs.thesocialmedia.com\/leblogmoto\/#website"},"primaryImageOfPage":{"@id":"https:\/\/blogs.thesocialmedia.com\/leblogmoto\/2007\/03\/17\/restitution-des\/#primaryimage"},"image":{"@id":"https:\/\/blogs.thesocialmedia.com\/leblogmoto\/2007\/03\/17\/restitution-des\/#primaryimage"},"thumbnailUrl":"http:\/\/www.leblogmoto.com\/images\/2007\/03\/17\/logo_voxan_basse_df.gif","datePublished":"2007-03-17T11:03:57+00:00","dateModified":"2012-07-11T14:35:28+00:00","author":{"@id":"https:\/\/blogs.thesocialmedia.com\/leblogmoto\/#\/schema\/person\/769623f89741cc3381675029a37764f8"},"breadcrumb":{"@id":"https:\/\/blogs.thesocialmedia.com\/leblogmoto\/2007\/03\/17\/restitution-des\/#breadcrumb"},"inLanguage":"fr-FR","potentialAction":[{"@type":"ReadAction","target":["https:\/\/blogs.thesocialmedia.com\/leblogmoto\/2007\/03\/17\/restitution-des\/"]}]},{"@type":"ImageObject","inLanguage":"fr-FR","@id":"https:\/\/blogs.thesocialmedia.com\/leblogmoto\/2007\/03\/17\/restitution-des\/#primaryimage","url":"http:\/\/www.leblogmoto.com\/images\/2007\/03\/17\/logo_voxan_basse_df.gif","contentUrl":"http:\/\/www.leblogmoto.com\/images\/2007\/03\/17\/logo_voxan_basse_df.gif"},{"@type":"BreadcrumbList","@id":"https:\/\/blogs.thesocialmedia.com\/leblogmoto\/2007\/03\/17\/restitution-des\/#breadcrumb","itemListElement":[{"@type":"ListItem","position":1,"name":"Accueil","item":"https:\/\/blogs.thesocialmedia.com\/leblogmoto\/"},{"@type":"ListItem","position":2,"name":"Restitution des locaux de Voxan"}]},{"@type":"WebSite","@id":"https:\/\/blogs.thesocialmedia.com\/leblogmoto\/#website","url":"https:\/\/blogs.thesocialmedia.com\/leblogmoto\/","name":"leblogmoto","description":"Toute l&#039;actualit\u00e9 des 2 roues","potentialAction":[{"@type":"SearchAction","target":{"@type":"EntryPoint","urlTemplate":"https:\/\/blogs.thesocialmedia.com\/leblogmoto\/?s={search_term_string}"},"query-input":{"@type":"PropertyValueSpecification","valueRequired":true,"valueName":"search_term_string"}}],"inLanguage":"fr-FR"},{"@type":"Person","@id":"https:\/\/blogs.thesocialmedia.com\/leblogmoto\/#\/schema\/person\/769623f89741cc3381675029a37764f8","name":"gregory boucaud","image":{"@type":"ImageObject","inLanguage":"fr-FR","@id":"https:\/\/blogs.thesocialmedia.com\/leblogmoto\/#\/schema\/person\/image\/","url":"https:\/\/secure.gravatar.com\/avatar\/?s=96&d=mm&r=g","contentUrl":"https:\/\/secure.gravatar.com\/avatar\/?s=96&d=mm&r=g","caption":"gregory boucaud"},"url":"https:\/\/blogs.thesocialmedia.com\/leblogmoto\/author\/gregory-boucaud\/"}]}},"_links":{"self":[{"href":"https:\/\/blogs.thesocialmedia.com\/leblogmoto\/wp-json\/wp\/v2\/posts\/1477","targetHints":{"allow":["GET"]}}],"collection":[{"href":"https:\/\/blogs.thesocialmedia.com\/leblogmoto\/wp-json\/wp\/v2\/posts"}],"about":[{"href":"https:\/\/blogs.thesocialmedia.com\/leblogmoto\/wp-json\/wp\/v2\/types\/post"}],"author":[{"embeddable":true,"href":"https:\/\/blogs.thesocialmedia.com\/leblogmoto\/wp-json\/wp\/v2\/users\/329"}],"replies":[{"embeddable":true,"href":"https:\/\/blogs.thesocialmedia.com\/leblogmoto\/wp-json\/wp\/v2\/comments?post=1477"}],"version-history":[{"count":2,"href":"https:\/\/blogs.thesocialmedia.com\/leblogmoto\/wp-json\/wp\/v2\/posts\/1477\/revisions"}],"predecessor-version":[{"id":8195,"href":"https:\/\/blogs.thesocialmedia.com\/leblogmoto\/wp-json\/wp\/v2\/posts\/1477\/revisions\/8195"}],"wp:attachment":[{"href":"https:\/\/blogs.thesocialmedia.com\/leblogmoto\/wp-json\/wp\/v2\/media?parent=1477"}],"wp:term":[{"taxonomy":"category","embeddable":true,"href":"https:\/\/blogs.thesocialmedia.com\/leblogmoto\/wp-json\/wp\/v2\/categories?post=1477"},{"taxonomy":"post_tag","embeddable":true,"href":"https:\/\/blogs.thesocialmedia.com\/leblogmoto\/wp-json\/wp\/v2\/tags?post=1477"}],"curies":[{"name":"wp","href":"https:\/\/api.w.org\/{rel}","templated":true}]}}