{"id":1478,"date":"2007-03-16T23:12:38","date_gmt":"2007-03-16T23:12:38","guid":{"rendered":"http:\/\/blogs.thesocialmedia.com\/leblogmoto\/2007\/03\/16\/moto-cross-7-an\/"},"modified":"2012-07-11T14:35:28","modified_gmt":"2012-07-11T14:35:28","slug":"moto-cross-7-an","status":"publish","type":"post","link":"https:\/\/blogs.thesocialmedia.com\/leblogmoto\/2007\/03\/16\/moto-cross-7-an\/","title":{"rendered":"Moto Cross: 7 ans et menott\u00e9"},"content":{"rendered":"<p><a href=\"http:\/\/blogs.thesocialmedia.com\/leblogmoto\/files\/2012\/07\/dscn0014_copie.jpg\"><img loading=\"lazy\" decoding=\"async\" width=\"250\" height=\"357\"  alt=\"Dscn0014_copie\" src=\"http:\/\/www.leblogmoto.com\/images\/2007\/03\/16\/dscn0014_copie.jpg\" style=\"margin: 0px 5px 5px 0px;float: left\" \/><\/a> Selon une d\u00e9p\u00eache AP, la police de Baltimore (Maryland USA) a arr\u00eat\u00e9 mardi, menott\u00e9 et embarqu\u00e9 au poste, G\u00e9rard Mungo Junior, sept ans, pour la simple raison qu\u2019il se trouvait \u00e0 l\u2019arr\u00eat sur un trottoir devant chez lui \u2026au guidon d\u2019une moto de cross !<\/p>\n<p>A en croire la m\u00e8re du \u00ab d\u00e9linquant en culottes courtes \u00bb, il aurait \u00e9t\u00e9 ensuite&nbsp; photographi\u00e9 avant de subir l\u2019humiliante s\u00e9ance de relev\u00e9 d\u2019empreintes digitales puis menott\u00e9 \u00e0 un banc.<br \/>&quot;Ils m&rsquo;ont fait peur&quot;, a d\u00e9clar\u00e9 Gerard au &quot;Baltimore Examiner&quot;, avant de s&rsquo;effondrer en larmes, rapporte AP.<\/p>\n<p>Le maire Sheila Dixon a pr\u00e9sent\u00e9 des excuses au nom de sa ville et le commissaire de police Leonard Hamm a admis que l&rsquo;interpellation d&rsquo;un \u00absuspect\u00bb de sept ans n&rsquo;\u00e9tait \u00ab pas coh\u00e9rente avec sa philosophie\u00bb et que la prise d&#8217;empreintes comme la photographie ne faisaient pas partie de la proc\u00e9dure normale pour un incident mineur de ce genre. Il semble que la moto, probablement son bruit, soit \u00e0 l\u2019origine d\u2019un conflit de voisinage. Est-ce suffisant pour en arriver l\u00e0 ? <\/p>\n<p>Selon la m\u00e8re du gar\u00e7onnet, qui a assist\u00e9 \u00e0 l&rsquo;arrestation, un policier aurait saisi son fils par le col pour le faire descendre de la moto. \u00abJe lui ai demand\u00e9 de l\u00e2cher mon petit\u00bb puis elle aurait appel\u00e9 un autre policier mais le ton aurait continu\u00e9 a monter. La moto a \u00e9t\u00e9 confisqu\u00e9e et le gar\u00e7on arr\u00eat\u00e9 avant d\u2019\u00eatre finalement remis \u00e0 ses parents.<\/p>\n<p> La ministre r\u00e9gionale de la Justice Patricia Jessamy, des juges ainsi que des militants des droits civiques affirment que ces arrestations abusives se produisent en g\u00e9n\u00e9ral dans des quartiers pauvres et noirs\u2026<\/p>\n<p> Une pratique excessive du principe de \u00abtol\u00e9rance z\u00e9ro\u00bb qui ne fera pas plaisir \u00e0 la <a href=\"http:\/\/www.leblogmoto.com\/2007\/02\/insolite_vol_en.html#comments\">star montante du MX US<\/a>, l\u2019ange noir <a href=\"mailto:http:\/\/www.leblogmoto.com\/2007\/02\/supercross_us_b.html#more\">\u00ab Bubba \u00bb<\/a>.<\/p>\n","protected":false},"excerpt":{"rendered":"<p>Selon une d\u00e9p\u00eache AP, la police de Baltimore (Maryland USA) a arr\u00eat\u00e9 mardi, menott\u00e9 et embarqu\u00e9 au poste, G\u00e9rard Mungo Junior, sept ans, pour la simple raison qu\u2019il se trouvait \u00e0 l\u2019arr\u00eat sur un trottoir devant chez lui \u2026au guidon d\u2019une moto de cross ! A en croire la m\u00e8re du \u00ab d\u00e9linquant en culottes [&hellip;]<\/p>\n","protected":false},"author":333,"featured_media":0,"comment_status":"open","ping_status":"open","sticky":false,"template":"","format":"standard","meta":{"footnotes":""},"categories":[66],"tags":[],"class_list":["post-1478","post","type-post","status-publish","format-standard","hentry","category-moto-cross"],"yoast_head":"<!-- This site is optimized with the Yoast SEO plugin v26.0 - https:\/\/yoast.com\/wordpress\/plugins\/seo\/ -->\n<title>Moto Cross: 7 ans et menott\u00e9 - leblogmoto.com<\/title>\n<meta name=\"robots\" content=\"index, follow, max-snippet:-1, max-image-preview:large, max-video-preview:-1\" \/>\n<link rel=\"canonical\" href=\"https:\/\/blogs.thesocialmedia.com\/leblogmoto\/2007\/03\/16\/moto-cross-7-an\/\" \/>\n<meta name=\"twitter:card\" content=\"summary_large_image\" \/>\n<meta name=\"twitter:title\" content=\"Moto Cross: 7 ans et menott\u00e9 - leblogmoto.com\" \/>\n<meta name=\"twitter:description\" content=\"Selon une d\u00e9p\u00eache AP, la police de Baltimore (Maryland USA) a arr\u00eat\u00e9 mardi, menott\u00e9 et embarqu\u00e9 au poste, G\u00e9rard Mungo Junior, sept ans, pour la simple raison qu\u2019il se trouvait \u00e0 l\u2019arr\u00eat sur un trottoir devant chez lui \u2026au guidon d\u2019une moto de cross ! A en croire la m\u00e8re du \u00ab d\u00e9linquant en culottes [&hellip;]\" \/>\n<meta name=\"twitter:image\" content=\"http:\/\/www.leblogmoto.com\/images\/2007\/03\/16\/dscn0014_copie.jpg\" \/>\n<meta name=\"twitter:label1\" content=\"\u00c9crit par\" \/>\n\t<meta name=\"twitter:data1\" content=\"christian tirat\" \/>\n\t<meta name=\"twitter:label2\" content=\"Dur\u00e9e de lecture estim\u00e9e\" \/>\n\t<meta name=\"twitter:data2\" content=\"2 minutes\" \/>\n<script type=\"application\/ld+json\" class=\"yoast-schema-graph\">{\"@context\":\"https:\/\/schema.org\",\"@graph\":[{\"@type\":\"WebPage\",\"@id\":\"https:\/\/blogs.thesocialmedia.com\/leblogmoto\/2007\/03\/16\/moto-cross-7-an\/\",\"url\":\"https:\/\/blogs.thesocialmedia.com\/leblogmoto\/2007\/03\/16\/moto-cross-7-an\/\",\"name\":\"Moto Cross: 7 ans et menott\u00e9 - leblogmoto.com\",\"isPartOf\":{\"@id\":\"https:\/\/blogs.thesocialmedia.com\/leblogmoto\/#website\"},\"primaryImageOfPage\":{\"@id\":\"https:\/\/blogs.thesocialmedia.com\/leblogmoto\/2007\/03\/16\/moto-cross-7-an\/#primaryimage\"},\"image\":{\"@id\":\"https:\/\/blogs.thesocialmedia.com\/leblogmoto\/2007\/03\/16\/moto-cross-7-an\/#primaryimage\"},\"thumbnailUrl\":\"http:\/\/www.leblogmoto.com\/images\/2007\/03\/16\/dscn0014_copie.jpg\",\"datePublished\":\"2007-03-16T23:12:38+00:00\",\"dateModified\":\"2012-07-11T14:35:28+00:00\",\"author\":{\"@id\":\"https:\/\/blogs.thesocialmedia.com\/leblogmoto\/#\/schema\/person\/90b2f8fd0d5a2cede2580e95fc79c6c0\"},\"breadcrumb\":{\"@id\":\"https:\/\/blogs.thesocialmedia.com\/leblogmoto\/2007\/03\/16\/moto-cross-7-an\/#breadcrumb\"},\"inLanguage\":\"fr-FR\",\"potentialAction\":[{\"@type\":\"ReadAction\",\"target\":[\"https:\/\/blogs.thesocialmedia.com\/leblogmoto\/2007\/03\/16\/moto-cross-7-an\/\"]}]},{\"@type\":\"ImageObject\",\"inLanguage\":\"fr-FR\",\"@id\":\"https:\/\/blogs.thesocialmedia.com\/leblogmoto\/2007\/03\/16\/moto-cross-7-an\/#primaryimage\",\"url\":\"http:\/\/www.leblogmoto.com\/images\/2007\/03\/16\/dscn0014_copie.jpg\",\"contentUrl\":\"http:\/\/www.leblogmoto.com\/images\/2007\/03\/16\/dscn0014_copie.jpg\"},{\"@type\":\"BreadcrumbList\",\"@id\":\"https:\/\/blogs.thesocialmedia.com\/leblogmoto\/2007\/03\/16\/moto-cross-7-an\/#breadcrumb\",\"itemListElement\":[{\"@type\":\"ListItem\",\"position\":1,\"name\":\"Accueil\",\"item\":\"https:\/\/blogs.thesocialmedia.com\/leblogmoto\/\"},{\"@type\":\"ListItem\",\"position\":2,\"name\":\"Moto Cross: 7 ans et menott\u00e9\"}]},{\"@type\":\"WebSite\",\"@id\":\"https:\/\/blogs.thesocialmedia.com\/leblogmoto\/#website\",\"url\":\"https:\/\/blogs.thesocialmedia.com\/leblogmoto\/\",\"name\":\"leblogmoto\",\"description\":\"Toute l&#039;actualit\u00e9 des 2 roues\",\"potentialAction\":[{\"@type\":\"SearchAction\",\"target\":{\"@type\":\"EntryPoint\",\"urlTemplate\":\"https:\/\/blogs.thesocialmedia.com\/leblogmoto\/?s={search_term_string}\"},\"query-input\":{\"@type\":\"PropertyValueSpecification\",\"valueRequired\":true,\"valueName\":\"search_term_string\"}}],\"inLanguage\":\"fr-FR\"},{\"@type\":\"Person\",\"@id\":\"https:\/\/blogs.thesocialmedia.com\/leblogmoto\/#\/schema\/person\/90b2f8fd0d5a2cede2580e95fc79c6c0\",\"name\":\"christian tirat\",\"image\":{\"@type\":\"ImageObject\",\"inLanguage\":\"fr-FR\",\"@id\":\"https:\/\/blogs.thesocialmedia.com\/leblogmoto\/#\/schema\/person\/image\/\",\"url\":\"https:\/\/secure.gravatar.com\/avatar\/?s=96&d=mm&r=g\",\"contentUrl\":\"https:\/\/secure.gravatar.com\/avatar\/?s=96&d=mm&r=g\",\"caption\":\"christian tirat\"},\"url\":\"https:\/\/blogs.thesocialmedia.com\/leblogmoto\/author\/christian-tirat\/\"}]}<\/script>\n<!-- \/ Yoast SEO plugin. -->","yoast_head_json":{"title":"Moto Cross: 7 ans et menott\u00e9 - leblogmoto.com","robots":{"index":"index","follow":"follow","max-snippet":"max-snippet:-1","max-image-preview":"max-image-preview:large","max-video-preview":"max-video-preview:-1"},"canonical":"https:\/\/blogs.thesocialmedia.com\/leblogmoto\/2007\/03\/16\/moto-cross-7-an\/","twitter_card":"summary_large_image","twitter_title":"Moto Cross: 7 ans et menott\u00e9 - leblogmoto.com","twitter_description":"Selon une d\u00e9p\u00eache AP, la police de Baltimore (Maryland USA) a arr\u00eat\u00e9 mardi, menott\u00e9 et embarqu\u00e9 au poste, G\u00e9rard Mungo Junior, sept ans, pour la simple raison qu\u2019il se trouvait \u00e0 l\u2019arr\u00eat sur un trottoir devant chez lui \u2026au guidon d\u2019une moto de cross ! A en croire la m\u00e8re du \u00ab d\u00e9linquant en culottes [&hellip;]","twitter_image":"http:\/\/www.leblogmoto.com\/images\/2007\/03\/16\/dscn0014_copie.jpg","twitter_misc":{"\u00c9crit par":"christian tirat","Dur\u00e9e de lecture estim\u00e9e":"2 minutes"},"schema":{"@context":"https:\/\/schema.org","@graph":[{"@type":"WebPage","@id":"https:\/\/blogs.thesocialmedia.com\/leblogmoto\/2007\/03\/16\/moto-cross-7-an\/","url":"https:\/\/blogs.thesocialmedia.com\/leblogmoto\/2007\/03\/16\/moto-cross-7-an\/","name":"Moto Cross: 7 ans et menott\u00e9 - leblogmoto.com","isPartOf":{"@id":"https:\/\/blogs.thesocialmedia.com\/leblogmoto\/#website"},"primaryImageOfPage":{"@id":"https:\/\/blogs.thesocialmedia.com\/leblogmoto\/2007\/03\/16\/moto-cross-7-an\/#primaryimage"},"image":{"@id":"https:\/\/blogs.thesocialmedia.com\/leblogmoto\/2007\/03\/16\/moto-cross-7-an\/#primaryimage"},"thumbnailUrl":"http:\/\/www.leblogmoto.com\/images\/2007\/03\/16\/dscn0014_copie.jpg","datePublished":"2007-03-16T23:12:38+00:00","dateModified":"2012-07-11T14:35:28+00:00","author":{"@id":"https:\/\/blogs.thesocialmedia.com\/leblogmoto\/#\/schema\/person\/90b2f8fd0d5a2cede2580e95fc79c6c0"},"breadcrumb":{"@id":"https:\/\/blogs.thesocialmedia.com\/leblogmoto\/2007\/03\/16\/moto-cross-7-an\/#breadcrumb"},"inLanguage":"fr-FR","potentialAction":[{"@type":"ReadAction","target":["https:\/\/blogs.thesocialmedia.com\/leblogmoto\/2007\/03\/16\/moto-cross-7-an\/"]}]},{"@type":"ImageObject","inLanguage":"fr-FR","@id":"https:\/\/blogs.thesocialmedia.com\/leblogmoto\/2007\/03\/16\/moto-cross-7-an\/#primaryimage","url":"http:\/\/www.leblogmoto.com\/images\/2007\/03\/16\/dscn0014_copie.jpg","contentUrl":"http:\/\/www.leblogmoto.com\/images\/2007\/03\/16\/dscn0014_copie.jpg"},{"@type":"BreadcrumbList","@id":"https:\/\/blogs.thesocialmedia.com\/leblogmoto\/2007\/03\/16\/moto-cross-7-an\/#breadcrumb","itemListElement":[{"@type":"ListItem","position":1,"name":"Accueil","item":"https:\/\/blogs.thesocialmedia.com\/leblogmoto\/"},{"@type":"ListItem","position":2,"name":"Moto Cross: 7 ans et menott\u00e9"}]},{"@type":"WebSite","@id":"https:\/\/blogs.thesocialmedia.com\/leblogmoto\/#website","url":"https:\/\/blogs.thesocialmedia.com\/leblogmoto\/","name":"leblogmoto","description":"Toute l&#039;actualit\u00e9 des 2 roues","potentialAction":[{"@type":"SearchAction","target":{"@type":"EntryPoint","urlTemplate":"https:\/\/blogs.thesocialmedia.com\/leblogmoto\/?s={search_term_string}"},"query-input":{"@type":"PropertyValueSpecification","valueRequired":true,"valueName":"search_term_string"}}],"inLanguage":"fr-FR"},{"@type":"Person","@id":"https:\/\/blogs.thesocialmedia.com\/leblogmoto\/#\/schema\/person\/90b2f8fd0d5a2cede2580e95fc79c6c0","name":"christian tirat","image":{"@type":"ImageObject","inLanguage":"fr-FR","@id":"https:\/\/blogs.thesocialmedia.com\/leblogmoto\/#\/schema\/person\/image\/","url":"https:\/\/secure.gravatar.com\/avatar\/?s=96&d=mm&r=g","contentUrl":"https:\/\/secure.gravatar.com\/avatar\/?s=96&d=mm&r=g","caption":"christian tirat"},"url":"https:\/\/blogs.thesocialmedia.com\/leblogmoto\/author\/christian-tirat\/"}]}},"_links":{"self":[{"href":"https:\/\/blogs.thesocialmedia.com\/leblogmoto\/wp-json\/wp\/v2\/posts\/1478","targetHints":{"allow":["GET"]}}],"collection":[{"href":"https:\/\/blogs.thesocialmedia.com\/leblogmoto\/wp-json\/wp\/v2\/posts"}],"about":[{"href":"https:\/\/blogs.thesocialmedia.com\/leblogmoto\/wp-json\/wp\/v2\/types\/post"}],"author":[{"embeddable":true,"href":"https:\/\/blogs.thesocialmedia.com\/leblogmoto\/wp-json\/wp\/v2\/users\/333"}],"replies":[{"embeddable":true,"href":"https:\/\/blogs.thesocialmedia.com\/leblogmoto\/wp-json\/wp\/v2\/comments?post=1478"}],"version-history":[{"count":2,"href":"https:\/\/blogs.thesocialmedia.com\/leblogmoto\/wp-json\/wp\/v2\/posts\/1478\/revisions"}],"predecessor-version":[{"id":8193,"href":"https:\/\/blogs.thesocialmedia.com\/leblogmoto\/wp-json\/wp\/v2\/posts\/1478\/revisions\/8193"}],"wp:attachment":[{"href":"https:\/\/blogs.thesocialmedia.com\/leblogmoto\/wp-json\/wp\/v2\/media?parent=1478"}],"wp:term":[{"taxonomy":"category","embeddable":true,"href":"https:\/\/blogs.thesocialmedia.com\/leblogmoto\/wp-json\/wp\/v2\/categories?post=1478"},{"taxonomy":"post_tag","embeddable":true,"href":"https:\/\/blogs.thesocialmedia.com\/leblogmoto\/wp-json\/wp\/v2\/tags?post=1478"}],"curies":[{"name":"wp","href":"https:\/\/api.w.org\/{rel}","templated":true}]}}