{"id":148,"date":"2009-05-15T00:49:54","date_gmt":"2009-05-15T00:49:54","guid":{"rendered":"http:\/\/blogs.thesocialmedia.com\/leblogmoto\/2009\/05\/15\/valentino-rossi-visite-paris\/"},"modified":"2012-07-11T17:25:36","modified_gmt":"2012-07-11T17:25:36","slug":"valentino-rossi-visite-paris","status":"publish","type":"post","link":"https:\/\/blogs.thesocialmedia.com\/leblogmoto\/2009\/05\/15\/valentino-rossi-visite-paris\/","title":{"rendered":"Valentino Rossi en visite \u00e0 Paris"},"content":{"rendered":"<p><a href=\"http:\/\/blogs.thesocialmedia.com\/leblogmoto\/files\/2012\/07\/6a00d83451b18369e201156f92db10970c-pi.jpg\"><img decoding=\"async\" alt=\"Rossi Eiffel\" class=\"at-xid-6a00d83451b18369e201156f92db10970c \" src=\"http:\/\/blogs.thesocialmedia.com\/leblogmoto\/files\/2012\/07\/6a00d83451b18369e201156f92db10970c-500wi.jpg\"><\/a> <\/p>\n<p>Ce matin Valentino Rossi \u00e9tait convi\u00e9 par un de ses nombreux sponsors, la boisson \u00e9nergisante am\u00e9ricaine <em>Monster Energy<\/em>, \u00e0 effectuer une petite visite de la capitale. Au programme Tour Eiffel, Champs Elys\u00e9es et Arc de Triomphe, le tout sur la nouvelle Yamaha R1, encadr\u00e9 de pr\u00e8s par son arm\u00e9e de pin-up girls et sous la pluie&#8230; <\/p>\n<p><object width=\"425\" height=\"344\"><param name=\"movie\" value=\"http:\/\/www.youtube.com\/v\/2SZWnJNPnns&amp;hl=en&amp;fs=1\"><param name=\"allowFullScreen\" value=\"true\"><param name=\"allowscriptaccess\" value=\"always\"><embed src=\"http:\/\/www.youtube.com\/v\/2SZWnJNPnns&amp;hl=en&amp;fs=1\" type=\"application\/x-shockwave-flash\" width=\"490\" height=\"344\"><\/object><\/p>\n<p>Ce matin m\u00eame la presse italienne \u00e9voquait une nouvelle fois la possibilit\u00e9 pour le docteur de rejoindre Ferrari. En F1, en endurance ? Seul le temps nous l&rsquo;apprendra. <\/p>\n<p>Valentino Rossi, qui avait sign\u00e9 sa 90\u00e8me victoire l&rsquo;ann\u00e9e derni\u00e8re esp\u00e8re que la pluie ne sera pas de la partie dimanche au Mans et qu&rsquo;il remportera sa 99\u00e8me victoire en GP. <\/p>\n<p>Histoire de pouvoir gagner la 100\u00e8me sur sa terre italienne et le circuit du Mugello, prochaine \u00e9tape&#8230;<\/p>\n<p>R\u00e9ponse dimanche apr\u00e8s midi<\/p>\n<p><object width=\"425\" height=\"344\"><param name=\"movie\" value=\"http:\/\/www.youtube.com\/v\/mT-Rlv6ltpk&amp;hl=en&amp;fs=1\"><\/param><param name=\"allowFullScreen\" value=\"true\"><\/param><param name=\"allowscriptaccess\" value=\"always\"><\/param><embed src=\"http:\/\/www.youtube.com\/v\/mT-Rlv6ltpk&amp;hl=en&amp;fs=1\" type=\"application\/x-shockwave-flash\" width=\"499\" height=\"399\"><\/embed><\/object> <\/p>\n","protected":false},"excerpt":{"rendered":"<p>Ce matin Valentino Rossi \u00e9tait convi\u00e9 par un de ses nombreux sponsors, la boisson \u00e9nergisante am\u00e9ricaine Monster Energy, \u00e0 effectuer une petite visite de la capitale. Au programme Tour Eiffel, Champs Elys\u00e9es et Arc de Triomphe, le tout sur la nouvelle Yamaha R1, encadr\u00e9 de pr\u00e8s par son arm\u00e9e de pin-up girls et sous la [&hellip;]<\/p>\n","protected":false},"author":323,"featured_media":13546,"comment_status":"open","ping_status":"open","sticky":false,"template":"","format":"standard","meta":{"footnotes":""},"categories":[3,22,12],"tags":[],"class_list":["post-148","post","type-post","status-publish","format-standard","has-post-thumbnail","hentry","category-actualite","category-motogp","category-videos"],"yoast_head":"<!-- This site is optimized with the Yoast SEO plugin v26.0 - https:\/\/yoast.com\/wordpress\/plugins\/seo\/ -->\n<title>Valentino Rossi en visite \u00e0 Paris - leblogmoto.com<\/title>\n<meta name=\"robots\" content=\"index, follow, max-snippet:-1, max-image-preview:large, max-video-preview:-1\" \/>\n<link rel=\"canonical\" href=\"https:\/\/blogs.thesocialmedia.com\/leblogmoto\/2009\/05\/15\/valentino-rossi-visite-paris\/\" \/>\n<meta name=\"twitter:card\" content=\"summary_large_image\" \/>\n<meta name=\"twitter:title\" content=\"Valentino Rossi en visite \u00e0 Paris - leblogmoto.com\" \/>\n<meta name=\"twitter:description\" content=\"Ce matin Valentino Rossi \u00e9tait convi\u00e9 par un de ses nombreux sponsors, la boisson \u00e9nergisante am\u00e9ricaine Monster Energy, \u00e0 effectuer une petite visite de la capitale. Au programme Tour Eiffel, Champs Elys\u00e9es et Arc de Triomphe, le tout sur la nouvelle Yamaha R1, encadr\u00e9 de pr\u00e8s par son arm\u00e9e de pin-up girls et sous la [&hellip;]\" \/>\n<meta name=\"twitter:image\" content=\"https:\/\/blogs.thesocialmedia.com\/leblogmoto\/files\/2012\/07\/6a00d83451b18369e201156f92db10970c-500wi.jpg\" \/>\n<meta name=\"twitter:label1\" content=\"\u00c9crit par\" \/>\n\t<meta name=\"twitter:data1\" content=\"albin le guyader\" \/>\n\t<meta name=\"twitter:label2\" content=\"Dur\u00e9e de lecture estim\u00e9e\" \/>\n\t<meta name=\"twitter:data2\" content=\"1 minute\" \/>\n<script type=\"application\/ld+json\" class=\"yoast-schema-graph\">{\"@context\":\"https:\/\/schema.org\",\"@graph\":[{\"@type\":\"WebPage\",\"@id\":\"https:\/\/blogs.thesocialmedia.com\/leblogmoto\/2009\/05\/15\/valentino-rossi-visite-paris\/\",\"url\":\"https:\/\/blogs.thesocialmedia.com\/leblogmoto\/2009\/05\/15\/valentino-rossi-visite-paris\/\",\"name\":\"Valentino Rossi en visite \u00e0 Paris - leblogmoto.com\",\"isPartOf\":{\"@id\":\"https:\/\/blogs.thesocialmedia.com\/leblogmoto\/#website\"},\"primaryImageOfPage\":{\"@id\":\"https:\/\/blogs.thesocialmedia.com\/leblogmoto\/2009\/05\/15\/valentino-rossi-visite-paris\/#primaryimage\"},\"image\":{\"@id\":\"https:\/\/blogs.thesocialmedia.com\/leblogmoto\/2009\/05\/15\/valentino-rossi-visite-paris\/#primaryimage\"},\"thumbnailUrl\":\"https:\/\/blogs.thesocialmedia.com\/leblogmoto\/files\/2012\/07\/6a00d83451b18369e201156f92db10970c-500wi.jpg\",\"datePublished\":\"2009-05-15T00:49:54+00:00\",\"dateModified\":\"2012-07-11T17:25:36+00:00\",\"author\":{\"@id\":\"https:\/\/blogs.thesocialmedia.com\/leblogmoto\/#\/schema\/person\/b496d27c898c29a39678e2425cafb9ae\"},\"breadcrumb\":{\"@id\":\"https:\/\/blogs.thesocialmedia.com\/leblogmoto\/2009\/05\/15\/valentino-rossi-visite-paris\/#breadcrumb\"},\"inLanguage\":\"fr-FR\",\"potentialAction\":[{\"@type\":\"ReadAction\",\"target\":[\"https:\/\/blogs.thesocialmedia.com\/leblogmoto\/2009\/05\/15\/valentino-rossi-visite-paris\/\"]}]},{\"@type\":\"ImageObject\",\"inLanguage\":\"fr-FR\",\"@id\":\"https:\/\/blogs.thesocialmedia.com\/leblogmoto\/2009\/05\/15\/valentino-rossi-visite-paris\/#primaryimage\",\"url\":\"https:\/\/blogs.thesocialmedia.com\/leblogmoto\/files\/2012\/07\/6a00d83451b18369e201156f92db10970c-500wi.jpg\",\"contentUrl\":\"https:\/\/blogs.thesocialmedia.com\/leblogmoto\/files\/2012\/07\/6a00d83451b18369e201156f92db10970c-500wi.jpg\",\"width\":\"500\",\"height\":\"358\"},{\"@type\":\"BreadcrumbList\",\"@id\":\"https:\/\/blogs.thesocialmedia.com\/leblogmoto\/2009\/05\/15\/valentino-rossi-visite-paris\/#breadcrumb\",\"itemListElement\":[{\"@type\":\"ListItem\",\"position\":1,\"name\":\"Accueil\",\"item\":\"https:\/\/blogs.thesocialmedia.com\/leblogmoto\/\"},{\"@type\":\"ListItem\",\"position\":2,\"name\":\"Valentino Rossi en visite \u00e0 Paris\"}]},{\"@type\":\"WebSite\",\"@id\":\"https:\/\/blogs.thesocialmedia.com\/leblogmoto\/#website\",\"url\":\"https:\/\/blogs.thesocialmedia.com\/leblogmoto\/\",\"name\":\"leblogmoto\",\"description\":\"Toute l&#039;actualit\u00e9 des 2 roues\",\"potentialAction\":[{\"@type\":\"SearchAction\",\"target\":{\"@type\":\"EntryPoint\",\"urlTemplate\":\"https:\/\/blogs.thesocialmedia.com\/leblogmoto\/?s={search_term_string}\"},\"query-input\":{\"@type\":\"PropertyValueSpecification\",\"valueRequired\":true,\"valueName\":\"search_term_string\"}}],\"inLanguage\":\"fr-FR\"},{\"@type\":\"Person\",\"@id\":\"https:\/\/blogs.thesocialmedia.com\/leblogmoto\/#\/schema\/person\/b496d27c898c29a39678e2425cafb9ae\",\"name\":\"albin le guyader\",\"image\":{\"@type\":\"ImageObject\",\"inLanguage\":\"fr-FR\",\"@id\":\"https:\/\/blogs.thesocialmedia.com\/leblogmoto\/#\/schema\/person\/image\/\",\"url\":\"https:\/\/secure.gravatar.com\/avatar\/?s=96&d=mm&r=g\",\"contentUrl\":\"https:\/\/secure.gravatar.com\/avatar\/?s=96&d=mm&r=g\",\"caption\":\"albin le guyader\"},\"url\":\"https:\/\/blogs.thesocialmedia.com\/leblogmoto\/author\/albin-le-guyader\/\"}]}<\/script>\n<!-- \/ Yoast SEO plugin. -->","yoast_head_json":{"title":"Valentino Rossi en visite \u00e0 Paris - leblogmoto.com","robots":{"index":"index","follow":"follow","max-snippet":"max-snippet:-1","max-image-preview":"max-image-preview:large","max-video-preview":"max-video-preview:-1"},"canonical":"https:\/\/blogs.thesocialmedia.com\/leblogmoto\/2009\/05\/15\/valentino-rossi-visite-paris\/","twitter_card":"summary_large_image","twitter_title":"Valentino Rossi en visite \u00e0 Paris - leblogmoto.com","twitter_description":"Ce matin Valentino Rossi \u00e9tait convi\u00e9 par un de ses nombreux sponsors, la boisson \u00e9nergisante am\u00e9ricaine Monster Energy, \u00e0 effectuer une petite visite de la capitale. Au programme Tour Eiffel, Champs Elys\u00e9es et Arc de Triomphe, le tout sur la nouvelle Yamaha R1, encadr\u00e9 de pr\u00e8s par son arm\u00e9e de pin-up girls et sous la [&hellip;]","twitter_image":"https:\/\/blogs.thesocialmedia.com\/leblogmoto\/files\/2012\/07\/6a00d83451b18369e201156f92db10970c-500wi.jpg","twitter_misc":{"\u00c9crit par":"albin le guyader","Dur\u00e9e de lecture estim\u00e9e":"1 minute"},"schema":{"@context":"https:\/\/schema.org","@graph":[{"@type":"WebPage","@id":"https:\/\/blogs.thesocialmedia.com\/leblogmoto\/2009\/05\/15\/valentino-rossi-visite-paris\/","url":"https:\/\/blogs.thesocialmedia.com\/leblogmoto\/2009\/05\/15\/valentino-rossi-visite-paris\/","name":"Valentino Rossi en visite \u00e0 Paris - leblogmoto.com","isPartOf":{"@id":"https:\/\/blogs.thesocialmedia.com\/leblogmoto\/#website"},"primaryImageOfPage":{"@id":"https:\/\/blogs.thesocialmedia.com\/leblogmoto\/2009\/05\/15\/valentino-rossi-visite-paris\/#primaryimage"},"image":{"@id":"https:\/\/blogs.thesocialmedia.com\/leblogmoto\/2009\/05\/15\/valentino-rossi-visite-paris\/#primaryimage"},"thumbnailUrl":"https:\/\/blogs.thesocialmedia.com\/leblogmoto\/files\/2012\/07\/6a00d83451b18369e201156f92db10970c-500wi.jpg","datePublished":"2009-05-15T00:49:54+00:00","dateModified":"2012-07-11T17:25:36+00:00","author":{"@id":"https:\/\/blogs.thesocialmedia.com\/leblogmoto\/#\/schema\/person\/b496d27c898c29a39678e2425cafb9ae"},"breadcrumb":{"@id":"https:\/\/blogs.thesocialmedia.com\/leblogmoto\/2009\/05\/15\/valentino-rossi-visite-paris\/#breadcrumb"},"inLanguage":"fr-FR","potentialAction":[{"@type":"ReadAction","target":["https:\/\/blogs.thesocialmedia.com\/leblogmoto\/2009\/05\/15\/valentino-rossi-visite-paris\/"]}]},{"@type":"ImageObject","inLanguage":"fr-FR","@id":"https:\/\/blogs.thesocialmedia.com\/leblogmoto\/2009\/05\/15\/valentino-rossi-visite-paris\/#primaryimage","url":"https:\/\/blogs.thesocialmedia.com\/leblogmoto\/files\/2012\/07\/6a00d83451b18369e201156f92db10970c-500wi.jpg","contentUrl":"https:\/\/blogs.thesocialmedia.com\/leblogmoto\/files\/2012\/07\/6a00d83451b18369e201156f92db10970c-500wi.jpg","width":"500","height":"358"},{"@type":"BreadcrumbList","@id":"https:\/\/blogs.thesocialmedia.com\/leblogmoto\/2009\/05\/15\/valentino-rossi-visite-paris\/#breadcrumb","itemListElement":[{"@type":"ListItem","position":1,"name":"Accueil","item":"https:\/\/blogs.thesocialmedia.com\/leblogmoto\/"},{"@type":"ListItem","position":2,"name":"Valentino Rossi en visite \u00e0 Paris"}]},{"@type":"WebSite","@id":"https:\/\/blogs.thesocialmedia.com\/leblogmoto\/#website","url":"https:\/\/blogs.thesocialmedia.com\/leblogmoto\/","name":"leblogmoto","description":"Toute l&#039;actualit\u00e9 des 2 roues","potentialAction":[{"@type":"SearchAction","target":{"@type":"EntryPoint","urlTemplate":"https:\/\/blogs.thesocialmedia.com\/leblogmoto\/?s={search_term_string}"},"query-input":{"@type":"PropertyValueSpecification","valueRequired":true,"valueName":"search_term_string"}}],"inLanguage":"fr-FR"},{"@type":"Person","@id":"https:\/\/blogs.thesocialmedia.com\/leblogmoto\/#\/schema\/person\/b496d27c898c29a39678e2425cafb9ae","name":"albin le guyader","image":{"@type":"ImageObject","inLanguage":"fr-FR","@id":"https:\/\/blogs.thesocialmedia.com\/leblogmoto\/#\/schema\/person\/image\/","url":"https:\/\/secure.gravatar.com\/avatar\/?s=96&d=mm&r=g","contentUrl":"https:\/\/secure.gravatar.com\/avatar\/?s=96&d=mm&r=g","caption":"albin le guyader"},"url":"https:\/\/blogs.thesocialmedia.com\/leblogmoto\/author\/albin-le-guyader\/"}]}},"_links":{"self":[{"href":"https:\/\/blogs.thesocialmedia.com\/leblogmoto\/wp-json\/wp\/v2\/posts\/148","targetHints":{"allow":["GET"]}}],"collection":[{"href":"https:\/\/blogs.thesocialmedia.com\/leblogmoto\/wp-json\/wp\/v2\/posts"}],"about":[{"href":"https:\/\/blogs.thesocialmedia.com\/leblogmoto\/wp-json\/wp\/v2\/types\/post"}],"author":[{"embeddable":true,"href":"https:\/\/blogs.thesocialmedia.com\/leblogmoto\/wp-json\/wp\/v2\/users\/323"}],"replies":[{"embeddable":true,"href":"https:\/\/blogs.thesocialmedia.com\/leblogmoto\/wp-json\/wp\/v2\/comments?post=148"}],"version-history":[{"count":2,"href":"https:\/\/blogs.thesocialmedia.com\/leblogmoto\/wp-json\/wp\/v2\/posts\/148\/revisions"}],"predecessor-version":[{"id":13548,"href":"https:\/\/blogs.thesocialmedia.com\/leblogmoto\/wp-json\/wp\/v2\/posts\/148\/revisions\/13548"}],"wp:featuredmedia":[{"embeddable":true,"href":"https:\/\/blogs.thesocialmedia.com\/leblogmoto\/wp-json\/wp\/v2\/media\/13546"}],"wp:attachment":[{"href":"https:\/\/blogs.thesocialmedia.com\/leblogmoto\/wp-json\/wp\/v2\/media?parent=148"}],"wp:term":[{"taxonomy":"category","embeddable":true,"href":"https:\/\/blogs.thesocialmedia.com\/leblogmoto\/wp-json\/wp\/v2\/categories?post=148"},{"taxonomy":"post_tag","embeddable":true,"href":"https:\/\/blogs.thesocialmedia.com\/leblogmoto\/wp-json\/wp\/v2\/tags?post=148"}],"curies":[{"name":"wp","href":"https:\/\/api.w.org\/{rel}","templated":true}]}}