{"id":1481,"date":"2007-03-15T17:04:39","date_gmt":"2007-03-15T17:04:39","guid":{"rendered":"http:\/\/blogs.thesocialmedia.com\/leblogmoto\/2007\/03\/15\/superduke-exper\/"},"modified":"2012-07-11T14:35:17","modified_gmt":"2012-07-11T14:35:17","slug":"superduke-exper","status":"publish","type":"post","link":"https:\/\/blogs.thesocialmedia.com\/leblogmoto\/2007\/03\/15\/superduke-exper\/","title":{"rendered":"KTM 990 SuperDuke Exp\u00e9rience"},"content":{"rendered":"<p><a href=\"http:\/\/blogs.thesocialmedia.com\/leblogmoto\/files\/2012\/07\/ktmsuperduketitanium0045.jpg\"><img loading=\"lazy\" decoding=\"async\" height=\"144\" alt=\"Ktmsuperduketitanium0045\" src=\"http:\/\/www.leblogmoto.com\/images\/2007\/03\/15\/ktmsuperduketitanium0045.jpg\" width=\"250\"  \/><\/a> Pour ceux qui ne seront pas disponibles pour les Orange Days les 23 et 24 mars 2007, il y aura quatre s\u00e9ances de rattrappage pour essayer la<a href=\"http:\/\/www.990superduke.com\/\"> KTM 990 SuperDuke<\/a>. <br \/>Pendant ces journ\u00e9es, vous serez encadr\u00e9 par <a href=\"http:\/\/www.esprit-racing.com\/pilo\/haq.htm\">Christian<br \/>Haquin<\/a> (roulait sur une 990 SuperDuke au Dark Dog Moto Tour 2005) et Gilles Salvador qui sont des instructeurs professionnels tant sur la piste que sur la route.<\/p>\n<p>Ces quatres journ\u00e9es d&rsquo;essais auront lieu sur les circuits suivants;<\/p>\n<ul>\n<li>le 30 mars 2007 au circuit de Folembray <\/li>\n<li>le 3 avril 2007 au circuit d\u2019Al\u00e8s <\/li>\n<li>le 6 avril 2007 au circuit de La Bresse <\/li>\n<li>le 10 avril 2007 au circuit Carole <\/li>\n<\/ul>\n<p>Pour vous inscrire ou avoir plus d&rsquo;informations sur les conditions, rendez-vous chez votre concessionnaire <a href=\"www.ktm.fr\">KTM.<\/a><\/p>\n<p><a href=\"http:\/\/www.lerepairedesmotards.com\/\">Source<\/a><br \/><a href=\"http:\/\/www.emoto.com\/\">Source photo<\/a><\/p>\n","protected":false},"excerpt":{"rendered":"<p>Pour ceux qui ne seront pas disponibles pour les Orange Days les 23 et 24 mars 2007, il y aura quatre s\u00e9ances de rattrappage pour essayer la KTM 990 SuperDuke. Pendant ces journ\u00e9es, vous serez encadr\u00e9 par ChristianHaquin (roulait sur une 990 SuperDuke au Dark Dog Moto Tour 2005) et Gilles Salvador qui sont des [&hellip;]<\/p>\n","protected":false},"author":329,"featured_media":0,"comment_status":"open","ping_status":"open","sticky":false,"template":"","format":"standard","meta":{"footnotes":""},"categories":[3,39],"tags":[],"class_list":["post-1481","post","type-post","status-publish","format-standard","hentry","category-actualite","category-ktm"],"yoast_head":"<!-- This site is optimized with the Yoast SEO plugin v26.0 - https:\/\/yoast.com\/wordpress\/plugins\/seo\/ -->\n<title>KTM 990 SuperDuke Exp\u00e9rience - leblogmoto.com<\/title>\n<meta name=\"robots\" content=\"index, follow, max-snippet:-1, max-image-preview:large, max-video-preview:-1\" \/>\n<link rel=\"canonical\" href=\"https:\/\/blogs.thesocialmedia.com\/leblogmoto\/2007\/03\/15\/superduke-exper\/\" \/>\n<meta name=\"twitter:card\" content=\"summary_large_image\" \/>\n<meta name=\"twitter:title\" content=\"KTM 990 SuperDuke Exp\u00e9rience - leblogmoto.com\" \/>\n<meta name=\"twitter:description\" content=\"Pour ceux qui ne seront pas disponibles pour les Orange Days les 23 et 24 mars 2007, il y aura quatre s\u00e9ances de rattrappage pour essayer la KTM 990 SuperDuke. Pendant ces journ\u00e9es, vous serez encadr\u00e9 par ChristianHaquin (roulait sur une 990 SuperDuke au Dark Dog Moto Tour 2005) et Gilles Salvador qui sont des [&hellip;]\" \/>\n<meta name=\"twitter:image\" content=\"http:\/\/www.leblogmoto.com\/images\/2007\/03\/15\/ktmsuperduketitanium0045.jpg\" \/>\n<meta name=\"twitter:label1\" content=\"\u00c9crit par\" \/>\n\t<meta name=\"twitter:data1\" content=\"gregory boucaud\" \/>\n\t<meta name=\"twitter:label2\" content=\"Dur\u00e9e de lecture estim\u00e9e\" \/>\n\t<meta name=\"twitter:data2\" content=\"1 minute\" \/>\n<script type=\"application\/ld+json\" class=\"yoast-schema-graph\">{\"@context\":\"https:\/\/schema.org\",\"@graph\":[{\"@type\":\"WebPage\",\"@id\":\"https:\/\/blogs.thesocialmedia.com\/leblogmoto\/2007\/03\/15\/superduke-exper\/\",\"url\":\"https:\/\/blogs.thesocialmedia.com\/leblogmoto\/2007\/03\/15\/superduke-exper\/\",\"name\":\"KTM 990 SuperDuke Exp\u00e9rience - leblogmoto.com\",\"isPartOf\":{\"@id\":\"https:\/\/blogs.thesocialmedia.com\/leblogmoto\/#website\"},\"primaryImageOfPage\":{\"@id\":\"https:\/\/blogs.thesocialmedia.com\/leblogmoto\/2007\/03\/15\/superduke-exper\/#primaryimage\"},\"image\":{\"@id\":\"https:\/\/blogs.thesocialmedia.com\/leblogmoto\/2007\/03\/15\/superduke-exper\/#primaryimage\"},\"thumbnailUrl\":\"http:\/\/www.leblogmoto.com\/images\/2007\/03\/15\/ktmsuperduketitanium0045.jpg\",\"datePublished\":\"2007-03-15T17:04:39+00:00\",\"dateModified\":\"2012-07-11T14:35:17+00:00\",\"author\":{\"@id\":\"https:\/\/blogs.thesocialmedia.com\/leblogmoto\/#\/schema\/person\/769623f89741cc3381675029a37764f8\"},\"breadcrumb\":{\"@id\":\"https:\/\/blogs.thesocialmedia.com\/leblogmoto\/2007\/03\/15\/superduke-exper\/#breadcrumb\"},\"inLanguage\":\"fr-FR\",\"potentialAction\":[{\"@type\":\"ReadAction\",\"target\":[\"https:\/\/blogs.thesocialmedia.com\/leblogmoto\/2007\/03\/15\/superduke-exper\/\"]}]},{\"@type\":\"ImageObject\",\"inLanguage\":\"fr-FR\",\"@id\":\"https:\/\/blogs.thesocialmedia.com\/leblogmoto\/2007\/03\/15\/superduke-exper\/#primaryimage\",\"url\":\"http:\/\/www.leblogmoto.com\/images\/2007\/03\/15\/ktmsuperduketitanium0045.jpg\",\"contentUrl\":\"http:\/\/www.leblogmoto.com\/images\/2007\/03\/15\/ktmsuperduketitanium0045.jpg\"},{\"@type\":\"BreadcrumbList\",\"@id\":\"https:\/\/blogs.thesocialmedia.com\/leblogmoto\/2007\/03\/15\/superduke-exper\/#breadcrumb\",\"itemListElement\":[{\"@type\":\"ListItem\",\"position\":1,\"name\":\"Accueil\",\"item\":\"https:\/\/blogs.thesocialmedia.com\/leblogmoto\/\"},{\"@type\":\"ListItem\",\"position\":2,\"name\":\"KTM 990 SuperDuke Exp\u00e9rience\"}]},{\"@type\":\"WebSite\",\"@id\":\"https:\/\/blogs.thesocialmedia.com\/leblogmoto\/#website\",\"url\":\"https:\/\/blogs.thesocialmedia.com\/leblogmoto\/\",\"name\":\"leblogmoto\",\"description\":\"Toute l&#039;actualit\u00e9 des 2 roues\",\"potentialAction\":[{\"@type\":\"SearchAction\",\"target\":{\"@type\":\"EntryPoint\",\"urlTemplate\":\"https:\/\/blogs.thesocialmedia.com\/leblogmoto\/?s={search_term_string}\"},\"query-input\":{\"@type\":\"PropertyValueSpecification\",\"valueRequired\":true,\"valueName\":\"search_term_string\"}}],\"inLanguage\":\"fr-FR\"},{\"@type\":\"Person\",\"@id\":\"https:\/\/blogs.thesocialmedia.com\/leblogmoto\/#\/schema\/person\/769623f89741cc3381675029a37764f8\",\"name\":\"gregory boucaud\",\"image\":{\"@type\":\"ImageObject\",\"inLanguage\":\"fr-FR\",\"@id\":\"https:\/\/blogs.thesocialmedia.com\/leblogmoto\/#\/schema\/person\/image\/\",\"url\":\"https:\/\/secure.gravatar.com\/avatar\/?s=96&d=mm&r=g\",\"contentUrl\":\"https:\/\/secure.gravatar.com\/avatar\/?s=96&d=mm&r=g\",\"caption\":\"gregory boucaud\"},\"url\":\"https:\/\/blogs.thesocialmedia.com\/leblogmoto\/author\/gregory-boucaud\/\"}]}<\/script>\n<!-- \/ Yoast SEO plugin. -->","yoast_head_json":{"title":"KTM 990 SuperDuke Exp\u00e9rience - leblogmoto.com","robots":{"index":"index","follow":"follow","max-snippet":"max-snippet:-1","max-image-preview":"max-image-preview:large","max-video-preview":"max-video-preview:-1"},"canonical":"https:\/\/blogs.thesocialmedia.com\/leblogmoto\/2007\/03\/15\/superduke-exper\/","twitter_card":"summary_large_image","twitter_title":"KTM 990 SuperDuke Exp\u00e9rience - leblogmoto.com","twitter_description":"Pour ceux qui ne seront pas disponibles pour les Orange Days les 23 et 24 mars 2007, il y aura quatre s\u00e9ances de rattrappage pour essayer la KTM 990 SuperDuke. Pendant ces journ\u00e9es, vous serez encadr\u00e9 par ChristianHaquin (roulait sur une 990 SuperDuke au Dark Dog Moto Tour 2005) et Gilles Salvador qui sont des [&hellip;]","twitter_image":"http:\/\/www.leblogmoto.com\/images\/2007\/03\/15\/ktmsuperduketitanium0045.jpg","twitter_misc":{"\u00c9crit par":"gregory boucaud","Dur\u00e9e de lecture estim\u00e9e":"1 minute"},"schema":{"@context":"https:\/\/schema.org","@graph":[{"@type":"WebPage","@id":"https:\/\/blogs.thesocialmedia.com\/leblogmoto\/2007\/03\/15\/superduke-exper\/","url":"https:\/\/blogs.thesocialmedia.com\/leblogmoto\/2007\/03\/15\/superduke-exper\/","name":"KTM 990 SuperDuke Exp\u00e9rience - leblogmoto.com","isPartOf":{"@id":"https:\/\/blogs.thesocialmedia.com\/leblogmoto\/#website"},"primaryImageOfPage":{"@id":"https:\/\/blogs.thesocialmedia.com\/leblogmoto\/2007\/03\/15\/superduke-exper\/#primaryimage"},"image":{"@id":"https:\/\/blogs.thesocialmedia.com\/leblogmoto\/2007\/03\/15\/superduke-exper\/#primaryimage"},"thumbnailUrl":"http:\/\/www.leblogmoto.com\/images\/2007\/03\/15\/ktmsuperduketitanium0045.jpg","datePublished":"2007-03-15T17:04:39+00:00","dateModified":"2012-07-11T14:35:17+00:00","author":{"@id":"https:\/\/blogs.thesocialmedia.com\/leblogmoto\/#\/schema\/person\/769623f89741cc3381675029a37764f8"},"breadcrumb":{"@id":"https:\/\/blogs.thesocialmedia.com\/leblogmoto\/2007\/03\/15\/superduke-exper\/#breadcrumb"},"inLanguage":"fr-FR","potentialAction":[{"@type":"ReadAction","target":["https:\/\/blogs.thesocialmedia.com\/leblogmoto\/2007\/03\/15\/superduke-exper\/"]}]},{"@type":"ImageObject","inLanguage":"fr-FR","@id":"https:\/\/blogs.thesocialmedia.com\/leblogmoto\/2007\/03\/15\/superduke-exper\/#primaryimage","url":"http:\/\/www.leblogmoto.com\/images\/2007\/03\/15\/ktmsuperduketitanium0045.jpg","contentUrl":"http:\/\/www.leblogmoto.com\/images\/2007\/03\/15\/ktmsuperduketitanium0045.jpg"},{"@type":"BreadcrumbList","@id":"https:\/\/blogs.thesocialmedia.com\/leblogmoto\/2007\/03\/15\/superduke-exper\/#breadcrumb","itemListElement":[{"@type":"ListItem","position":1,"name":"Accueil","item":"https:\/\/blogs.thesocialmedia.com\/leblogmoto\/"},{"@type":"ListItem","position":2,"name":"KTM 990 SuperDuke Exp\u00e9rience"}]},{"@type":"WebSite","@id":"https:\/\/blogs.thesocialmedia.com\/leblogmoto\/#website","url":"https:\/\/blogs.thesocialmedia.com\/leblogmoto\/","name":"leblogmoto","description":"Toute l&#039;actualit\u00e9 des 2 roues","potentialAction":[{"@type":"SearchAction","target":{"@type":"EntryPoint","urlTemplate":"https:\/\/blogs.thesocialmedia.com\/leblogmoto\/?s={search_term_string}"},"query-input":{"@type":"PropertyValueSpecification","valueRequired":true,"valueName":"search_term_string"}}],"inLanguage":"fr-FR"},{"@type":"Person","@id":"https:\/\/blogs.thesocialmedia.com\/leblogmoto\/#\/schema\/person\/769623f89741cc3381675029a37764f8","name":"gregory boucaud","image":{"@type":"ImageObject","inLanguage":"fr-FR","@id":"https:\/\/blogs.thesocialmedia.com\/leblogmoto\/#\/schema\/person\/image\/","url":"https:\/\/secure.gravatar.com\/avatar\/?s=96&d=mm&r=g","contentUrl":"https:\/\/secure.gravatar.com\/avatar\/?s=96&d=mm&r=g","caption":"gregory boucaud"},"url":"https:\/\/blogs.thesocialmedia.com\/leblogmoto\/author\/gregory-boucaud\/"}]}},"_links":{"self":[{"href":"https:\/\/blogs.thesocialmedia.com\/leblogmoto\/wp-json\/wp\/v2\/posts\/1481","targetHints":{"allow":["GET"]}}],"collection":[{"href":"https:\/\/blogs.thesocialmedia.com\/leblogmoto\/wp-json\/wp\/v2\/posts"}],"about":[{"href":"https:\/\/blogs.thesocialmedia.com\/leblogmoto\/wp-json\/wp\/v2\/types\/post"}],"author":[{"embeddable":true,"href":"https:\/\/blogs.thesocialmedia.com\/leblogmoto\/wp-json\/wp\/v2\/users\/329"}],"replies":[{"embeddable":true,"href":"https:\/\/blogs.thesocialmedia.com\/leblogmoto\/wp-json\/wp\/v2\/comments?post=1481"}],"version-history":[{"count":2,"href":"https:\/\/blogs.thesocialmedia.com\/leblogmoto\/wp-json\/wp\/v2\/posts\/1481\/revisions"}],"predecessor-version":[{"id":8185,"href":"https:\/\/blogs.thesocialmedia.com\/leblogmoto\/wp-json\/wp\/v2\/posts\/1481\/revisions\/8185"}],"wp:attachment":[{"href":"https:\/\/blogs.thesocialmedia.com\/leblogmoto\/wp-json\/wp\/v2\/media?parent=1481"}],"wp:term":[{"taxonomy":"category","embeddable":true,"href":"https:\/\/blogs.thesocialmedia.com\/leblogmoto\/wp-json\/wp\/v2\/categories?post=1481"},{"taxonomy":"post_tag","embeddable":true,"href":"https:\/\/blogs.thesocialmedia.com\/leblogmoto\/wp-json\/wp\/v2\/tags?post=1481"}],"curies":[{"name":"wp","href":"https:\/\/api.w.org\/{rel}","templated":true}]}}