{"id":1482,"date":"2007-03-15T00:08:42","date_gmt":"2007-03-15T00:08:42","guid":{"rendered":"http:\/\/blogs.thesocialmedia.com\/leblogmoto\/2007\/03\/15\/rallyeraid-19e\/"},"modified":"2012-07-11T14:35:15","modified_gmt":"2012-07-11T14:35:15","slug":"rallyeraid-19e","status":"publish","type":"post","link":"https:\/\/blogs.thesocialmedia.com\/leblogmoto\/2007\/03\/15\/rallyeraid-19e\/","title":{"rendered":"Rallye-Raid : 19e Optic 2000 de Tunisie"},"content":{"rendered":"<p><a href=\"http:\/\/blogs.thesocialmedia.com\/leblogmoto\/files\/2012\/07\/l11.jpg\"><img loading=\"lazy\" decoding=\"async\" width=\"250\" height=\"167\"  src=\"http:\/\/www.leblogmoto.com\/images\/2007\/03\/14\/l11.jpg\" alt=\"L11\" style=\"margin: 0px 5px 5px 0px;float: left\" \/><\/a> C\u2019est assez rare pour \u00eatre soulign\u00e9 ; un Rallye-Raid Africain accueillera fin mars, d\u00e9but avril une \u00e9quipe autochtone constitu\u00e9e et consistante.<\/p>\n<p>L\u2019Optic 2000 de Tunisie 2007 qui d\u00e9butera les 30 et 31 mars par les v\u00e9rifs \u00e0 Brignoles, sera notamment marqu\u00e9 par la pr\u00e9sence de l&rsquo;\u00e9quipe de Tunisie de Motoquad. Elle sera compos\u00e9e de cinq pilotes dont l\u2019ambition clairement affich\u00e9e est la prise du podium de la premi\u00e8re \u00e9preuve du Championnat et, pourquoi pas, de cartonner sur les autres courses, Turquie, Maroc, Egypte, Duba\u00ef, Argentine et Br\u00e9sil\u2026<\/p>\n<p><a href=\"http:\/\/blogs.thesocialmedia.com\/leblogmoto\/files\/2012\/07\/intro.jpg\"><img loading=\"lazy\" decoding=\"async\" width=\"250\" height=\"188\"  src=\"http:\/\/www.leblogmoto.com\/images\/2007\/03\/14\/intro.jpg\" alt=\"Intro\" style=\"margin: 0px 5px 5px 0px;float: left\" \/><\/a> La \u00ab Smala \u00bb Tunisienne se composera de :<\/p>\n<p> Afif Trabelsi (Yamaha Rap Tor 700, mod\u00e8le 2007), 1er du Championnat de Tunisie Motoquad, 1er au Championnat de Tunisie Moto-Cross 1994.<br \/> Son objectif : terminer premier au Rallye de Tunisie 2007 et accrocher une place au podium lors des Rallyes de Turquie, du Maroc, d\u2019Egypte et de Duba\u00ef.<\/p>\n<p> Karim Dilon (Yamaha Raptor-mod\u00e8le 2007). Il veut figurer dans le top 3 du Championnat du Monde (FIM).<\/p>\n<p> Hassen Jmili (Yamaha Wvr 426), 3e au Championnat de Tunisie d&rsquo;Enduro 2007. Il se battra pour les podiums du Rallye de Tunisie, du Maroc, d&rsquo;Egypte, de Duba\u00ef\u2026<\/p>\n<p> Jamel Aouadi (Bombarder 650 Yamaha) Plus modeste, il r\u00eave d\u2019une place d&rsquo;honneur en Tunisie, et peut-\u00eatre en Egypte et \u00e0 Duba\u00ef.<\/p>\n<p> Marco Cacchiarelli (Yamaha Raptor 700 &#8211; mod\u00e8le 2007) , 2\u00e8me au Championnat de Tunisie Motoquad, 1er au Championnat de Tunisie moto-cross 1994. Son objectif est de terminer parmi les trois premiers des Tunisie, Turquie, Maroc, Egypte et Duba\u00ef.<\/p>\n<p> \u00ab un avant-go\u00fbt pour nos repr\u00e9sentants bien pr\u00e9par\u00e9s \u00e0 ces manifestations \u00bb souhaite&nbsp; M. Chakib Brahmi, le pr\u00e9sident de la F\u00e9d\u00e9ration Tunisienne Moto (FTM).<\/p>\n<p> Nous ne serions pas malheureux de voir enfin un ou des pilotes \u00ab natifs \u00bb damer le pion aux pilotes \u00ab usine \u00bb venus des terres nordiques.<\/p>\n<p> Rendez-vous le premier avril 2007 pour la 1\u00e8re sp\u00e9ciale en Corse<\/p>\n","protected":false},"excerpt":{"rendered":"<p>C\u2019est assez rare pour \u00eatre soulign\u00e9 ; un Rallye-Raid Africain accueillera fin mars, d\u00e9but avril une \u00e9quipe autochtone constitu\u00e9e et consistante. L\u2019Optic 2000 de Tunisie 2007 qui d\u00e9butera les 30 et 31 mars par les v\u00e9rifs \u00e0 Brignoles, sera notamment marqu\u00e9 par la pr\u00e9sence de l&rsquo;\u00e9quipe de Tunisie de Motoquad. Elle sera compos\u00e9e de cinq [&hellip;]<\/p>\n","protected":false},"author":333,"featured_media":0,"comment_status":"open","ping_status":"open","sticky":false,"template":"","format":"standard","meta":{"footnotes":""},"categories":[3],"tags":[],"class_list":["post-1482","post","type-post","status-publish","format-standard","hentry","category-actualite"],"yoast_head":"<!-- This site is optimized with the Yoast SEO plugin v26.0 - https:\/\/yoast.com\/wordpress\/plugins\/seo\/ -->\n<title>Rallye-Raid : 19e Optic 2000 de Tunisie - leblogmoto.com<\/title>\n<meta name=\"robots\" content=\"index, follow, max-snippet:-1, max-image-preview:large, max-video-preview:-1\" \/>\n<link rel=\"canonical\" href=\"https:\/\/blogs.thesocialmedia.com\/leblogmoto\/2007\/03\/15\/rallyeraid-19e\/\" \/>\n<meta name=\"twitter:card\" content=\"summary_large_image\" \/>\n<meta name=\"twitter:title\" content=\"Rallye-Raid : 19e Optic 2000 de Tunisie - leblogmoto.com\" \/>\n<meta name=\"twitter:description\" content=\"C\u2019est assez rare pour \u00eatre soulign\u00e9 ; un Rallye-Raid Africain accueillera fin mars, d\u00e9but avril une \u00e9quipe autochtone constitu\u00e9e et consistante. L\u2019Optic 2000 de Tunisie 2007 qui d\u00e9butera les 30 et 31 mars par les v\u00e9rifs \u00e0 Brignoles, sera notamment marqu\u00e9 par la pr\u00e9sence de l&rsquo;\u00e9quipe de Tunisie de Motoquad. Elle sera compos\u00e9e de cinq [&hellip;]\" \/>\n<meta name=\"twitter:image\" content=\"http:\/\/www.leblogmoto.com\/images\/2007\/03\/14\/l11.jpg\" \/>\n<meta name=\"twitter:label1\" content=\"\u00c9crit par\" \/>\n\t<meta name=\"twitter:data1\" content=\"christian tirat\" \/>\n\t<meta name=\"twitter:label2\" content=\"Dur\u00e9e de lecture estim\u00e9e\" \/>\n\t<meta name=\"twitter:data2\" content=\"2 minutes\" \/>\n<script type=\"application\/ld+json\" class=\"yoast-schema-graph\">{\"@context\":\"https:\/\/schema.org\",\"@graph\":[{\"@type\":\"WebPage\",\"@id\":\"https:\/\/blogs.thesocialmedia.com\/leblogmoto\/2007\/03\/15\/rallyeraid-19e\/\",\"url\":\"https:\/\/blogs.thesocialmedia.com\/leblogmoto\/2007\/03\/15\/rallyeraid-19e\/\",\"name\":\"Rallye-Raid : 19e Optic 2000 de Tunisie - leblogmoto.com\",\"isPartOf\":{\"@id\":\"https:\/\/blogs.thesocialmedia.com\/leblogmoto\/#website\"},\"primaryImageOfPage\":{\"@id\":\"https:\/\/blogs.thesocialmedia.com\/leblogmoto\/2007\/03\/15\/rallyeraid-19e\/#primaryimage\"},\"image\":{\"@id\":\"https:\/\/blogs.thesocialmedia.com\/leblogmoto\/2007\/03\/15\/rallyeraid-19e\/#primaryimage\"},\"thumbnailUrl\":\"http:\/\/www.leblogmoto.com\/images\/2007\/03\/14\/l11.jpg\",\"datePublished\":\"2007-03-15T00:08:42+00:00\",\"dateModified\":\"2012-07-11T14:35:15+00:00\",\"author\":{\"@id\":\"https:\/\/blogs.thesocialmedia.com\/leblogmoto\/#\/schema\/person\/90b2f8fd0d5a2cede2580e95fc79c6c0\"},\"breadcrumb\":{\"@id\":\"https:\/\/blogs.thesocialmedia.com\/leblogmoto\/2007\/03\/15\/rallyeraid-19e\/#breadcrumb\"},\"inLanguage\":\"fr-FR\",\"potentialAction\":[{\"@type\":\"ReadAction\",\"target\":[\"https:\/\/blogs.thesocialmedia.com\/leblogmoto\/2007\/03\/15\/rallyeraid-19e\/\"]}]},{\"@type\":\"ImageObject\",\"inLanguage\":\"fr-FR\",\"@id\":\"https:\/\/blogs.thesocialmedia.com\/leblogmoto\/2007\/03\/15\/rallyeraid-19e\/#primaryimage\",\"url\":\"http:\/\/www.leblogmoto.com\/images\/2007\/03\/14\/l11.jpg\",\"contentUrl\":\"http:\/\/www.leblogmoto.com\/images\/2007\/03\/14\/l11.jpg\"},{\"@type\":\"BreadcrumbList\",\"@id\":\"https:\/\/blogs.thesocialmedia.com\/leblogmoto\/2007\/03\/15\/rallyeraid-19e\/#breadcrumb\",\"itemListElement\":[{\"@type\":\"ListItem\",\"position\":1,\"name\":\"Accueil\",\"item\":\"https:\/\/blogs.thesocialmedia.com\/leblogmoto\/\"},{\"@type\":\"ListItem\",\"position\":2,\"name\":\"Rallye-Raid : 19e Optic 2000 de Tunisie\"}]},{\"@type\":\"WebSite\",\"@id\":\"https:\/\/blogs.thesocialmedia.com\/leblogmoto\/#website\",\"url\":\"https:\/\/blogs.thesocialmedia.com\/leblogmoto\/\",\"name\":\"leblogmoto\",\"description\":\"Toute l&#039;actualit\u00e9 des 2 roues\",\"potentialAction\":[{\"@type\":\"SearchAction\",\"target\":{\"@type\":\"EntryPoint\",\"urlTemplate\":\"https:\/\/blogs.thesocialmedia.com\/leblogmoto\/?s={search_term_string}\"},\"query-input\":{\"@type\":\"PropertyValueSpecification\",\"valueRequired\":true,\"valueName\":\"search_term_string\"}}],\"inLanguage\":\"fr-FR\"},{\"@type\":\"Person\",\"@id\":\"https:\/\/blogs.thesocialmedia.com\/leblogmoto\/#\/schema\/person\/90b2f8fd0d5a2cede2580e95fc79c6c0\",\"name\":\"christian tirat\",\"image\":{\"@type\":\"ImageObject\",\"inLanguage\":\"fr-FR\",\"@id\":\"https:\/\/blogs.thesocialmedia.com\/leblogmoto\/#\/schema\/person\/image\/\",\"url\":\"https:\/\/secure.gravatar.com\/avatar\/?s=96&d=mm&r=g\",\"contentUrl\":\"https:\/\/secure.gravatar.com\/avatar\/?s=96&d=mm&r=g\",\"caption\":\"christian tirat\"},\"url\":\"https:\/\/blogs.thesocialmedia.com\/leblogmoto\/author\/christian-tirat\/\"}]}<\/script>\n<!-- \/ Yoast SEO plugin. -->","yoast_head_json":{"title":"Rallye-Raid : 19e Optic 2000 de Tunisie - leblogmoto.com","robots":{"index":"index","follow":"follow","max-snippet":"max-snippet:-1","max-image-preview":"max-image-preview:large","max-video-preview":"max-video-preview:-1"},"canonical":"https:\/\/blogs.thesocialmedia.com\/leblogmoto\/2007\/03\/15\/rallyeraid-19e\/","twitter_card":"summary_large_image","twitter_title":"Rallye-Raid : 19e Optic 2000 de Tunisie - leblogmoto.com","twitter_description":"C\u2019est assez rare pour \u00eatre soulign\u00e9 ; un Rallye-Raid Africain accueillera fin mars, d\u00e9but avril une \u00e9quipe autochtone constitu\u00e9e et consistante. L\u2019Optic 2000 de Tunisie 2007 qui d\u00e9butera les 30 et 31 mars par les v\u00e9rifs \u00e0 Brignoles, sera notamment marqu\u00e9 par la pr\u00e9sence de l&rsquo;\u00e9quipe de Tunisie de Motoquad. Elle sera compos\u00e9e de cinq [&hellip;]","twitter_image":"http:\/\/www.leblogmoto.com\/images\/2007\/03\/14\/l11.jpg","twitter_misc":{"\u00c9crit par":"christian tirat","Dur\u00e9e de lecture estim\u00e9e":"2 minutes"},"schema":{"@context":"https:\/\/schema.org","@graph":[{"@type":"WebPage","@id":"https:\/\/blogs.thesocialmedia.com\/leblogmoto\/2007\/03\/15\/rallyeraid-19e\/","url":"https:\/\/blogs.thesocialmedia.com\/leblogmoto\/2007\/03\/15\/rallyeraid-19e\/","name":"Rallye-Raid : 19e Optic 2000 de Tunisie - leblogmoto.com","isPartOf":{"@id":"https:\/\/blogs.thesocialmedia.com\/leblogmoto\/#website"},"primaryImageOfPage":{"@id":"https:\/\/blogs.thesocialmedia.com\/leblogmoto\/2007\/03\/15\/rallyeraid-19e\/#primaryimage"},"image":{"@id":"https:\/\/blogs.thesocialmedia.com\/leblogmoto\/2007\/03\/15\/rallyeraid-19e\/#primaryimage"},"thumbnailUrl":"http:\/\/www.leblogmoto.com\/images\/2007\/03\/14\/l11.jpg","datePublished":"2007-03-15T00:08:42+00:00","dateModified":"2012-07-11T14:35:15+00:00","author":{"@id":"https:\/\/blogs.thesocialmedia.com\/leblogmoto\/#\/schema\/person\/90b2f8fd0d5a2cede2580e95fc79c6c0"},"breadcrumb":{"@id":"https:\/\/blogs.thesocialmedia.com\/leblogmoto\/2007\/03\/15\/rallyeraid-19e\/#breadcrumb"},"inLanguage":"fr-FR","potentialAction":[{"@type":"ReadAction","target":["https:\/\/blogs.thesocialmedia.com\/leblogmoto\/2007\/03\/15\/rallyeraid-19e\/"]}]},{"@type":"ImageObject","inLanguage":"fr-FR","@id":"https:\/\/blogs.thesocialmedia.com\/leblogmoto\/2007\/03\/15\/rallyeraid-19e\/#primaryimage","url":"http:\/\/www.leblogmoto.com\/images\/2007\/03\/14\/l11.jpg","contentUrl":"http:\/\/www.leblogmoto.com\/images\/2007\/03\/14\/l11.jpg"},{"@type":"BreadcrumbList","@id":"https:\/\/blogs.thesocialmedia.com\/leblogmoto\/2007\/03\/15\/rallyeraid-19e\/#breadcrumb","itemListElement":[{"@type":"ListItem","position":1,"name":"Accueil","item":"https:\/\/blogs.thesocialmedia.com\/leblogmoto\/"},{"@type":"ListItem","position":2,"name":"Rallye-Raid : 19e Optic 2000 de Tunisie"}]},{"@type":"WebSite","@id":"https:\/\/blogs.thesocialmedia.com\/leblogmoto\/#website","url":"https:\/\/blogs.thesocialmedia.com\/leblogmoto\/","name":"leblogmoto","description":"Toute l&#039;actualit\u00e9 des 2 roues","potentialAction":[{"@type":"SearchAction","target":{"@type":"EntryPoint","urlTemplate":"https:\/\/blogs.thesocialmedia.com\/leblogmoto\/?s={search_term_string}"},"query-input":{"@type":"PropertyValueSpecification","valueRequired":true,"valueName":"search_term_string"}}],"inLanguage":"fr-FR"},{"@type":"Person","@id":"https:\/\/blogs.thesocialmedia.com\/leblogmoto\/#\/schema\/person\/90b2f8fd0d5a2cede2580e95fc79c6c0","name":"christian tirat","image":{"@type":"ImageObject","inLanguage":"fr-FR","@id":"https:\/\/blogs.thesocialmedia.com\/leblogmoto\/#\/schema\/person\/image\/","url":"https:\/\/secure.gravatar.com\/avatar\/?s=96&d=mm&r=g","contentUrl":"https:\/\/secure.gravatar.com\/avatar\/?s=96&d=mm&r=g","caption":"christian tirat"},"url":"https:\/\/blogs.thesocialmedia.com\/leblogmoto\/author\/christian-tirat\/"}]}},"_links":{"self":[{"href":"https:\/\/blogs.thesocialmedia.com\/leblogmoto\/wp-json\/wp\/v2\/posts\/1482","targetHints":{"allow":["GET"]}}],"collection":[{"href":"https:\/\/blogs.thesocialmedia.com\/leblogmoto\/wp-json\/wp\/v2\/posts"}],"about":[{"href":"https:\/\/blogs.thesocialmedia.com\/leblogmoto\/wp-json\/wp\/v2\/types\/post"}],"author":[{"embeddable":true,"href":"https:\/\/blogs.thesocialmedia.com\/leblogmoto\/wp-json\/wp\/v2\/users\/333"}],"replies":[{"embeddable":true,"href":"https:\/\/blogs.thesocialmedia.com\/leblogmoto\/wp-json\/wp\/v2\/comments?post=1482"}],"version-history":[{"count":2,"href":"https:\/\/blogs.thesocialmedia.com\/leblogmoto\/wp-json\/wp\/v2\/posts\/1482\/revisions"}],"predecessor-version":[{"id":8183,"href":"https:\/\/blogs.thesocialmedia.com\/leblogmoto\/wp-json\/wp\/v2\/posts\/1482\/revisions\/8183"}],"wp:attachment":[{"href":"https:\/\/blogs.thesocialmedia.com\/leblogmoto\/wp-json\/wp\/v2\/media?parent=1482"}],"wp:term":[{"taxonomy":"category","embeddable":true,"href":"https:\/\/blogs.thesocialmedia.com\/leblogmoto\/wp-json\/wp\/v2\/categories?post=1482"},{"taxonomy":"post_tag","embeddable":true,"href":"https:\/\/blogs.thesocialmedia.com\/leblogmoto\/wp-json\/wp\/v2\/tags?post=1482"}],"curies":[{"name":"wp","href":"https:\/\/api.w.org\/{rel}","templated":true}]}}