{"id":1484,"date":"2007-03-13T19:02:00","date_gmt":"2007-03-13T19:02:00","guid":{"rendered":"http:\/\/blogs.thesocialmedia.com\/leblogmoto\/2007\/03\/13\/ide-conso-casqu\/"},"modified":"2012-07-11T14:35:08","modified_gmt":"2012-07-11T14:35:08","slug":"ide-conso-casqu","status":"publish","type":"post","link":"https:\/\/blogs.thesocialmedia.com\/leblogmoto\/2007\/03\/13\/ide-conso-casqu\/","title":{"rendered":"Id\u00e9e conso : Casque et tracas."},"content":{"rendered":"<p><a href=\"http:\/\/blogs.thesocialmedia.com\/leblogmoto\/files\/2012\/07\/panama_tucano.jpg\"><img loading=\"lazy\" decoding=\"async\" height=\"319\" alt=\"Panama_tucano\" src=\"http:\/\/www.leblogmoto.com\/images\/panama_tucano.jpg\" width=\"250\"  \/><\/a> Aujourd&rsquo;hui Mesdames (voire peut-\u00eatre m\u00eame Messieurs), nous prendrons soin de vos cheveux.<br \/>Le casque est un des \u00e9l\u00e9ments de s\u00e9curit\u00e9 le plus important, seulement le porter n&rsquo;est pas toujours agr\u00e9able, notamment \u00e0 cause des probl\u00e8mes d&rsquo;\u00e9lectricit\u00e9 statique ou de cheveux perdant leur volume.<br \/>C&rsquo;est en Italie, chez un fabricant d&rsquo;accessoire pour scooter Tucano Urbano, qu&rsquo;une solution a \u00e9t\u00e9 trouv\u00e9e gr\u00e2ce \u00e0 un sous-casque en osier qui s&rsquo;adapte \u00e0 tous les casques (Jet ou Int\u00e9grale). Le <a href=\"http:\/\/www.tucanourbano.com\/it\/f_accessori.htm\">Panama De Tucano Urbano<\/a> va ainsi, gr\u00e2ce \u00e0 sa forme, cr\u00e9er un espace d&rsquo;air frais qui va permettre de diminuer l&rsquo;effet d&rsquo;\u00e9lectricit\u00e9 statique et de garder le volume de votre coiffure.<\/p>\n<p>Son prix : <strong>11,50\u20ac<br \/><\/strong><br \/>A quand la coupe \u00e0 l&rsquo;iroquoise sous le casque ?<\/p>\n<p><a href=\"http:\/\/clabedan.typepad.com\/.shared\/image.html?\/photos\/uncategorized\/atollo_tucano.jpg\"><img loading=\"lazy\" decoding=\"async\" height=\"230\" alt=\"Atollo_tucano\" src=\"http:\/\/www.leblogmoto.com\/images\/atollo_tucano.jpg\" width=\"250\"  \/><\/a> Autre accessoire, celui-ci destin\u00e9 plut\u00f4t \u00e0 ceux qui en ont assez des rayures sur leur casque, voici l&rsquo;<strong>Attolo<\/strong>. C&rsquo;est un support de casque en N\u00e9opr\u00e8ne qui va vous permettre d&rsquo;\u00e9pargner \u00e0 votre casque les \u00e9gratignures ou encore les chutes accidentelles. Au pire, cela pourrait servir d&rsquo;id\u00e9e d\u00e9co&rsquo; pour un appartement de motard(s), peut-\u00eatre un style \u00e0 lancer&#8230; \ud83d\ude42<\/p>\n<p>Son prix: <strong>20\u20ac<\/strong><\/p>\n<p>Pour d&rsquo;autres accessoires, vous pouvez visiter le site <a href=\"http:\/\/www.tucanourbano.com\/\">www.tucanourbano.com<\/a><\/p>\n","protected":false},"excerpt":{"rendered":"<p>Aujourd&rsquo;hui Mesdames (voire peut-\u00eatre m\u00eame Messieurs), nous prendrons soin de vos cheveux.Le casque est un des \u00e9l\u00e9ments de s\u00e9curit\u00e9 le plus important, seulement le porter n&rsquo;est pas toujours agr\u00e9able, notamment \u00e0 cause des probl\u00e8mes d&rsquo;\u00e9lectricit\u00e9 statique ou de cheveux perdant leur volume.C&rsquo;est en Italie, chez un fabricant d&rsquo;accessoire pour scooter Tucano Urbano, qu&rsquo;une solution a [&hellip;]<\/p>\n","protected":false},"author":329,"featured_media":0,"comment_status":"open","ping_status":"open","sticky":false,"template":"","format":"standard","meta":{"footnotes":""},"categories":[27,80,78],"tags":[],"class_list":["post-1484","post","type-post","status-publish","format-standard","hentry","category-securite","category-trucs-et-astuces","category-tuyaux-et-astuces"],"yoast_head":"<!-- This site is optimized with the Yoast SEO plugin v26.0 - https:\/\/yoast.com\/wordpress\/plugins\/seo\/ -->\n<title>Id\u00e9e conso : Casque et tracas. - leblogmoto.com<\/title>\n<meta name=\"robots\" content=\"index, follow, max-snippet:-1, max-image-preview:large, max-video-preview:-1\" \/>\n<link rel=\"canonical\" href=\"https:\/\/blogs.thesocialmedia.com\/leblogmoto\/2007\/03\/13\/ide-conso-casqu\/\" \/>\n<meta name=\"twitter:card\" content=\"summary_large_image\" \/>\n<meta name=\"twitter:title\" content=\"Id\u00e9e conso : Casque et tracas. - leblogmoto.com\" \/>\n<meta name=\"twitter:description\" content=\"Aujourd&rsquo;hui Mesdames (voire peut-\u00eatre m\u00eame Messieurs), nous prendrons soin de vos cheveux.Le casque est un des \u00e9l\u00e9ments de s\u00e9curit\u00e9 le plus important, seulement le porter n&rsquo;est pas toujours agr\u00e9able, notamment \u00e0 cause des probl\u00e8mes d&rsquo;\u00e9lectricit\u00e9 statique ou de cheveux perdant leur volume.C&rsquo;est en Italie, chez un fabricant d&rsquo;accessoire pour scooter Tucano Urbano, qu&rsquo;une solution a [&hellip;]\" \/>\n<meta name=\"twitter:image\" content=\"http:\/\/www.leblogmoto.com\/images\/panama_tucano.jpg\" \/>\n<meta name=\"twitter:label1\" content=\"\u00c9crit par\" \/>\n\t<meta name=\"twitter:data1\" content=\"gregory boucaud\" \/>\n\t<meta name=\"twitter:label2\" content=\"Dur\u00e9e de lecture estim\u00e9e\" \/>\n\t<meta name=\"twitter:data2\" content=\"1 minute\" \/>\n<script type=\"application\/ld+json\" class=\"yoast-schema-graph\">{\"@context\":\"https:\/\/schema.org\",\"@graph\":[{\"@type\":\"WebPage\",\"@id\":\"https:\/\/blogs.thesocialmedia.com\/leblogmoto\/2007\/03\/13\/ide-conso-casqu\/\",\"url\":\"https:\/\/blogs.thesocialmedia.com\/leblogmoto\/2007\/03\/13\/ide-conso-casqu\/\",\"name\":\"Id\u00e9e conso : Casque et tracas. - leblogmoto.com\",\"isPartOf\":{\"@id\":\"https:\/\/blogs.thesocialmedia.com\/leblogmoto\/#website\"},\"primaryImageOfPage\":{\"@id\":\"https:\/\/blogs.thesocialmedia.com\/leblogmoto\/2007\/03\/13\/ide-conso-casqu\/#primaryimage\"},\"image\":{\"@id\":\"https:\/\/blogs.thesocialmedia.com\/leblogmoto\/2007\/03\/13\/ide-conso-casqu\/#primaryimage\"},\"thumbnailUrl\":\"http:\/\/www.leblogmoto.com\/images\/panama_tucano.jpg\",\"datePublished\":\"2007-03-13T19:02:00+00:00\",\"dateModified\":\"2012-07-11T14:35:08+00:00\",\"author\":{\"@id\":\"https:\/\/blogs.thesocialmedia.com\/leblogmoto\/#\/schema\/person\/769623f89741cc3381675029a37764f8\"},\"breadcrumb\":{\"@id\":\"https:\/\/blogs.thesocialmedia.com\/leblogmoto\/2007\/03\/13\/ide-conso-casqu\/#breadcrumb\"},\"inLanguage\":\"fr-FR\",\"potentialAction\":[{\"@type\":\"ReadAction\",\"target\":[\"https:\/\/blogs.thesocialmedia.com\/leblogmoto\/2007\/03\/13\/ide-conso-casqu\/\"]}]},{\"@type\":\"ImageObject\",\"inLanguage\":\"fr-FR\",\"@id\":\"https:\/\/blogs.thesocialmedia.com\/leblogmoto\/2007\/03\/13\/ide-conso-casqu\/#primaryimage\",\"url\":\"http:\/\/www.leblogmoto.com\/images\/panama_tucano.jpg\",\"contentUrl\":\"http:\/\/www.leblogmoto.com\/images\/panama_tucano.jpg\"},{\"@type\":\"BreadcrumbList\",\"@id\":\"https:\/\/blogs.thesocialmedia.com\/leblogmoto\/2007\/03\/13\/ide-conso-casqu\/#breadcrumb\",\"itemListElement\":[{\"@type\":\"ListItem\",\"position\":1,\"name\":\"Accueil\",\"item\":\"https:\/\/blogs.thesocialmedia.com\/leblogmoto\/\"},{\"@type\":\"ListItem\",\"position\":2,\"name\":\"Id\u00e9e conso : Casque et tracas.\"}]},{\"@type\":\"WebSite\",\"@id\":\"https:\/\/blogs.thesocialmedia.com\/leblogmoto\/#website\",\"url\":\"https:\/\/blogs.thesocialmedia.com\/leblogmoto\/\",\"name\":\"leblogmoto\",\"description\":\"Toute l&#039;actualit\u00e9 des 2 roues\",\"potentialAction\":[{\"@type\":\"SearchAction\",\"target\":{\"@type\":\"EntryPoint\",\"urlTemplate\":\"https:\/\/blogs.thesocialmedia.com\/leblogmoto\/?s={search_term_string}\"},\"query-input\":{\"@type\":\"PropertyValueSpecification\",\"valueRequired\":true,\"valueName\":\"search_term_string\"}}],\"inLanguage\":\"fr-FR\"},{\"@type\":\"Person\",\"@id\":\"https:\/\/blogs.thesocialmedia.com\/leblogmoto\/#\/schema\/person\/769623f89741cc3381675029a37764f8\",\"name\":\"gregory boucaud\",\"image\":{\"@type\":\"ImageObject\",\"inLanguage\":\"fr-FR\",\"@id\":\"https:\/\/blogs.thesocialmedia.com\/leblogmoto\/#\/schema\/person\/image\/\",\"url\":\"https:\/\/secure.gravatar.com\/avatar\/?s=96&d=mm&r=g\",\"contentUrl\":\"https:\/\/secure.gravatar.com\/avatar\/?s=96&d=mm&r=g\",\"caption\":\"gregory boucaud\"},\"url\":\"https:\/\/blogs.thesocialmedia.com\/leblogmoto\/author\/gregory-boucaud\/\"}]}<\/script>\n<!-- \/ Yoast SEO plugin. -->","yoast_head_json":{"title":"Id\u00e9e conso : Casque et tracas. - leblogmoto.com","robots":{"index":"index","follow":"follow","max-snippet":"max-snippet:-1","max-image-preview":"max-image-preview:large","max-video-preview":"max-video-preview:-1"},"canonical":"https:\/\/blogs.thesocialmedia.com\/leblogmoto\/2007\/03\/13\/ide-conso-casqu\/","twitter_card":"summary_large_image","twitter_title":"Id\u00e9e conso : Casque et tracas. - leblogmoto.com","twitter_description":"Aujourd&rsquo;hui Mesdames (voire peut-\u00eatre m\u00eame Messieurs), nous prendrons soin de vos cheveux.Le casque est un des \u00e9l\u00e9ments de s\u00e9curit\u00e9 le plus important, seulement le porter n&rsquo;est pas toujours agr\u00e9able, notamment \u00e0 cause des probl\u00e8mes d&rsquo;\u00e9lectricit\u00e9 statique ou de cheveux perdant leur volume.C&rsquo;est en Italie, chez un fabricant d&rsquo;accessoire pour scooter Tucano Urbano, qu&rsquo;une solution a [&hellip;]","twitter_image":"http:\/\/www.leblogmoto.com\/images\/panama_tucano.jpg","twitter_misc":{"\u00c9crit par":"gregory boucaud","Dur\u00e9e de lecture estim\u00e9e":"1 minute"},"schema":{"@context":"https:\/\/schema.org","@graph":[{"@type":"WebPage","@id":"https:\/\/blogs.thesocialmedia.com\/leblogmoto\/2007\/03\/13\/ide-conso-casqu\/","url":"https:\/\/blogs.thesocialmedia.com\/leblogmoto\/2007\/03\/13\/ide-conso-casqu\/","name":"Id\u00e9e conso : Casque et tracas. - leblogmoto.com","isPartOf":{"@id":"https:\/\/blogs.thesocialmedia.com\/leblogmoto\/#website"},"primaryImageOfPage":{"@id":"https:\/\/blogs.thesocialmedia.com\/leblogmoto\/2007\/03\/13\/ide-conso-casqu\/#primaryimage"},"image":{"@id":"https:\/\/blogs.thesocialmedia.com\/leblogmoto\/2007\/03\/13\/ide-conso-casqu\/#primaryimage"},"thumbnailUrl":"http:\/\/www.leblogmoto.com\/images\/panama_tucano.jpg","datePublished":"2007-03-13T19:02:00+00:00","dateModified":"2012-07-11T14:35:08+00:00","author":{"@id":"https:\/\/blogs.thesocialmedia.com\/leblogmoto\/#\/schema\/person\/769623f89741cc3381675029a37764f8"},"breadcrumb":{"@id":"https:\/\/blogs.thesocialmedia.com\/leblogmoto\/2007\/03\/13\/ide-conso-casqu\/#breadcrumb"},"inLanguage":"fr-FR","potentialAction":[{"@type":"ReadAction","target":["https:\/\/blogs.thesocialmedia.com\/leblogmoto\/2007\/03\/13\/ide-conso-casqu\/"]}]},{"@type":"ImageObject","inLanguage":"fr-FR","@id":"https:\/\/blogs.thesocialmedia.com\/leblogmoto\/2007\/03\/13\/ide-conso-casqu\/#primaryimage","url":"http:\/\/www.leblogmoto.com\/images\/panama_tucano.jpg","contentUrl":"http:\/\/www.leblogmoto.com\/images\/panama_tucano.jpg"},{"@type":"BreadcrumbList","@id":"https:\/\/blogs.thesocialmedia.com\/leblogmoto\/2007\/03\/13\/ide-conso-casqu\/#breadcrumb","itemListElement":[{"@type":"ListItem","position":1,"name":"Accueil","item":"https:\/\/blogs.thesocialmedia.com\/leblogmoto\/"},{"@type":"ListItem","position":2,"name":"Id\u00e9e conso : Casque et tracas."}]},{"@type":"WebSite","@id":"https:\/\/blogs.thesocialmedia.com\/leblogmoto\/#website","url":"https:\/\/blogs.thesocialmedia.com\/leblogmoto\/","name":"leblogmoto","description":"Toute l&#039;actualit\u00e9 des 2 roues","potentialAction":[{"@type":"SearchAction","target":{"@type":"EntryPoint","urlTemplate":"https:\/\/blogs.thesocialmedia.com\/leblogmoto\/?s={search_term_string}"},"query-input":{"@type":"PropertyValueSpecification","valueRequired":true,"valueName":"search_term_string"}}],"inLanguage":"fr-FR"},{"@type":"Person","@id":"https:\/\/blogs.thesocialmedia.com\/leblogmoto\/#\/schema\/person\/769623f89741cc3381675029a37764f8","name":"gregory boucaud","image":{"@type":"ImageObject","inLanguage":"fr-FR","@id":"https:\/\/blogs.thesocialmedia.com\/leblogmoto\/#\/schema\/person\/image\/","url":"https:\/\/secure.gravatar.com\/avatar\/?s=96&d=mm&r=g","contentUrl":"https:\/\/secure.gravatar.com\/avatar\/?s=96&d=mm&r=g","caption":"gregory boucaud"},"url":"https:\/\/blogs.thesocialmedia.com\/leblogmoto\/author\/gregory-boucaud\/"}]}},"_links":{"self":[{"href":"https:\/\/blogs.thesocialmedia.com\/leblogmoto\/wp-json\/wp\/v2\/posts\/1484","targetHints":{"allow":["GET"]}}],"collection":[{"href":"https:\/\/blogs.thesocialmedia.com\/leblogmoto\/wp-json\/wp\/v2\/posts"}],"about":[{"href":"https:\/\/blogs.thesocialmedia.com\/leblogmoto\/wp-json\/wp\/v2\/types\/post"}],"author":[{"embeddable":true,"href":"https:\/\/blogs.thesocialmedia.com\/leblogmoto\/wp-json\/wp\/v2\/users\/329"}],"replies":[{"embeddable":true,"href":"https:\/\/blogs.thesocialmedia.com\/leblogmoto\/wp-json\/wp\/v2\/comments?post=1484"}],"version-history":[{"count":2,"href":"https:\/\/blogs.thesocialmedia.com\/leblogmoto\/wp-json\/wp\/v2\/posts\/1484\/revisions"}],"predecessor-version":[{"id":8177,"href":"https:\/\/blogs.thesocialmedia.com\/leblogmoto\/wp-json\/wp\/v2\/posts\/1484\/revisions\/8177"}],"wp:attachment":[{"href":"https:\/\/blogs.thesocialmedia.com\/leblogmoto\/wp-json\/wp\/v2\/media?parent=1484"}],"wp:term":[{"taxonomy":"category","embeddable":true,"href":"https:\/\/blogs.thesocialmedia.com\/leblogmoto\/wp-json\/wp\/v2\/categories?post=1484"},{"taxonomy":"post_tag","embeddable":true,"href":"https:\/\/blogs.thesocialmedia.com\/leblogmoto\/wp-json\/wp\/v2\/tags?post=1484"}],"curies":[{"name":"wp","href":"https:\/\/api.w.org\/{rel}","templated":true}]}}