{"id":1485,"date":"2007-03-13T18:14:48","date_gmt":"2007-03-13T18:14:48","guid":{"rendered":"http:\/\/blogs.thesocialmedia.com\/leblogmoto\/2007\/03\/13\/stage-fminin-en\/"},"modified":"2012-07-11T14:35:06","modified_gmt":"2012-07-11T14:35:06","slug":"stage-fminin-en","status":"publish","type":"post","link":"https:\/\/blogs.thesocialmedia.com\/leblogmoto\/2007\/03\/13\/stage-fminin-en\/","title":{"rendered":"Stage f\u00e9minin : Enduro ou trial?"},"content":{"rendered":"<p><a href=\"http:\/\/blogs.thesocialmedia.com\/leblogmoto\/files\/2012\/07\/ccples06_144stage.jpg\"><img loading=\"lazy\" decoding=\"async\" height=\"192\" alt=\"Ccples06_144stage\" src=\"http:\/\/www.leblogmoto.com\/images\/ccples06_144stage.jpg\" width=\"250\"  \/><\/a>&nbsp; La <a href=\"http:\/\/www.leblogmoto.com\/2007\/02\/les_femmes_auss.html\">piste<\/a> ne vous plait pas Mesdames (Mesdemoiselles)?<br \/>Vous vous sentez plut\u00f4t l&rsquo;humeur d&rsquo;une \u00e9quilibriste ou vous voulez jouer dans la poussi\u00e8re (et la boue&#8230;)? Bien l&rsquo;association  <a href=\"http:\/\/www.womensportproject.com\/\">Women Sport Project<\/a> vous propose une initiation au trial ou \u00e0 l&rsquo;enduro le week-end du 26 et 27 mai 2007 (week-end de la Pentec\u00f4te) sur l<span>e terrain de <a href=\"http:\/\/www.soucy89.com\/\">Soucy<\/a> pr\u00e8s de Sens (89100). <br \/>Ce stage est adapt\u00e9 \u00e0 tous les niveaux et vous aurez doit \u00e0 une &quot;<em>Sp\u00e9ciale herbe&quot;<\/em> qui vous permettra d&rsquo;affiner votre technique.<br \/><\/span><\/p>\n<p><a href=\"http:\/\/clabedan.typepad.com\/.shared\/image.html?\/photos\/uncategorized\/trial2.gif\"><img loading=\"lazy\" decoding=\"async\" height=\"333\" alt=\"Trial2\" src=\"http:\/\/www.leblogmoto.com\/images\/trial2.gif\" width=\"250\"  \/><\/a> <span>Un petit plus pour celles qui ont des difficult\u00e9es en m\u00e9canique, un cours sera pr\u00e9vu samedi en fin apr\u00e8s-midi afin de vous faire acqu\u00e9rir les notions de base.<br \/><\/span><br \/>En enduro, vous serez encadr\u00e9e par trois instructeurs qui sont :<br \/><span><strong>Patrice Camus<\/strong> : Moniteur brevet\u00e9 d&rsquo;Etat et professeur de m\u00e9canique. Il a une quinzaine de titre de champion de Bourgogne en cross et enduro.<br \/><strong>Gr\u00e9g Camus<\/strong> (son fils): Sp\u00e9cialiste du franchissement (Champion de France cross country en E3, 3 \u00e8me au scratch et 8 \u00e8me au Championnat de France enduro en E3 en 2006).<br \/><a href=\"http:\/\/www.womensportproject.com\/wsp.htm\">Audrey Rossat<\/a> : Une des trois meilleures f\u00e9minines en France.<\/p>\n<p>Attention, il n&rsquo;y aura que <strong>25<\/strong> places dans ce groupe.<\/span><\/p>\n<p>Pour ce qui est du trial, vous serez encadr\u00e9e par <strong>Patrick Charlier<\/strong> (Sept fois champion de France de Trial, il est souvent sollicit\u00e9 par la FFM pour encadrer des \u00e9quipes nationales).<\/p>\n<p>Attention, il n&rsquo;y aura que <strong>7<\/strong> places dans ce groupe.<\/p>\n<p>Pour finir Mesdames, si vous avez la bont\u00e9 d&rsquo;inviter votre conjoint, sachez que cela sera possible s&rsquo;il reste assez de places vacantes.<\/p>\n<p>Le tarif pour le week-end sera de 130\u20ac (repas inclus) et une remise de 15% sera effectu\u00e9e si vous \u00eates membres de la <a href=\"http:\/\/www.womensportproject.com\/\">WSP<\/a>.<\/p>\n<p><span><strong>Pour toute demande d&rsquo;infos<\/strong>:<br \/>Association Women Sport project: <strong><a href=\"mailto:info@womensportproject.com\" target=\"_blank\">info@womensportproject.com<\/a><\/strong> <br \/>ou par t\u00e9l\u00e9phonne au<strong> 01.43.80.73.09<\/strong> ou <strong>06.22.826.822<\/strong><\/span><\/p>\n<p>Source : <a href=\"http:\/\/www.womensportproject.com\/\">Women Sport Project<\/a><\/p>\n","protected":false},"excerpt":{"rendered":"<p>&nbsp; La piste ne vous plait pas Mesdames (Mesdemoiselles)?Vous vous sentez plut\u00f4t l&rsquo;humeur d&rsquo;une \u00e9quilibriste ou vous voulez jouer dans la poussi\u00e8re (et la boue&#8230;)? Bien l&rsquo;association Women Sport Project vous propose une initiation au trial ou \u00e0 l&rsquo;enduro le week-end du 26 et 27 mai 2007 (week-end de la Pentec\u00f4te) sur le terrain de [&hellip;]<\/p>\n","protected":false},"author":329,"featured_media":0,"comment_status":"open","ping_status":"open","sticky":false,"template":"","format":"standard","meta":{"footnotes":""},"categories":[3,13],"tags":[],"class_list":["post-1485","post","type-post","status-publish","format-standard","hentry","category-actualite","category-aventure"],"yoast_head":"<!-- This site is optimized with the Yoast SEO plugin v26.0 - https:\/\/yoast.com\/wordpress\/plugins\/seo\/ -->\n<title>Stage f\u00e9minin : Enduro ou trial? - leblogmoto.com<\/title>\n<meta name=\"robots\" content=\"index, follow, max-snippet:-1, max-image-preview:large, max-video-preview:-1\" \/>\n<link rel=\"canonical\" href=\"https:\/\/blogs.thesocialmedia.com\/leblogmoto\/2007\/03\/13\/stage-fminin-en\/\" \/>\n<meta name=\"twitter:card\" content=\"summary_large_image\" \/>\n<meta name=\"twitter:title\" content=\"Stage f\u00e9minin : Enduro ou trial? - leblogmoto.com\" \/>\n<meta name=\"twitter:description\" content=\"&nbsp; La piste ne vous plait pas Mesdames (Mesdemoiselles)?Vous vous sentez plut\u00f4t l&rsquo;humeur d&rsquo;une \u00e9quilibriste ou vous voulez jouer dans la poussi\u00e8re (et la boue&#8230;)? Bien l&rsquo;association Women Sport Project vous propose une initiation au trial ou \u00e0 l&rsquo;enduro le week-end du 26 et 27 mai 2007 (week-end de la Pentec\u00f4te) sur le terrain de [&hellip;]\" \/>\n<meta name=\"twitter:image\" content=\"http:\/\/www.leblogmoto.com\/images\/ccples06_144stage.jpg\" \/>\n<meta name=\"twitter:label1\" content=\"\u00c9crit par\" \/>\n\t<meta name=\"twitter:data1\" content=\"gregory boucaud\" \/>\n\t<meta name=\"twitter:label2\" content=\"Dur\u00e9e de lecture estim\u00e9e\" \/>\n\t<meta name=\"twitter:data2\" content=\"2 minutes\" \/>\n<script type=\"application\/ld+json\" class=\"yoast-schema-graph\">{\"@context\":\"https:\/\/schema.org\",\"@graph\":[{\"@type\":\"WebPage\",\"@id\":\"https:\/\/blogs.thesocialmedia.com\/leblogmoto\/2007\/03\/13\/stage-fminin-en\/\",\"url\":\"https:\/\/blogs.thesocialmedia.com\/leblogmoto\/2007\/03\/13\/stage-fminin-en\/\",\"name\":\"Stage f\u00e9minin : Enduro ou trial? - leblogmoto.com\",\"isPartOf\":{\"@id\":\"https:\/\/blogs.thesocialmedia.com\/leblogmoto\/#website\"},\"primaryImageOfPage\":{\"@id\":\"https:\/\/blogs.thesocialmedia.com\/leblogmoto\/2007\/03\/13\/stage-fminin-en\/#primaryimage\"},\"image\":{\"@id\":\"https:\/\/blogs.thesocialmedia.com\/leblogmoto\/2007\/03\/13\/stage-fminin-en\/#primaryimage\"},\"thumbnailUrl\":\"http:\/\/www.leblogmoto.com\/images\/ccples06_144stage.jpg\",\"datePublished\":\"2007-03-13T18:14:48+00:00\",\"dateModified\":\"2012-07-11T14:35:06+00:00\",\"author\":{\"@id\":\"https:\/\/blogs.thesocialmedia.com\/leblogmoto\/#\/schema\/person\/769623f89741cc3381675029a37764f8\"},\"breadcrumb\":{\"@id\":\"https:\/\/blogs.thesocialmedia.com\/leblogmoto\/2007\/03\/13\/stage-fminin-en\/#breadcrumb\"},\"inLanguage\":\"fr-FR\",\"potentialAction\":[{\"@type\":\"ReadAction\",\"target\":[\"https:\/\/blogs.thesocialmedia.com\/leblogmoto\/2007\/03\/13\/stage-fminin-en\/\"]}]},{\"@type\":\"ImageObject\",\"inLanguage\":\"fr-FR\",\"@id\":\"https:\/\/blogs.thesocialmedia.com\/leblogmoto\/2007\/03\/13\/stage-fminin-en\/#primaryimage\",\"url\":\"http:\/\/www.leblogmoto.com\/images\/ccples06_144stage.jpg\",\"contentUrl\":\"http:\/\/www.leblogmoto.com\/images\/ccples06_144stage.jpg\"},{\"@type\":\"BreadcrumbList\",\"@id\":\"https:\/\/blogs.thesocialmedia.com\/leblogmoto\/2007\/03\/13\/stage-fminin-en\/#breadcrumb\",\"itemListElement\":[{\"@type\":\"ListItem\",\"position\":1,\"name\":\"Accueil\",\"item\":\"https:\/\/blogs.thesocialmedia.com\/leblogmoto\/\"},{\"@type\":\"ListItem\",\"position\":2,\"name\":\"Stage f\u00e9minin : Enduro ou trial?\"}]},{\"@type\":\"WebSite\",\"@id\":\"https:\/\/blogs.thesocialmedia.com\/leblogmoto\/#website\",\"url\":\"https:\/\/blogs.thesocialmedia.com\/leblogmoto\/\",\"name\":\"leblogmoto\",\"description\":\"Toute l&#039;actualit\u00e9 des 2 roues\",\"potentialAction\":[{\"@type\":\"SearchAction\",\"target\":{\"@type\":\"EntryPoint\",\"urlTemplate\":\"https:\/\/blogs.thesocialmedia.com\/leblogmoto\/?s={search_term_string}\"},\"query-input\":{\"@type\":\"PropertyValueSpecification\",\"valueRequired\":true,\"valueName\":\"search_term_string\"}}],\"inLanguage\":\"fr-FR\"},{\"@type\":\"Person\",\"@id\":\"https:\/\/blogs.thesocialmedia.com\/leblogmoto\/#\/schema\/person\/769623f89741cc3381675029a37764f8\",\"name\":\"gregory boucaud\",\"image\":{\"@type\":\"ImageObject\",\"inLanguage\":\"fr-FR\",\"@id\":\"https:\/\/blogs.thesocialmedia.com\/leblogmoto\/#\/schema\/person\/image\/\",\"url\":\"https:\/\/secure.gravatar.com\/avatar\/?s=96&d=mm&r=g\",\"contentUrl\":\"https:\/\/secure.gravatar.com\/avatar\/?s=96&d=mm&r=g\",\"caption\":\"gregory boucaud\"},\"url\":\"https:\/\/blogs.thesocialmedia.com\/leblogmoto\/author\/gregory-boucaud\/\"}]}<\/script>\n<!-- \/ Yoast SEO plugin. -->","yoast_head_json":{"title":"Stage f\u00e9minin : Enduro ou trial? - leblogmoto.com","robots":{"index":"index","follow":"follow","max-snippet":"max-snippet:-1","max-image-preview":"max-image-preview:large","max-video-preview":"max-video-preview:-1"},"canonical":"https:\/\/blogs.thesocialmedia.com\/leblogmoto\/2007\/03\/13\/stage-fminin-en\/","twitter_card":"summary_large_image","twitter_title":"Stage f\u00e9minin : Enduro ou trial? - leblogmoto.com","twitter_description":"&nbsp; La piste ne vous plait pas Mesdames (Mesdemoiselles)?Vous vous sentez plut\u00f4t l&rsquo;humeur d&rsquo;une \u00e9quilibriste ou vous voulez jouer dans la poussi\u00e8re (et la boue&#8230;)? Bien l&rsquo;association Women Sport Project vous propose une initiation au trial ou \u00e0 l&rsquo;enduro le week-end du 26 et 27 mai 2007 (week-end de la Pentec\u00f4te) sur le terrain de [&hellip;]","twitter_image":"http:\/\/www.leblogmoto.com\/images\/ccples06_144stage.jpg","twitter_misc":{"\u00c9crit par":"gregory boucaud","Dur\u00e9e de lecture estim\u00e9e":"2 minutes"},"schema":{"@context":"https:\/\/schema.org","@graph":[{"@type":"WebPage","@id":"https:\/\/blogs.thesocialmedia.com\/leblogmoto\/2007\/03\/13\/stage-fminin-en\/","url":"https:\/\/blogs.thesocialmedia.com\/leblogmoto\/2007\/03\/13\/stage-fminin-en\/","name":"Stage f\u00e9minin : Enduro ou trial? - leblogmoto.com","isPartOf":{"@id":"https:\/\/blogs.thesocialmedia.com\/leblogmoto\/#website"},"primaryImageOfPage":{"@id":"https:\/\/blogs.thesocialmedia.com\/leblogmoto\/2007\/03\/13\/stage-fminin-en\/#primaryimage"},"image":{"@id":"https:\/\/blogs.thesocialmedia.com\/leblogmoto\/2007\/03\/13\/stage-fminin-en\/#primaryimage"},"thumbnailUrl":"http:\/\/www.leblogmoto.com\/images\/ccples06_144stage.jpg","datePublished":"2007-03-13T18:14:48+00:00","dateModified":"2012-07-11T14:35:06+00:00","author":{"@id":"https:\/\/blogs.thesocialmedia.com\/leblogmoto\/#\/schema\/person\/769623f89741cc3381675029a37764f8"},"breadcrumb":{"@id":"https:\/\/blogs.thesocialmedia.com\/leblogmoto\/2007\/03\/13\/stage-fminin-en\/#breadcrumb"},"inLanguage":"fr-FR","potentialAction":[{"@type":"ReadAction","target":["https:\/\/blogs.thesocialmedia.com\/leblogmoto\/2007\/03\/13\/stage-fminin-en\/"]}]},{"@type":"ImageObject","inLanguage":"fr-FR","@id":"https:\/\/blogs.thesocialmedia.com\/leblogmoto\/2007\/03\/13\/stage-fminin-en\/#primaryimage","url":"http:\/\/www.leblogmoto.com\/images\/ccples06_144stage.jpg","contentUrl":"http:\/\/www.leblogmoto.com\/images\/ccples06_144stage.jpg"},{"@type":"BreadcrumbList","@id":"https:\/\/blogs.thesocialmedia.com\/leblogmoto\/2007\/03\/13\/stage-fminin-en\/#breadcrumb","itemListElement":[{"@type":"ListItem","position":1,"name":"Accueil","item":"https:\/\/blogs.thesocialmedia.com\/leblogmoto\/"},{"@type":"ListItem","position":2,"name":"Stage f\u00e9minin : Enduro ou trial?"}]},{"@type":"WebSite","@id":"https:\/\/blogs.thesocialmedia.com\/leblogmoto\/#website","url":"https:\/\/blogs.thesocialmedia.com\/leblogmoto\/","name":"leblogmoto","description":"Toute l&#039;actualit\u00e9 des 2 roues","potentialAction":[{"@type":"SearchAction","target":{"@type":"EntryPoint","urlTemplate":"https:\/\/blogs.thesocialmedia.com\/leblogmoto\/?s={search_term_string}"},"query-input":{"@type":"PropertyValueSpecification","valueRequired":true,"valueName":"search_term_string"}}],"inLanguage":"fr-FR"},{"@type":"Person","@id":"https:\/\/blogs.thesocialmedia.com\/leblogmoto\/#\/schema\/person\/769623f89741cc3381675029a37764f8","name":"gregory boucaud","image":{"@type":"ImageObject","inLanguage":"fr-FR","@id":"https:\/\/blogs.thesocialmedia.com\/leblogmoto\/#\/schema\/person\/image\/","url":"https:\/\/secure.gravatar.com\/avatar\/?s=96&d=mm&r=g","contentUrl":"https:\/\/secure.gravatar.com\/avatar\/?s=96&d=mm&r=g","caption":"gregory boucaud"},"url":"https:\/\/blogs.thesocialmedia.com\/leblogmoto\/author\/gregory-boucaud\/"}]}},"_links":{"self":[{"href":"https:\/\/blogs.thesocialmedia.com\/leblogmoto\/wp-json\/wp\/v2\/posts\/1485","targetHints":{"allow":["GET"]}}],"collection":[{"href":"https:\/\/blogs.thesocialmedia.com\/leblogmoto\/wp-json\/wp\/v2\/posts"}],"about":[{"href":"https:\/\/blogs.thesocialmedia.com\/leblogmoto\/wp-json\/wp\/v2\/types\/post"}],"author":[{"embeddable":true,"href":"https:\/\/blogs.thesocialmedia.com\/leblogmoto\/wp-json\/wp\/v2\/users\/329"}],"replies":[{"embeddable":true,"href":"https:\/\/blogs.thesocialmedia.com\/leblogmoto\/wp-json\/wp\/v2\/comments?post=1485"}],"version-history":[{"count":2,"href":"https:\/\/blogs.thesocialmedia.com\/leblogmoto\/wp-json\/wp\/v2\/posts\/1485\/revisions"}],"predecessor-version":[{"id":8175,"href":"https:\/\/blogs.thesocialmedia.com\/leblogmoto\/wp-json\/wp\/v2\/posts\/1485\/revisions\/8175"}],"wp:attachment":[{"href":"https:\/\/blogs.thesocialmedia.com\/leblogmoto\/wp-json\/wp\/v2\/media?parent=1485"}],"wp:term":[{"taxonomy":"category","embeddable":true,"href":"https:\/\/blogs.thesocialmedia.com\/leblogmoto\/wp-json\/wp\/v2\/categories?post=1485"},{"taxonomy":"post_tag","embeddable":true,"href":"https:\/\/blogs.thesocialmedia.com\/leblogmoto\/wp-json\/wp\/v2\/tags?post=1485"}],"curies":[{"name":"wp","href":"https:\/\/api.w.org\/{rel}","templated":true}]}}