{"id":1487,"date":"2007-03-12T20:49:21","date_gmt":"2007-03-12T20:49:21","guid":{"rendered":"http:\/\/blogs.thesocialmedia.com\/leblogmoto\/2007\/03\/12\/calendrier-les\/"},"modified":"2012-07-11T14:35:03","modified_gmt":"2012-07-11T14:35:03","slug":"calendrier-les","status":"publish","type":"post","link":"https:\/\/blogs.thesocialmedia.com\/leblogmoto\/2007\/03\/12\/calendrier-les\/","title":{"rendered":"Calendrier : Les dames du Moto Endurose Canadien"},"content":{"rendered":"<p><a href=\"http:\/\/blogs.thesocialmedia.com\/leblogmoto\/files\/2012\/07\/motoendurose2007.jpg\"><img loading=\"lazy\" decoding=\"async\" width=\"250\" height=\"184\"  alt=\"Motoendurose2007\" src=\"http:\/\/www.leblogmoto.com\/images\/motoendurose2007.jpg\" style=\"margin: 0px 5px 5px 0px;float: left\" \/><\/a> En France, <a href=\"http:\/\/www.leblogmoto.com\/2007\/01\/lendurose_inter.html\">l\u2019Endurose 2007<\/a> bat de l\u2019aile, frapp\u00e9 de plein fouet par les pressions \u00e9colo-administratives. Mais alors que la mode des calendriers mettant en sc\u00e8ne tout-un-chacun, \u00e0 condition qu\u2019il ou qu\u2019elle soient d\u00e9nud\u00e9s, la nouvelle, la ravissante nouvelle nous parvient du Canada. <\/p>\n<p><strong>\u00ab <a href=\"http:\/\/www.motoendurose.com\/index2.htm\">MotoEndurose<\/a> sort enfin son calendrier 2007! \u00bb <\/strong><\/p>\n<p><a href=\"http:\/\/clabedan.typepad.com\/.shared\/image.html?\/photos\/uncategorized\/groupe2.jpg\"><img loading=\"lazy\" decoding=\"async\" width=\"250\" height=\"166\"  alt=\"Groupe2\" src=\"http:\/\/www.leblogmoto.com\/images\/groupe2.jpg\" style=\"margin: 0px 5px 5px 0px;float: left\" \/><\/a>Non, ce ne sont ni des joueurs de rugby, de foot, ni m\u00eame des boulangers ou des p\u00e2tissi\u00e8res, ce sont des motocyclistes en jupon.<\/p>\n<p> Au Canada, le <a href=\"http:\/\/www.motoendurose.com\/index2.htm\">MotoEndurose<\/a> c\u2019est aussi une affaire de dames, de dames de c\u0153ur, qui parcourent au guidon de leurs machines un itin\u00e9raire de 1 600 km en 24 heures dans l\u2019unique but de sensibiliser \u00e0 la lutte contre le cancer du sein et de r\u00e9colter des fonds en faveur de <a href=\"http:\/\/www.rubanrose.org\/\">&quot;Ruban Rose&quot;<\/a>, la Fondation qui le combat au Qu\u00e9bec. Juste cause messieurs, quand on apprend qu&rsquo;une femme sur neuf est touch\u00e9e par ce fl\u00e9au.<\/p>\n<p>Esp\u00e9rant atteindre l\u2019objectif de 6000$ en fonds amass\u00e9s, la charmante \u00e9quipe s\u2019est pr\u00eat\u00e9e \u00e0 l\u2019objectif d\u2019un photographe professionnel et le calendrier est aujourd\u2019hui en vente au prix de 12 $, soit 8,4 \u20ac.<\/p>\n<p> Vous pourrez vous le procurer en suivant ce lien : <a href=\"http:\/\/www.motoendurose.com\/passion\/index.htm\">Calendrier MotoEndurose<\/a><\/p>\n","protected":false},"excerpt":{"rendered":"<p>En France, l\u2019Endurose 2007 bat de l\u2019aile, frapp\u00e9 de plein fouet par les pressions \u00e9colo-administratives. Mais alors que la mode des calendriers mettant en sc\u00e8ne tout-un-chacun, \u00e0 condition qu\u2019il ou qu\u2019elle soient d\u00e9nud\u00e9s, la nouvelle, la ravissante nouvelle nous parvient du Canada. \u00ab MotoEndurose sort enfin son calendrier 2007! \u00bb Non, ce ne sont ni [&hellip;]<\/p>\n","protected":false},"author":333,"featured_media":0,"comment_status":"open","ping_status":"open","sticky":false,"template":"","format":"standard","meta":{"footnotes":""},"categories":[3],"tags":[],"class_list":["post-1487","post","type-post","status-publish","format-standard","hentry","category-actualite"],"yoast_head":"<!-- This site is optimized with the Yoast SEO plugin v26.0 - https:\/\/yoast.com\/wordpress\/plugins\/seo\/ -->\n<title>Calendrier : Les dames du Moto Endurose Canadien - leblogmoto.com<\/title>\n<meta name=\"robots\" content=\"index, follow, max-snippet:-1, max-image-preview:large, max-video-preview:-1\" \/>\n<link rel=\"canonical\" href=\"https:\/\/blogs.thesocialmedia.com\/leblogmoto\/2007\/03\/12\/calendrier-les\/\" \/>\n<meta name=\"twitter:card\" content=\"summary_large_image\" \/>\n<meta name=\"twitter:title\" content=\"Calendrier : Les dames du Moto Endurose Canadien - leblogmoto.com\" \/>\n<meta name=\"twitter:description\" content=\"En France, l\u2019Endurose 2007 bat de l\u2019aile, frapp\u00e9 de plein fouet par les pressions \u00e9colo-administratives. Mais alors que la mode des calendriers mettant en sc\u00e8ne tout-un-chacun, \u00e0 condition qu\u2019il ou qu\u2019elle soient d\u00e9nud\u00e9s, la nouvelle, la ravissante nouvelle nous parvient du Canada. \u00ab MotoEndurose sort enfin son calendrier 2007! \u00bb Non, ce ne sont ni [&hellip;]\" \/>\n<meta name=\"twitter:image\" content=\"http:\/\/www.leblogmoto.com\/images\/motoendurose2007.jpg\" \/>\n<meta name=\"twitter:label1\" content=\"\u00c9crit par\" \/>\n\t<meta name=\"twitter:data1\" content=\"christian tirat\" \/>\n\t<meta name=\"twitter:label2\" content=\"Dur\u00e9e de lecture estim\u00e9e\" \/>\n\t<meta name=\"twitter:data2\" content=\"1 minute\" \/>\n<script type=\"application\/ld+json\" class=\"yoast-schema-graph\">{\"@context\":\"https:\/\/schema.org\",\"@graph\":[{\"@type\":\"WebPage\",\"@id\":\"https:\/\/blogs.thesocialmedia.com\/leblogmoto\/2007\/03\/12\/calendrier-les\/\",\"url\":\"https:\/\/blogs.thesocialmedia.com\/leblogmoto\/2007\/03\/12\/calendrier-les\/\",\"name\":\"Calendrier : Les dames du Moto Endurose Canadien - leblogmoto.com\",\"isPartOf\":{\"@id\":\"https:\/\/blogs.thesocialmedia.com\/leblogmoto\/#website\"},\"primaryImageOfPage\":{\"@id\":\"https:\/\/blogs.thesocialmedia.com\/leblogmoto\/2007\/03\/12\/calendrier-les\/#primaryimage\"},\"image\":{\"@id\":\"https:\/\/blogs.thesocialmedia.com\/leblogmoto\/2007\/03\/12\/calendrier-les\/#primaryimage\"},\"thumbnailUrl\":\"http:\/\/www.leblogmoto.com\/images\/motoendurose2007.jpg\",\"datePublished\":\"2007-03-12T20:49:21+00:00\",\"dateModified\":\"2012-07-11T14:35:03+00:00\",\"author\":{\"@id\":\"https:\/\/blogs.thesocialmedia.com\/leblogmoto\/#\/schema\/person\/90b2f8fd0d5a2cede2580e95fc79c6c0\"},\"breadcrumb\":{\"@id\":\"https:\/\/blogs.thesocialmedia.com\/leblogmoto\/2007\/03\/12\/calendrier-les\/#breadcrumb\"},\"inLanguage\":\"fr-FR\",\"potentialAction\":[{\"@type\":\"ReadAction\",\"target\":[\"https:\/\/blogs.thesocialmedia.com\/leblogmoto\/2007\/03\/12\/calendrier-les\/\"]}]},{\"@type\":\"ImageObject\",\"inLanguage\":\"fr-FR\",\"@id\":\"https:\/\/blogs.thesocialmedia.com\/leblogmoto\/2007\/03\/12\/calendrier-les\/#primaryimage\",\"url\":\"http:\/\/www.leblogmoto.com\/images\/motoendurose2007.jpg\",\"contentUrl\":\"http:\/\/www.leblogmoto.com\/images\/motoendurose2007.jpg\"},{\"@type\":\"BreadcrumbList\",\"@id\":\"https:\/\/blogs.thesocialmedia.com\/leblogmoto\/2007\/03\/12\/calendrier-les\/#breadcrumb\",\"itemListElement\":[{\"@type\":\"ListItem\",\"position\":1,\"name\":\"Accueil\",\"item\":\"https:\/\/blogs.thesocialmedia.com\/leblogmoto\/\"},{\"@type\":\"ListItem\",\"position\":2,\"name\":\"Calendrier : Les dames du Moto Endurose Canadien\"}]},{\"@type\":\"WebSite\",\"@id\":\"https:\/\/blogs.thesocialmedia.com\/leblogmoto\/#website\",\"url\":\"https:\/\/blogs.thesocialmedia.com\/leblogmoto\/\",\"name\":\"leblogmoto\",\"description\":\"Toute l&#039;actualit\u00e9 des 2 roues\",\"potentialAction\":[{\"@type\":\"SearchAction\",\"target\":{\"@type\":\"EntryPoint\",\"urlTemplate\":\"https:\/\/blogs.thesocialmedia.com\/leblogmoto\/?s={search_term_string}\"},\"query-input\":{\"@type\":\"PropertyValueSpecification\",\"valueRequired\":true,\"valueName\":\"search_term_string\"}}],\"inLanguage\":\"fr-FR\"},{\"@type\":\"Person\",\"@id\":\"https:\/\/blogs.thesocialmedia.com\/leblogmoto\/#\/schema\/person\/90b2f8fd0d5a2cede2580e95fc79c6c0\",\"name\":\"christian tirat\",\"image\":{\"@type\":\"ImageObject\",\"inLanguage\":\"fr-FR\",\"@id\":\"https:\/\/blogs.thesocialmedia.com\/leblogmoto\/#\/schema\/person\/image\/\",\"url\":\"https:\/\/secure.gravatar.com\/avatar\/?s=96&d=mm&r=g\",\"contentUrl\":\"https:\/\/secure.gravatar.com\/avatar\/?s=96&d=mm&r=g\",\"caption\":\"christian tirat\"},\"url\":\"https:\/\/blogs.thesocialmedia.com\/leblogmoto\/author\/christian-tirat\/\"}]}<\/script>\n<!-- \/ Yoast SEO plugin. -->","yoast_head_json":{"title":"Calendrier : Les dames du Moto Endurose Canadien - leblogmoto.com","robots":{"index":"index","follow":"follow","max-snippet":"max-snippet:-1","max-image-preview":"max-image-preview:large","max-video-preview":"max-video-preview:-1"},"canonical":"https:\/\/blogs.thesocialmedia.com\/leblogmoto\/2007\/03\/12\/calendrier-les\/","twitter_card":"summary_large_image","twitter_title":"Calendrier : Les dames du Moto Endurose Canadien - leblogmoto.com","twitter_description":"En France, l\u2019Endurose 2007 bat de l\u2019aile, frapp\u00e9 de plein fouet par les pressions \u00e9colo-administratives. Mais alors que la mode des calendriers mettant en sc\u00e8ne tout-un-chacun, \u00e0 condition qu\u2019il ou qu\u2019elle soient d\u00e9nud\u00e9s, la nouvelle, la ravissante nouvelle nous parvient du Canada. \u00ab MotoEndurose sort enfin son calendrier 2007! \u00bb Non, ce ne sont ni [&hellip;]","twitter_image":"http:\/\/www.leblogmoto.com\/images\/motoendurose2007.jpg","twitter_misc":{"\u00c9crit par":"christian tirat","Dur\u00e9e de lecture estim\u00e9e":"1 minute"},"schema":{"@context":"https:\/\/schema.org","@graph":[{"@type":"WebPage","@id":"https:\/\/blogs.thesocialmedia.com\/leblogmoto\/2007\/03\/12\/calendrier-les\/","url":"https:\/\/blogs.thesocialmedia.com\/leblogmoto\/2007\/03\/12\/calendrier-les\/","name":"Calendrier : Les dames du Moto Endurose Canadien - leblogmoto.com","isPartOf":{"@id":"https:\/\/blogs.thesocialmedia.com\/leblogmoto\/#website"},"primaryImageOfPage":{"@id":"https:\/\/blogs.thesocialmedia.com\/leblogmoto\/2007\/03\/12\/calendrier-les\/#primaryimage"},"image":{"@id":"https:\/\/blogs.thesocialmedia.com\/leblogmoto\/2007\/03\/12\/calendrier-les\/#primaryimage"},"thumbnailUrl":"http:\/\/www.leblogmoto.com\/images\/motoendurose2007.jpg","datePublished":"2007-03-12T20:49:21+00:00","dateModified":"2012-07-11T14:35:03+00:00","author":{"@id":"https:\/\/blogs.thesocialmedia.com\/leblogmoto\/#\/schema\/person\/90b2f8fd0d5a2cede2580e95fc79c6c0"},"breadcrumb":{"@id":"https:\/\/blogs.thesocialmedia.com\/leblogmoto\/2007\/03\/12\/calendrier-les\/#breadcrumb"},"inLanguage":"fr-FR","potentialAction":[{"@type":"ReadAction","target":["https:\/\/blogs.thesocialmedia.com\/leblogmoto\/2007\/03\/12\/calendrier-les\/"]}]},{"@type":"ImageObject","inLanguage":"fr-FR","@id":"https:\/\/blogs.thesocialmedia.com\/leblogmoto\/2007\/03\/12\/calendrier-les\/#primaryimage","url":"http:\/\/www.leblogmoto.com\/images\/motoendurose2007.jpg","contentUrl":"http:\/\/www.leblogmoto.com\/images\/motoendurose2007.jpg"},{"@type":"BreadcrumbList","@id":"https:\/\/blogs.thesocialmedia.com\/leblogmoto\/2007\/03\/12\/calendrier-les\/#breadcrumb","itemListElement":[{"@type":"ListItem","position":1,"name":"Accueil","item":"https:\/\/blogs.thesocialmedia.com\/leblogmoto\/"},{"@type":"ListItem","position":2,"name":"Calendrier : Les dames du Moto Endurose Canadien"}]},{"@type":"WebSite","@id":"https:\/\/blogs.thesocialmedia.com\/leblogmoto\/#website","url":"https:\/\/blogs.thesocialmedia.com\/leblogmoto\/","name":"leblogmoto","description":"Toute l&#039;actualit\u00e9 des 2 roues","potentialAction":[{"@type":"SearchAction","target":{"@type":"EntryPoint","urlTemplate":"https:\/\/blogs.thesocialmedia.com\/leblogmoto\/?s={search_term_string}"},"query-input":{"@type":"PropertyValueSpecification","valueRequired":true,"valueName":"search_term_string"}}],"inLanguage":"fr-FR"},{"@type":"Person","@id":"https:\/\/blogs.thesocialmedia.com\/leblogmoto\/#\/schema\/person\/90b2f8fd0d5a2cede2580e95fc79c6c0","name":"christian tirat","image":{"@type":"ImageObject","inLanguage":"fr-FR","@id":"https:\/\/blogs.thesocialmedia.com\/leblogmoto\/#\/schema\/person\/image\/","url":"https:\/\/secure.gravatar.com\/avatar\/?s=96&d=mm&r=g","contentUrl":"https:\/\/secure.gravatar.com\/avatar\/?s=96&d=mm&r=g","caption":"christian tirat"},"url":"https:\/\/blogs.thesocialmedia.com\/leblogmoto\/author\/christian-tirat\/"}]}},"_links":{"self":[{"href":"https:\/\/blogs.thesocialmedia.com\/leblogmoto\/wp-json\/wp\/v2\/posts\/1487","targetHints":{"allow":["GET"]}}],"collection":[{"href":"https:\/\/blogs.thesocialmedia.com\/leblogmoto\/wp-json\/wp\/v2\/posts"}],"about":[{"href":"https:\/\/blogs.thesocialmedia.com\/leblogmoto\/wp-json\/wp\/v2\/types\/post"}],"author":[{"embeddable":true,"href":"https:\/\/blogs.thesocialmedia.com\/leblogmoto\/wp-json\/wp\/v2\/users\/333"}],"replies":[{"embeddable":true,"href":"https:\/\/blogs.thesocialmedia.com\/leblogmoto\/wp-json\/wp\/v2\/comments?post=1487"}],"version-history":[{"count":2,"href":"https:\/\/blogs.thesocialmedia.com\/leblogmoto\/wp-json\/wp\/v2\/posts\/1487\/revisions"}],"predecessor-version":[{"id":8171,"href":"https:\/\/blogs.thesocialmedia.com\/leblogmoto\/wp-json\/wp\/v2\/posts\/1487\/revisions\/8171"}],"wp:attachment":[{"href":"https:\/\/blogs.thesocialmedia.com\/leblogmoto\/wp-json\/wp\/v2\/media?parent=1487"}],"wp:term":[{"taxonomy":"category","embeddable":true,"href":"https:\/\/blogs.thesocialmedia.com\/leblogmoto\/wp-json\/wp\/v2\/categories?post=1487"},{"taxonomy":"post_tag","embeddable":true,"href":"https:\/\/blogs.thesocialmedia.com\/leblogmoto\/wp-json\/wp\/v2\/tags?post=1487"}],"curies":[{"name":"wp","href":"https:\/\/api.w.org\/{rel}","templated":true}]}}