{"id":1488,"date":"2007-03-12T19:20:51","date_gmt":"2007-03-12T19:20:51","guid":{"rendered":"http:\/\/blogs.thesocialmedia.com\/leblogmoto\/2007\/03\/12\/carver-one-voit\/"},"modified":"2012-07-11T14:35:00","modified_gmt":"2012-07-11T14:35:00","slug":"carver-one-voit","status":"publish","type":"post","link":"https:\/\/blogs.thesocialmedia.com\/leblogmoto\/2007\/03\/12\/carver-one-voit\/","title":{"rendered":"Carver One : voiture et moto, c\u2019est le tricycle Batave"},"content":{"rendered":"<p><a href=\"http:\/\/blogs.thesocialmedia.com\/leblogmoto\/files\/2012\/07\/d7u056911112006164552.jpg\"><img loading=\"lazy\" decoding=\"async\" width=\"250\" height=\"167\"  src=\"http:\/\/www.leblogmoto.com\/images\/_d7u056911112006164552.jpg\" alt=\"_d7u056911112006164552\" style=\"margin: 0px 5px 5px 0px;float: left\" \/><\/a> Le Salon de Gen\u00e8ve d\u00e9voile souvent des machines originales, voire improbables. Il ne d\u00e9roge pas \u00e0 la r\u00e8gle cette ann\u00e9e en pr\u00e9sentant la version aboutie du <a href=\"http:\/\/www.carver-worldwide.com\/Home\/Index.asp?nc=1\">Carver One<\/a>, un engin mi-auto mi-moto de fabrication Hollandaise. Contrairement \u00e0 la tendance du \u00ab deux-devant une-derri\u00e8re \u00bb ce tricycle biplace carross\u00e9 est dot\u00e9 d\u2019une roue \u00e0 l\u2019avant et deux \u00e0 l\u2019arri\u00e8re. <\/p>\n<p><a href=\"http:\/\/clabedan.typepad.com\/.shared\/image.html?\/photos\/uncategorized\/carver_one_9_home_1.jpg\"><img loading=\"lazy\" decoding=\"async\" width=\"250\" height=\"135\"  alt=\"Carver_one_9_home_1\" src=\"http:\/\/www.leblogmoto.com\/images\/carver_one_9_home_1.jpg\" style=\"margin: 0px 5px 5px 0px;float: left\" \/><\/a> Comme une moto, il se penche dans les virages et peut accueillir un passager. L\u00e0 s\u2019arr\u00eate sans doute la comparaison car point de guidon mais un volant pour diriger la b\u00eate dans laquelle on est assis non pas sur une selle mais allong\u00e9 dans un si\u00e8ge de style baquet.<\/p>\n<p><strong>Extraterrestre<\/strong><\/p>\n<p><a href=\"http:\/\/blogs.thesocialmedia.com\/leblogmoto\/files\/2012\/07\/t1kantelrechtszw11112006163955_1.jpg\"><img loading=\"lazy\" decoding=\"async\" width=\"250\" height=\"167\"  alt=\"T1kantelrechtszw11112006163955_1\" src=\"http:\/\/www.leblogmoto.com\/images\/t1kantelrechtszw11112006163955_1.jpg\" style=\"margin: 0px 5px 5px 0px;float: left\" \/><\/a> Le fuselage dont l&rsquo;avant tr\u00e8s profil\u00e9 \u00e9voque un avion de chasse qui aurait pris une rafale ne manquera pas d\u2019interpeller les passants. Au fond des campagnes il faudra se garder des coups de fusils de chasseurs croyant voir passer <a href=\"http:\/\/blogs.thesocialmedia.com\/leblogmoto\/files\/2012\/07\/t3kantelachter11112006164019_1.jpg\"><img loading=\"lazy\" decoding=\"async\" width=\"250\" height=\"167\"  alt=\"T3kantelachter11112006164019_1\" src=\"http:\/\/www.leblogmoto.com\/images\/t3kantelachter11112006164019_1.jpg\" style=\"margin: 0px 5px 5px 0px;float: left\" \/><\/a> des envahisseurs venus d\u2019une autre galaxie. Pour \u00e9viter les balles, le Carver peut prendre en courbes un angle de 45\u00b0 maximum gr\u00e2ce au syst\u00e8me hydrom\u00e9canique DVC\u2122 (Dynamic Vehicle Control) qui ajuste l&rsquo;inclinaison du cockpit \u00e0 la vitesse et \u00e0 l&rsquo;acc\u00e9l\u00e9ration du v\u00e9hicule. Le DVC\u2122 agit en outre sur l\u2019angle de la roue avant pour assurer l\u2019\u00e9quilibre de l\u2019ensemble.<br \/> Mais gare aux routes mouill\u00e9es, le Carver d\u00e9teste la pluie (un comble pour une machine venue du Plat Pays !) Ne paniquez pas en contrebraquant car selon le constructeur la cabine pourrait r\u00e9agir par un violent mouvement qui risque de casser le bras de roue avant (rien que \u00e7a !)<\/p>\n<p><strong> Prise en main, pilotage<\/strong><\/p>\n<p> Toujours selon le constructeur, \u00ab Il est important de ne jamais l\u00e2cher le volant. Vous le poussez pour tourner. Interdiction de le laisser glisser entre les mains. Si vous partez en survirage, ne contrebraquez pas brusquement, allez-y doucement et rel\u00e2chez simplement les gaz. \u00bb ah !<br \/><a href=\"http:\/\/blogs.thesocialmedia.com\/leblogmoto\/files\/2012\/07\/d13rekje11112006163728.jpg\"><img loading=\"lazy\" decoding=\"async\" width=\"250\" height=\"167\"  alt=\"D13rekje11112006163728\" src=\"http:\/\/www.leblogmoto.com\/images\/d13rekje11112006163728.jpg\" style=\"margin: 0px 5px 5px 0px;float: left\" \/><\/a> En marche arri\u00e8re, car il en poss\u00e8de une, comme en marche avant (5 vitesses) l\u2019engin ne s\u2019incline pas \u00e0 moins de 10 km\/h. Mais quand surviennent les courbes, les \u00ab pif-paf \u00bb et autres ronds-points, pilotes et passager sont ballott\u00e9s par l\u2019inclinaison d\u00e9routante du cockpit, le pilote devant en outre \u00ab repenser \u00bb en permanence sa trajectoire. Selon nos confr\u00e8res de <a href=\"http:\/\/www.vroom.be\/fr\/essais-autos-nouveautes\/260_carver-one.asp\">Vroom.be<\/a> qui ont pu l\u2019essayer, Il serait difficile de r\u00e9ussir un virage parfait durant les premiers tours de roues, ce qui laisse augurer un indispensable apprentissage sur circuit avant de se lancer sur route ouverte. D\u00e9tail \u00ab rassurant \u00bb \u2026ou cocasse : dans le cas o\u00f9 vous ne sauriez pas que la machine penche, ce qui para\u00eet douteux, des lumi\u00e8res vertes, oranges et rouges indiquent que vous prenez de l\u2019angle. Au rouge vous approchez de l\u2019inclinaison maximale. <br \/> <strong><br \/>Street legal ?<\/strong><\/p>\n<p> L\u2019immatriculation et l\u2019assurance devraient \u00eatre celles d\u2019une moto et le permis B suffit (en Belgique). <\/p>\n<p><strong><a href=\"http:\/\/clabedan.typepad.com\/.shared\/image.html?\/photos\/uncategorized\/_d7u198611112006164845.jpg\"><img loading=\"lazy\" decoding=\"async\" width=\"250\" height=\"167\"  alt=\"_d7u198611112006164845\" src=\"http:\/\/www.leblogmoto.com\/images\/_d7u198611112006164845.jpg\" style=\"margin: 0px 5px 5px 0px;float: left\" \/><\/a> Technique et gabarit<\/strong><\/p>\n<p> Le moteur Daihatsu 4 cylindres, 659 cc de 68 chevaux (85 ch en option) est plac\u00e9 entre les roues arri\u00e8re. Le rapport poids\/puissance favorable (670 kg ) permet des acc\u00e9l\u00e9rations satisfaisantes avec un 0-100 en 8,2 secondes et une vitesse de pointe de 185 km\/h pour une consommation moyenne annonc\u00e9e de 6 l aux 100 km. L\u2019ensemble est ralenti par trois freins \u00e0 disque.<\/p>\n<p><strong> <a href=\"http:\/\/blogs.thesocialmedia.com\/leblogmoto\/files\/2012\/07\/i6interieurvooraan11112006163955.jpg\"><img loading=\"lazy\" decoding=\"async\" width=\"250\" height=\"167\"  alt=\"I6interieurvooraan11112006163955\" src=\"http:\/\/www.leblogmoto.com\/images\/i6interieurvooraan11112006163955.jpg\" style=\"margin: 0px 5px 5px 0px;float: left\" \/><\/a> Usage<\/strong><\/p>\n<p> Peu confortable et peu pratique, il est aussi difficile d\u2019y entrer que d\u2019en sortir. Le Carver One est destin\u00e9 \u00e0 \u00ab en jeter \u00bb, frime assur\u00e9e sur tous les terrains. Mais \u00e0 36.300 \u20ac le morceau, il faudra aussi admettre que sa maniabilit\u00e9 et son encombrement ne valent pas mieux qu\u2019une Smart bien que ses dimentions soient r\u00e9duites \u00e0 3,40 m de long et seulement 1,30 m de large. <br \/> Mais \u00e0 qui s\u2019adresse cette <strong><em>\u00ab moiture \u00bb<\/em><\/strong> amusante, originale et inutile ?<\/p>\n<p>Photos: <a href=\"http:\/\/www.carver-worldwide.com\/Home\/Index.asp?nc=1\">constructeur<\/a><\/p>\n<p>Source: <a href=\"http:\/\/www.vroom.be\/fr\/essais-autos-nouveautes\/260_carver-one.asp\">Vroom.be<\/a> &amp; <a href=\"http:\/\/www.carver-worldwide.com\/Home\/Index.asp?nc=1\">constructeur<\/a><\/p>\n","protected":false},"excerpt":{"rendered":"<p>Le Salon de Gen\u00e8ve d\u00e9voile souvent des machines originales, voire improbables. Il ne d\u00e9roge pas \u00e0 la r\u00e8gle cette ann\u00e9e en pr\u00e9sentant la version aboutie du Carver One, un engin mi-auto mi-moto de fabrication Hollandaise. Contrairement \u00e0 la tendance du \u00ab deux-devant une-derri\u00e8re \u00bb ce tricycle biplace carross\u00e9 est dot\u00e9 d\u2019une roue \u00e0 l\u2019avant et [&hellip;]<\/p>\n","protected":false},"author":333,"featured_media":0,"comment_status":"open","ping_status":"open","sticky":false,"template":"","format":"standard","meta":{"footnotes":""},"categories":[52],"tags":[],"class_list":["post-1488","post","type-post","status-publish","format-standard","hentry","category-trike"],"yoast_head":"<!-- This site is optimized with the Yoast SEO plugin v26.0 - https:\/\/yoast.com\/wordpress\/plugins\/seo\/ -->\n<title>Carver One : voiture et moto, c\u2019est le tricycle Batave - leblogmoto.com<\/title>\n<meta name=\"robots\" content=\"index, follow, max-snippet:-1, max-image-preview:large, max-video-preview:-1\" \/>\n<link rel=\"canonical\" href=\"https:\/\/blogs.thesocialmedia.com\/leblogmoto\/2007\/03\/12\/carver-one-voit\/\" \/>\n<meta name=\"twitter:card\" content=\"summary_large_image\" \/>\n<meta name=\"twitter:title\" content=\"Carver One : voiture et moto, c\u2019est le tricycle Batave - leblogmoto.com\" \/>\n<meta name=\"twitter:description\" content=\"Le Salon de Gen\u00e8ve d\u00e9voile souvent des machines originales, voire improbables. Il ne d\u00e9roge pas \u00e0 la r\u00e8gle cette ann\u00e9e en pr\u00e9sentant la version aboutie du Carver One, un engin mi-auto mi-moto de fabrication Hollandaise. Contrairement \u00e0 la tendance du \u00ab deux-devant une-derri\u00e8re \u00bb ce tricycle biplace carross\u00e9 est dot\u00e9 d\u2019une roue \u00e0 l\u2019avant et [&hellip;]\" \/>\n<meta name=\"twitter:image\" content=\"http:\/\/www.leblogmoto.com\/images\/_d7u056911112006164552.jpg\" \/>\n<meta name=\"twitter:label1\" content=\"\u00c9crit par\" \/>\n\t<meta name=\"twitter:data1\" content=\"christian tirat\" \/>\n\t<meta name=\"twitter:label2\" content=\"Dur\u00e9e de lecture estim\u00e9e\" \/>\n\t<meta name=\"twitter:data2\" content=\"3 minutes\" \/>\n<script type=\"application\/ld+json\" class=\"yoast-schema-graph\">{\"@context\":\"https:\/\/schema.org\",\"@graph\":[{\"@type\":\"WebPage\",\"@id\":\"https:\/\/blogs.thesocialmedia.com\/leblogmoto\/2007\/03\/12\/carver-one-voit\/\",\"url\":\"https:\/\/blogs.thesocialmedia.com\/leblogmoto\/2007\/03\/12\/carver-one-voit\/\",\"name\":\"Carver One : voiture et moto, c\u2019est le tricycle Batave - leblogmoto.com\",\"isPartOf\":{\"@id\":\"https:\/\/blogs.thesocialmedia.com\/leblogmoto\/#website\"},\"primaryImageOfPage\":{\"@id\":\"https:\/\/blogs.thesocialmedia.com\/leblogmoto\/2007\/03\/12\/carver-one-voit\/#primaryimage\"},\"image\":{\"@id\":\"https:\/\/blogs.thesocialmedia.com\/leblogmoto\/2007\/03\/12\/carver-one-voit\/#primaryimage\"},\"thumbnailUrl\":\"http:\/\/www.leblogmoto.com\/images\/_d7u056911112006164552.jpg\",\"datePublished\":\"2007-03-12T19:20:51+00:00\",\"dateModified\":\"2012-07-11T14:35:00+00:00\",\"author\":{\"@id\":\"https:\/\/blogs.thesocialmedia.com\/leblogmoto\/#\/schema\/person\/90b2f8fd0d5a2cede2580e95fc79c6c0\"},\"breadcrumb\":{\"@id\":\"https:\/\/blogs.thesocialmedia.com\/leblogmoto\/2007\/03\/12\/carver-one-voit\/#breadcrumb\"},\"inLanguage\":\"fr-FR\",\"potentialAction\":[{\"@type\":\"ReadAction\",\"target\":[\"https:\/\/blogs.thesocialmedia.com\/leblogmoto\/2007\/03\/12\/carver-one-voit\/\"]}]},{\"@type\":\"ImageObject\",\"inLanguage\":\"fr-FR\",\"@id\":\"https:\/\/blogs.thesocialmedia.com\/leblogmoto\/2007\/03\/12\/carver-one-voit\/#primaryimage\",\"url\":\"http:\/\/www.leblogmoto.com\/images\/_d7u056911112006164552.jpg\",\"contentUrl\":\"http:\/\/www.leblogmoto.com\/images\/_d7u056911112006164552.jpg\"},{\"@type\":\"BreadcrumbList\",\"@id\":\"https:\/\/blogs.thesocialmedia.com\/leblogmoto\/2007\/03\/12\/carver-one-voit\/#breadcrumb\",\"itemListElement\":[{\"@type\":\"ListItem\",\"position\":1,\"name\":\"Accueil\",\"item\":\"https:\/\/blogs.thesocialmedia.com\/leblogmoto\/\"},{\"@type\":\"ListItem\",\"position\":2,\"name\":\"Carver One : voiture et moto, c\u2019est le tricycle Batave\"}]},{\"@type\":\"WebSite\",\"@id\":\"https:\/\/blogs.thesocialmedia.com\/leblogmoto\/#website\",\"url\":\"https:\/\/blogs.thesocialmedia.com\/leblogmoto\/\",\"name\":\"leblogmoto\",\"description\":\"Toute l&#039;actualit\u00e9 des 2 roues\",\"potentialAction\":[{\"@type\":\"SearchAction\",\"target\":{\"@type\":\"EntryPoint\",\"urlTemplate\":\"https:\/\/blogs.thesocialmedia.com\/leblogmoto\/?s={search_term_string}\"},\"query-input\":{\"@type\":\"PropertyValueSpecification\",\"valueRequired\":true,\"valueName\":\"search_term_string\"}}],\"inLanguage\":\"fr-FR\"},{\"@type\":\"Person\",\"@id\":\"https:\/\/blogs.thesocialmedia.com\/leblogmoto\/#\/schema\/person\/90b2f8fd0d5a2cede2580e95fc79c6c0\",\"name\":\"christian tirat\",\"image\":{\"@type\":\"ImageObject\",\"inLanguage\":\"fr-FR\",\"@id\":\"https:\/\/blogs.thesocialmedia.com\/leblogmoto\/#\/schema\/person\/image\/\",\"url\":\"https:\/\/secure.gravatar.com\/avatar\/?s=96&d=mm&r=g\",\"contentUrl\":\"https:\/\/secure.gravatar.com\/avatar\/?s=96&d=mm&r=g\",\"caption\":\"christian tirat\"},\"url\":\"https:\/\/blogs.thesocialmedia.com\/leblogmoto\/author\/christian-tirat\/\"}]}<\/script>\n<!-- \/ Yoast SEO plugin. -->","yoast_head_json":{"title":"Carver One : voiture et moto, c\u2019est le tricycle Batave - leblogmoto.com","robots":{"index":"index","follow":"follow","max-snippet":"max-snippet:-1","max-image-preview":"max-image-preview:large","max-video-preview":"max-video-preview:-1"},"canonical":"https:\/\/blogs.thesocialmedia.com\/leblogmoto\/2007\/03\/12\/carver-one-voit\/","twitter_card":"summary_large_image","twitter_title":"Carver One : voiture et moto, c\u2019est le tricycle Batave - leblogmoto.com","twitter_description":"Le Salon de Gen\u00e8ve d\u00e9voile souvent des machines originales, voire improbables. Il ne d\u00e9roge pas \u00e0 la r\u00e8gle cette ann\u00e9e en pr\u00e9sentant la version aboutie du Carver One, un engin mi-auto mi-moto de fabrication Hollandaise. Contrairement \u00e0 la tendance du \u00ab deux-devant une-derri\u00e8re \u00bb ce tricycle biplace carross\u00e9 est dot\u00e9 d\u2019une roue \u00e0 l\u2019avant et [&hellip;]","twitter_image":"http:\/\/www.leblogmoto.com\/images\/_d7u056911112006164552.jpg","twitter_misc":{"\u00c9crit par":"christian tirat","Dur\u00e9e de lecture estim\u00e9e":"3 minutes"},"schema":{"@context":"https:\/\/schema.org","@graph":[{"@type":"WebPage","@id":"https:\/\/blogs.thesocialmedia.com\/leblogmoto\/2007\/03\/12\/carver-one-voit\/","url":"https:\/\/blogs.thesocialmedia.com\/leblogmoto\/2007\/03\/12\/carver-one-voit\/","name":"Carver One : voiture et moto, c\u2019est le tricycle Batave - leblogmoto.com","isPartOf":{"@id":"https:\/\/blogs.thesocialmedia.com\/leblogmoto\/#website"},"primaryImageOfPage":{"@id":"https:\/\/blogs.thesocialmedia.com\/leblogmoto\/2007\/03\/12\/carver-one-voit\/#primaryimage"},"image":{"@id":"https:\/\/blogs.thesocialmedia.com\/leblogmoto\/2007\/03\/12\/carver-one-voit\/#primaryimage"},"thumbnailUrl":"http:\/\/www.leblogmoto.com\/images\/_d7u056911112006164552.jpg","datePublished":"2007-03-12T19:20:51+00:00","dateModified":"2012-07-11T14:35:00+00:00","author":{"@id":"https:\/\/blogs.thesocialmedia.com\/leblogmoto\/#\/schema\/person\/90b2f8fd0d5a2cede2580e95fc79c6c0"},"breadcrumb":{"@id":"https:\/\/blogs.thesocialmedia.com\/leblogmoto\/2007\/03\/12\/carver-one-voit\/#breadcrumb"},"inLanguage":"fr-FR","potentialAction":[{"@type":"ReadAction","target":["https:\/\/blogs.thesocialmedia.com\/leblogmoto\/2007\/03\/12\/carver-one-voit\/"]}]},{"@type":"ImageObject","inLanguage":"fr-FR","@id":"https:\/\/blogs.thesocialmedia.com\/leblogmoto\/2007\/03\/12\/carver-one-voit\/#primaryimage","url":"http:\/\/www.leblogmoto.com\/images\/_d7u056911112006164552.jpg","contentUrl":"http:\/\/www.leblogmoto.com\/images\/_d7u056911112006164552.jpg"},{"@type":"BreadcrumbList","@id":"https:\/\/blogs.thesocialmedia.com\/leblogmoto\/2007\/03\/12\/carver-one-voit\/#breadcrumb","itemListElement":[{"@type":"ListItem","position":1,"name":"Accueil","item":"https:\/\/blogs.thesocialmedia.com\/leblogmoto\/"},{"@type":"ListItem","position":2,"name":"Carver One : voiture et moto, c\u2019est le tricycle Batave"}]},{"@type":"WebSite","@id":"https:\/\/blogs.thesocialmedia.com\/leblogmoto\/#website","url":"https:\/\/blogs.thesocialmedia.com\/leblogmoto\/","name":"leblogmoto","description":"Toute l&#039;actualit\u00e9 des 2 roues","potentialAction":[{"@type":"SearchAction","target":{"@type":"EntryPoint","urlTemplate":"https:\/\/blogs.thesocialmedia.com\/leblogmoto\/?s={search_term_string}"},"query-input":{"@type":"PropertyValueSpecification","valueRequired":true,"valueName":"search_term_string"}}],"inLanguage":"fr-FR"},{"@type":"Person","@id":"https:\/\/blogs.thesocialmedia.com\/leblogmoto\/#\/schema\/person\/90b2f8fd0d5a2cede2580e95fc79c6c0","name":"christian tirat","image":{"@type":"ImageObject","inLanguage":"fr-FR","@id":"https:\/\/blogs.thesocialmedia.com\/leblogmoto\/#\/schema\/person\/image\/","url":"https:\/\/secure.gravatar.com\/avatar\/?s=96&d=mm&r=g","contentUrl":"https:\/\/secure.gravatar.com\/avatar\/?s=96&d=mm&r=g","caption":"christian tirat"},"url":"https:\/\/blogs.thesocialmedia.com\/leblogmoto\/author\/christian-tirat\/"}]}},"_links":{"self":[{"href":"https:\/\/blogs.thesocialmedia.com\/leblogmoto\/wp-json\/wp\/v2\/posts\/1488","targetHints":{"allow":["GET"]}}],"collection":[{"href":"https:\/\/blogs.thesocialmedia.com\/leblogmoto\/wp-json\/wp\/v2\/posts"}],"about":[{"href":"https:\/\/blogs.thesocialmedia.com\/leblogmoto\/wp-json\/wp\/v2\/types\/post"}],"author":[{"embeddable":true,"href":"https:\/\/blogs.thesocialmedia.com\/leblogmoto\/wp-json\/wp\/v2\/users\/333"}],"replies":[{"embeddable":true,"href":"https:\/\/blogs.thesocialmedia.com\/leblogmoto\/wp-json\/wp\/v2\/comments?post=1488"}],"version-history":[{"count":2,"href":"https:\/\/blogs.thesocialmedia.com\/leblogmoto\/wp-json\/wp\/v2\/posts\/1488\/revisions"}],"predecessor-version":[{"id":8169,"href":"https:\/\/blogs.thesocialmedia.com\/leblogmoto\/wp-json\/wp\/v2\/posts\/1488\/revisions\/8169"}],"wp:attachment":[{"href":"https:\/\/blogs.thesocialmedia.com\/leblogmoto\/wp-json\/wp\/v2\/media?parent=1488"}],"wp:term":[{"taxonomy":"category","embeddable":true,"href":"https:\/\/blogs.thesocialmedia.com\/leblogmoto\/wp-json\/wp\/v2\/categories?post=1488"},{"taxonomy":"post_tag","embeddable":true,"href":"https:\/\/blogs.thesocialmedia.com\/leblogmoto\/wp-json\/wp\/v2\/tags?post=1488"}],"curies":[{"name":"wp","href":"https:\/\/api.w.org\/{rel}","templated":true}]}}