{"id":1489,"date":"2007-03-12T12:37:48","date_gmt":"2007-03-12T12:37:48","guid":{"rendered":"http:\/\/blogs.thesocialmedia.com\/leblogmoto\/2007\/03\/12\/petit-mais-fut\/"},"modified":"2012-07-11T14:34:51","modified_gmt":"2012-07-11T14:34:51","slug":"petit-mais-fut","status":"publish","type":"post","link":"https:\/\/blogs.thesocialmedia.com\/leblogmoto\/2007\/03\/12\/petit-mais-fut\/","title":{"rendered":"Petit mais Fut\u00e9: la France \u00e0 moto 2007-2008"},"content":{"rendered":"<p><a href=\"http:\/\/blogs.thesocialmedia.com\/leblogmoto\/files\/2012\/07\/petitfutelafranceamoto20072008.jpg\"><img loading=\"lazy\" decoding=\"async\" width=\"250\" height=\"421\"  src=\"http:\/\/www.leblogmoto.com\/images\/petitfutelafranceamoto20072008.jpg\" alt=\"Petitfutelafranceamoto20072008\" style=\"margin: 0px 5px 5px 0px;float: left\" \/><\/a> Les \u00e9ditions du <a href=\"http:\/\/www.petitfute.fr\/detail_recherche.php?produit=714&amp;id_web=PF\">Petit Fut\u00e9 <\/a>sont renomm\u00e9es pour leurs guides touristiques pratiques et complets. Avec un titre original \u00ab La France \u00e0 Moto \u00bb le compagnon des voyageurs malins avait d\u00e9frich\u00e9 <a href=\"http:\/\/www.leblogmoto.com\/2006\/02\/collection_peti.html\">l\u2019an dernier<\/a> les terres vierges du voyage \u00e0 moto. Le succ\u00e8s fut au rendez-vous justifiant une nouvelle \u00e9dition enrichie.<\/p>\n<p>Vous ne pourrez pas le rater: sur fond de viaduc de Millau, sa couverture est illustr\u00e9e par deux belles italiennes, une <a href=\"http:\/\/www.ducati.com\/od\/ducatifrance\/\">Ducati Monster s4rs<\/a> et une <a href=\"http:\/\/www.motomorini.com\/\">Morini 9 \u00bd<\/a>. (rectif: une Corsaro 1200, merci Marcus !) Mazette, ils (elle) n\u2019ont pas mauvais go\u00fbt ! si les r\u00e9dacteurs(trice) ont r\u00e9ellement r\u00e9alis\u00e9 ce guide au guidon de ces machines, on comprend qu\u2019ils(elle) aient \u00e9t\u00e9 motiv\u00e9(e)s !<\/p>\n<p>Comme dans la premi\u00e8re \u00e9dition, le guide d\u00e9bute par des conseils sur l\u2019\u00e9quipement, la pr\u00e9paration du voyage et la s\u00e9curit\u00e9. Un carnet d\u2019adresses de clubs, de circuits, de forums facilite aussi les contacts sur place et un bon coup de &quot;poign\u00e9e dans le coin&quot; sur les pistes ouvertes aux motos. <\/p>\n<p>C\u00f4t\u00e9 balade, ce sont pr\u00e8s d\u2019une centaine d\u2019itin\u00e9raires, dont vingt-cinq nouveaux circuits, qui sont propos\u00e9s r\u00e9gion par r\u00e9gion sur l\u2019ensemble de l\u2019Hexagone ainsi que huit vir\u00e9es en Belgique et en Suisse.<br \/> Les propositions sont illustr\u00e9es par un carnet de route d\u00e9taill\u00e9 jalonn\u00e9 d\u2019adresses utiles comme des sites remarquables, des h\u00e9bergements en h\u00f4tel-restaurant et camping, des bonnes tables\u2026<\/p>\n<p>L&rsquo; un des auteurs du collectif de r\u00e9daction n&rsquo;est autre que <strong>C\u00e9cile Engelen<\/strong>, une &quot;roule toujours&quot; connue notamment pour \u00eatre une diva du Championnat de France de Tourisme et du Dark Dog Tour. Une r\u00e9f\u00e9rence.<\/p>\n<p><a href=\"http:\/\/www.petitfute.fr\/detail_recherche.php?produit=714&amp;id_web=PF\">&quot;La France \u00e0 Moto&quot;<\/a>, un compagnon de route indispensable pour ceux qui appr\u00e9cient l\u2019aventure sans m\u00e9saventures.<\/p>\n<p> Prix : 16\u20ac<\/p>\n<p> <\/p>\n","protected":false},"excerpt":{"rendered":"<p>Les \u00e9ditions du Petit Fut\u00e9 sont renomm\u00e9es pour leurs guides touristiques pratiques et complets. Avec un titre original \u00ab La France \u00e0 Moto \u00bb le compagnon des voyageurs malins avait d\u00e9frich\u00e9 l\u2019an dernier les terres vierges du voyage \u00e0 moto. Le succ\u00e8s fut au rendez-vous justifiant une nouvelle \u00e9dition enrichie. Vous ne pourrez pas le [&hellip;]<\/p>\n","protected":false},"author":333,"featured_media":0,"comment_status":"open","ping_status":"open","sticky":false,"template":"","format":"standard","meta":{"footnotes":""},"categories":[13],"tags":[],"class_list":["post-1489","post","type-post","status-publish","format-standard","hentry","category-aventure"],"yoast_head":"<!-- This site is optimized with the Yoast SEO plugin v26.0 - https:\/\/yoast.com\/wordpress\/plugins\/seo\/ -->\n<title>Petit mais Fut\u00e9: la France \u00e0 moto 2007-2008 - leblogmoto.com<\/title>\n<meta name=\"robots\" content=\"index, follow, max-snippet:-1, max-image-preview:large, max-video-preview:-1\" \/>\n<link rel=\"canonical\" href=\"https:\/\/blogs.thesocialmedia.com\/leblogmoto\/2007\/03\/12\/petit-mais-fut\/\" \/>\n<meta name=\"twitter:card\" content=\"summary_large_image\" \/>\n<meta name=\"twitter:title\" content=\"Petit mais Fut\u00e9: la France \u00e0 moto 2007-2008 - leblogmoto.com\" \/>\n<meta name=\"twitter:description\" content=\"Les \u00e9ditions du Petit Fut\u00e9 sont renomm\u00e9es pour leurs guides touristiques pratiques et complets. Avec un titre original \u00ab La France \u00e0 Moto \u00bb le compagnon des voyageurs malins avait d\u00e9frich\u00e9 l\u2019an dernier les terres vierges du voyage \u00e0 moto. Le succ\u00e8s fut au rendez-vous justifiant une nouvelle \u00e9dition enrichie. Vous ne pourrez pas le [&hellip;]\" \/>\n<meta name=\"twitter:image\" content=\"http:\/\/www.leblogmoto.com\/images\/petitfutelafranceamoto20072008.jpg\" \/>\n<meta name=\"twitter:label1\" content=\"\u00c9crit par\" \/>\n\t<meta name=\"twitter:data1\" content=\"christian tirat\" \/>\n\t<meta name=\"twitter:label2\" content=\"Dur\u00e9e de lecture estim\u00e9e\" \/>\n\t<meta name=\"twitter:data2\" content=\"2 minutes\" \/>\n<script type=\"application\/ld+json\" class=\"yoast-schema-graph\">{\"@context\":\"https:\/\/schema.org\",\"@graph\":[{\"@type\":\"WebPage\",\"@id\":\"https:\/\/blogs.thesocialmedia.com\/leblogmoto\/2007\/03\/12\/petit-mais-fut\/\",\"url\":\"https:\/\/blogs.thesocialmedia.com\/leblogmoto\/2007\/03\/12\/petit-mais-fut\/\",\"name\":\"Petit mais Fut\u00e9: la France \u00e0 moto 2007-2008 - leblogmoto.com\",\"isPartOf\":{\"@id\":\"https:\/\/blogs.thesocialmedia.com\/leblogmoto\/#website\"},\"primaryImageOfPage\":{\"@id\":\"https:\/\/blogs.thesocialmedia.com\/leblogmoto\/2007\/03\/12\/petit-mais-fut\/#primaryimage\"},\"image\":{\"@id\":\"https:\/\/blogs.thesocialmedia.com\/leblogmoto\/2007\/03\/12\/petit-mais-fut\/#primaryimage\"},\"thumbnailUrl\":\"http:\/\/www.leblogmoto.com\/images\/petitfutelafranceamoto20072008.jpg\",\"datePublished\":\"2007-03-12T12:37:48+00:00\",\"dateModified\":\"2012-07-11T14:34:51+00:00\",\"author\":{\"@id\":\"https:\/\/blogs.thesocialmedia.com\/leblogmoto\/#\/schema\/person\/90b2f8fd0d5a2cede2580e95fc79c6c0\"},\"breadcrumb\":{\"@id\":\"https:\/\/blogs.thesocialmedia.com\/leblogmoto\/2007\/03\/12\/petit-mais-fut\/#breadcrumb\"},\"inLanguage\":\"fr-FR\",\"potentialAction\":[{\"@type\":\"ReadAction\",\"target\":[\"https:\/\/blogs.thesocialmedia.com\/leblogmoto\/2007\/03\/12\/petit-mais-fut\/\"]}]},{\"@type\":\"ImageObject\",\"inLanguage\":\"fr-FR\",\"@id\":\"https:\/\/blogs.thesocialmedia.com\/leblogmoto\/2007\/03\/12\/petit-mais-fut\/#primaryimage\",\"url\":\"http:\/\/www.leblogmoto.com\/images\/petitfutelafranceamoto20072008.jpg\",\"contentUrl\":\"http:\/\/www.leblogmoto.com\/images\/petitfutelafranceamoto20072008.jpg\"},{\"@type\":\"BreadcrumbList\",\"@id\":\"https:\/\/blogs.thesocialmedia.com\/leblogmoto\/2007\/03\/12\/petit-mais-fut\/#breadcrumb\",\"itemListElement\":[{\"@type\":\"ListItem\",\"position\":1,\"name\":\"Accueil\",\"item\":\"https:\/\/blogs.thesocialmedia.com\/leblogmoto\/\"},{\"@type\":\"ListItem\",\"position\":2,\"name\":\"Petit mais Fut\u00e9: la France \u00e0 moto 2007-2008\"}]},{\"@type\":\"WebSite\",\"@id\":\"https:\/\/blogs.thesocialmedia.com\/leblogmoto\/#website\",\"url\":\"https:\/\/blogs.thesocialmedia.com\/leblogmoto\/\",\"name\":\"leblogmoto\",\"description\":\"Toute l&#039;actualit\u00e9 des 2 roues\",\"potentialAction\":[{\"@type\":\"SearchAction\",\"target\":{\"@type\":\"EntryPoint\",\"urlTemplate\":\"https:\/\/blogs.thesocialmedia.com\/leblogmoto\/?s={search_term_string}\"},\"query-input\":{\"@type\":\"PropertyValueSpecification\",\"valueRequired\":true,\"valueName\":\"search_term_string\"}}],\"inLanguage\":\"fr-FR\"},{\"@type\":\"Person\",\"@id\":\"https:\/\/blogs.thesocialmedia.com\/leblogmoto\/#\/schema\/person\/90b2f8fd0d5a2cede2580e95fc79c6c0\",\"name\":\"christian tirat\",\"image\":{\"@type\":\"ImageObject\",\"inLanguage\":\"fr-FR\",\"@id\":\"https:\/\/blogs.thesocialmedia.com\/leblogmoto\/#\/schema\/person\/image\/\",\"url\":\"https:\/\/secure.gravatar.com\/avatar\/?s=96&d=mm&r=g\",\"contentUrl\":\"https:\/\/secure.gravatar.com\/avatar\/?s=96&d=mm&r=g\",\"caption\":\"christian tirat\"},\"url\":\"https:\/\/blogs.thesocialmedia.com\/leblogmoto\/author\/christian-tirat\/\"}]}<\/script>\n<!-- \/ Yoast SEO plugin. -->","yoast_head_json":{"title":"Petit mais Fut\u00e9: la France \u00e0 moto 2007-2008 - leblogmoto.com","robots":{"index":"index","follow":"follow","max-snippet":"max-snippet:-1","max-image-preview":"max-image-preview:large","max-video-preview":"max-video-preview:-1"},"canonical":"https:\/\/blogs.thesocialmedia.com\/leblogmoto\/2007\/03\/12\/petit-mais-fut\/","twitter_card":"summary_large_image","twitter_title":"Petit mais Fut\u00e9: la France \u00e0 moto 2007-2008 - leblogmoto.com","twitter_description":"Les \u00e9ditions du Petit Fut\u00e9 sont renomm\u00e9es pour leurs guides touristiques pratiques et complets. Avec un titre original \u00ab La France \u00e0 Moto \u00bb le compagnon des voyageurs malins avait d\u00e9frich\u00e9 l\u2019an dernier les terres vierges du voyage \u00e0 moto. Le succ\u00e8s fut au rendez-vous justifiant une nouvelle \u00e9dition enrichie. Vous ne pourrez pas le [&hellip;]","twitter_image":"http:\/\/www.leblogmoto.com\/images\/petitfutelafranceamoto20072008.jpg","twitter_misc":{"\u00c9crit par":"christian tirat","Dur\u00e9e de lecture estim\u00e9e":"2 minutes"},"schema":{"@context":"https:\/\/schema.org","@graph":[{"@type":"WebPage","@id":"https:\/\/blogs.thesocialmedia.com\/leblogmoto\/2007\/03\/12\/petit-mais-fut\/","url":"https:\/\/blogs.thesocialmedia.com\/leblogmoto\/2007\/03\/12\/petit-mais-fut\/","name":"Petit mais Fut\u00e9: la France \u00e0 moto 2007-2008 - leblogmoto.com","isPartOf":{"@id":"https:\/\/blogs.thesocialmedia.com\/leblogmoto\/#website"},"primaryImageOfPage":{"@id":"https:\/\/blogs.thesocialmedia.com\/leblogmoto\/2007\/03\/12\/petit-mais-fut\/#primaryimage"},"image":{"@id":"https:\/\/blogs.thesocialmedia.com\/leblogmoto\/2007\/03\/12\/petit-mais-fut\/#primaryimage"},"thumbnailUrl":"http:\/\/www.leblogmoto.com\/images\/petitfutelafranceamoto20072008.jpg","datePublished":"2007-03-12T12:37:48+00:00","dateModified":"2012-07-11T14:34:51+00:00","author":{"@id":"https:\/\/blogs.thesocialmedia.com\/leblogmoto\/#\/schema\/person\/90b2f8fd0d5a2cede2580e95fc79c6c0"},"breadcrumb":{"@id":"https:\/\/blogs.thesocialmedia.com\/leblogmoto\/2007\/03\/12\/petit-mais-fut\/#breadcrumb"},"inLanguage":"fr-FR","potentialAction":[{"@type":"ReadAction","target":["https:\/\/blogs.thesocialmedia.com\/leblogmoto\/2007\/03\/12\/petit-mais-fut\/"]}]},{"@type":"ImageObject","inLanguage":"fr-FR","@id":"https:\/\/blogs.thesocialmedia.com\/leblogmoto\/2007\/03\/12\/petit-mais-fut\/#primaryimage","url":"http:\/\/www.leblogmoto.com\/images\/petitfutelafranceamoto20072008.jpg","contentUrl":"http:\/\/www.leblogmoto.com\/images\/petitfutelafranceamoto20072008.jpg"},{"@type":"BreadcrumbList","@id":"https:\/\/blogs.thesocialmedia.com\/leblogmoto\/2007\/03\/12\/petit-mais-fut\/#breadcrumb","itemListElement":[{"@type":"ListItem","position":1,"name":"Accueil","item":"https:\/\/blogs.thesocialmedia.com\/leblogmoto\/"},{"@type":"ListItem","position":2,"name":"Petit mais Fut\u00e9: la France \u00e0 moto 2007-2008"}]},{"@type":"WebSite","@id":"https:\/\/blogs.thesocialmedia.com\/leblogmoto\/#website","url":"https:\/\/blogs.thesocialmedia.com\/leblogmoto\/","name":"leblogmoto","description":"Toute l&#039;actualit\u00e9 des 2 roues","potentialAction":[{"@type":"SearchAction","target":{"@type":"EntryPoint","urlTemplate":"https:\/\/blogs.thesocialmedia.com\/leblogmoto\/?s={search_term_string}"},"query-input":{"@type":"PropertyValueSpecification","valueRequired":true,"valueName":"search_term_string"}}],"inLanguage":"fr-FR"},{"@type":"Person","@id":"https:\/\/blogs.thesocialmedia.com\/leblogmoto\/#\/schema\/person\/90b2f8fd0d5a2cede2580e95fc79c6c0","name":"christian tirat","image":{"@type":"ImageObject","inLanguage":"fr-FR","@id":"https:\/\/blogs.thesocialmedia.com\/leblogmoto\/#\/schema\/person\/image\/","url":"https:\/\/secure.gravatar.com\/avatar\/?s=96&d=mm&r=g","contentUrl":"https:\/\/secure.gravatar.com\/avatar\/?s=96&d=mm&r=g","caption":"christian tirat"},"url":"https:\/\/blogs.thesocialmedia.com\/leblogmoto\/author\/christian-tirat\/"}]}},"_links":{"self":[{"href":"https:\/\/blogs.thesocialmedia.com\/leblogmoto\/wp-json\/wp\/v2\/posts\/1489","targetHints":{"allow":["GET"]}}],"collection":[{"href":"https:\/\/blogs.thesocialmedia.com\/leblogmoto\/wp-json\/wp\/v2\/posts"}],"about":[{"href":"https:\/\/blogs.thesocialmedia.com\/leblogmoto\/wp-json\/wp\/v2\/types\/post"}],"author":[{"embeddable":true,"href":"https:\/\/blogs.thesocialmedia.com\/leblogmoto\/wp-json\/wp\/v2\/users\/333"}],"replies":[{"embeddable":true,"href":"https:\/\/blogs.thesocialmedia.com\/leblogmoto\/wp-json\/wp\/v2\/comments?post=1489"}],"version-history":[{"count":2,"href":"https:\/\/blogs.thesocialmedia.com\/leblogmoto\/wp-json\/wp\/v2\/posts\/1489\/revisions"}],"predecessor-version":[{"id":8163,"href":"https:\/\/blogs.thesocialmedia.com\/leblogmoto\/wp-json\/wp\/v2\/posts\/1489\/revisions\/8163"}],"wp:attachment":[{"href":"https:\/\/blogs.thesocialmedia.com\/leblogmoto\/wp-json\/wp\/v2\/media?parent=1489"}],"wp:term":[{"taxonomy":"category","embeddable":true,"href":"https:\/\/blogs.thesocialmedia.com\/leblogmoto\/wp-json\/wp\/v2\/categories?post=1489"},{"taxonomy":"post_tag","embeddable":true,"href":"https:\/\/blogs.thesocialmedia.com\/leblogmoto\/wp-json\/wp\/v2\/tags?post=1489"}],"curies":[{"name":"wp","href":"https:\/\/api.w.org\/{rel}","templated":true}]}}