{"id":149,"date":"2009-05-14T14:19:00","date_gmt":"2009-05-14T14:19:00","guid":{"rendered":"http:\/\/blogs.thesocialmedia.com\/leblogmoto\/2009\/05\/14\/moto-journal-sengage-aux-24-heures-du-mans-en-honda-rc-30\/"},"modified":"2012-07-11T17:25:32","modified_gmt":"2012-07-11T17:25:32","slug":"moto-journal-sengage-aux-24-heures-du-mans-en-honda-rc-30","status":"publish","type":"post","link":"https:\/\/blogs.thesocialmedia.com\/leblogmoto\/2009\/05\/14\/moto-journal-sengage-aux-24-heures-du-mans-en-honda-rc-30\/","title":{"rendered":"Moto Journal sur une Honda RC 30: le film de la course des 24H"},"content":{"rendered":"<p><a href=\"http:\/\/blogs.thesocialmedia.com\/leblogmoto\/files\/2012\/07\/6a00d83451b18369e2011570994260970b-pi.jpg\"><img decoding=\"async\" alt=\"RC30\" class=\"at-xid-6a00d83451b18369e2011570994260970b \" src=\"http:\/\/blogs.thesocialmedia.com\/leblogmoto\/files\/2012\/07\/6a00d83451b18369e2011570994260970b-500wi.jpg\" \/><\/a> <br \/>Moto Journal a particip\u00e9 cette ann\u00e9e aux <a href=\"http:\/\/www.leblogmoto.com\/2009\/04\/adrien-ganfornina-.html\" target=\"_blank\">24 Heures du Mans<\/a> sur une ancestrale moto vieille de plus 20 ans, une Honda RC30. Avec 60 chevaux et 45 km\/h de moins en vitesse de pointe que la concurrence, l&#039;\u00e9quipe a r\u00e9ussi l&#039;exploit de finir l&#039;\u00e9preuve, marqu\u00e9e par 22 heures de pluie, 75 chutes et 19 abandons&#8230;<\/p>\n<\/p>\n<p>Oublions quelques instants, gr\u00e2ce \u00e0 cette RC30, les bonnes nouvelles de notre quotidien: crise financi\u00e8re, permis \u00e0 points, crise \u00e9conomique, <a href=\"http:\/\/www.leblogmoto.com\/2009\/05\/pas-de-salon-de-la-moto-en-2009-la-faute-%C3%A0-la-crise-.html\" target=\"_blank\">annulation du mondial du 2 roues<\/a>, radars mobiles, <a href=\"http:\/\/www.leblogmoto.com\/2009\/05\/regis-laconi-en-coma-artificiel.html\" target=\"_blank\">accident de Regis Laconi<\/a> et autre blablabla, blablabla&#8230;&#160; <\/p>\n<p> <\/p>\n<div><object height=\"291\" width=\"480\"><param name=\"movie\" value=\"http:\/\/www.dailymotion.com\/swf\/x97ihm_1-les-24-h-du-mans-2009-en-honda-rc_auto&amp;related=0\" \/><param name=\"allowFullScreen\" value=\"true\" \/><param name=\"allowScriptAccess\" value=\"always\" \/><embed height=\"291\" src=\"http:\/\/www.dailymotion.com\/swf\/x97ihm_1-les-24-h-du-mans-2009-en-honda-rc_auto&amp;related=0\" type=\"application\/x-shockwave-flash\" width=\"480\" \/><\/object><br \/><strong><a href=\"http:\/\/www.dailymotion.com\/video\/x97ihm_1-les-24-h-du-mans-2009-en-honda-rc_auto\"><\/a><\/strong><em><a href=\"http:\/\/www.dailymotion.com\/channel\/auto\"><br \/><\/a><\/em><\/div>\n<div><object height=\"291\" width=\"480\"><param name=\"movie\" value=\"http:\/\/www.dailymotion.com\/swf\/x993br_2-les-24h-du-mans-en-honda-rc-30-mo_auto&amp;related=0\" \/><param name=\"allowFullScreen\" value=\"true\" \/><param name=\"allowScriptAccess\" value=\"always\" \/><embed height=\"291\" src=\"http:\/\/www.dailymotion.com\/swf\/x993br_2-les-24h-du-mans-en-honda-rc-30-mo_auto&amp;related=0\" type=\"application\/x-shockwave-flash\" width=\"480\" \/><\/object><br \/><strong><a href=\"http:\/\/www.dailymotion.com\/video\/x993br_2-les-24h-du-mans-en-honda-rc-30-mo_auto\"><\/a><\/strong><em><a href=\"http:\/\/www.dailymotion.com\/channel\/auto\"><br \/><\/a><\/em><\/div>\n<div><object height=\"291\" width=\"480\"><param name=\"movie\" value=\"http:\/\/www.dailymotion.com\/swf\/x9c40n_3-les-24h-du-mans-en-honda-rc-30-m_auto&amp;related=0\" \/><param name=\"allowFullScreen\" value=\"true\" \/><param name=\"allowScriptAccess\" value=\"always\" \/><embed height=\"291\" src=\"http:\/\/www.dailymotion.com\/swf\/x9c40n_3-les-24h-du-mans-en-honda-rc-30-m_auto&amp;related=0\" type=\"application\/x-shockwave-flash\" width=\"480\" \/><\/object><br \/><em><a href=\"http:\/\/www.dailymotion.com\/channel\/auto\"><br \/><\/a><\/em><\/div>\n<p> A lire \u00e9galement: <a href=\"http:\/\/www.leblogmoto.com\/2009\/04\/adrien-ganfornina-.html\" target=\"_blank\">Course de gladiateurs pour Adrien Ganfornina &amp; Alexandre Lagrive<\/a><\/p>\n","protected":false},"excerpt":{"rendered":"<p>Moto Journal a particip\u00e9 cette ann\u00e9e aux 24 Heures du Mans sur une ancestrale moto vieille de plus 20 ans, une Honda RC30. Avec 60 chevaux et 45 km\/h de moins en vitesse de pointe que la concurrence, l&#039;\u00e9quipe a r\u00e9ussi l&#039;exploit de finir l&#039;\u00e9preuve, marqu\u00e9e par 22 heures de pluie, 75 chutes et 19 [&hellip;]<\/p>\n","protected":false},"author":323,"featured_media":13543,"comment_status":"open","ping_status":"open","sticky":false,"template":"","format":"standard","meta":{"footnotes":""},"categories":[69,14,32,12],"tags":[],"class_list":["post-149","post","type-post","status-publish","format-standard","has-post-thumbnail","hentry","category-endurance","category-honda","category-sport-moto","category-videos"],"yoast_head":"<!-- This site is optimized with the Yoast SEO plugin v26.0 - https:\/\/yoast.com\/wordpress\/plugins\/seo\/ -->\n<title>Moto Journal sur une Honda RC 30: le film de la course des 24H - leblogmoto.com<\/title>\n<meta name=\"robots\" content=\"index, follow, max-snippet:-1, max-image-preview:large, max-video-preview:-1\" \/>\n<link rel=\"canonical\" href=\"https:\/\/blogs.thesocialmedia.com\/leblogmoto\/2009\/05\/14\/moto-journal-sengage-aux-24-heures-du-mans-en-honda-rc-30\/\" \/>\n<meta name=\"twitter:card\" content=\"summary_large_image\" \/>\n<meta name=\"twitter:title\" content=\"Moto Journal sur une Honda RC 30: le film de la course des 24H - leblogmoto.com\" \/>\n<meta name=\"twitter:description\" content=\"Moto Journal a particip\u00e9 cette ann\u00e9e aux 24 Heures du Mans sur une ancestrale moto vieille de plus 20 ans, une Honda RC30. Avec 60 chevaux et 45 km\/h de moins en vitesse de pointe que la concurrence, l&#039;\u00e9quipe a r\u00e9ussi l&#039;exploit de finir l&#039;\u00e9preuve, marqu\u00e9e par 22 heures de pluie, 75 chutes et 19 [&hellip;]\" \/>\n<meta name=\"twitter:image\" content=\"https:\/\/blogs.thesocialmedia.com\/leblogmoto\/files\/2012\/07\/6a00d83451b18369e2011570994260970b-500wi.jpg\" \/>\n<meta name=\"twitter:label1\" content=\"\u00c9crit par\" \/>\n\t<meta name=\"twitter:data1\" content=\"albin le guyader\" \/>\n\t<meta name=\"twitter:label2\" content=\"Dur\u00e9e de lecture estim\u00e9e\" \/>\n\t<meta name=\"twitter:data2\" content=\"1 minute\" \/>\n<script type=\"application\/ld+json\" class=\"yoast-schema-graph\">{\"@context\":\"https:\/\/schema.org\",\"@graph\":[{\"@type\":\"WebPage\",\"@id\":\"https:\/\/blogs.thesocialmedia.com\/leblogmoto\/2009\/05\/14\/moto-journal-sengage-aux-24-heures-du-mans-en-honda-rc-30\/\",\"url\":\"https:\/\/blogs.thesocialmedia.com\/leblogmoto\/2009\/05\/14\/moto-journal-sengage-aux-24-heures-du-mans-en-honda-rc-30\/\",\"name\":\"Moto Journal sur une Honda RC 30: le film de la course des 24H - leblogmoto.com\",\"isPartOf\":{\"@id\":\"https:\/\/blogs.thesocialmedia.com\/leblogmoto\/#website\"},\"primaryImageOfPage\":{\"@id\":\"https:\/\/blogs.thesocialmedia.com\/leblogmoto\/2009\/05\/14\/moto-journal-sengage-aux-24-heures-du-mans-en-honda-rc-30\/#primaryimage\"},\"image\":{\"@id\":\"https:\/\/blogs.thesocialmedia.com\/leblogmoto\/2009\/05\/14\/moto-journal-sengage-aux-24-heures-du-mans-en-honda-rc-30\/#primaryimage\"},\"thumbnailUrl\":\"https:\/\/blogs.thesocialmedia.com\/leblogmoto\/files\/2012\/07\/6a00d83451b18369e2011570994260970b-500wi.jpg\",\"datePublished\":\"2009-05-14T14:19:00+00:00\",\"dateModified\":\"2012-07-11T17:25:32+00:00\",\"author\":{\"@id\":\"https:\/\/blogs.thesocialmedia.com\/leblogmoto\/#\/schema\/person\/b496d27c898c29a39678e2425cafb9ae\"},\"breadcrumb\":{\"@id\":\"https:\/\/blogs.thesocialmedia.com\/leblogmoto\/2009\/05\/14\/moto-journal-sengage-aux-24-heures-du-mans-en-honda-rc-30\/#breadcrumb\"},\"inLanguage\":\"fr-FR\",\"potentialAction\":[{\"@type\":\"ReadAction\",\"target\":[\"https:\/\/blogs.thesocialmedia.com\/leblogmoto\/2009\/05\/14\/moto-journal-sengage-aux-24-heures-du-mans-en-honda-rc-30\/\"]}]},{\"@type\":\"ImageObject\",\"inLanguage\":\"fr-FR\",\"@id\":\"https:\/\/blogs.thesocialmedia.com\/leblogmoto\/2009\/05\/14\/moto-journal-sengage-aux-24-heures-du-mans-en-honda-rc-30\/#primaryimage\",\"url\":\"https:\/\/blogs.thesocialmedia.com\/leblogmoto\/files\/2012\/07\/6a00d83451b18369e2011570994260970b-500wi.jpg\",\"contentUrl\":\"https:\/\/blogs.thesocialmedia.com\/leblogmoto\/files\/2012\/07\/6a00d83451b18369e2011570994260970b-500wi.jpg\",\"width\":\"500\",\"height\":\"333\"},{\"@type\":\"BreadcrumbList\",\"@id\":\"https:\/\/blogs.thesocialmedia.com\/leblogmoto\/2009\/05\/14\/moto-journal-sengage-aux-24-heures-du-mans-en-honda-rc-30\/#breadcrumb\",\"itemListElement\":[{\"@type\":\"ListItem\",\"position\":1,\"name\":\"Accueil\",\"item\":\"https:\/\/blogs.thesocialmedia.com\/leblogmoto\/\"},{\"@type\":\"ListItem\",\"position\":2,\"name\":\"Moto Journal sur une Honda RC 30: le film de la course des 24H\"}]},{\"@type\":\"WebSite\",\"@id\":\"https:\/\/blogs.thesocialmedia.com\/leblogmoto\/#website\",\"url\":\"https:\/\/blogs.thesocialmedia.com\/leblogmoto\/\",\"name\":\"leblogmoto\",\"description\":\"Toute l&#039;actualit\u00e9 des 2 roues\",\"potentialAction\":[{\"@type\":\"SearchAction\",\"target\":{\"@type\":\"EntryPoint\",\"urlTemplate\":\"https:\/\/blogs.thesocialmedia.com\/leblogmoto\/?s={search_term_string}\"},\"query-input\":{\"@type\":\"PropertyValueSpecification\",\"valueRequired\":true,\"valueName\":\"search_term_string\"}}],\"inLanguage\":\"fr-FR\"},{\"@type\":\"Person\",\"@id\":\"https:\/\/blogs.thesocialmedia.com\/leblogmoto\/#\/schema\/person\/b496d27c898c29a39678e2425cafb9ae\",\"name\":\"albin le guyader\",\"image\":{\"@type\":\"ImageObject\",\"inLanguage\":\"fr-FR\",\"@id\":\"https:\/\/blogs.thesocialmedia.com\/leblogmoto\/#\/schema\/person\/image\/\",\"url\":\"https:\/\/secure.gravatar.com\/avatar\/?s=96&d=mm&r=g\",\"contentUrl\":\"https:\/\/secure.gravatar.com\/avatar\/?s=96&d=mm&r=g\",\"caption\":\"albin le guyader\"},\"url\":\"https:\/\/blogs.thesocialmedia.com\/leblogmoto\/author\/albin-le-guyader\/\"}]}<\/script>\n<!-- \/ Yoast SEO plugin. -->","yoast_head_json":{"title":"Moto Journal sur une Honda RC 30: le film de la course des 24H - leblogmoto.com","robots":{"index":"index","follow":"follow","max-snippet":"max-snippet:-1","max-image-preview":"max-image-preview:large","max-video-preview":"max-video-preview:-1"},"canonical":"https:\/\/blogs.thesocialmedia.com\/leblogmoto\/2009\/05\/14\/moto-journal-sengage-aux-24-heures-du-mans-en-honda-rc-30\/","twitter_card":"summary_large_image","twitter_title":"Moto Journal sur une Honda RC 30: le film de la course des 24H - leblogmoto.com","twitter_description":"Moto Journal a particip\u00e9 cette ann\u00e9e aux 24 Heures du Mans sur une ancestrale moto vieille de plus 20 ans, une Honda RC30. Avec 60 chevaux et 45 km\/h de moins en vitesse de pointe que la concurrence, l&#039;\u00e9quipe a r\u00e9ussi l&#039;exploit de finir l&#039;\u00e9preuve, marqu\u00e9e par 22 heures de pluie, 75 chutes et 19 [&hellip;]","twitter_image":"https:\/\/blogs.thesocialmedia.com\/leblogmoto\/files\/2012\/07\/6a00d83451b18369e2011570994260970b-500wi.jpg","twitter_misc":{"\u00c9crit par":"albin le guyader","Dur\u00e9e de lecture estim\u00e9e":"1 minute"},"schema":{"@context":"https:\/\/schema.org","@graph":[{"@type":"WebPage","@id":"https:\/\/blogs.thesocialmedia.com\/leblogmoto\/2009\/05\/14\/moto-journal-sengage-aux-24-heures-du-mans-en-honda-rc-30\/","url":"https:\/\/blogs.thesocialmedia.com\/leblogmoto\/2009\/05\/14\/moto-journal-sengage-aux-24-heures-du-mans-en-honda-rc-30\/","name":"Moto Journal sur une Honda RC 30: le film de la course des 24H - leblogmoto.com","isPartOf":{"@id":"https:\/\/blogs.thesocialmedia.com\/leblogmoto\/#website"},"primaryImageOfPage":{"@id":"https:\/\/blogs.thesocialmedia.com\/leblogmoto\/2009\/05\/14\/moto-journal-sengage-aux-24-heures-du-mans-en-honda-rc-30\/#primaryimage"},"image":{"@id":"https:\/\/blogs.thesocialmedia.com\/leblogmoto\/2009\/05\/14\/moto-journal-sengage-aux-24-heures-du-mans-en-honda-rc-30\/#primaryimage"},"thumbnailUrl":"https:\/\/blogs.thesocialmedia.com\/leblogmoto\/files\/2012\/07\/6a00d83451b18369e2011570994260970b-500wi.jpg","datePublished":"2009-05-14T14:19:00+00:00","dateModified":"2012-07-11T17:25:32+00:00","author":{"@id":"https:\/\/blogs.thesocialmedia.com\/leblogmoto\/#\/schema\/person\/b496d27c898c29a39678e2425cafb9ae"},"breadcrumb":{"@id":"https:\/\/blogs.thesocialmedia.com\/leblogmoto\/2009\/05\/14\/moto-journal-sengage-aux-24-heures-du-mans-en-honda-rc-30\/#breadcrumb"},"inLanguage":"fr-FR","potentialAction":[{"@type":"ReadAction","target":["https:\/\/blogs.thesocialmedia.com\/leblogmoto\/2009\/05\/14\/moto-journal-sengage-aux-24-heures-du-mans-en-honda-rc-30\/"]}]},{"@type":"ImageObject","inLanguage":"fr-FR","@id":"https:\/\/blogs.thesocialmedia.com\/leblogmoto\/2009\/05\/14\/moto-journal-sengage-aux-24-heures-du-mans-en-honda-rc-30\/#primaryimage","url":"https:\/\/blogs.thesocialmedia.com\/leblogmoto\/files\/2012\/07\/6a00d83451b18369e2011570994260970b-500wi.jpg","contentUrl":"https:\/\/blogs.thesocialmedia.com\/leblogmoto\/files\/2012\/07\/6a00d83451b18369e2011570994260970b-500wi.jpg","width":"500","height":"333"},{"@type":"BreadcrumbList","@id":"https:\/\/blogs.thesocialmedia.com\/leblogmoto\/2009\/05\/14\/moto-journal-sengage-aux-24-heures-du-mans-en-honda-rc-30\/#breadcrumb","itemListElement":[{"@type":"ListItem","position":1,"name":"Accueil","item":"https:\/\/blogs.thesocialmedia.com\/leblogmoto\/"},{"@type":"ListItem","position":2,"name":"Moto Journal sur une Honda RC 30: le film de la course des 24H"}]},{"@type":"WebSite","@id":"https:\/\/blogs.thesocialmedia.com\/leblogmoto\/#website","url":"https:\/\/blogs.thesocialmedia.com\/leblogmoto\/","name":"leblogmoto","description":"Toute l&#039;actualit\u00e9 des 2 roues","potentialAction":[{"@type":"SearchAction","target":{"@type":"EntryPoint","urlTemplate":"https:\/\/blogs.thesocialmedia.com\/leblogmoto\/?s={search_term_string}"},"query-input":{"@type":"PropertyValueSpecification","valueRequired":true,"valueName":"search_term_string"}}],"inLanguage":"fr-FR"},{"@type":"Person","@id":"https:\/\/blogs.thesocialmedia.com\/leblogmoto\/#\/schema\/person\/b496d27c898c29a39678e2425cafb9ae","name":"albin le guyader","image":{"@type":"ImageObject","inLanguage":"fr-FR","@id":"https:\/\/blogs.thesocialmedia.com\/leblogmoto\/#\/schema\/person\/image\/","url":"https:\/\/secure.gravatar.com\/avatar\/?s=96&d=mm&r=g","contentUrl":"https:\/\/secure.gravatar.com\/avatar\/?s=96&d=mm&r=g","caption":"albin le guyader"},"url":"https:\/\/blogs.thesocialmedia.com\/leblogmoto\/author\/albin-le-guyader\/"}]}},"_links":{"self":[{"href":"https:\/\/blogs.thesocialmedia.com\/leblogmoto\/wp-json\/wp\/v2\/posts\/149","targetHints":{"allow":["GET"]}}],"collection":[{"href":"https:\/\/blogs.thesocialmedia.com\/leblogmoto\/wp-json\/wp\/v2\/posts"}],"about":[{"href":"https:\/\/blogs.thesocialmedia.com\/leblogmoto\/wp-json\/wp\/v2\/types\/post"}],"author":[{"embeddable":true,"href":"https:\/\/blogs.thesocialmedia.com\/leblogmoto\/wp-json\/wp\/v2\/users\/323"}],"replies":[{"embeddable":true,"href":"https:\/\/blogs.thesocialmedia.com\/leblogmoto\/wp-json\/wp\/v2\/comments?post=149"}],"version-history":[{"count":2,"href":"https:\/\/blogs.thesocialmedia.com\/leblogmoto\/wp-json\/wp\/v2\/posts\/149\/revisions"}],"predecessor-version":[{"id":13545,"href":"https:\/\/blogs.thesocialmedia.com\/leblogmoto\/wp-json\/wp\/v2\/posts\/149\/revisions\/13545"}],"wp:featuredmedia":[{"embeddable":true,"href":"https:\/\/blogs.thesocialmedia.com\/leblogmoto\/wp-json\/wp\/v2\/media\/13543"}],"wp:attachment":[{"href":"https:\/\/blogs.thesocialmedia.com\/leblogmoto\/wp-json\/wp\/v2\/media?parent=149"}],"wp:term":[{"taxonomy":"category","embeddable":true,"href":"https:\/\/blogs.thesocialmedia.com\/leblogmoto\/wp-json\/wp\/v2\/categories?post=149"},{"taxonomy":"post_tag","embeddable":true,"href":"https:\/\/blogs.thesocialmedia.com\/leblogmoto\/wp-json\/wp\/v2\/tags?post=149"}],"curies":[{"name":"wp","href":"https:\/\/api.w.org\/{rel}","templated":true}]}}