{"id":1490,"date":"2007-03-11T23:37:06","date_gmt":"2007-03-11T23:37:06","guid":{"rendered":"http:\/\/blogs.thesocialmedia.com\/leblogmoto\/2007\/03\/11\/mutuelle-des-mo\/"},"modified":"2012-07-11T14:34:48","modified_gmt":"2012-07-11T14:34:48","slug":"mutuelle-des-mo","status":"publish","type":"post","link":"https:\/\/blogs.thesocialmedia.com\/leblogmoto\/2007\/03\/11\/mutuelle-des-mo\/","title":{"rendered":"Mutuelle des Motards: Baisse des tarifs ?"},"content":{"rendered":"<p><a href=\"http:\/\/blogs.thesocialmedia.com\/leblogmoto\/files\/2012\/07\/campagne.jpg\"><img loading=\"lazy\" decoding=\"async\" width=\"249\" height=\"355\"  src=\"http:\/\/www.leblogmoto.com\/images\/campagne.jpg\" alt=\"Campagne\" style=\"margin: 0px 5px 5px 0px;float: left\" \/><\/a>Gr\u00e2ce \u00e0 la baisse du nombre de sinistres en 2007, la Mutuelle des Motards a donc d\u00e9cid\u00e9 de reverser 2,9 millions d&rsquo;euros a ses soci\u00e9taires motards, ce qui revient \u00e0 r\u00e9duire d&rsquo;environ 5% leur prime d&rsquo;assurance pour 2006-2007.<br \/>A c\u00f4t\u00e9 de \u00e7a, la <a href=\"http:\/\/www.amdm.fr\/\">Mutuelle des Motards<\/a> baisse de 9,2% ses tarifs pour 2007, une occasion peut-\u00eatre pour certains de passer \u00e0 une moto de cat\u00e9gorie sup\u00e9rieure, sans avoir \u00e0 manger des p\u00e2tes&#8230;<br \/>Rappelons que cette ann\u00e9e, le <a href=\"http:\/\/www.amdm.fr\/assurance-moto\/\">chiffre d&rsquo;affaires<\/a> de l&rsquo;AMDM s&rsquo;\u00e9l\u00e8ve \u00e0 82,9 millions d&rsquo;euros avec un r\u00e9sultat positif de 1,1 millions d&rsquo;euros.<\/p>\n<p>Effet d&rsquo;annonce ou r\u00e9elle baisse? Concr\u00e9tement cher(e)s lecteurs(trices), avez-vous eu une baisse de vos tarifs cette ann\u00e9e?<\/p>\n<p>Photo : <a href=\"http:\/\/passionsblog.amdm.fr\/\">Passions Blog<\/a><br \/>Source : <a href=\"www.emoto.com\">e-moto<\/a><\/p>\n","protected":false},"excerpt":{"rendered":"<p>Gr\u00e2ce \u00e0 la baisse du nombre de sinistres en 2007, la Mutuelle des Motards a donc d\u00e9cid\u00e9 de reverser 2,9 millions d&rsquo;euros a ses soci\u00e9taires motards, ce qui revient \u00e0 r\u00e9duire d&rsquo;environ 5% leur prime d&rsquo;assurance pour 2006-2007.A c\u00f4t\u00e9 de \u00e7a, la Mutuelle des Motards baisse de 9,2% ses tarifs pour 2007, une occasion peut-\u00eatre [&hellip;]<\/p>\n","protected":false},"author":329,"featured_media":0,"comment_status":"open","ping_status":"open","sticky":false,"template":"","format":"standard","meta":{"footnotes":""},"categories":[3,49,27],"tags":[],"class_list":["post-1490","post","type-post","status-publish","format-standard","hentry","category-actualite","category-actualites-entreprise","category-securite"],"yoast_head":"<!-- This site is optimized with the Yoast SEO plugin v26.0 - https:\/\/yoast.com\/wordpress\/plugins\/seo\/ -->\n<title>Mutuelle des Motards: Baisse des tarifs ? - leblogmoto.com<\/title>\n<meta name=\"robots\" content=\"index, follow, max-snippet:-1, max-image-preview:large, max-video-preview:-1\" \/>\n<link rel=\"canonical\" href=\"https:\/\/blogs.thesocialmedia.com\/leblogmoto\/2007\/03\/11\/mutuelle-des-mo\/\" \/>\n<meta name=\"twitter:card\" content=\"summary_large_image\" \/>\n<meta name=\"twitter:title\" content=\"Mutuelle des Motards: Baisse des tarifs ? - leblogmoto.com\" \/>\n<meta name=\"twitter:description\" content=\"Gr\u00e2ce \u00e0 la baisse du nombre de sinistres en 2007, la Mutuelle des Motards a donc d\u00e9cid\u00e9 de reverser 2,9 millions d&rsquo;euros a ses soci\u00e9taires motards, ce qui revient \u00e0 r\u00e9duire d&rsquo;environ 5% leur prime d&rsquo;assurance pour 2006-2007.A c\u00f4t\u00e9 de \u00e7a, la Mutuelle des Motards baisse de 9,2% ses tarifs pour 2007, une occasion peut-\u00eatre [&hellip;]\" \/>\n<meta name=\"twitter:image\" content=\"http:\/\/www.leblogmoto.com\/images\/campagne.jpg\" \/>\n<meta name=\"twitter:label1\" content=\"\u00c9crit par\" \/>\n\t<meta name=\"twitter:data1\" content=\"gregory boucaud\" \/>\n\t<meta name=\"twitter:label2\" content=\"Dur\u00e9e de lecture estim\u00e9e\" \/>\n\t<meta name=\"twitter:data2\" content=\"1 minute\" \/>\n<script type=\"application\/ld+json\" class=\"yoast-schema-graph\">{\"@context\":\"https:\/\/schema.org\",\"@graph\":[{\"@type\":\"WebPage\",\"@id\":\"https:\/\/blogs.thesocialmedia.com\/leblogmoto\/2007\/03\/11\/mutuelle-des-mo\/\",\"url\":\"https:\/\/blogs.thesocialmedia.com\/leblogmoto\/2007\/03\/11\/mutuelle-des-mo\/\",\"name\":\"Mutuelle des Motards: Baisse des tarifs ? - leblogmoto.com\",\"isPartOf\":{\"@id\":\"https:\/\/blogs.thesocialmedia.com\/leblogmoto\/#website\"},\"primaryImageOfPage\":{\"@id\":\"https:\/\/blogs.thesocialmedia.com\/leblogmoto\/2007\/03\/11\/mutuelle-des-mo\/#primaryimage\"},\"image\":{\"@id\":\"https:\/\/blogs.thesocialmedia.com\/leblogmoto\/2007\/03\/11\/mutuelle-des-mo\/#primaryimage\"},\"thumbnailUrl\":\"http:\/\/www.leblogmoto.com\/images\/campagne.jpg\",\"datePublished\":\"2007-03-11T23:37:06+00:00\",\"dateModified\":\"2012-07-11T14:34:48+00:00\",\"author\":{\"@id\":\"https:\/\/blogs.thesocialmedia.com\/leblogmoto\/#\/schema\/person\/769623f89741cc3381675029a37764f8\"},\"breadcrumb\":{\"@id\":\"https:\/\/blogs.thesocialmedia.com\/leblogmoto\/2007\/03\/11\/mutuelle-des-mo\/#breadcrumb\"},\"inLanguage\":\"fr-FR\",\"potentialAction\":[{\"@type\":\"ReadAction\",\"target\":[\"https:\/\/blogs.thesocialmedia.com\/leblogmoto\/2007\/03\/11\/mutuelle-des-mo\/\"]}]},{\"@type\":\"ImageObject\",\"inLanguage\":\"fr-FR\",\"@id\":\"https:\/\/blogs.thesocialmedia.com\/leblogmoto\/2007\/03\/11\/mutuelle-des-mo\/#primaryimage\",\"url\":\"http:\/\/www.leblogmoto.com\/images\/campagne.jpg\",\"contentUrl\":\"http:\/\/www.leblogmoto.com\/images\/campagne.jpg\"},{\"@type\":\"BreadcrumbList\",\"@id\":\"https:\/\/blogs.thesocialmedia.com\/leblogmoto\/2007\/03\/11\/mutuelle-des-mo\/#breadcrumb\",\"itemListElement\":[{\"@type\":\"ListItem\",\"position\":1,\"name\":\"Accueil\",\"item\":\"https:\/\/blogs.thesocialmedia.com\/leblogmoto\/\"},{\"@type\":\"ListItem\",\"position\":2,\"name\":\"Mutuelle des Motards: Baisse des tarifs ?\"}]},{\"@type\":\"WebSite\",\"@id\":\"https:\/\/blogs.thesocialmedia.com\/leblogmoto\/#website\",\"url\":\"https:\/\/blogs.thesocialmedia.com\/leblogmoto\/\",\"name\":\"leblogmoto\",\"description\":\"Toute l&#039;actualit\u00e9 des 2 roues\",\"potentialAction\":[{\"@type\":\"SearchAction\",\"target\":{\"@type\":\"EntryPoint\",\"urlTemplate\":\"https:\/\/blogs.thesocialmedia.com\/leblogmoto\/?s={search_term_string}\"},\"query-input\":{\"@type\":\"PropertyValueSpecification\",\"valueRequired\":true,\"valueName\":\"search_term_string\"}}],\"inLanguage\":\"fr-FR\"},{\"@type\":\"Person\",\"@id\":\"https:\/\/blogs.thesocialmedia.com\/leblogmoto\/#\/schema\/person\/769623f89741cc3381675029a37764f8\",\"name\":\"gregory boucaud\",\"image\":{\"@type\":\"ImageObject\",\"inLanguage\":\"fr-FR\",\"@id\":\"https:\/\/blogs.thesocialmedia.com\/leblogmoto\/#\/schema\/person\/image\/\",\"url\":\"https:\/\/secure.gravatar.com\/avatar\/?s=96&d=mm&r=g\",\"contentUrl\":\"https:\/\/secure.gravatar.com\/avatar\/?s=96&d=mm&r=g\",\"caption\":\"gregory boucaud\"},\"url\":\"https:\/\/blogs.thesocialmedia.com\/leblogmoto\/author\/gregory-boucaud\/\"}]}<\/script>\n<!-- \/ Yoast SEO plugin. -->","yoast_head_json":{"title":"Mutuelle des Motards: Baisse des tarifs ? - leblogmoto.com","robots":{"index":"index","follow":"follow","max-snippet":"max-snippet:-1","max-image-preview":"max-image-preview:large","max-video-preview":"max-video-preview:-1"},"canonical":"https:\/\/blogs.thesocialmedia.com\/leblogmoto\/2007\/03\/11\/mutuelle-des-mo\/","twitter_card":"summary_large_image","twitter_title":"Mutuelle des Motards: Baisse des tarifs ? - leblogmoto.com","twitter_description":"Gr\u00e2ce \u00e0 la baisse du nombre de sinistres en 2007, la Mutuelle des Motards a donc d\u00e9cid\u00e9 de reverser 2,9 millions d&rsquo;euros a ses soci\u00e9taires motards, ce qui revient \u00e0 r\u00e9duire d&rsquo;environ 5% leur prime d&rsquo;assurance pour 2006-2007.A c\u00f4t\u00e9 de \u00e7a, la Mutuelle des Motards baisse de 9,2% ses tarifs pour 2007, une occasion peut-\u00eatre [&hellip;]","twitter_image":"http:\/\/www.leblogmoto.com\/images\/campagne.jpg","twitter_misc":{"\u00c9crit par":"gregory boucaud","Dur\u00e9e de lecture estim\u00e9e":"1 minute"},"schema":{"@context":"https:\/\/schema.org","@graph":[{"@type":"WebPage","@id":"https:\/\/blogs.thesocialmedia.com\/leblogmoto\/2007\/03\/11\/mutuelle-des-mo\/","url":"https:\/\/blogs.thesocialmedia.com\/leblogmoto\/2007\/03\/11\/mutuelle-des-mo\/","name":"Mutuelle des Motards: Baisse des tarifs ? - leblogmoto.com","isPartOf":{"@id":"https:\/\/blogs.thesocialmedia.com\/leblogmoto\/#website"},"primaryImageOfPage":{"@id":"https:\/\/blogs.thesocialmedia.com\/leblogmoto\/2007\/03\/11\/mutuelle-des-mo\/#primaryimage"},"image":{"@id":"https:\/\/blogs.thesocialmedia.com\/leblogmoto\/2007\/03\/11\/mutuelle-des-mo\/#primaryimage"},"thumbnailUrl":"http:\/\/www.leblogmoto.com\/images\/campagne.jpg","datePublished":"2007-03-11T23:37:06+00:00","dateModified":"2012-07-11T14:34:48+00:00","author":{"@id":"https:\/\/blogs.thesocialmedia.com\/leblogmoto\/#\/schema\/person\/769623f89741cc3381675029a37764f8"},"breadcrumb":{"@id":"https:\/\/blogs.thesocialmedia.com\/leblogmoto\/2007\/03\/11\/mutuelle-des-mo\/#breadcrumb"},"inLanguage":"fr-FR","potentialAction":[{"@type":"ReadAction","target":["https:\/\/blogs.thesocialmedia.com\/leblogmoto\/2007\/03\/11\/mutuelle-des-mo\/"]}]},{"@type":"ImageObject","inLanguage":"fr-FR","@id":"https:\/\/blogs.thesocialmedia.com\/leblogmoto\/2007\/03\/11\/mutuelle-des-mo\/#primaryimage","url":"http:\/\/www.leblogmoto.com\/images\/campagne.jpg","contentUrl":"http:\/\/www.leblogmoto.com\/images\/campagne.jpg"},{"@type":"BreadcrumbList","@id":"https:\/\/blogs.thesocialmedia.com\/leblogmoto\/2007\/03\/11\/mutuelle-des-mo\/#breadcrumb","itemListElement":[{"@type":"ListItem","position":1,"name":"Accueil","item":"https:\/\/blogs.thesocialmedia.com\/leblogmoto\/"},{"@type":"ListItem","position":2,"name":"Mutuelle des Motards: Baisse des tarifs ?"}]},{"@type":"WebSite","@id":"https:\/\/blogs.thesocialmedia.com\/leblogmoto\/#website","url":"https:\/\/blogs.thesocialmedia.com\/leblogmoto\/","name":"leblogmoto","description":"Toute l&#039;actualit\u00e9 des 2 roues","potentialAction":[{"@type":"SearchAction","target":{"@type":"EntryPoint","urlTemplate":"https:\/\/blogs.thesocialmedia.com\/leblogmoto\/?s={search_term_string}"},"query-input":{"@type":"PropertyValueSpecification","valueRequired":true,"valueName":"search_term_string"}}],"inLanguage":"fr-FR"},{"@type":"Person","@id":"https:\/\/blogs.thesocialmedia.com\/leblogmoto\/#\/schema\/person\/769623f89741cc3381675029a37764f8","name":"gregory boucaud","image":{"@type":"ImageObject","inLanguage":"fr-FR","@id":"https:\/\/blogs.thesocialmedia.com\/leblogmoto\/#\/schema\/person\/image\/","url":"https:\/\/secure.gravatar.com\/avatar\/?s=96&d=mm&r=g","contentUrl":"https:\/\/secure.gravatar.com\/avatar\/?s=96&d=mm&r=g","caption":"gregory boucaud"},"url":"https:\/\/blogs.thesocialmedia.com\/leblogmoto\/author\/gregory-boucaud\/"}]}},"_links":{"self":[{"href":"https:\/\/blogs.thesocialmedia.com\/leblogmoto\/wp-json\/wp\/v2\/posts\/1490","targetHints":{"allow":["GET"]}}],"collection":[{"href":"https:\/\/blogs.thesocialmedia.com\/leblogmoto\/wp-json\/wp\/v2\/posts"}],"about":[{"href":"https:\/\/blogs.thesocialmedia.com\/leblogmoto\/wp-json\/wp\/v2\/types\/post"}],"author":[{"embeddable":true,"href":"https:\/\/blogs.thesocialmedia.com\/leblogmoto\/wp-json\/wp\/v2\/users\/329"}],"replies":[{"embeddable":true,"href":"https:\/\/blogs.thesocialmedia.com\/leblogmoto\/wp-json\/wp\/v2\/comments?post=1490"}],"version-history":[{"count":2,"href":"https:\/\/blogs.thesocialmedia.com\/leblogmoto\/wp-json\/wp\/v2\/posts\/1490\/revisions"}],"predecessor-version":[{"id":8161,"href":"https:\/\/blogs.thesocialmedia.com\/leblogmoto\/wp-json\/wp\/v2\/posts\/1490\/revisions\/8161"}],"wp:attachment":[{"href":"https:\/\/blogs.thesocialmedia.com\/leblogmoto\/wp-json\/wp\/v2\/media?parent=1490"}],"wp:term":[{"taxonomy":"category","embeddable":true,"href":"https:\/\/blogs.thesocialmedia.com\/leblogmoto\/wp-json\/wp\/v2\/categories?post=1490"},{"taxonomy":"post_tag","embeddable":true,"href":"https:\/\/blogs.thesocialmedia.com\/leblogmoto\/wp-json\/wp\/v2\/tags?post=1490"}],"curies":[{"name":"wp","href":"https:\/\/api.w.org\/{rel}","templated":true}]}}