{"id":1491,"date":"2007-03-11T16:21:51","date_gmt":"2007-03-11T16:21:51","guid":{"rendered":"http:\/\/blogs.thesocialmedia.com\/leblogmoto\/2007\/03\/11\/enduro-moto-le\/"},"modified":"2012-07-11T14:34:45","modified_gmt":"2012-07-11T14:34:45","slug":"enduro-moto-le","status":"publish","type":"post","link":"https:\/\/blogs.thesocialmedia.com\/leblogmoto\/2007\/03\/11\/enduro-moto-le\/","title":{"rendered":"Enduro moto: Le \u00ab cheval noir \u00bb de BMW"},"content":{"rendered":"<p><a href=\"http:\/\/blogs.thesocialmedia.com\/leblogmoto\/files\/2012\/07\/2007uelsenbmw_200x166.jpg\"><img loading=\"lazy\" decoding=\"async\" width=\"250\" height=\"208\"  alt=\"2007uelsenbmw_200x166\" src=\"http:\/\/www.leblogmoto.com\/images\/2007uelsenbmw_200x166.jpg\" style=\"margin: 0px 5px 5px 0px;float: left\" \/><\/a> Le \u00ab Black Horse \u00bb, c\u2019est le cheval surg\u00eet de nulle part, celui que personne n\u2019attendait mais qui vient cr\u00e9er la surprise dans les courses Anglaises. A titre d\u2019exemple c\u2019est ainsi que les bookmakers britanniques surnomment Fran\u00e7ois Bayrou ! Comparaison hasardeuse, j\u2019en conviens mais la b\u00eate dont nous parlons ici a pourtant cr\u00e9e un v\u00e9ritable s\u00e9isme chez nos voisins du Monde enduristique Allemand.<br \/>L\u2019\u00e9v\u00e9nement s\u2019est produit Outre Rhin le 4 mars dernier \u00e0 l\u2019occasion de l\u2019ouverture de la saison d\u2019enduro, \u00e0 <a href=\"http:\/\/endurosport.baboons.de\/content.php?parent_id=CAT_342&amp;doc_id=DOC_9561\">Uelsen<\/a> pr\u00e9cis\u00e9ment. Profitant de l\u2019obscurit\u00e9 d\u2019une fin d\u2019apr\u00e8s-midi, le cheval noir \u00e0 discr\u00e8tement point\u00e9 son mufle et sa livr\u00e9e noire mate au contr\u00f4le technique de la course. <\/p>\n<p><a href=\"http:\/\/clabedan.typepad.com\/.shared\/image.html?\/photos\/uncategorized\/bmw450_web623188099743151060.jpg\"><img loading=\"lazy\" decoding=\"async\" width=\"250\" height=\"167\"  alt=\"Bmw450_web623188099743151060\" src=\"http:\/\/www.leblogmoto.com\/images\/bmw450_web623188099743151060.jpg\" style=\"margin: 0px 5px 5px 0px;float: left\" \/><\/a> C\u2019\u00e9tait un prototype pouss\u00e9 par <a href=\"http:\/\/www.saschaeckert.de\/mambo\/\">Sascha Eckert<\/a>, un cavalier de 30 ans excellent enduriste, \u00e0 l\u2019occasion pilote essayeur\u2026chez <a href=\"http:\/\/www.bmw-motorrad.com.fr\/fr\/fr\/index.html\">BMW<\/a>. La nuit \u00e9tant venue, il fut impossible aux observateurs du parc ferm\u00e9 d\u2019en savoir plus ce soir l\u00e0. La manip fut efficace car la myst\u00e9rieuse monture d\u2019Eckert occupa toutes les conversations de la soir\u00e9e et agite encore les forums allemands.<\/p>\n<p><a href=\"http:\/\/clabedan.typepad.com\/.shared\/image.html?\/photos\/uncategorized\/bmw450_web623188099743151060_copie.jpg\"><img loading=\"lazy\" decoding=\"async\" width=\"250\" height=\"152\"  alt=\"Bmw450_web623188099743151060_copie\" src=\"http:\/\/www.leblogmoto.com\/images\/bmw450_web623188099743151060_copie.jpg\" style=\"margin: 0px 5px 5px 0px;float: left\" \/><\/a> Ce n\u2019est que le lendemain matin, au moment du d\u00e9part de la course que le moteur a enfin pu \u00eatre identifi\u00e9 ; un monocylindre BMW 450er \u00e0 injection. Le pignon de sortie de boite \u00e9tant localis\u00e9e pr\u00e9cis\u00e9ment sur l\u2019axe du bras oscillant ce qui pourrait avoir comme avantage de limiter les r\u00e9glages de tension de cha\u00eene. L\u2019amortisseur Oehlins travaille directement sur le bras, sans l\u2019interm\u00e9diaire de biellettes. Quand au r\u00e9servoir, selon les observateurs, il se trouverait sous la selle. Cependant on d\u00e9plore qu\u2019aucune information technique n&rsquo;ait \u00e9t\u00e9 d\u00e9livr\u00e9e sur place par le pilote et ses chaperons. En revanche, nous avons pu savoir que le proto BMW d\u2019Enduro eut des probl\u00e8mes \u00e9lectriques sans gravit\u00e9 sur la premi\u00e8re sp\u00e9ciale, mais la moto a tenu toute l\u2019\u00e9preuve pour finir \u00e0 la huiti\u00e8me place de sa cat\u00e9gorie (450 4T)<\/p>\n<p><a href=\"http:\/\/clabedan.typepad.com\/.shared\/image.html?\/photos\/uncategorized\/image.jpeg\"><img loading=\"lazy\" decoding=\"async\" width=\"250\" height=\"177\"  alt=\"Image\" src=\"http:\/\/www.leblogmoto.com\/images\/image.jpeg\" style=\"margin: 0px 5px 5px 0px;float: left\" \/><\/a> L&rsquo;objectif de la tr\u00e8s discr\u00e8te \u00e9quipe D\u00e9veloppement de \u00ab BMW AGS Motorrad Team \u00bb \u00e9tait avant tout d&rsquo;exp\u00e9rimenter le concept sur sa fiabilit\u00e9 et ses performances. C\u2019est chose faite et cela confirme les rumeurs selon lesquelles les h\u00e9lices Bavaroises souhaiteraient d\u00e9velopper un mono 450 pour aller chercher KTM en Enduro et Rallyes-Raids, quitte pour ce faire \u00e0 racheter <a href=\"http:\/\/www.simamoto.fr\/\">Husqvarna<\/a> qui apr\u00e8s son long d\u00e9tour chez l&rsquo;Italien <a href=\"http:\/\/www.cagiva.it\/\">Cagiva<\/a> se rapprocherait ainsi de sa terre natale su\u00e9doise.<\/p>\n","protected":false},"excerpt":{"rendered":"<p>Le \u00ab Black Horse \u00bb, c\u2019est le cheval surg\u00eet de nulle part, celui que personne n\u2019attendait mais qui vient cr\u00e9er la surprise dans les courses Anglaises. A titre d\u2019exemple c\u2019est ainsi que les bookmakers britanniques surnomment Fran\u00e7ois Bayrou ! Comparaison hasardeuse, j\u2019en conviens mais la b\u00eate dont nous parlons ici a pourtant cr\u00e9e un v\u00e9ritable [&hellip;]<\/p>\n","protected":false},"author":333,"featured_media":0,"comment_status":"open","ping_status":"open","sticky":false,"template":"","format":"standard","meta":{"footnotes":""},"categories":[7],"tags":[],"class_list":["post-1491","post","type-post","status-publish","format-standard","hentry","category-bmw"],"yoast_head":"<!-- This site is optimized with the Yoast SEO plugin v26.0 - https:\/\/yoast.com\/wordpress\/plugins\/seo\/ -->\n<title>Enduro moto: Le \u00ab cheval noir \u00bb de BMW - leblogmoto.com<\/title>\n<meta name=\"robots\" content=\"index, follow, max-snippet:-1, max-image-preview:large, max-video-preview:-1\" \/>\n<link rel=\"canonical\" href=\"https:\/\/blogs.thesocialmedia.com\/leblogmoto\/2007\/03\/11\/enduro-moto-le\/\" \/>\n<meta name=\"twitter:card\" content=\"summary_large_image\" \/>\n<meta name=\"twitter:title\" content=\"Enduro moto: Le \u00ab cheval noir \u00bb de BMW - leblogmoto.com\" \/>\n<meta name=\"twitter:description\" content=\"Le \u00ab Black Horse \u00bb, c\u2019est le cheval surg\u00eet de nulle part, celui que personne n\u2019attendait mais qui vient cr\u00e9er la surprise dans les courses Anglaises. A titre d\u2019exemple c\u2019est ainsi que les bookmakers britanniques surnomment Fran\u00e7ois Bayrou ! Comparaison hasardeuse, j\u2019en conviens mais la b\u00eate dont nous parlons ici a pourtant cr\u00e9e un v\u00e9ritable [&hellip;]\" \/>\n<meta name=\"twitter:image\" content=\"http:\/\/www.leblogmoto.com\/images\/2007uelsenbmw_200x166.jpg\" \/>\n<meta name=\"twitter:label1\" content=\"\u00c9crit par\" \/>\n\t<meta name=\"twitter:data1\" content=\"christian tirat\" \/>\n\t<meta name=\"twitter:label2\" content=\"Dur\u00e9e de lecture estim\u00e9e\" \/>\n\t<meta name=\"twitter:data2\" content=\"2 minutes\" \/>\n<script type=\"application\/ld+json\" class=\"yoast-schema-graph\">{\"@context\":\"https:\/\/schema.org\",\"@graph\":[{\"@type\":\"WebPage\",\"@id\":\"https:\/\/blogs.thesocialmedia.com\/leblogmoto\/2007\/03\/11\/enduro-moto-le\/\",\"url\":\"https:\/\/blogs.thesocialmedia.com\/leblogmoto\/2007\/03\/11\/enduro-moto-le\/\",\"name\":\"Enduro moto: Le \u00ab cheval noir \u00bb de BMW - leblogmoto.com\",\"isPartOf\":{\"@id\":\"https:\/\/blogs.thesocialmedia.com\/leblogmoto\/#website\"},\"primaryImageOfPage\":{\"@id\":\"https:\/\/blogs.thesocialmedia.com\/leblogmoto\/2007\/03\/11\/enduro-moto-le\/#primaryimage\"},\"image\":{\"@id\":\"https:\/\/blogs.thesocialmedia.com\/leblogmoto\/2007\/03\/11\/enduro-moto-le\/#primaryimage\"},\"thumbnailUrl\":\"http:\/\/www.leblogmoto.com\/images\/2007uelsenbmw_200x166.jpg\",\"datePublished\":\"2007-03-11T16:21:51+00:00\",\"dateModified\":\"2012-07-11T14:34:45+00:00\",\"author\":{\"@id\":\"https:\/\/blogs.thesocialmedia.com\/leblogmoto\/#\/schema\/person\/90b2f8fd0d5a2cede2580e95fc79c6c0\"},\"breadcrumb\":{\"@id\":\"https:\/\/blogs.thesocialmedia.com\/leblogmoto\/2007\/03\/11\/enduro-moto-le\/#breadcrumb\"},\"inLanguage\":\"fr-FR\",\"potentialAction\":[{\"@type\":\"ReadAction\",\"target\":[\"https:\/\/blogs.thesocialmedia.com\/leblogmoto\/2007\/03\/11\/enduro-moto-le\/\"]}]},{\"@type\":\"ImageObject\",\"inLanguage\":\"fr-FR\",\"@id\":\"https:\/\/blogs.thesocialmedia.com\/leblogmoto\/2007\/03\/11\/enduro-moto-le\/#primaryimage\",\"url\":\"http:\/\/www.leblogmoto.com\/images\/2007uelsenbmw_200x166.jpg\",\"contentUrl\":\"http:\/\/www.leblogmoto.com\/images\/2007uelsenbmw_200x166.jpg\"},{\"@type\":\"BreadcrumbList\",\"@id\":\"https:\/\/blogs.thesocialmedia.com\/leblogmoto\/2007\/03\/11\/enduro-moto-le\/#breadcrumb\",\"itemListElement\":[{\"@type\":\"ListItem\",\"position\":1,\"name\":\"Accueil\",\"item\":\"https:\/\/blogs.thesocialmedia.com\/leblogmoto\/\"},{\"@type\":\"ListItem\",\"position\":2,\"name\":\"Enduro moto: Le \u00ab cheval noir \u00bb de BMW\"}]},{\"@type\":\"WebSite\",\"@id\":\"https:\/\/blogs.thesocialmedia.com\/leblogmoto\/#website\",\"url\":\"https:\/\/blogs.thesocialmedia.com\/leblogmoto\/\",\"name\":\"leblogmoto\",\"description\":\"Toute l&#039;actualit\u00e9 des 2 roues\",\"potentialAction\":[{\"@type\":\"SearchAction\",\"target\":{\"@type\":\"EntryPoint\",\"urlTemplate\":\"https:\/\/blogs.thesocialmedia.com\/leblogmoto\/?s={search_term_string}\"},\"query-input\":{\"@type\":\"PropertyValueSpecification\",\"valueRequired\":true,\"valueName\":\"search_term_string\"}}],\"inLanguage\":\"fr-FR\"},{\"@type\":\"Person\",\"@id\":\"https:\/\/blogs.thesocialmedia.com\/leblogmoto\/#\/schema\/person\/90b2f8fd0d5a2cede2580e95fc79c6c0\",\"name\":\"christian tirat\",\"image\":{\"@type\":\"ImageObject\",\"inLanguage\":\"fr-FR\",\"@id\":\"https:\/\/blogs.thesocialmedia.com\/leblogmoto\/#\/schema\/person\/image\/\",\"url\":\"https:\/\/secure.gravatar.com\/avatar\/?s=96&d=mm&r=g\",\"contentUrl\":\"https:\/\/secure.gravatar.com\/avatar\/?s=96&d=mm&r=g\",\"caption\":\"christian tirat\"},\"url\":\"https:\/\/blogs.thesocialmedia.com\/leblogmoto\/author\/christian-tirat\/\"}]}<\/script>\n<!-- \/ Yoast SEO plugin. -->","yoast_head_json":{"title":"Enduro moto: Le \u00ab cheval noir \u00bb de BMW - leblogmoto.com","robots":{"index":"index","follow":"follow","max-snippet":"max-snippet:-1","max-image-preview":"max-image-preview:large","max-video-preview":"max-video-preview:-1"},"canonical":"https:\/\/blogs.thesocialmedia.com\/leblogmoto\/2007\/03\/11\/enduro-moto-le\/","twitter_card":"summary_large_image","twitter_title":"Enduro moto: Le \u00ab cheval noir \u00bb de BMW - leblogmoto.com","twitter_description":"Le \u00ab Black Horse \u00bb, c\u2019est le cheval surg\u00eet de nulle part, celui que personne n\u2019attendait mais qui vient cr\u00e9er la surprise dans les courses Anglaises. A titre d\u2019exemple c\u2019est ainsi que les bookmakers britanniques surnomment Fran\u00e7ois Bayrou ! Comparaison hasardeuse, j\u2019en conviens mais la b\u00eate dont nous parlons ici a pourtant cr\u00e9e un v\u00e9ritable [&hellip;]","twitter_image":"http:\/\/www.leblogmoto.com\/images\/2007uelsenbmw_200x166.jpg","twitter_misc":{"\u00c9crit par":"christian tirat","Dur\u00e9e de lecture estim\u00e9e":"2 minutes"},"schema":{"@context":"https:\/\/schema.org","@graph":[{"@type":"WebPage","@id":"https:\/\/blogs.thesocialmedia.com\/leblogmoto\/2007\/03\/11\/enduro-moto-le\/","url":"https:\/\/blogs.thesocialmedia.com\/leblogmoto\/2007\/03\/11\/enduro-moto-le\/","name":"Enduro moto: Le \u00ab cheval noir \u00bb de BMW - leblogmoto.com","isPartOf":{"@id":"https:\/\/blogs.thesocialmedia.com\/leblogmoto\/#website"},"primaryImageOfPage":{"@id":"https:\/\/blogs.thesocialmedia.com\/leblogmoto\/2007\/03\/11\/enduro-moto-le\/#primaryimage"},"image":{"@id":"https:\/\/blogs.thesocialmedia.com\/leblogmoto\/2007\/03\/11\/enduro-moto-le\/#primaryimage"},"thumbnailUrl":"http:\/\/www.leblogmoto.com\/images\/2007uelsenbmw_200x166.jpg","datePublished":"2007-03-11T16:21:51+00:00","dateModified":"2012-07-11T14:34:45+00:00","author":{"@id":"https:\/\/blogs.thesocialmedia.com\/leblogmoto\/#\/schema\/person\/90b2f8fd0d5a2cede2580e95fc79c6c0"},"breadcrumb":{"@id":"https:\/\/blogs.thesocialmedia.com\/leblogmoto\/2007\/03\/11\/enduro-moto-le\/#breadcrumb"},"inLanguage":"fr-FR","potentialAction":[{"@type":"ReadAction","target":["https:\/\/blogs.thesocialmedia.com\/leblogmoto\/2007\/03\/11\/enduro-moto-le\/"]}]},{"@type":"ImageObject","inLanguage":"fr-FR","@id":"https:\/\/blogs.thesocialmedia.com\/leblogmoto\/2007\/03\/11\/enduro-moto-le\/#primaryimage","url":"http:\/\/www.leblogmoto.com\/images\/2007uelsenbmw_200x166.jpg","contentUrl":"http:\/\/www.leblogmoto.com\/images\/2007uelsenbmw_200x166.jpg"},{"@type":"BreadcrumbList","@id":"https:\/\/blogs.thesocialmedia.com\/leblogmoto\/2007\/03\/11\/enduro-moto-le\/#breadcrumb","itemListElement":[{"@type":"ListItem","position":1,"name":"Accueil","item":"https:\/\/blogs.thesocialmedia.com\/leblogmoto\/"},{"@type":"ListItem","position":2,"name":"Enduro moto: Le \u00ab cheval noir \u00bb de BMW"}]},{"@type":"WebSite","@id":"https:\/\/blogs.thesocialmedia.com\/leblogmoto\/#website","url":"https:\/\/blogs.thesocialmedia.com\/leblogmoto\/","name":"leblogmoto","description":"Toute l&#039;actualit\u00e9 des 2 roues","potentialAction":[{"@type":"SearchAction","target":{"@type":"EntryPoint","urlTemplate":"https:\/\/blogs.thesocialmedia.com\/leblogmoto\/?s={search_term_string}"},"query-input":{"@type":"PropertyValueSpecification","valueRequired":true,"valueName":"search_term_string"}}],"inLanguage":"fr-FR"},{"@type":"Person","@id":"https:\/\/blogs.thesocialmedia.com\/leblogmoto\/#\/schema\/person\/90b2f8fd0d5a2cede2580e95fc79c6c0","name":"christian tirat","image":{"@type":"ImageObject","inLanguage":"fr-FR","@id":"https:\/\/blogs.thesocialmedia.com\/leblogmoto\/#\/schema\/person\/image\/","url":"https:\/\/secure.gravatar.com\/avatar\/?s=96&d=mm&r=g","contentUrl":"https:\/\/secure.gravatar.com\/avatar\/?s=96&d=mm&r=g","caption":"christian tirat"},"url":"https:\/\/blogs.thesocialmedia.com\/leblogmoto\/author\/christian-tirat\/"}]}},"_links":{"self":[{"href":"https:\/\/blogs.thesocialmedia.com\/leblogmoto\/wp-json\/wp\/v2\/posts\/1491","targetHints":{"allow":["GET"]}}],"collection":[{"href":"https:\/\/blogs.thesocialmedia.com\/leblogmoto\/wp-json\/wp\/v2\/posts"}],"about":[{"href":"https:\/\/blogs.thesocialmedia.com\/leblogmoto\/wp-json\/wp\/v2\/types\/post"}],"author":[{"embeddable":true,"href":"https:\/\/blogs.thesocialmedia.com\/leblogmoto\/wp-json\/wp\/v2\/users\/333"}],"replies":[{"embeddable":true,"href":"https:\/\/blogs.thesocialmedia.com\/leblogmoto\/wp-json\/wp\/v2\/comments?post=1491"}],"version-history":[{"count":2,"href":"https:\/\/blogs.thesocialmedia.com\/leblogmoto\/wp-json\/wp\/v2\/posts\/1491\/revisions"}],"predecessor-version":[{"id":8159,"href":"https:\/\/blogs.thesocialmedia.com\/leblogmoto\/wp-json\/wp\/v2\/posts\/1491\/revisions\/8159"}],"wp:attachment":[{"href":"https:\/\/blogs.thesocialmedia.com\/leblogmoto\/wp-json\/wp\/v2\/media?parent=1491"}],"wp:term":[{"taxonomy":"category","embeddable":true,"href":"https:\/\/blogs.thesocialmedia.com\/leblogmoto\/wp-json\/wp\/v2\/categories?post=1491"},{"taxonomy":"post_tag","embeddable":true,"href":"https:\/\/blogs.thesocialmedia.com\/leblogmoto\/wp-json\/wp\/v2\/tags?post=1491"}],"curies":[{"name":"wp","href":"https:\/\/api.w.org\/{rel}","templated":true}]}}