{"id":1492,"date":"2007-03-11T13:04:11","date_gmt":"2007-03-11T13:04:11","guid":{"rendered":"http:\/\/blogs.thesocialmedia.com\/leblogmoto\/2007\/03\/11\/nouveau-radar-a\/"},"modified":"2012-07-11T14:34:43","modified_gmt":"2012-07-11T14:34:43","slug":"nouveau-radar-a","status":"publish","type":"post","link":"https:\/\/blogs.thesocialmedia.com\/leblogmoto\/2007\/03\/11\/nouveau-radar-a\/","title":{"rendered":"Nouveau radar, a\u00efe a\u00efe a\u00efe"},"content":{"rendered":"<p><a href=\"http:\/\/blogs.thesocialmedia.com\/leblogmoto\/files\/2012\/07\/mesta_1000_1.jpg\"><img loading=\"lazy\" decoding=\"async\" width=\"250\" height=\"370\"  alt=\"Mesta_1000_1\" src=\"http:\/\/www.leblogmoto.com\/images\/mesta_1000_1.jpg\" style=\"margin: 0px 5px 5px 0px;float: left\" \/><\/a> Je vous pr\u00e9sente le <a href=\"http:\/\/www.sagem-ds.com\/fra\/site.php?spage=02030621\">MESTA 1000<\/a> de chez <a href=\"http:\/\/www.sagem-ds.com\/fra\/site.php?spage=00000000\">Sagem D\u00e9fense S\u00e9curit\u00e9<\/a>, la nouvelle chasseuse de points. Comme les anciens mod\u00e8les, ce radar permettra de contr\u00f4ler les automobilistes et les motards.<br \/>Mais qu&rsquo;est-ce qu&rsquo;il a de nouveau ce radar?<br \/>Bien, il est dot\u00e9 d&rsquo;une connexion Wi-Fi permettant au vehicule de Police d&rsquo;\u00eatre \u00e9loign\u00e9 d&rsquo;une cinquantaine de m\u00e8tres (loin de la route). Ainsi, avec sa petite taille (40 cm de large pour 20cm de haut), il est tr\u00e8s discret&#8230;<br \/>Ce radar a aussi une tr\u00e8s haute capacit\u00e9 en stockage de donn\u00e9es pour une utilisation longue dur\u00e9e, ainsi qu&rsquo;une t\u00e9l\u00e9commande permettant d&rsquo;orienter la cam\u00e9ra \u00e0 distance&#8230;<br \/>La qualit\u00e9 de l&rsquo;image est tr\u00e8s bonne que cela soit de jour ou de nuit. Ce radar pourra aussi surveiller de une \u00e0 quatre voies.<\/p>\n<p>Esperons que vous ne tomberez pas nez \u00e0 nez avec ce radar&#8230;<\/p>\n<p>Source : <a href=\"http:\/\/www.sagem-ds.com\/fra\/site.php?spage=00000000\">Sagem D\u00e9fense S\u00e9curit\u00e9<\/a>, <a href=\"http:\/\/www.radars-auto.com\/radars-automatiques-nouvelle-generation-2007.php\">Radar Auto<\/a><\/p>\n","protected":false},"excerpt":{"rendered":"<p>Je vous pr\u00e9sente le MESTA 1000 de chez Sagem D\u00e9fense S\u00e9curit\u00e9, la nouvelle chasseuse de points. Comme les anciens mod\u00e8les, ce radar permettra de contr\u00f4ler les automobilistes et les motards.Mais qu&rsquo;est-ce qu&rsquo;il a de nouveau ce radar?Bien, il est dot\u00e9 d&rsquo;une connexion Wi-Fi permettant au vehicule de Police d&rsquo;\u00eatre \u00e9loign\u00e9 d&rsquo;une cinquantaine de m\u00e8tres (loin [&hellip;]<\/p>\n","protected":false},"author":329,"featured_media":0,"comment_status":"open","ping_status":"open","sticky":false,"template":"","format":"standard","meta":{"footnotes":""},"categories":[3,27],"tags":[],"class_list":["post-1492","post","type-post","status-publish","format-standard","hentry","category-actualite","category-securite"],"yoast_head":"<!-- This site is optimized with the Yoast SEO plugin v26.0 - https:\/\/yoast.com\/wordpress\/plugins\/seo\/ -->\n<title>Nouveau radar, a\u00efe a\u00efe a\u00efe - leblogmoto.com<\/title>\n<meta name=\"robots\" content=\"index, follow, max-snippet:-1, max-image-preview:large, max-video-preview:-1\" \/>\n<link rel=\"canonical\" href=\"https:\/\/blogs.thesocialmedia.com\/leblogmoto\/2007\/03\/11\/nouveau-radar-a\/\" \/>\n<meta name=\"twitter:card\" content=\"summary_large_image\" \/>\n<meta name=\"twitter:title\" content=\"Nouveau radar, a\u00efe a\u00efe a\u00efe - leblogmoto.com\" \/>\n<meta name=\"twitter:description\" content=\"Je vous pr\u00e9sente le MESTA 1000 de chez Sagem D\u00e9fense S\u00e9curit\u00e9, la nouvelle chasseuse de points. Comme les anciens mod\u00e8les, ce radar permettra de contr\u00f4ler les automobilistes et les motards.Mais qu&rsquo;est-ce qu&rsquo;il a de nouveau ce radar?Bien, il est dot\u00e9 d&rsquo;une connexion Wi-Fi permettant au vehicule de Police d&rsquo;\u00eatre \u00e9loign\u00e9 d&rsquo;une cinquantaine de m\u00e8tres (loin [&hellip;]\" \/>\n<meta name=\"twitter:image\" content=\"http:\/\/www.leblogmoto.com\/images\/mesta_1000_1.jpg\" \/>\n<meta name=\"twitter:label1\" content=\"\u00c9crit par\" \/>\n\t<meta name=\"twitter:data1\" content=\"gregory boucaud\" \/>\n\t<meta name=\"twitter:label2\" content=\"Dur\u00e9e de lecture estim\u00e9e\" \/>\n\t<meta name=\"twitter:data2\" content=\"1 minute\" \/>\n<script type=\"application\/ld+json\" class=\"yoast-schema-graph\">{\"@context\":\"https:\/\/schema.org\",\"@graph\":[{\"@type\":\"WebPage\",\"@id\":\"https:\/\/blogs.thesocialmedia.com\/leblogmoto\/2007\/03\/11\/nouveau-radar-a\/\",\"url\":\"https:\/\/blogs.thesocialmedia.com\/leblogmoto\/2007\/03\/11\/nouveau-radar-a\/\",\"name\":\"Nouveau radar, a\u00efe a\u00efe a\u00efe - leblogmoto.com\",\"isPartOf\":{\"@id\":\"https:\/\/blogs.thesocialmedia.com\/leblogmoto\/#website\"},\"primaryImageOfPage\":{\"@id\":\"https:\/\/blogs.thesocialmedia.com\/leblogmoto\/2007\/03\/11\/nouveau-radar-a\/#primaryimage\"},\"image\":{\"@id\":\"https:\/\/blogs.thesocialmedia.com\/leblogmoto\/2007\/03\/11\/nouveau-radar-a\/#primaryimage\"},\"thumbnailUrl\":\"http:\/\/www.leblogmoto.com\/images\/mesta_1000_1.jpg\",\"datePublished\":\"2007-03-11T13:04:11+00:00\",\"dateModified\":\"2012-07-11T14:34:43+00:00\",\"author\":{\"@id\":\"https:\/\/blogs.thesocialmedia.com\/leblogmoto\/#\/schema\/person\/769623f89741cc3381675029a37764f8\"},\"breadcrumb\":{\"@id\":\"https:\/\/blogs.thesocialmedia.com\/leblogmoto\/2007\/03\/11\/nouveau-radar-a\/#breadcrumb\"},\"inLanguage\":\"fr-FR\",\"potentialAction\":[{\"@type\":\"ReadAction\",\"target\":[\"https:\/\/blogs.thesocialmedia.com\/leblogmoto\/2007\/03\/11\/nouveau-radar-a\/\"]}]},{\"@type\":\"ImageObject\",\"inLanguage\":\"fr-FR\",\"@id\":\"https:\/\/blogs.thesocialmedia.com\/leblogmoto\/2007\/03\/11\/nouveau-radar-a\/#primaryimage\",\"url\":\"http:\/\/www.leblogmoto.com\/images\/mesta_1000_1.jpg\",\"contentUrl\":\"http:\/\/www.leblogmoto.com\/images\/mesta_1000_1.jpg\"},{\"@type\":\"BreadcrumbList\",\"@id\":\"https:\/\/blogs.thesocialmedia.com\/leblogmoto\/2007\/03\/11\/nouveau-radar-a\/#breadcrumb\",\"itemListElement\":[{\"@type\":\"ListItem\",\"position\":1,\"name\":\"Accueil\",\"item\":\"https:\/\/blogs.thesocialmedia.com\/leblogmoto\/\"},{\"@type\":\"ListItem\",\"position\":2,\"name\":\"Nouveau radar, a\u00efe a\u00efe a\u00efe\"}]},{\"@type\":\"WebSite\",\"@id\":\"https:\/\/blogs.thesocialmedia.com\/leblogmoto\/#website\",\"url\":\"https:\/\/blogs.thesocialmedia.com\/leblogmoto\/\",\"name\":\"leblogmoto\",\"description\":\"Toute l&#039;actualit\u00e9 des 2 roues\",\"potentialAction\":[{\"@type\":\"SearchAction\",\"target\":{\"@type\":\"EntryPoint\",\"urlTemplate\":\"https:\/\/blogs.thesocialmedia.com\/leblogmoto\/?s={search_term_string}\"},\"query-input\":{\"@type\":\"PropertyValueSpecification\",\"valueRequired\":true,\"valueName\":\"search_term_string\"}}],\"inLanguage\":\"fr-FR\"},{\"@type\":\"Person\",\"@id\":\"https:\/\/blogs.thesocialmedia.com\/leblogmoto\/#\/schema\/person\/769623f89741cc3381675029a37764f8\",\"name\":\"gregory boucaud\",\"image\":{\"@type\":\"ImageObject\",\"inLanguage\":\"fr-FR\",\"@id\":\"https:\/\/blogs.thesocialmedia.com\/leblogmoto\/#\/schema\/person\/image\/\",\"url\":\"https:\/\/secure.gravatar.com\/avatar\/?s=96&d=mm&r=g\",\"contentUrl\":\"https:\/\/secure.gravatar.com\/avatar\/?s=96&d=mm&r=g\",\"caption\":\"gregory boucaud\"},\"url\":\"https:\/\/blogs.thesocialmedia.com\/leblogmoto\/author\/gregory-boucaud\/\"}]}<\/script>\n<!-- \/ Yoast SEO plugin. -->","yoast_head_json":{"title":"Nouveau radar, a\u00efe a\u00efe a\u00efe - leblogmoto.com","robots":{"index":"index","follow":"follow","max-snippet":"max-snippet:-1","max-image-preview":"max-image-preview:large","max-video-preview":"max-video-preview:-1"},"canonical":"https:\/\/blogs.thesocialmedia.com\/leblogmoto\/2007\/03\/11\/nouveau-radar-a\/","twitter_card":"summary_large_image","twitter_title":"Nouveau radar, a\u00efe a\u00efe a\u00efe - leblogmoto.com","twitter_description":"Je vous pr\u00e9sente le MESTA 1000 de chez Sagem D\u00e9fense S\u00e9curit\u00e9, la nouvelle chasseuse de points. Comme les anciens mod\u00e8les, ce radar permettra de contr\u00f4ler les automobilistes et les motards.Mais qu&rsquo;est-ce qu&rsquo;il a de nouveau ce radar?Bien, il est dot\u00e9 d&rsquo;une connexion Wi-Fi permettant au vehicule de Police d&rsquo;\u00eatre \u00e9loign\u00e9 d&rsquo;une cinquantaine de m\u00e8tres (loin [&hellip;]","twitter_image":"http:\/\/www.leblogmoto.com\/images\/mesta_1000_1.jpg","twitter_misc":{"\u00c9crit par":"gregory boucaud","Dur\u00e9e de lecture estim\u00e9e":"1 minute"},"schema":{"@context":"https:\/\/schema.org","@graph":[{"@type":"WebPage","@id":"https:\/\/blogs.thesocialmedia.com\/leblogmoto\/2007\/03\/11\/nouveau-radar-a\/","url":"https:\/\/blogs.thesocialmedia.com\/leblogmoto\/2007\/03\/11\/nouveau-radar-a\/","name":"Nouveau radar, a\u00efe a\u00efe a\u00efe - leblogmoto.com","isPartOf":{"@id":"https:\/\/blogs.thesocialmedia.com\/leblogmoto\/#website"},"primaryImageOfPage":{"@id":"https:\/\/blogs.thesocialmedia.com\/leblogmoto\/2007\/03\/11\/nouveau-radar-a\/#primaryimage"},"image":{"@id":"https:\/\/blogs.thesocialmedia.com\/leblogmoto\/2007\/03\/11\/nouveau-radar-a\/#primaryimage"},"thumbnailUrl":"http:\/\/www.leblogmoto.com\/images\/mesta_1000_1.jpg","datePublished":"2007-03-11T13:04:11+00:00","dateModified":"2012-07-11T14:34:43+00:00","author":{"@id":"https:\/\/blogs.thesocialmedia.com\/leblogmoto\/#\/schema\/person\/769623f89741cc3381675029a37764f8"},"breadcrumb":{"@id":"https:\/\/blogs.thesocialmedia.com\/leblogmoto\/2007\/03\/11\/nouveau-radar-a\/#breadcrumb"},"inLanguage":"fr-FR","potentialAction":[{"@type":"ReadAction","target":["https:\/\/blogs.thesocialmedia.com\/leblogmoto\/2007\/03\/11\/nouveau-radar-a\/"]}]},{"@type":"ImageObject","inLanguage":"fr-FR","@id":"https:\/\/blogs.thesocialmedia.com\/leblogmoto\/2007\/03\/11\/nouveau-radar-a\/#primaryimage","url":"http:\/\/www.leblogmoto.com\/images\/mesta_1000_1.jpg","contentUrl":"http:\/\/www.leblogmoto.com\/images\/mesta_1000_1.jpg"},{"@type":"BreadcrumbList","@id":"https:\/\/blogs.thesocialmedia.com\/leblogmoto\/2007\/03\/11\/nouveau-radar-a\/#breadcrumb","itemListElement":[{"@type":"ListItem","position":1,"name":"Accueil","item":"https:\/\/blogs.thesocialmedia.com\/leblogmoto\/"},{"@type":"ListItem","position":2,"name":"Nouveau radar, a\u00efe a\u00efe a\u00efe"}]},{"@type":"WebSite","@id":"https:\/\/blogs.thesocialmedia.com\/leblogmoto\/#website","url":"https:\/\/blogs.thesocialmedia.com\/leblogmoto\/","name":"leblogmoto","description":"Toute l&#039;actualit\u00e9 des 2 roues","potentialAction":[{"@type":"SearchAction","target":{"@type":"EntryPoint","urlTemplate":"https:\/\/blogs.thesocialmedia.com\/leblogmoto\/?s={search_term_string}"},"query-input":{"@type":"PropertyValueSpecification","valueRequired":true,"valueName":"search_term_string"}}],"inLanguage":"fr-FR"},{"@type":"Person","@id":"https:\/\/blogs.thesocialmedia.com\/leblogmoto\/#\/schema\/person\/769623f89741cc3381675029a37764f8","name":"gregory boucaud","image":{"@type":"ImageObject","inLanguage":"fr-FR","@id":"https:\/\/blogs.thesocialmedia.com\/leblogmoto\/#\/schema\/person\/image\/","url":"https:\/\/secure.gravatar.com\/avatar\/?s=96&d=mm&r=g","contentUrl":"https:\/\/secure.gravatar.com\/avatar\/?s=96&d=mm&r=g","caption":"gregory boucaud"},"url":"https:\/\/blogs.thesocialmedia.com\/leblogmoto\/author\/gregory-boucaud\/"}]}},"_links":{"self":[{"href":"https:\/\/blogs.thesocialmedia.com\/leblogmoto\/wp-json\/wp\/v2\/posts\/1492","targetHints":{"allow":["GET"]}}],"collection":[{"href":"https:\/\/blogs.thesocialmedia.com\/leblogmoto\/wp-json\/wp\/v2\/posts"}],"about":[{"href":"https:\/\/blogs.thesocialmedia.com\/leblogmoto\/wp-json\/wp\/v2\/types\/post"}],"author":[{"embeddable":true,"href":"https:\/\/blogs.thesocialmedia.com\/leblogmoto\/wp-json\/wp\/v2\/users\/329"}],"replies":[{"embeddable":true,"href":"https:\/\/blogs.thesocialmedia.com\/leblogmoto\/wp-json\/wp\/v2\/comments?post=1492"}],"version-history":[{"count":2,"href":"https:\/\/blogs.thesocialmedia.com\/leblogmoto\/wp-json\/wp\/v2\/posts\/1492\/revisions"}],"predecessor-version":[{"id":8157,"href":"https:\/\/blogs.thesocialmedia.com\/leblogmoto\/wp-json\/wp\/v2\/posts\/1492\/revisions\/8157"}],"wp:attachment":[{"href":"https:\/\/blogs.thesocialmedia.com\/leblogmoto\/wp-json\/wp\/v2\/media?parent=1492"}],"wp:term":[{"taxonomy":"category","embeddable":true,"href":"https:\/\/blogs.thesocialmedia.com\/leblogmoto\/wp-json\/wp\/v2\/categories?post=1492"},{"taxonomy":"post_tag","embeddable":true,"href":"https:\/\/blogs.thesocialmedia.com\/leblogmoto\/wp-json\/wp\/v2\/tags?post=1492"}],"curies":[{"name":"wp","href":"https:\/\/api.w.org\/{rel}","templated":true}]}}