{"id":1496,"date":"2007-03-10T03:11:46","date_gmt":"2007-03-10T03:11:46","guid":{"rendered":"http:\/\/blogs.thesocialmedia.com\/leblogmoto\/2007\/03\/10\/ide-lecture-la\/"},"modified":"2012-07-11T14:34:30","modified_gmt":"2012-07-11T14:34:30","slug":"ide-lecture-la","status":"publish","type":"post","link":"https:\/\/blogs.thesocialmedia.com\/leblogmoto\/2007\/03\/10\/ide-lecture-la\/","title":{"rendered":"Id\u00e9e Lecture: La Moto Illustr\u00e9e de A \u00e0 Z"},"content":{"rendered":"<p><a href=\"http:\/\/blogs.thesocialmedia.com\/leblogmoto\/files\/2012\/07\/9782849462775.jpg\"><img loading=\"lazy\" decoding=\"async\" height=\"327\" alt=\"9782849462775\" src=\"http:\/\/www.leblogmoto.com\/images\/9782849462775.jpg\" width=\"250\"  \/><\/a> Si vous ne savez pas quoi offrir \u00e0 une connaissance motarde ou en passe de le devenir, je ne serai que vous conseiller cette bande dessin\u00e9e d\u00e9crivant le vocabulaire &quot;technique&quot; cher \u00e0 ce cercle tr\u00e8s ferm\u00e9 de passionn\u00e9s&#8230;<br \/>Le coup de crayon est vraiment pas mal et m\u00e9rite le d\u00e9tour, ainsi que les d\u00e9finitions accomod\u00e9es d&rsquo;exemples vraiment surprenant de r\u00e9alisme.<br \/>L&rsquo;auteur Pierre-Yves Madeline a \u00e9crit quelques autres textes pour bandes dessin\u00e9s dans le domaine de la moto, nous citerons entre autres <em><a href=\"http:\/\/www4.fnac.com\/Shelf\/article.aspx?PRID=1675096&amp;OrderInSession=1&amp;Mn=6&amp;SID=3ec90a3b-5740-1af5-68d8-306acd8132a8&amp;TTL=060920070251&amp;Origin=FnacAff&amp;Ra=-1&amp;To=0&amp;Nu=3&amp;UID=160CDB38E-8BA6-B659-2A73-57EA7BEB931D&amp;Fr=3\">le monde de la moto<\/a><\/em> et le <em><a href=\"http:\/\/www4.fnac.com\/Shelf\/article.aspx?PRID=1594735&amp;OrderInSession=1&amp;Mn=6&amp;SID=3ec90a3b-5740-1af5-68d8-306acd8132a8&amp;TTL=060920070251&amp;Origin=FnacAff&amp;Ra=-1&amp;To=0&amp;Nu=6&amp;UID=160CDB38E-8BA6-B659-2A73-57EA7BEB931D&amp;Fr=3\">guide gros gaz des motards<\/a><\/em>.<br \/>Quand \u00e0 <a href=\"http:\/\/www.monsieurb.com\/\">Monsieur B<\/a>, le dessinateur de cet album, il ne se destine pas qu&rsquo;au monde de la moto car il s&rsquo;est illustr\u00e9 dans d&rsquo;autres <em>Illustr\u00e9e de A \u00e0 Z<\/em> ou encore <em>la V\u00e9rit\u00e9 sur<\/em> etc&#8230;<br \/>En bref, une bonne id\u00e9e cadeau qui risque fortement de plaire&#8230;<\/p>\n<p>Le prix de l&rsquo;album est de 9,45\u20ac (source <a href=\"http:\/\/www4.fnac.com\/Shelf\/article.aspx?PRID=1681261&amp;OrderInSession=1&amp;Mn=6&amp;SID=3ec90a3b-5740-1af5-68d8-306acd8132a8&amp;TTL=060920070251&amp;Origin=FnacAff&amp;Ra=-1&amp;To=0&amp;Nu=2&amp;UID=160CDB38E-8BA6-B659-2A73-57EA7BEB931D&amp;Fr=3\">Fnac<\/a>).<\/p>\n<p>Merci aux Castors pour ce pr\u00e9sent \ud83d\ude09<\/p>\n","protected":false},"excerpt":{"rendered":"<p>Si vous ne savez pas quoi offrir \u00e0 une connaissance motarde ou en passe de le devenir, je ne serai que vous conseiller cette bande dessin\u00e9e d\u00e9crivant le vocabulaire &quot;technique&quot; cher \u00e0 ce cercle tr\u00e8s ferm\u00e9 de passionn\u00e9s&#8230;Le coup de crayon est vraiment pas mal et m\u00e9rite le d\u00e9tour, ainsi que les d\u00e9finitions accomod\u00e9es d&rsquo;exemples [&hellip;]<\/p>\n","protected":false},"author":329,"featured_media":0,"comment_status":"open","ping_status":"open","sticky":false,"template":"","format":"standard","meta":{"footnotes":""},"categories":[15],"tags":[],"class_list":["post-1496","post","type-post","status-publish","format-standard","hentry","category-livres"],"yoast_head":"<!-- This site is optimized with the Yoast SEO plugin v26.0 - https:\/\/yoast.com\/wordpress\/plugins\/seo\/ -->\n<title>Id\u00e9e Lecture: La Moto Illustr\u00e9e de A \u00e0 Z - leblogmoto.com<\/title>\n<meta name=\"robots\" content=\"index, follow, max-snippet:-1, max-image-preview:large, max-video-preview:-1\" \/>\n<link rel=\"canonical\" href=\"https:\/\/blogs.thesocialmedia.com\/leblogmoto\/2007\/03\/10\/ide-lecture-la\/\" \/>\n<meta name=\"twitter:card\" content=\"summary_large_image\" \/>\n<meta name=\"twitter:title\" content=\"Id\u00e9e Lecture: La Moto Illustr\u00e9e de A \u00e0 Z - leblogmoto.com\" \/>\n<meta name=\"twitter:description\" content=\"Si vous ne savez pas quoi offrir \u00e0 une connaissance motarde ou en passe de le devenir, je ne serai que vous conseiller cette bande dessin\u00e9e d\u00e9crivant le vocabulaire &quot;technique&quot; cher \u00e0 ce cercle tr\u00e8s ferm\u00e9 de passionn\u00e9s&#8230;Le coup de crayon est vraiment pas mal et m\u00e9rite le d\u00e9tour, ainsi que les d\u00e9finitions accomod\u00e9es d&rsquo;exemples [&hellip;]\" \/>\n<meta name=\"twitter:image\" content=\"http:\/\/www.leblogmoto.com\/images\/9782849462775.jpg\" \/>\n<meta name=\"twitter:label1\" content=\"\u00c9crit par\" \/>\n\t<meta name=\"twitter:data1\" content=\"gregory boucaud\" \/>\n\t<meta name=\"twitter:label2\" content=\"Dur\u00e9e de lecture estim\u00e9e\" \/>\n\t<meta name=\"twitter:data2\" content=\"1 minute\" \/>\n<script type=\"application\/ld+json\" class=\"yoast-schema-graph\">{\"@context\":\"https:\/\/schema.org\",\"@graph\":[{\"@type\":\"WebPage\",\"@id\":\"https:\/\/blogs.thesocialmedia.com\/leblogmoto\/2007\/03\/10\/ide-lecture-la\/\",\"url\":\"https:\/\/blogs.thesocialmedia.com\/leblogmoto\/2007\/03\/10\/ide-lecture-la\/\",\"name\":\"Id\u00e9e Lecture: La Moto Illustr\u00e9e de A \u00e0 Z - leblogmoto.com\",\"isPartOf\":{\"@id\":\"https:\/\/blogs.thesocialmedia.com\/leblogmoto\/#website\"},\"primaryImageOfPage\":{\"@id\":\"https:\/\/blogs.thesocialmedia.com\/leblogmoto\/2007\/03\/10\/ide-lecture-la\/#primaryimage\"},\"image\":{\"@id\":\"https:\/\/blogs.thesocialmedia.com\/leblogmoto\/2007\/03\/10\/ide-lecture-la\/#primaryimage\"},\"thumbnailUrl\":\"http:\/\/www.leblogmoto.com\/images\/9782849462775.jpg\",\"datePublished\":\"2007-03-10T03:11:46+00:00\",\"dateModified\":\"2012-07-11T14:34:30+00:00\",\"author\":{\"@id\":\"https:\/\/blogs.thesocialmedia.com\/leblogmoto\/#\/schema\/person\/769623f89741cc3381675029a37764f8\"},\"breadcrumb\":{\"@id\":\"https:\/\/blogs.thesocialmedia.com\/leblogmoto\/2007\/03\/10\/ide-lecture-la\/#breadcrumb\"},\"inLanguage\":\"fr-FR\",\"potentialAction\":[{\"@type\":\"ReadAction\",\"target\":[\"https:\/\/blogs.thesocialmedia.com\/leblogmoto\/2007\/03\/10\/ide-lecture-la\/\"]}]},{\"@type\":\"ImageObject\",\"inLanguage\":\"fr-FR\",\"@id\":\"https:\/\/blogs.thesocialmedia.com\/leblogmoto\/2007\/03\/10\/ide-lecture-la\/#primaryimage\",\"url\":\"http:\/\/www.leblogmoto.com\/images\/9782849462775.jpg\",\"contentUrl\":\"http:\/\/www.leblogmoto.com\/images\/9782849462775.jpg\"},{\"@type\":\"BreadcrumbList\",\"@id\":\"https:\/\/blogs.thesocialmedia.com\/leblogmoto\/2007\/03\/10\/ide-lecture-la\/#breadcrumb\",\"itemListElement\":[{\"@type\":\"ListItem\",\"position\":1,\"name\":\"Accueil\",\"item\":\"https:\/\/blogs.thesocialmedia.com\/leblogmoto\/\"},{\"@type\":\"ListItem\",\"position\":2,\"name\":\"Id\u00e9e Lecture: La Moto Illustr\u00e9e de A \u00e0 Z\"}]},{\"@type\":\"WebSite\",\"@id\":\"https:\/\/blogs.thesocialmedia.com\/leblogmoto\/#website\",\"url\":\"https:\/\/blogs.thesocialmedia.com\/leblogmoto\/\",\"name\":\"leblogmoto\",\"description\":\"Toute l&#039;actualit\u00e9 des 2 roues\",\"potentialAction\":[{\"@type\":\"SearchAction\",\"target\":{\"@type\":\"EntryPoint\",\"urlTemplate\":\"https:\/\/blogs.thesocialmedia.com\/leblogmoto\/?s={search_term_string}\"},\"query-input\":{\"@type\":\"PropertyValueSpecification\",\"valueRequired\":true,\"valueName\":\"search_term_string\"}}],\"inLanguage\":\"fr-FR\"},{\"@type\":\"Person\",\"@id\":\"https:\/\/blogs.thesocialmedia.com\/leblogmoto\/#\/schema\/person\/769623f89741cc3381675029a37764f8\",\"name\":\"gregory boucaud\",\"image\":{\"@type\":\"ImageObject\",\"inLanguage\":\"fr-FR\",\"@id\":\"https:\/\/blogs.thesocialmedia.com\/leblogmoto\/#\/schema\/person\/image\/\",\"url\":\"https:\/\/secure.gravatar.com\/avatar\/?s=96&d=mm&r=g\",\"contentUrl\":\"https:\/\/secure.gravatar.com\/avatar\/?s=96&d=mm&r=g\",\"caption\":\"gregory boucaud\"},\"url\":\"https:\/\/blogs.thesocialmedia.com\/leblogmoto\/author\/gregory-boucaud\/\"}]}<\/script>\n<!-- \/ Yoast SEO plugin. -->","yoast_head_json":{"title":"Id\u00e9e Lecture: La Moto Illustr\u00e9e de A \u00e0 Z - leblogmoto.com","robots":{"index":"index","follow":"follow","max-snippet":"max-snippet:-1","max-image-preview":"max-image-preview:large","max-video-preview":"max-video-preview:-1"},"canonical":"https:\/\/blogs.thesocialmedia.com\/leblogmoto\/2007\/03\/10\/ide-lecture-la\/","twitter_card":"summary_large_image","twitter_title":"Id\u00e9e Lecture: La Moto Illustr\u00e9e de A \u00e0 Z - leblogmoto.com","twitter_description":"Si vous ne savez pas quoi offrir \u00e0 une connaissance motarde ou en passe de le devenir, je ne serai que vous conseiller cette bande dessin\u00e9e d\u00e9crivant le vocabulaire &quot;technique&quot; cher \u00e0 ce cercle tr\u00e8s ferm\u00e9 de passionn\u00e9s&#8230;Le coup de crayon est vraiment pas mal et m\u00e9rite le d\u00e9tour, ainsi que les d\u00e9finitions accomod\u00e9es d&rsquo;exemples [&hellip;]","twitter_image":"http:\/\/www.leblogmoto.com\/images\/9782849462775.jpg","twitter_misc":{"\u00c9crit par":"gregory boucaud","Dur\u00e9e de lecture estim\u00e9e":"1 minute"},"schema":{"@context":"https:\/\/schema.org","@graph":[{"@type":"WebPage","@id":"https:\/\/blogs.thesocialmedia.com\/leblogmoto\/2007\/03\/10\/ide-lecture-la\/","url":"https:\/\/blogs.thesocialmedia.com\/leblogmoto\/2007\/03\/10\/ide-lecture-la\/","name":"Id\u00e9e Lecture: La Moto Illustr\u00e9e de A \u00e0 Z - leblogmoto.com","isPartOf":{"@id":"https:\/\/blogs.thesocialmedia.com\/leblogmoto\/#website"},"primaryImageOfPage":{"@id":"https:\/\/blogs.thesocialmedia.com\/leblogmoto\/2007\/03\/10\/ide-lecture-la\/#primaryimage"},"image":{"@id":"https:\/\/blogs.thesocialmedia.com\/leblogmoto\/2007\/03\/10\/ide-lecture-la\/#primaryimage"},"thumbnailUrl":"http:\/\/www.leblogmoto.com\/images\/9782849462775.jpg","datePublished":"2007-03-10T03:11:46+00:00","dateModified":"2012-07-11T14:34:30+00:00","author":{"@id":"https:\/\/blogs.thesocialmedia.com\/leblogmoto\/#\/schema\/person\/769623f89741cc3381675029a37764f8"},"breadcrumb":{"@id":"https:\/\/blogs.thesocialmedia.com\/leblogmoto\/2007\/03\/10\/ide-lecture-la\/#breadcrumb"},"inLanguage":"fr-FR","potentialAction":[{"@type":"ReadAction","target":["https:\/\/blogs.thesocialmedia.com\/leblogmoto\/2007\/03\/10\/ide-lecture-la\/"]}]},{"@type":"ImageObject","inLanguage":"fr-FR","@id":"https:\/\/blogs.thesocialmedia.com\/leblogmoto\/2007\/03\/10\/ide-lecture-la\/#primaryimage","url":"http:\/\/www.leblogmoto.com\/images\/9782849462775.jpg","contentUrl":"http:\/\/www.leblogmoto.com\/images\/9782849462775.jpg"},{"@type":"BreadcrumbList","@id":"https:\/\/blogs.thesocialmedia.com\/leblogmoto\/2007\/03\/10\/ide-lecture-la\/#breadcrumb","itemListElement":[{"@type":"ListItem","position":1,"name":"Accueil","item":"https:\/\/blogs.thesocialmedia.com\/leblogmoto\/"},{"@type":"ListItem","position":2,"name":"Id\u00e9e Lecture: La Moto Illustr\u00e9e de A \u00e0 Z"}]},{"@type":"WebSite","@id":"https:\/\/blogs.thesocialmedia.com\/leblogmoto\/#website","url":"https:\/\/blogs.thesocialmedia.com\/leblogmoto\/","name":"leblogmoto","description":"Toute l&#039;actualit\u00e9 des 2 roues","potentialAction":[{"@type":"SearchAction","target":{"@type":"EntryPoint","urlTemplate":"https:\/\/blogs.thesocialmedia.com\/leblogmoto\/?s={search_term_string}"},"query-input":{"@type":"PropertyValueSpecification","valueRequired":true,"valueName":"search_term_string"}}],"inLanguage":"fr-FR"},{"@type":"Person","@id":"https:\/\/blogs.thesocialmedia.com\/leblogmoto\/#\/schema\/person\/769623f89741cc3381675029a37764f8","name":"gregory boucaud","image":{"@type":"ImageObject","inLanguage":"fr-FR","@id":"https:\/\/blogs.thesocialmedia.com\/leblogmoto\/#\/schema\/person\/image\/","url":"https:\/\/secure.gravatar.com\/avatar\/?s=96&d=mm&r=g","contentUrl":"https:\/\/secure.gravatar.com\/avatar\/?s=96&d=mm&r=g","caption":"gregory boucaud"},"url":"https:\/\/blogs.thesocialmedia.com\/leblogmoto\/author\/gregory-boucaud\/"}]}},"_links":{"self":[{"href":"https:\/\/blogs.thesocialmedia.com\/leblogmoto\/wp-json\/wp\/v2\/posts\/1496","targetHints":{"allow":["GET"]}}],"collection":[{"href":"https:\/\/blogs.thesocialmedia.com\/leblogmoto\/wp-json\/wp\/v2\/posts"}],"about":[{"href":"https:\/\/blogs.thesocialmedia.com\/leblogmoto\/wp-json\/wp\/v2\/types\/post"}],"author":[{"embeddable":true,"href":"https:\/\/blogs.thesocialmedia.com\/leblogmoto\/wp-json\/wp\/v2\/users\/329"}],"replies":[{"embeddable":true,"href":"https:\/\/blogs.thesocialmedia.com\/leblogmoto\/wp-json\/wp\/v2\/comments?post=1496"}],"version-history":[{"count":2,"href":"https:\/\/blogs.thesocialmedia.com\/leblogmoto\/wp-json\/wp\/v2\/posts\/1496\/revisions"}],"predecessor-version":[{"id":8147,"href":"https:\/\/blogs.thesocialmedia.com\/leblogmoto\/wp-json\/wp\/v2\/posts\/1496\/revisions\/8147"}],"wp:attachment":[{"href":"https:\/\/blogs.thesocialmedia.com\/leblogmoto\/wp-json\/wp\/v2\/media?parent=1496"}],"wp:term":[{"taxonomy":"category","embeddable":true,"href":"https:\/\/blogs.thesocialmedia.com\/leblogmoto\/wp-json\/wp\/v2\/categories?post=1496"},{"taxonomy":"post_tag","embeddable":true,"href":"https:\/\/blogs.thesocialmedia.com\/leblogmoto\/wp-json\/wp\/v2\/tags?post=1496"}],"curies":[{"name":"wp","href":"https:\/\/api.w.org\/{rel}","templated":true}]}}