{"id":1497,"date":"2007-03-08T20:02:55","date_gmt":"2007-03-08T20:02:55","guid":{"rendered":"http:\/\/blogs.thesocialmedia.com\/leblogmoto\/2007\/03\/08\/trophe-coluche\/"},"modified":"2012-07-11T14:34:28","modified_gmt":"2012-07-11T14:34:28","slug":"trophe-coluche","status":"publish","type":"post","link":"https:\/\/blogs.thesocialmedia.com\/leblogmoto\/2007\/03\/08\/trophe-coluche\/","title":{"rendered":"Troph\u00e9e Coluche 2007"},"content":{"rendered":"<p><a href=\"http:\/\/blogs.thesocialmedia.com\/leblogmoto\/files\/2012\/07\/bmph7dx0.jpg\"><\/a><a href=\"http:\/\/clabedan.typepad.com\/.shared\/image.html?\/photos\/uncategorized\/affiche_2007.jpg\"><img loading=\"lazy\" decoding=\"async\" height=\"374\" alt=\"Affiche_2007\" src=\"http:\/\/www.leblogmoto.com\/images\/affiche_2007.jpg\" width=\"250\"  \/><\/a> Vous habitez Paris et ne savez pas quoi faire ce week end? Sachez que sur le <a href=\"http:\/\/www.circuit-carole.com\/\">circuit Carole<\/a>, il y a la 13\u00e8 \u00e9dition du Troph\u00e9e Coluche organis\u00e9 par la <a href=\"http:\/\/perso.orange.fr\/team.banlieue.nord\/pages\/page_1pag.html\">Team Banlieue Nord<\/a>. Vous assisterez \u00e0 des courses de Sides Cars anciens et modernes ainsi qu&rsquo;\u00e0 une course de moto anciennes (avant 1980) et un bapt\u00eame de side de route est pr\u00e9vu \u00e0 midi. C&rsquo;est donc une occasion de d\u00e9couvrir ou simplement regarder ces engins tout en faisant une bonne action.<br \/>Rappelons que ce troph\u00e9e a \u00e9t\u00e9 cr\u00e9e par Isabelle Diot du <a href=\"http:\/\/www.side-car-club-francais.com\/\">Side Car Club Fran\u00e7ais<\/a> afin d&rsquo;aider financi\u00e8rement les &quot;Restos du Coeur&quot;.<br \/>Sachez que le prix de l&rsquo;entr\u00e9e est revers\u00e9 aux &quot;Restos du Coeur&quot; et que lors de la session 2006, 4500\u20ac ont \u00e9t\u00e9 revers\u00e9s pour 1500 spectateurs.&nbsp; C&rsquo;est un r\u00e9sultat en hausse par rapport \u00e0 la session 2005 qui a permis de reverser 3200 \u20ac pour 1200 visiteurs. <br \/>Le prix de l&rsquo;entr\u00e9e sera de 5\u20ac et l&rsquo;entr\u00e9e sera gratuite pour les moins de 12 ans.<\/p>\n<p><a href=\"http:\/\/clabedan.typepad.com\/.shared\/image.html?\/photos\/uncategorized\/tropheecolucheweb_1.jpg\"><img loading=\"lazy\" decoding=\"async\" height=\"295\" alt=\"Tropheecolucheweb_1\" src=\"http:\/\/www.leblogmoto.com\/images\/tropheecolucheweb_1.jpg\" width=\"470\"  \/><\/a> <\/p>\n<p><\/p>\n<p>Source : <a href=\"http:\/\/www.cybermotard.com\/\">www.cybermotard.com<\/a> <\/p>\n","protected":false},"excerpt":{"rendered":"<p>Vous habitez Paris et ne savez pas quoi faire ce week end? Sachez que sur le circuit Carole, il y a la 13\u00e8 \u00e9dition du Troph\u00e9e Coluche organis\u00e9 par la Team Banlieue Nord. Vous assisterez \u00e0 des courses de Sides Cars anciens et modernes ainsi qu&rsquo;\u00e0 une course de moto anciennes (avant 1980) et un [&hellip;]<\/p>\n","protected":false},"author":329,"featured_media":0,"comment_status":"open","ping_status":"open","sticky":false,"template":"","format":"standard","meta":{"footnotes":""},"categories":[3,9,10,63],"tags":[],"class_list":["post-1497","post","type-post","status-publish","format-standard","hentry","category-actualite","category-historique","category-meetings","category-side-car"],"yoast_head":"<!-- This site is optimized with the Yoast SEO plugin v26.0 - https:\/\/yoast.com\/wordpress\/plugins\/seo\/ -->\n<title>Troph\u00e9e Coluche 2007 - leblogmoto.com<\/title>\n<meta name=\"robots\" content=\"index, follow, max-snippet:-1, max-image-preview:large, max-video-preview:-1\" \/>\n<link rel=\"canonical\" href=\"https:\/\/blogs.thesocialmedia.com\/leblogmoto\/2007\/03\/08\/trophe-coluche\/\" \/>\n<meta name=\"twitter:card\" content=\"summary_large_image\" \/>\n<meta name=\"twitter:title\" content=\"Troph\u00e9e Coluche 2007 - leblogmoto.com\" \/>\n<meta name=\"twitter:description\" content=\"Vous habitez Paris et ne savez pas quoi faire ce week end? Sachez que sur le circuit Carole, il y a la 13\u00e8 \u00e9dition du Troph\u00e9e Coluche organis\u00e9 par la Team Banlieue Nord. Vous assisterez \u00e0 des courses de Sides Cars anciens et modernes ainsi qu&rsquo;\u00e0 une course de moto anciennes (avant 1980) et un [&hellip;]\" \/>\n<meta name=\"twitter:image\" content=\"http:\/\/www.leblogmoto.com\/images\/affiche_2007.jpg\" \/>\n<meta name=\"twitter:label1\" content=\"\u00c9crit par\" \/>\n\t<meta name=\"twitter:data1\" content=\"gregory boucaud\" \/>\n\t<meta name=\"twitter:label2\" content=\"Dur\u00e9e de lecture estim\u00e9e\" \/>\n\t<meta name=\"twitter:data2\" content=\"1 minute\" \/>\n<script type=\"application\/ld+json\" class=\"yoast-schema-graph\">{\"@context\":\"https:\/\/schema.org\",\"@graph\":[{\"@type\":\"WebPage\",\"@id\":\"https:\/\/blogs.thesocialmedia.com\/leblogmoto\/2007\/03\/08\/trophe-coluche\/\",\"url\":\"https:\/\/blogs.thesocialmedia.com\/leblogmoto\/2007\/03\/08\/trophe-coluche\/\",\"name\":\"Troph\u00e9e Coluche 2007 - leblogmoto.com\",\"isPartOf\":{\"@id\":\"https:\/\/blogs.thesocialmedia.com\/leblogmoto\/#website\"},\"primaryImageOfPage\":{\"@id\":\"https:\/\/blogs.thesocialmedia.com\/leblogmoto\/2007\/03\/08\/trophe-coluche\/#primaryimage\"},\"image\":{\"@id\":\"https:\/\/blogs.thesocialmedia.com\/leblogmoto\/2007\/03\/08\/trophe-coluche\/#primaryimage\"},\"thumbnailUrl\":\"http:\/\/www.leblogmoto.com\/images\/affiche_2007.jpg\",\"datePublished\":\"2007-03-08T20:02:55+00:00\",\"dateModified\":\"2012-07-11T14:34:28+00:00\",\"author\":{\"@id\":\"https:\/\/blogs.thesocialmedia.com\/leblogmoto\/#\/schema\/person\/769623f89741cc3381675029a37764f8\"},\"breadcrumb\":{\"@id\":\"https:\/\/blogs.thesocialmedia.com\/leblogmoto\/2007\/03\/08\/trophe-coluche\/#breadcrumb\"},\"inLanguage\":\"fr-FR\",\"potentialAction\":[{\"@type\":\"ReadAction\",\"target\":[\"https:\/\/blogs.thesocialmedia.com\/leblogmoto\/2007\/03\/08\/trophe-coluche\/\"]}]},{\"@type\":\"ImageObject\",\"inLanguage\":\"fr-FR\",\"@id\":\"https:\/\/blogs.thesocialmedia.com\/leblogmoto\/2007\/03\/08\/trophe-coluche\/#primaryimage\",\"url\":\"http:\/\/www.leblogmoto.com\/images\/affiche_2007.jpg\",\"contentUrl\":\"http:\/\/www.leblogmoto.com\/images\/affiche_2007.jpg\"},{\"@type\":\"BreadcrumbList\",\"@id\":\"https:\/\/blogs.thesocialmedia.com\/leblogmoto\/2007\/03\/08\/trophe-coluche\/#breadcrumb\",\"itemListElement\":[{\"@type\":\"ListItem\",\"position\":1,\"name\":\"Accueil\",\"item\":\"https:\/\/blogs.thesocialmedia.com\/leblogmoto\/\"},{\"@type\":\"ListItem\",\"position\":2,\"name\":\"Troph\u00e9e Coluche 2007\"}]},{\"@type\":\"WebSite\",\"@id\":\"https:\/\/blogs.thesocialmedia.com\/leblogmoto\/#website\",\"url\":\"https:\/\/blogs.thesocialmedia.com\/leblogmoto\/\",\"name\":\"leblogmoto\",\"description\":\"Toute l&#039;actualit\u00e9 des 2 roues\",\"potentialAction\":[{\"@type\":\"SearchAction\",\"target\":{\"@type\":\"EntryPoint\",\"urlTemplate\":\"https:\/\/blogs.thesocialmedia.com\/leblogmoto\/?s={search_term_string}\"},\"query-input\":{\"@type\":\"PropertyValueSpecification\",\"valueRequired\":true,\"valueName\":\"search_term_string\"}}],\"inLanguage\":\"fr-FR\"},{\"@type\":\"Person\",\"@id\":\"https:\/\/blogs.thesocialmedia.com\/leblogmoto\/#\/schema\/person\/769623f89741cc3381675029a37764f8\",\"name\":\"gregory boucaud\",\"image\":{\"@type\":\"ImageObject\",\"inLanguage\":\"fr-FR\",\"@id\":\"https:\/\/blogs.thesocialmedia.com\/leblogmoto\/#\/schema\/person\/image\/\",\"url\":\"https:\/\/secure.gravatar.com\/avatar\/?s=96&d=mm&r=g\",\"contentUrl\":\"https:\/\/secure.gravatar.com\/avatar\/?s=96&d=mm&r=g\",\"caption\":\"gregory boucaud\"},\"url\":\"https:\/\/blogs.thesocialmedia.com\/leblogmoto\/author\/gregory-boucaud\/\"}]}<\/script>\n<!-- \/ Yoast SEO plugin. -->","yoast_head_json":{"title":"Troph\u00e9e Coluche 2007 - leblogmoto.com","robots":{"index":"index","follow":"follow","max-snippet":"max-snippet:-1","max-image-preview":"max-image-preview:large","max-video-preview":"max-video-preview:-1"},"canonical":"https:\/\/blogs.thesocialmedia.com\/leblogmoto\/2007\/03\/08\/trophe-coluche\/","twitter_card":"summary_large_image","twitter_title":"Troph\u00e9e Coluche 2007 - leblogmoto.com","twitter_description":"Vous habitez Paris et ne savez pas quoi faire ce week end? Sachez que sur le circuit Carole, il y a la 13\u00e8 \u00e9dition du Troph\u00e9e Coluche organis\u00e9 par la Team Banlieue Nord. Vous assisterez \u00e0 des courses de Sides Cars anciens et modernes ainsi qu&rsquo;\u00e0 une course de moto anciennes (avant 1980) et un [&hellip;]","twitter_image":"http:\/\/www.leblogmoto.com\/images\/affiche_2007.jpg","twitter_misc":{"\u00c9crit par":"gregory boucaud","Dur\u00e9e de lecture estim\u00e9e":"1 minute"},"schema":{"@context":"https:\/\/schema.org","@graph":[{"@type":"WebPage","@id":"https:\/\/blogs.thesocialmedia.com\/leblogmoto\/2007\/03\/08\/trophe-coluche\/","url":"https:\/\/blogs.thesocialmedia.com\/leblogmoto\/2007\/03\/08\/trophe-coluche\/","name":"Troph\u00e9e Coluche 2007 - leblogmoto.com","isPartOf":{"@id":"https:\/\/blogs.thesocialmedia.com\/leblogmoto\/#website"},"primaryImageOfPage":{"@id":"https:\/\/blogs.thesocialmedia.com\/leblogmoto\/2007\/03\/08\/trophe-coluche\/#primaryimage"},"image":{"@id":"https:\/\/blogs.thesocialmedia.com\/leblogmoto\/2007\/03\/08\/trophe-coluche\/#primaryimage"},"thumbnailUrl":"http:\/\/www.leblogmoto.com\/images\/affiche_2007.jpg","datePublished":"2007-03-08T20:02:55+00:00","dateModified":"2012-07-11T14:34:28+00:00","author":{"@id":"https:\/\/blogs.thesocialmedia.com\/leblogmoto\/#\/schema\/person\/769623f89741cc3381675029a37764f8"},"breadcrumb":{"@id":"https:\/\/blogs.thesocialmedia.com\/leblogmoto\/2007\/03\/08\/trophe-coluche\/#breadcrumb"},"inLanguage":"fr-FR","potentialAction":[{"@type":"ReadAction","target":["https:\/\/blogs.thesocialmedia.com\/leblogmoto\/2007\/03\/08\/trophe-coluche\/"]}]},{"@type":"ImageObject","inLanguage":"fr-FR","@id":"https:\/\/blogs.thesocialmedia.com\/leblogmoto\/2007\/03\/08\/trophe-coluche\/#primaryimage","url":"http:\/\/www.leblogmoto.com\/images\/affiche_2007.jpg","contentUrl":"http:\/\/www.leblogmoto.com\/images\/affiche_2007.jpg"},{"@type":"BreadcrumbList","@id":"https:\/\/blogs.thesocialmedia.com\/leblogmoto\/2007\/03\/08\/trophe-coluche\/#breadcrumb","itemListElement":[{"@type":"ListItem","position":1,"name":"Accueil","item":"https:\/\/blogs.thesocialmedia.com\/leblogmoto\/"},{"@type":"ListItem","position":2,"name":"Troph\u00e9e Coluche 2007"}]},{"@type":"WebSite","@id":"https:\/\/blogs.thesocialmedia.com\/leblogmoto\/#website","url":"https:\/\/blogs.thesocialmedia.com\/leblogmoto\/","name":"leblogmoto","description":"Toute l&#039;actualit\u00e9 des 2 roues","potentialAction":[{"@type":"SearchAction","target":{"@type":"EntryPoint","urlTemplate":"https:\/\/blogs.thesocialmedia.com\/leblogmoto\/?s={search_term_string}"},"query-input":{"@type":"PropertyValueSpecification","valueRequired":true,"valueName":"search_term_string"}}],"inLanguage":"fr-FR"},{"@type":"Person","@id":"https:\/\/blogs.thesocialmedia.com\/leblogmoto\/#\/schema\/person\/769623f89741cc3381675029a37764f8","name":"gregory boucaud","image":{"@type":"ImageObject","inLanguage":"fr-FR","@id":"https:\/\/blogs.thesocialmedia.com\/leblogmoto\/#\/schema\/person\/image\/","url":"https:\/\/secure.gravatar.com\/avatar\/?s=96&d=mm&r=g","contentUrl":"https:\/\/secure.gravatar.com\/avatar\/?s=96&d=mm&r=g","caption":"gregory boucaud"},"url":"https:\/\/blogs.thesocialmedia.com\/leblogmoto\/author\/gregory-boucaud\/"}]}},"_links":{"self":[{"href":"https:\/\/blogs.thesocialmedia.com\/leblogmoto\/wp-json\/wp\/v2\/posts\/1497","targetHints":{"allow":["GET"]}}],"collection":[{"href":"https:\/\/blogs.thesocialmedia.com\/leblogmoto\/wp-json\/wp\/v2\/posts"}],"about":[{"href":"https:\/\/blogs.thesocialmedia.com\/leblogmoto\/wp-json\/wp\/v2\/types\/post"}],"author":[{"embeddable":true,"href":"https:\/\/blogs.thesocialmedia.com\/leblogmoto\/wp-json\/wp\/v2\/users\/329"}],"replies":[{"embeddable":true,"href":"https:\/\/blogs.thesocialmedia.com\/leblogmoto\/wp-json\/wp\/v2\/comments?post=1497"}],"version-history":[{"count":2,"href":"https:\/\/blogs.thesocialmedia.com\/leblogmoto\/wp-json\/wp\/v2\/posts\/1497\/revisions"}],"predecessor-version":[{"id":8145,"href":"https:\/\/blogs.thesocialmedia.com\/leblogmoto\/wp-json\/wp\/v2\/posts\/1497\/revisions\/8145"}],"wp:attachment":[{"href":"https:\/\/blogs.thesocialmedia.com\/leblogmoto\/wp-json\/wp\/v2\/media?parent=1497"}],"wp:term":[{"taxonomy":"category","embeddable":true,"href":"https:\/\/blogs.thesocialmedia.com\/leblogmoto\/wp-json\/wp\/v2\/categories?post=1497"},{"taxonomy":"post_tag","embeddable":true,"href":"https:\/\/blogs.thesocialmedia.com\/leblogmoto\/wp-json\/wp\/v2\/tags?post=1497"}],"curies":[{"name":"wp","href":"https:\/\/api.w.org\/{rel}","templated":true}]}}