{"id":1499,"date":"2007-03-08T16:06:40","date_gmt":"2007-03-08T16:06:40","guid":{"rendered":"http:\/\/blogs.thesocialmedia.com\/leblogmoto\/2007\/03\/08\/honda-days\/"},"modified":"2012-07-11T14:34:22","modified_gmt":"2012-07-11T14:34:22","slug":"honda-days","status":"publish","type":"post","link":"https:\/\/blogs.thesocialmedia.com\/leblogmoto\/2007\/03\/08\/honda-days\/","title":{"rendered":"Honda Days"},"content":{"rendered":"<p><a href=\"http:\/\/blogs.thesocialmedia.com\/leblogmoto\/files\/2012\/07\/logo20honda_1.gif\"><img loading=\"lazy\" decoding=\"async\" height=\"199\" alt=\"Logo20honda_1\" src=\"http:\/\/www.leblogmoto.com\/images\/logo20honda_1.gif\" width=\"250\"  \/><\/a>&nbsp; Le week end du 17\/18 mars sur le <a href=\"http:\/\/www.pole-mecanique.com\/\">circuit d&rsquo;Al\u00e8s<\/a> et le 28\/29 avril sur le <a href=\"http:\/\/www.lemans.org\/accueil\/index.html\">circuit Bugatti<\/a> (Le Mans) se d\u00e9rouleront les <a href=\"http:\/\/moto.honda.fr\/\">Honda<\/a> Days. Au programme, des essais sur circuit de la CBR 1000 RR et de sa petite soeur la CBR 600 RR, mais aussi des essais sur route de la Goldwing 2007 avec AIRBAG et GPS, la Varad\u00e9ro 1000 ABS, le Hornet 600, la Pan European 1300 ABS, le CB 1300 S ABS et j&rsquo;en passe&#8230;<br \/>Les 125 ne sont pas laiss\u00e9es de c\u00f4t\u00e9 car il y aura l&rsquo;essai de la Varad\u00e9ro 125, le PS 125 et aussi le SH 125.<\/p>\n<p><a href=\"http:\/\/clabedan.typepad.com\/.shared\/image.html?\/photos\/uncategorized\/circuit_ales_1.jpg\"><img loading=\"lazy\" decoding=\"async\" height=\"182\" alt=\"Circuit_ales_1\" src=\"http:\/\/www.leblogmoto.com\/images\/circuit_ales_1.jpg\" width=\"250\"  \/><\/a> Il y aura aussi des ateliers comme le test <a href=\"http:\/\/www.leblogmoto.com\/2006\/03\/labs_sur_les_sp.html\">ABS<\/a> ou encore des expositions de motos de courses&#8230;<br \/>Soulignons aussi la pr\u00e9sence des pilotes Honda Jean-Michel Bayle, Sebastier Charpentier, Yann Sottier, Bertrand Stey et Yoan Tiberio pour effectuer des bapt\u00eames sur piste avec le CBR 1000 RR.<\/p>\n<p>Attention, l&rsquo;entr\u00e9e est seulement sur invitation \u00e0 retirer chez les <a href=\"http:\/\/moto.honda.fr\/hm\/rechercheConcess.php\">concessionnaires Honda<\/a>.<\/p>\n<p>Plus d&rsquo;infos sur <a href=\"http:\/\/www.honda.fr\">www.honda.fr<\/a><\/p>\n","protected":false},"excerpt":{"rendered":"<p>&nbsp; Le week end du 17\/18 mars sur le circuit d&rsquo;Al\u00e8s et le 28\/29 avril sur le circuit Bugatti (Le Mans) se d\u00e9rouleront les Honda Days. Au programme, des essais sur circuit de la CBR 1000 RR et de sa petite soeur la CBR 600 RR, mais aussi des essais sur route de la Goldwing [&hellip;]<\/p>\n","protected":false},"author":329,"featured_media":0,"comment_status":"open","ping_status":"open","sticky":false,"template":"","format":"standard","meta":{"footnotes":""},"categories":[3,14],"tags":[],"class_list":["post-1499","post","type-post","status-publish","format-standard","hentry","category-actualite","category-honda"],"yoast_head":"<!-- This site is optimized with the Yoast SEO plugin v26.0 - https:\/\/yoast.com\/wordpress\/plugins\/seo\/ -->\n<title>Honda Days - leblogmoto.com<\/title>\n<meta name=\"robots\" content=\"index, follow, max-snippet:-1, max-image-preview:large, max-video-preview:-1\" \/>\n<link rel=\"canonical\" href=\"https:\/\/blogs.thesocialmedia.com\/leblogmoto\/2007\/03\/08\/honda-days\/\" \/>\n<meta name=\"twitter:card\" content=\"summary_large_image\" \/>\n<meta name=\"twitter:title\" content=\"Honda Days - leblogmoto.com\" \/>\n<meta name=\"twitter:description\" content=\"&nbsp; Le week end du 17\/18 mars sur le circuit d&rsquo;Al\u00e8s et le 28\/29 avril sur le circuit Bugatti (Le Mans) se d\u00e9rouleront les Honda Days. Au programme, des essais sur circuit de la CBR 1000 RR et de sa petite soeur la CBR 600 RR, mais aussi des essais sur route de la Goldwing [&hellip;]\" \/>\n<meta name=\"twitter:image\" content=\"http:\/\/www.leblogmoto.com\/images\/logo20honda_1.gif\" \/>\n<meta name=\"twitter:label1\" content=\"\u00c9crit par\" \/>\n\t<meta name=\"twitter:data1\" content=\"gregory boucaud\" \/>\n\t<meta name=\"twitter:label2\" content=\"Dur\u00e9e de lecture estim\u00e9e\" \/>\n\t<meta name=\"twitter:data2\" content=\"1 minute\" \/>\n<script type=\"application\/ld+json\" class=\"yoast-schema-graph\">{\"@context\":\"https:\/\/schema.org\",\"@graph\":[{\"@type\":\"WebPage\",\"@id\":\"https:\/\/blogs.thesocialmedia.com\/leblogmoto\/2007\/03\/08\/honda-days\/\",\"url\":\"https:\/\/blogs.thesocialmedia.com\/leblogmoto\/2007\/03\/08\/honda-days\/\",\"name\":\"Honda Days - leblogmoto.com\",\"isPartOf\":{\"@id\":\"https:\/\/blogs.thesocialmedia.com\/leblogmoto\/#website\"},\"primaryImageOfPage\":{\"@id\":\"https:\/\/blogs.thesocialmedia.com\/leblogmoto\/2007\/03\/08\/honda-days\/#primaryimage\"},\"image\":{\"@id\":\"https:\/\/blogs.thesocialmedia.com\/leblogmoto\/2007\/03\/08\/honda-days\/#primaryimage\"},\"thumbnailUrl\":\"http:\/\/www.leblogmoto.com\/images\/logo20honda_1.gif\",\"datePublished\":\"2007-03-08T16:06:40+00:00\",\"dateModified\":\"2012-07-11T14:34:22+00:00\",\"author\":{\"@id\":\"https:\/\/blogs.thesocialmedia.com\/leblogmoto\/#\/schema\/person\/769623f89741cc3381675029a37764f8\"},\"breadcrumb\":{\"@id\":\"https:\/\/blogs.thesocialmedia.com\/leblogmoto\/2007\/03\/08\/honda-days\/#breadcrumb\"},\"inLanguage\":\"fr-FR\",\"potentialAction\":[{\"@type\":\"ReadAction\",\"target\":[\"https:\/\/blogs.thesocialmedia.com\/leblogmoto\/2007\/03\/08\/honda-days\/\"]}]},{\"@type\":\"ImageObject\",\"inLanguage\":\"fr-FR\",\"@id\":\"https:\/\/blogs.thesocialmedia.com\/leblogmoto\/2007\/03\/08\/honda-days\/#primaryimage\",\"url\":\"http:\/\/www.leblogmoto.com\/images\/logo20honda_1.gif\",\"contentUrl\":\"http:\/\/www.leblogmoto.com\/images\/logo20honda_1.gif\"},{\"@type\":\"BreadcrumbList\",\"@id\":\"https:\/\/blogs.thesocialmedia.com\/leblogmoto\/2007\/03\/08\/honda-days\/#breadcrumb\",\"itemListElement\":[{\"@type\":\"ListItem\",\"position\":1,\"name\":\"Accueil\",\"item\":\"https:\/\/blogs.thesocialmedia.com\/leblogmoto\/\"},{\"@type\":\"ListItem\",\"position\":2,\"name\":\"Honda Days\"}]},{\"@type\":\"WebSite\",\"@id\":\"https:\/\/blogs.thesocialmedia.com\/leblogmoto\/#website\",\"url\":\"https:\/\/blogs.thesocialmedia.com\/leblogmoto\/\",\"name\":\"leblogmoto\",\"description\":\"Toute l&#039;actualit\u00e9 des 2 roues\",\"potentialAction\":[{\"@type\":\"SearchAction\",\"target\":{\"@type\":\"EntryPoint\",\"urlTemplate\":\"https:\/\/blogs.thesocialmedia.com\/leblogmoto\/?s={search_term_string}\"},\"query-input\":{\"@type\":\"PropertyValueSpecification\",\"valueRequired\":true,\"valueName\":\"search_term_string\"}}],\"inLanguage\":\"fr-FR\"},{\"@type\":\"Person\",\"@id\":\"https:\/\/blogs.thesocialmedia.com\/leblogmoto\/#\/schema\/person\/769623f89741cc3381675029a37764f8\",\"name\":\"gregory boucaud\",\"image\":{\"@type\":\"ImageObject\",\"inLanguage\":\"fr-FR\",\"@id\":\"https:\/\/blogs.thesocialmedia.com\/leblogmoto\/#\/schema\/person\/image\/\",\"url\":\"https:\/\/secure.gravatar.com\/avatar\/?s=96&d=mm&r=g\",\"contentUrl\":\"https:\/\/secure.gravatar.com\/avatar\/?s=96&d=mm&r=g\",\"caption\":\"gregory boucaud\"},\"url\":\"https:\/\/blogs.thesocialmedia.com\/leblogmoto\/author\/gregory-boucaud\/\"}]}<\/script>\n<!-- \/ Yoast SEO plugin. -->","yoast_head_json":{"title":"Honda Days - leblogmoto.com","robots":{"index":"index","follow":"follow","max-snippet":"max-snippet:-1","max-image-preview":"max-image-preview:large","max-video-preview":"max-video-preview:-1"},"canonical":"https:\/\/blogs.thesocialmedia.com\/leblogmoto\/2007\/03\/08\/honda-days\/","twitter_card":"summary_large_image","twitter_title":"Honda Days - leblogmoto.com","twitter_description":"&nbsp; Le week end du 17\/18 mars sur le circuit d&rsquo;Al\u00e8s et le 28\/29 avril sur le circuit Bugatti (Le Mans) se d\u00e9rouleront les Honda Days. Au programme, des essais sur circuit de la CBR 1000 RR et de sa petite soeur la CBR 600 RR, mais aussi des essais sur route de la Goldwing [&hellip;]","twitter_image":"http:\/\/www.leblogmoto.com\/images\/logo20honda_1.gif","twitter_misc":{"\u00c9crit par":"gregory boucaud","Dur\u00e9e de lecture estim\u00e9e":"1 minute"},"schema":{"@context":"https:\/\/schema.org","@graph":[{"@type":"WebPage","@id":"https:\/\/blogs.thesocialmedia.com\/leblogmoto\/2007\/03\/08\/honda-days\/","url":"https:\/\/blogs.thesocialmedia.com\/leblogmoto\/2007\/03\/08\/honda-days\/","name":"Honda Days - leblogmoto.com","isPartOf":{"@id":"https:\/\/blogs.thesocialmedia.com\/leblogmoto\/#website"},"primaryImageOfPage":{"@id":"https:\/\/blogs.thesocialmedia.com\/leblogmoto\/2007\/03\/08\/honda-days\/#primaryimage"},"image":{"@id":"https:\/\/blogs.thesocialmedia.com\/leblogmoto\/2007\/03\/08\/honda-days\/#primaryimage"},"thumbnailUrl":"http:\/\/www.leblogmoto.com\/images\/logo20honda_1.gif","datePublished":"2007-03-08T16:06:40+00:00","dateModified":"2012-07-11T14:34:22+00:00","author":{"@id":"https:\/\/blogs.thesocialmedia.com\/leblogmoto\/#\/schema\/person\/769623f89741cc3381675029a37764f8"},"breadcrumb":{"@id":"https:\/\/blogs.thesocialmedia.com\/leblogmoto\/2007\/03\/08\/honda-days\/#breadcrumb"},"inLanguage":"fr-FR","potentialAction":[{"@type":"ReadAction","target":["https:\/\/blogs.thesocialmedia.com\/leblogmoto\/2007\/03\/08\/honda-days\/"]}]},{"@type":"ImageObject","inLanguage":"fr-FR","@id":"https:\/\/blogs.thesocialmedia.com\/leblogmoto\/2007\/03\/08\/honda-days\/#primaryimage","url":"http:\/\/www.leblogmoto.com\/images\/logo20honda_1.gif","contentUrl":"http:\/\/www.leblogmoto.com\/images\/logo20honda_1.gif"},{"@type":"BreadcrumbList","@id":"https:\/\/blogs.thesocialmedia.com\/leblogmoto\/2007\/03\/08\/honda-days\/#breadcrumb","itemListElement":[{"@type":"ListItem","position":1,"name":"Accueil","item":"https:\/\/blogs.thesocialmedia.com\/leblogmoto\/"},{"@type":"ListItem","position":2,"name":"Honda Days"}]},{"@type":"WebSite","@id":"https:\/\/blogs.thesocialmedia.com\/leblogmoto\/#website","url":"https:\/\/blogs.thesocialmedia.com\/leblogmoto\/","name":"leblogmoto","description":"Toute l&#039;actualit\u00e9 des 2 roues","potentialAction":[{"@type":"SearchAction","target":{"@type":"EntryPoint","urlTemplate":"https:\/\/blogs.thesocialmedia.com\/leblogmoto\/?s={search_term_string}"},"query-input":{"@type":"PropertyValueSpecification","valueRequired":true,"valueName":"search_term_string"}}],"inLanguage":"fr-FR"},{"@type":"Person","@id":"https:\/\/blogs.thesocialmedia.com\/leblogmoto\/#\/schema\/person\/769623f89741cc3381675029a37764f8","name":"gregory boucaud","image":{"@type":"ImageObject","inLanguage":"fr-FR","@id":"https:\/\/blogs.thesocialmedia.com\/leblogmoto\/#\/schema\/person\/image\/","url":"https:\/\/secure.gravatar.com\/avatar\/?s=96&d=mm&r=g","contentUrl":"https:\/\/secure.gravatar.com\/avatar\/?s=96&d=mm&r=g","caption":"gregory boucaud"},"url":"https:\/\/blogs.thesocialmedia.com\/leblogmoto\/author\/gregory-boucaud\/"}]}},"_links":{"self":[{"href":"https:\/\/blogs.thesocialmedia.com\/leblogmoto\/wp-json\/wp\/v2\/posts\/1499","targetHints":{"allow":["GET"]}}],"collection":[{"href":"https:\/\/blogs.thesocialmedia.com\/leblogmoto\/wp-json\/wp\/v2\/posts"}],"about":[{"href":"https:\/\/blogs.thesocialmedia.com\/leblogmoto\/wp-json\/wp\/v2\/types\/post"}],"author":[{"embeddable":true,"href":"https:\/\/blogs.thesocialmedia.com\/leblogmoto\/wp-json\/wp\/v2\/users\/329"}],"replies":[{"embeddable":true,"href":"https:\/\/blogs.thesocialmedia.com\/leblogmoto\/wp-json\/wp\/v2\/comments?post=1499"}],"version-history":[{"count":2,"href":"https:\/\/blogs.thesocialmedia.com\/leblogmoto\/wp-json\/wp\/v2\/posts\/1499\/revisions"}],"predecessor-version":[{"id":8140,"href":"https:\/\/blogs.thesocialmedia.com\/leblogmoto\/wp-json\/wp\/v2\/posts\/1499\/revisions\/8140"}],"wp:attachment":[{"href":"https:\/\/blogs.thesocialmedia.com\/leblogmoto\/wp-json\/wp\/v2\/media?parent=1499"}],"wp:term":[{"taxonomy":"category","embeddable":true,"href":"https:\/\/blogs.thesocialmedia.com\/leblogmoto\/wp-json\/wp\/v2\/categories?post=1499"},{"taxonomy":"post_tag","embeddable":true,"href":"https:\/\/blogs.thesocialmedia.com\/leblogmoto\/wp-json\/wp\/v2\/tags?post=1499"}],"curies":[{"name":"wp","href":"https:\/\/api.w.org\/{rel}","templated":true}]}}