{"id":15,"date":"2009-12-07T23:58:13","date_gmt":"2009-12-07T23:58:13","guid":{"rendered":"http:\/\/blogs.thesocialmedia.com\/leblogmoto\/2009\/12\/07\/recycler-les-px\/"},"modified":"2012-07-11T17:44:29","modified_gmt":"2012-07-11T17:44:29","slug":"recycler-les-px","status":"publish","type":"post","link":"https:\/\/blogs.thesocialmedia.com\/leblogmoto\/2009\/12\/07\/recycler-les-px\/","title":{"rendered":"Recyclons les Vespa."},"content":{"rendered":"<p><a href=\"http:\/\/blogs.thesocialmedia.com\/leblogmoto\/files\/2012\/07\/6a00d83451b18369e20120a720e4aa970b-popup.png\"><img decoding=\"async\" alt=\"Vespa-chair-large-1\" class=\"asset asset-image at-xid-6a00d83451b18369e20120a720e4aa970b \" src=\"http:\/\/blogs.thesocialmedia.com\/leblogmoto\/files\/2012\/07\/6a00d83451b18369e20120a720e4aa970b-500wi.jpg\" \/><\/a><\/p>\n<p>Peut-\u00eatre que vous n&#039;avez pas l&#039;impression qu&#039;on&#160;nous rebat les oreilles avec l&#039;ouverture aujourd&#039;hui du sommet de Copenhague, et qu&#039;au contraire une conscience \u00e9cologique s&#039;est subitement&#160;\u00e9veill\u00e9e en vous. Et que vous avez envie de recycler ces&#160;<a href=\"http:\/\/blogs.thesocialmedia.com\/leblogmoto\/files\/2012\/07\/vespamoches-et.html_.png\">jolis scoots<\/a> PX au&#160;moteur deux-temps&#160;consid\u00e9r\u00e9 comme trop polluant.&#160;Bien qu&#039;en y regardant de plus pr\u00e8s,&#160;cela fait quelques ann\u00e9es&#160;d\u00e9j\u00e0 que les normes anti-pollution europ\u00e9ennes ont&#160;condamn\u00e9 le PX&#160;sur le continent, contraignant Piaggio \u00e0 ne plus produire de tels v\u00e9hicules qu&#039;en Inde.&#160;Quoi qu&#039;il en soit, vous&#160;seriez bien heureux de&#160;vous inspirer&#160;des artistes Carles Bel i Domenech et Jes\u00f9s Bel i Vilarnau <a href=\"http:\/\/www.belybel.com\/\">du studio \u00e9ponyme<\/a>, qui ont&#160;d\u00e9cid\u00e9 de d\u00e9tourner de leur utilisation initiale des mod\u00e8les de Vespa (mais aussi de chez Fiat)&#160;et d&#039;en proposer&#160;des&#160;versions pour le&#8230; mobilier.<\/p>\n<\/p>\n<p>Au point o\u00f9 on en est le plastron ou le tablier pourront bien vous servir de nappe, et le bouclier d&#039;hygiaphone.&#160;Je ne sais pas si D&#039;Ascanio aurait \u00e9t\u00e9 heureux de voir ainsi sa cr\u00e9ation se d\u00e9placer sur cinq roulettes. Mais on pourrait&#160;affirmer sans trop se tromper, que ces&#160;chaises trouveraient&#160;leur place au <a href=\"http:\/\/www.museopiaggio.it\/immagini_museo\/immagini_museo.html\">mus\u00e9e Piaggio<\/a>, elles en sont en tout cas dignes d&#039;y figurer.<\/p>\n<p>A rapprocher des lampes de Leonardi (derni\u00e8re image).<\/p>\n<p><em>Via Autoblog.com<\/em><\/p>\n<p><a href=\"http:\/\/clabedan.typepad.com\/.a\/6a00d83451b18369e20120a720f553970b-popup\"><img decoding=\"async\" alt=\"Vespa-chair-large-8\" class=\"asset asset-image at-xid-6a00d83451b18369e20120a720f553970b \" src=\"http:\/\/blogs.thesocialmedia.com\/leblogmoto\/files\/2012\/07\/6a00d83451b18369e20120a720f553970b-500wi.jpg\" \/><\/a><\/p>\n<p><a href=\"http:\/\/blogs.thesocialmedia.com\/leblogmoto\/files\/2012\/07\/6a00d83451b18369e20120a720f731970b-popup.png\"><img decoding=\"async\" alt=\"Vespa-chair-large-4\" class=\"asset asset-image at-xid-6a00d83451b18369e20120a720f731970b \" src=\"http:\/\/blogs.thesocialmedia.com\/leblogmoto\/files\/2012\/07\/6a00d83451b18369e20120a720f731970b-500wi.jpg\" \/><\/a><\/p>\n<p><a href=\"http:\/\/blogs.thesocialmedia.com\/leblogmoto\/files\/2012\/07\/6a00d83451b18369e20128762362e2970c-popup.png\"><img decoding=\"async\" alt=\"Vespa-chair-large-3\" class=\"asset asset-image at-xid-6a00d83451b18369e20128762362e2970c \" src=\"http:\/\/blogs.thesocialmedia.com\/leblogmoto\/files\/2012\/07\/6a00d83451b18369e20128762362e2970c-500wi.jpg\" \/><\/a><\/p>\n<p><a href=\"http:\/\/blogs.thesocialmedia.com\/leblogmoto\/files\/2012\/07\/6a00d83451b18369e20120a720f7aa970b-popup.png\"><img decoding=\"async\" alt=\"Vespa-chair-large-6\" class=\"asset asset-image at-xid-6a00d83451b18369e20120a720f7aa970b \" src=\"http:\/\/blogs.thesocialmedia.com\/leblogmoto\/files\/2012\/07\/6a00d83451b18369e20120a720f7aa970b-500wi.jpg\" \/><\/a><\/p>\n<p><a href=\"http:\/\/blogs.thesocialmedia.com\/leblogmoto\/files\/2012\/07\/6a00d83451b18369e20120a720f7ff970b-popup.png\"><img decoding=\"async\" alt=\"Vespa-chair-large-7\" class=\"asset asset-image at-xid-6a00d83451b18369e20120a720f7ff970b \" src=\"http:\/\/blogs.thesocialmedia.com\/leblogmoto\/files\/2012\/07\/6a00d83451b18369e20120a720f7ff970b-500wi.jpg\" \/><\/a><\/p>\n<p><a href=\"http:\/\/blogs.thesocialmedia.com\/leblogmoto\/files\/2012\/07\/6a00d83451b18369e20128762367b0970c-popup.png\"><img decoding=\"async\" alt=\"Vespa_lamps\" class=\"asset asset-image at-xid-6a00d83451b18369e20128762367b0970c \" src=\"http:\/\/blogs.thesocialmedia.com\/leblogmoto\/files\/2012\/07\/6a00d83451b18369e20128762367b0970c-500wi.jpg\" \/><\/a><\/p>\n<p>&#160;<br \/>&#160;<br \/>&#160;<br \/>&#160;<br \/>&#160;<br \/>&#160;<\/p>\n","protected":false},"excerpt":{"rendered":"<p>Peut-\u00eatre que vous n&#039;avez pas l&#039;impression qu&#039;on&#160;nous rebat les oreilles avec l&#039;ouverture aujourd&#039;hui du sommet de Copenhague, et qu&#039;au contraire une conscience \u00e9cologique s&#039;est subitement&#160;\u00e9veill\u00e9e en vous. Et que vous avez envie de recycler ces&#160;jolis scoots PX au&#160;moteur deux-temps&#160;consid\u00e9r\u00e9 comme trop polluant.&#160;Bien qu&#039;en y regardant de plus pr\u00e8s,&#160;cela fait quelques ann\u00e9es&#160;d\u00e9j\u00e0 que les normes anti-pollution [&hellip;]<\/p>\n","protected":false},"author":324,"featured_media":14443,"comment_status":"open","ping_status":"open","sticky":false,"template":"","format":"standard","meta":{"footnotes":""},"categories":[16,17,18,19,20],"tags":[],"class_list":["post-15","post","type-post","status-publish","format-standard","has-post-thumbnail","hentry","category-art-moto","category-divers","category-piaggio","category-scooter","category-vespa"],"yoast_head":"<!-- This site is optimized with the Yoast SEO plugin v26.0 - https:\/\/yoast.com\/wordpress\/plugins\/seo\/ -->\n<title>Recyclons les Vespa. - leblogmoto.com<\/title>\n<meta name=\"robots\" content=\"index, follow, max-snippet:-1, max-image-preview:large, max-video-preview:-1\" \/>\n<link rel=\"canonical\" href=\"https:\/\/blogs.thesocialmedia.com\/leblogmoto\/2009\/12\/07\/recycler-les-px\/\" \/>\n<meta name=\"twitter:card\" content=\"summary_large_image\" \/>\n<meta name=\"twitter:title\" content=\"Recyclons les Vespa. - leblogmoto.com\" \/>\n<meta name=\"twitter:description\" content=\"Peut-\u00eatre que vous n&#039;avez pas l&#039;impression qu&#039;on&#160;nous rebat les oreilles avec l&#039;ouverture aujourd&#039;hui du sommet de Copenhague, et qu&#039;au contraire une conscience \u00e9cologique s&#039;est subitement&#160;\u00e9veill\u00e9e en vous. Et que vous avez envie de recycler ces&#160;jolis scoots PX au&#160;moteur deux-temps&#160;consid\u00e9r\u00e9 comme trop polluant.&#160;Bien qu&#039;en y regardant de plus pr\u00e8s,&#160;cela fait quelques ann\u00e9es&#160;d\u00e9j\u00e0 que les normes anti-pollution [&hellip;]\" \/>\n<meta name=\"twitter:image\" content=\"https:\/\/blogs.thesocialmedia.com\/leblogmoto\/files\/2012\/07\/6a00d83451b18369e20120a720e4aa970b-500wi.jpg\" \/>\n<meta name=\"twitter:label1\" content=\"\u00c9crit par\" \/>\n\t<meta name=\"twitter:data1\" content=\"benoit rieu\" \/>\n\t<meta name=\"twitter:label2\" content=\"Dur\u00e9e de lecture estim\u00e9e\" \/>\n\t<meta name=\"twitter:data2\" content=\"1 minute\" \/>\n<script type=\"application\/ld+json\" class=\"yoast-schema-graph\">{\"@context\":\"https:\/\/schema.org\",\"@graph\":[{\"@type\":\"WebPage\",\"@id\":\"https:\/\/blogs.thesocialmedia.com\/leblogmoto\/2009\/12\/07\/recycler-les-px\/\",\"url\":\"https:\/\/blogs.thesocialmedia.com\/leblogmoto\/2009\/12\/07\/recycler-les-px\/\",\"name\":\"Recyclons les Vespa. - leblogmoto.com\",\"isPartOf\":{\"@id\":\"https:\/\/blogs.thesocialmedia.com\/leblogmoto\/#website\"},\"primaryImageOfPage\":{\"@id\":\"https:\/\/blogs.thesocialmedia.com\/leblogmoto\/2009\/12\/07\/recycler-les-px\/#primaryimage\"},\"image\":{\"@id\":\"https:\/\/blogs.thesocialmedia.com\/leblogmoto\/2009\/12\/07\/recycler-les-px\/#primaryimage\"},\"thumbnailUrl\":\"https:\/\/blogs.thesocialmedia.com\/leblogmoto\/files\/2012\/07\/6a00d83451b18369e20120a720e4aa970b-500wi.jpg\",\"datePublished\":\"2009-12-07T23:58:13+00:00\",\"dateModified\":\"2012-07-11T17:44:29+00:00\",\"author\":{\"@id\":\"https:\/\/blogs.thesocialmedia.com\/leblogmoto\/#\/schema\/person\/18bfe773e5725ed6d24f743da805362a\"},\"breadcrumb\":{\"@id\":\"https:\/\/blogs.thesocialmedia.com\/leblogmoto\/2009\/12\/07\/recycler-les-px\/#breadcrumb\"},\"inLanguage\":\"fr-FR\",\"potentialAction\":[{\"@type\":\"ReadAction\",\"target\":[\"https:\/\/blogs.thesocialmedia.com\/leblogmoto\/2009\/12\/07\/recycler-les-px\/\"]}]},{\"@type\":\"ImageObject\",\"inLanguage\":\"fr-FR\",\"@id\":\"https:\/\/blogs.thesocialmedia.com\/leblogmoto\/2009\/12\/07\/recycler-les-px\/#primaryimage\",\"url\":\"https:\/\/blogs.thesocialmedia.com\/leblogmoto\/files\/2012\/07\/6a00d83451b18369e20120a720e4aa970b-500wi.jpg\",\"contentUrl\":\"https:\/\/blogs.thesocialmedia.com\/leblogmoto\/files\/2012\/07\/6a00d83451b18369e20120a720e4aa970b-500wi.jpg\",\"width\":\"461\",\"height\":\"458\"},{\"@type\":\"BreadcrumbList\",\"@id\":\"https:\/\/blogs.thesocialmedia.com\/leblogmoto\/2009\/12\/07\/recycler-les-px\/#breadcrumb\",\"itemListElement\":[{\"@type\":\"ListItem\",\"position\":1,\"name\":\"Accueil\",\"item\":\"https:\/\/blogs.thesocialmedia.com\/leblogmoto\/\"},{\"@type\":\"ListItem\",\"position\":2,\"name\":\"Recyclons les Vespa.\"}]},{\"@type\":\"WebSite\",\"@id\":\"https:\/\/blogs.thesocialmedia.com\/leblogmoto\/#website\",\"url\":\"https:\/\/blogs.thesocialmedia.com\/leblogmoto\/\",\"name\":\"leblogmoto\",\"description\":\"Toute l&#039;actualit\u00e9 des 2 roues\",\"potentialAction\":[{\"@type\":\"SearchAction\",\"target\":{\"@type\":\"EntryPoint\",\"urlTemplate\":\"https:\/\/blogs.thesocialmedia.com\/leblogmoto\/?s={search_term_string}\"},\"query-input\":{\"@type\":\"PropertyValueSpecification\",\"valueRequired\":true,\"valueName\":\"search_term_string\"}}],\"inLanguage\":\"fr-FR\"},{\"@type\":\"Person\",\"@id\":\"https:\/\/blogs.thesocialmedia.com\/leblogmoto\/#\/schema\/person\/18bfe773e5725ed6d24f743da805362a\",\"name\":\"benoit rieu\",\"image\":{\"@type\":\"ImageObject\",\"inLanguage\":\"fr-FR\",\"@id\":\"https:\/\/blogs.thesocialmedia.com\/leblogmoto\/#\/schema\/person\/image\/\",\"url\":\"https:\/\/secure.gravatar.com\/avatar\/?s=96&d=mm&r=g\",\"contentUrl\":\"https:\/\/secure.gravatar.com\/avatar\/?s=96&d=mm&r=g\",\"caption\":\"benoit rieu\"},\"url\":\"https:\/\/blogs.thesocialmedia.com\/leblogmoto\/author\/benoit-rieu\/\"}]}<\/script>\n<!-- \/ Yoast SEO plugin. -->","yoast_head_json":{"title":"Recyclons les Vespa. - leblogmoto.com","robots":{"index":"index","follow":"follow","max-snippet":"max-snippet:-1","max-image-preview":"max-image-preview:large","max-video-preview":"max-video-preview:-1"},"canonical":"https:\/\/blogs.thesocialmedia.com\/leblogmoto\/2009\/12\/07\/recycler-les-px\/","twitter_card":"summary_large_image","twitter_title":"Recyclons les Vespa. - leblogmoto.com","twitter_description":"Peut-\u00eatre que vous n&#039;avez pas l&#039;impression qu&#039;on&#160;nous rebat les oreilles avec l&#039;ouverture aujourd&#039;hui du sommet de Copenhague, et qu&#039;au contraire une conscience \u00e9cologique s&#039;est subitement&#160;\u00e9veill\u00e9e en vous. Et que vous avez envie de recycler ces&#160;jolis scoots PX au&#160;moteur deux-temps&#160;consid\u00e9r\u00e9 comme trop polluant.&#160;Bien qu&#039;en y regardant de plus pr\u00e8s,&#160;cela fait quelques ann\u00e9es&#160;d\u00e9j\u00e0 que les normes anti-pollution [&hellip;]","twitter_image":"https:\/\/blogs.thesocialmedia.com\/leblogmoto\/files\/2012\/07\/6a00d83451b18369e20120a720e4aa970b-500wi.jpg","twitter_misc":{"\u00c9crit par":"benoit rieu","Dur\u00e9e de lecture estim\u00e9e":"1 minute"},"schema":{"@context":"https:\/\/schema.org","@graph":[{"@type":"WebPage","@id":"https:\/\/blogs.thesocialmedia.com\/leblogmoto\/2009\/12\/07\/recycler-les-px\/","url":"https:\/\/blogs.thesocialmedia.com\/leblogmoto\/2009\/12\/07\/recycler-les-px\/","name":"Recyclons les Vespa. - leblogmoto.com","isPartOf":{"@id":"https:\/\/blogs.thesocialmedia.com\/leblogmoto\/#website"},"primaryImageOfPage":{"@id":"https:\/\/blogs.thesocialmedia.com\/leblogmoto\/2009\/12\/07\/recycler-les-px\/#primaryimage"},"image":{"@id":"https:\/\/blogs.thesocialmedia.com\/leblogmoto\/2009\/12\/07\/recycler-les-px\/#primaryimage"},"thumbnailUrl":"https:\/\/blogs.thesocialmedia.com\/leblogmoto\/files\/2012\/07\/6a00d83451b18369e20120a720e4aa970b-500wi.jpg","datePublished":"2009-12-07T23:58:13+00:00","dateModified":"2012-07-11T17:44:29+00:00","author":{"@id":"https:\/\/blogs.thesocialmedia.com\/leblogmoto\/#\/schema\/person\/18bfe773e5725ed6d24f743da805362a"},"breadcrumb":{"@id":"https:\/\/blogs.thesocialmedia.com\/leblogmoto\/2009\/12\/07\/recycler-les-px\/#breadcrumb"},"inLanguage":"fr-FR","potentialAction":[{"@type":"ReadAction","target":["https:\/\/blogs.thesocialmedia.com\/leblogmoto\/2009\/12\/07\/recycler-les-px\/"]}]},{"@type":"ImageObject","inLanguage":"fr-FR","@id":"https:\/\/blogs.thesocialmedia.com\/leblogmoto\/2009\/12\/07\/recycler-les-px\/#primaryimage","url":"https:\/\/blogs.thesocialmedia.com\/leblogmoto\/files\/2012\/07\/6a00d83451b18369e20120a720e4aa970b-500wi.jpg","contentUrl":"https:\/\/blogs.thesocialmedia.com\/leblogmoto\/files\/2012\/07\/6a00d83451b18369e20120a720e4aa970b-500wi.jpg","width":"461","height":"458"},{"@type":"BreadcrumbList","@id":"https:\/\/blogs.thesocialmedia.com\/leblogmoto\/2009\/12\/07\/recycler-les-px\/#breadcrumb","itemListElement":[{"@type":"ListItem","position":1,"name":"Accueil","item":"https:\/\/blogs.thesocialmedia.com\/leblogmoto\/"},{"@type":"ListItem","position":2,"name":"Recyclons les Vespa."}]},{"@type":"WebSite","@id":"https:\/\/blogs.thesocialmedia.com\/leblogmoto\/#website","url":"https:\/\/blogs.thesocialmedia.com\/leblogmoto\/","name":"leblogmoto","description":"Toute l&#039;actualit\u00e9 des 2 roues","potentialAction":[{"@type":"SearchAction","target":{"@type":"EntryPoint","urlTemplate":"https:\/\/blogs.thesocialmedia.com\/leblogmoto\/?s={search_term_string}"},"query-input":{"@type":"PropertyValueSpecification","valueRequired":true,"valueName":"search_term_string"}}],"inLanguage":"fr-FR"},{"@type":"Person","@id":"https:\/\/blogs.thesocialmedia.com\/leblogmoto\/#\/schema\/person\/18bfe773e5725ed6d24f743da805362a","name":"benoit rieu","image":{"@type":"ImageObject","inLanguage":"fr-FR","@id":"https:\/\/blogs.thesocialmedia.com\/leblogmoto\/#\/schema\/person\/image\/","url":"https:\/\/secure.gravatar.com\/avatar\/?s=96&d=mm&r=g","contentUrl":"https:\/\/secure.gravatar.com\/avatar\/?s=96&d=mm&r=g","caption":"benoit rieu"},"url":"https:\/\/blogs.thesocialmedia.com\/leblogmoto\/author\/benoit-rieu\/"}]}},"_links":{"self":[{"href":"https:\/\/blogs.thesocialmedia.com\/leblogmoto\/wp-json\/wp\/v2\/posts\/15","targetHints":{"allow":["GET"]}}],"collection":[{"href":"https:\/\/blogs.thesocialmedia.com\/leblogmoto\/wp-json\/wp\/v2\/posts"}],"about":[{"href":"https:\/\/blogs.thesocialmedia.com\/leblogmoto\/wp-json\/wp\/v2\/types\/post"}],"author":[{"embeddable":true,"href":"https:\/\/blogs.thesocialmedia.com\/leblogmoto\/wp-json\/wp\/v2\/users\/324"}],"replies":[{"embeddable":true,"href":"https:\/\/blogs.thesocialmedia.com\/leblogmoto\/wp-json\/wp\/v2\/comments?post=15"}],"version-history":[{"count":2,"href":"https:\/\/blogs.thesocialmedia.com\/leblogmoto\/wp-json\/wp\/v2\/posts\/15\/revisions"}],"predecessor-version":[{"id":14456,"href":"https:\/\/blogs.thesocialmedia.com\/leblogmoto\/wp-json\/wp\/v2\/posts\/15\/revisions\/14456"}],"wp:featuredmedia":[{"embeddable":true,"href":"https:\/\/blogs.thesocialmedia.com\/leblogmoto\/wp-json\/wp\/v2\/media\/14443"}],"wp:attachment":[{"href":"https:\/\/blogs.thesocialmedia.com\/leblogmoto\/wp-json\/wp\/v2\/media?parent=15"}],"wp:term":[{"taxonomy":"category","embeddable":true,"href":"https:\/\/blogs.thesocialmedia.com\/leblogmoto\/wp-json\/wp\/v2\/categories?post=15"},{"taxonomy":"post_tag","embeddable":true,"href":"https:\/\/blogs.thesocialmedia.com\/leblogmoto\/wp-json\/wp\/v2\/tags?post=15"}],"curies":[{"name":"wp","href":"https:\/\/api.w.org\/{rel}","templated":true}]}}