{"id":1501,"date":"2007-03-07T22:31:55","date_gmt":"2007-03-07T22:31:55","guid":{"rendered":"http:\/\/blogs.thesocialmedia.com\/leblogmoto\/2007\/03\/07\/moto-verte-six\/"},"modified":"2012-07-11T14:34:20","modified_gmt":"2012-07-11T14:34:20","slug":"moto-verte-six","status":"publish","type":"post","link":"https:\/\/blogs.thesocialmedia.com\/leblogmoto\/2007\/03\/07\/moto-verte-six\/","title":{"rendered":"Moto Verte: Six motos \u00ab saisies \u00bb dans les Hautes-Pyr\u00e9n\u00e9es"},"content":{"rendered":"<p><a href=\"http:\/\/blogs.thesocialmedia.com\/leblogmoto\/files\/2012\/07\/codever_2.jpg\"><img loading=\"lazy\" decoding=\"async\" width=\"250\" height=\"250\"  src=\"http:\/\/www.leblogmoto.com\/images\/codever_2.jpg\" alt=\"Codever_2\" style=\"margin: 0px 5px 5px 0px;float: left\" \/><\/a> A peine la chasse aux gibiers \u00e0 poils et \u00e0 plumes est-elle ferm\u00e9e que la chasse \u00e0 un tout autre gibier vient d\u2019ouvrir ce week-end dans le Sud-Ouest de la France, dans les Hautes-Pyr\u00e9n\u00e9es pour \u00eatre pr\u00e9cis.<br \/>Ces v\u00e9ritables battues ne visent pas \u00e0 tuer des b\u00eates innocentes mais bel et bien \u00e0 \u00ab plumer \u00bb les nouvelles cibles que sont les adeptes de la moto verte. Selon la presse locale qui reprend in extenso, faute d\u2019esprit critique, le communiqu\u00e9 du Tribunal de Grande Instance de Tarbes, il s\u2019agirait de <strong><em>\u00ab piq\u00fbres de rappel \u00bb<\/em><\/strong>, doux euph\u00e9misme !<\/p>\n<p><a href=\"http:\/\/blogs.thesocialmedia.com\/leblogmoto\/files\/2012\/07\/codever6_aix_1.jpg\"><img loading=\"lazy\" decoding=\"async\" width=\"250\" height=\"238\"  alt=\"Codever6_aix_1\" src=\"http:\/\/www.leblogmoto.com\/images\/codever6_aix_1.jpg\" style=\"margin: 0px 5px 5px 0px;float: left\" \/><\/a> C&rsquo;est ansi que dimanche dernier, \u00e0 la r\u00e9quisition du Parquet de Tarbes, les \u00ab motards \u00bb doublement \u00ab verts \u00bb de l\u2019Office National de la Chasse (ONC), de l\u2019Office National des For\u00eats (ONF) et de la Gendarmerie ont men\u00e9 une v\u00e9ritable traque aux engins motoris\u00e9s contrevenant selon eux \u00e0 la Loi du 3 janvier 1991, enrichie par la tr\u00e8s controvers\u00e9e <a href=\"http:\/\/www.leblogmoto.com\/2007\/02\/moto_verte_14me.html#more\">circulaire Olin<\/a>.<\/p>\n<p> Le quotidien r\u00e9gional connu pour \u00eatre une courroie de transmission des institutions judiciaires en rajoute une couche dans ses colonnes du jour : <br \/><em>\u00ab\u2026de plus en plus de chenilles <\/em>(sic)<em>, roues crant\u00e9es, moteurs p\u00e9taradants et polluants. Les pistes pastorales sont d\u00e9fonc\u00e9es, des endroits inaccessibles autrement qu&rsquo;\u00e0 pied sont d\u00e9sormais investis au prix d&rsquo;un d\u00e9rangement consid\u00e9rable pour la faune et la flore \u00bb<\/em>. <br \/> Pr\u00e9cisons que selon la plumitive locale les <em>\u00ab chenilles \u00bb<\/em> font notamment allusion\u2026aux motos de trial !<\/p>\n<p> Apr\u00e8s le sous le titre \u00ab D\u00e9rangement consid\u00e9rable \u00bb le quotidien cite encore le communiqu\u00e9 du Procureur de la R\u00e9publique qui, contact\u00e9 par le Blog Moto n\u2019a pas jug\u00e9 utile de r\u00e9pondre \u00e0 nos questions. <br \/><em> \u00ab Afin d&rsquo;assurer la protection des espaces naturels la circulation des v\u00e9hicules \u00e0 moteur est interdite en dehors des voies class\u00e9es dans le <a href=\"http:\/\/www.leblogmoto.com\/2007\/02\/moto_verte_14me.html#more\">domaine public routier de l&rsquo;\u00c9tat, des d\u00e9partements, des communes, des chemins ruraux et des voies priv\u00e9es ouvertes \u00e0 la circulation de ces v\u00e9hicules<\/a>. \u00bb <\/em><br \/> Louable intention, sauf qu\u2019il nous a \u00e9t\u00e9 impossible de savoir o\u00f9 se trouvait pr\u00e9cis\u00e9ment ce nombre consid\u00e9rable de motos contrevenantes, ainsi que le 4X4 pris lui aussi dans les mailles du filet.<\/p>\n<p> Le quotidien insiste en \u00e9voquant des v\u00e9hicules de plus en plus \u00ab tendance \u00bb dont la prolif\u00e9ration serait due \u00e0 la <em>\u00ab propension \u00e0 une&nbsp; \u00ab aventure \u00bb qui n&rsquo;a plus d&rsquo;aventure que le nom \u00bb<\/em>. <br \/> En revanche, et sur ce point le quotidien comme le procureur n\u2019ont pas tord : <br \/><em> \u00ab de plus en plus de gens se livrent au \u00ab hors piste \u00bb : ainsi s&rsquo;\u00e9gaillent en pleine nature et jusque dans les cours d&rsquo;eau, dans des sites souvent remarquables\u00bb<\/em><\/p>\n<p>Le Procureur G\u00e9rard Aldigu\u00e8 rappelle de son c\u00f4t\u00e9 que <em>\u00ab La pr\u00e9servation du patrimoine naturel est un enjeu majeur, notamment dans le d\u00e9partement des Hautes-Pyr\u00e9n\u00e9es en raison de la qualit\u00e9 et de la sensibilit\u00e9 de ses milieux naturels \u00bb<\/em> ce qui est juste, mais il pr\u00e9cise ensuite&nbsp; <em>\u00ab Outre les dangers qu&rsquo;ils peuvent repr\u00e9senter pour les randonneurs, les cavaliers et autres utilisateurs de la nature, les v\u00e9hicules \u00e0 moteur peuvent porter gravement atteinte aux habitats naturels, \u00e0 la faune et \u00e0 la flore. \u00bb<\/em> l\u00e0, le terrain est plus \u00ab glissant \u00bb mais un doute subsiste et l&rsquo;on veut bien croire que les fautifs n&rsquo;avaient peut \u00eatre pas respect\u00e9 l&rsquo;un des <a href=\"http:\/\/www.leblogmoto.com\/2007\/01\/circulaire_olin_5.html#more\">dix commendements<\/a> \u00e9l\u00e9mentaires \u00e0 une bonne pratique de la moto verte ?<\/p>\n<p><strong>DOUBLE PEINE<\/strong><\/p>\n<p> R\u00e9sultat, la r\u00e9pression s&rsquo;est abattue, sous la forme d\u2019une ordonnance p\u00e9nale prononc\u00e9e contre les 6 motards et le conducteur du 4X4. Le site exact o\u00f9 se seraient produits les infractions n\u2019\u00e9tant pas pr\u00e9cis\u00e9 par le Parquet nous devons pour l\u2019heure nous contenter de prendre acte que le Procureur a requis \u00e0 l\u2019encontre des contrevenants une amende de 350\u20ac ainsi que la \u00ab saisie fictive \u00bb des v\u00e9hicules. <br \/> En d\u2019autres termes, ceci veut dire que les 7 personnes ne passeront pas en audience imm\u00e9diate car l&rsquo;amende serait d&rsquo;ores et d\u00e9j\u00e0 acquise, mais qu\u2019en prime le tribunal pourra prononcer une <strong>DOUBLE PEINE<\/strong>, soit en plus de l&rsquo;amende, le paiement de la valeur du v\u00e9hicule incrimin\u00e9 \u2026ainsi va la \u00ab saisie fictive \u00bb.<\/p>\n<p>D<strong>ouble peine<\/strong>, tant d\u00e9cri\u00e9e par ce m\u00eame quotidien quand elle pourrait \u00eatre appliqu\u00e9e \u00e0 des terroristes, mais qui devient tout \u00e0 fait morale quand elle sanctionne des motards en goguette &#8230; <\/p>\n<p> Et l\u2019on pourra enfin m\u00e9diter sur la conclusion sentencieuse de la journaliste locale :<br \/><em> \u00ab d\u00e9sormais, plus aucune indulgence ne sera accord\u00e9e \u00e0 ceux qui s&rsquo;amusent, pour leur bon plaisir, \u00e0 ravager la nature de fa\u00e7on intempestive <\/em>(sic)<em>\u00bb <\/em><\/p>\n","protected":false},"excerpt":{"rendered":"<p>A peine la chasse aux gibiers \u00e0 poils et \u00e0 plumes est-elle ferm\u00e9e que la chasse \u00e0 un tout autre gibier vient d\u2019ouvrir ce week-end dans le Sud-Ouest de la France, dans les Hautes-Pyr\u00e9n\u00e9es pour \u00eatre pr\u00e9cis.Ces v\u00e9ritables battues ne visent pas \u00e0 tuer des b\u00eates innocentes mais bel et bien \u00e0 \u00ab plumer \u00bb [&hellip;]<\/p>\n","protected":false},"author":333,"featured_media":0,"comment_status":"open","ping_status":"open","sticky":false,"template":"","format":"standard","meta":{"footnotes":""},"categories":[3],"tags":[],"class_list":["post-1501","post","type-post","status-publish","format-standard","hentry","category-actualite"],"yoast_head":"<!-- This site is optimized with the Yoast SEO plugin v26.0 - https:\/\/yoast.com\/wordpress\/plugins\/seo\/ -->\n<title>Moto Verte: Six motos \u00ab saisies \u00bb dans les Hautes-Pyr\u00e9n\u00e9es - leblogmoto.com<\/title>\n<meta name=\"robots\" content=\"index, follow, max-snippet:-1, max-image-preview:large, max-video-preview:-1\" \/>\n<link rel=\"canonical\" href=\"https:\/\/blogs.thesocialmedia.com\/leblogmoto\/2007\/03\/07\/moto-verte-six\/\" \/>\n<meta name=\"twitter:card\" content=\"summary_large_image\" \/>\n<meta name=\"twitter:title\" content=\"Moto Verte: Six motos \u00ab saisies \u00bb dans les Hautes-Pyr\u00e9n\u00e9es - leblogmoto.com\" \/>\n<meta name=\"twitter:description\" content=\"A peine la chasse aux gibiers \u00e0 poils et \u00e0 plumes est-elle ferm\u00e9e que la chasse \u00e0 un tout autre gibier vient d\u2019ouvrir ce week-end dans le Sud-Ouest de la France, dans les Hautes-Pyr\u00e9n\u00e9es pour \u00eatre pr\u00e9cis.Ces v\u00e9ritables battues ne visent pas \u00e0 tuer des b\u00eates innocentes mais bel et bien \u00e0 \u00ab plumer \u00bb [&hellip;]\" \/>\n<meta name=\"twitter:image\" content=\"http:\/\/www.leblogmoto.com\/images\/codever_2.jpg\" \/>\n<meta name=\"twitter:label1\" content=\"\u00c9crit par\" \/>\n\t<meta name=\"twitter:data1\" content=\"christian tirat\" \/>\n\t<meta name=\"twitter:label2\" content=\"Dur\u00e9e de lecture estim\u00e9e\" \/>\n\t<meta name=\"twitter:data2\" content=\"4 minutes\" \/>\n<script type=\"application\/ld+json\" class=\"yoast-schema-graph\">{\"@context\":\"https:\/\/schema.org\",\"@graph\":[{\"@type\":\"WebPage\",\"@id\":\"https:\/\/blogs.thesocialmedia.com\/leblogmoto\/2007\/03\/07\/moto-verte-six\/\",\"url\":\"https:\/\/blogs.thesocialmedia.com\/leblogmoto\/2007\/03\/07\/moto-verte-six\/\",\"name\":\"Moto Verte: Six motos \u00ab saisies \u00bb dans les Hautes-Pyr\u00e9n\u00e9es - leblogmoto.com\",\"isPartOf\":{\"@id\":\"https:\/\/blogs.thesocialmedia.com\/leblogmoto\/#website\"},\"primaryImageOfPage\":{\"@id\":\"https:\/\/blogs.thesocialmedia.com\/leblogmoto\/2007\/03\/07\/moto-verte-six\/#primaryimage\"},\"image\":{\"@id\":\"https:\/\/blogs.thesocialmedia.com\/leblogmoto\/2007\/03\/07\/moto-verte-six\/#primaryimage\"},\"thumbnailUrl\":\"http:\/\/www.leblogmoto.com\/images\/codever_2.jpg\",\"datePublished\":\"2007-03-07T22:31:55+00:00\",\"dateModified\":\"2012-07-11T14:34:20+00:00\",\"author\":{\"@id\":\"https:\/\/blogs.thesocialmedia.com\/leblogmoto\/#\/schema\/person\/90b2f8fd0d5a2cede2580e95fc79c6c0\"},\"breadcrumb\":{\"@id\":\"https:\/\/blogs.thesocialmedia.com\/leblogmoto\/2007\/03\/07\/moto-verte-six\/#breadcrumb\"},\"inLanguage\":\"fr-FR\",\"potentialAction\":[{\"@type\":\"ReadAction\",\"target\":[\"https:\/\/blogs.thesocialmedia.com\/leblogmoto\/2007\/03\/07\/moto-verte-six\/\"]}]},{\"@type\":\"ImageObject\",\"inLanguage\":\"fr-FR\",\"@id\":\"https:\/\/blogs.thesocialmedia.com\/leblogmoto\/2007\/03\/07\/moto-verte-six\/#primaryimage\",\"url\":\"http:\/\/www.leblogmoto.com\/images\/codever_2.jpg\",\"contentUrl\":\"http:\/\/www.leblogmoto.com\/images\/codever_2.jpg\"},{\"@type\":\"BreadcrumbList\",\"@id\":\"https:\/\/blogs.thesocialmedia.com\/leblogmoto\/2007\/03\/07\/moto-verte-six\/#breadcrumb\",\"itemListElement\":[{\"@type\":\"ListItem\",\"position\":1,\"name\":\"Accueil\",\"item\":\"https:\/\/blogs.thesocialmedia.com\/leblogmoto\/\"},{\"@type\":\"ListItem\",\"position\":2,\"name\":\"Moto Verte: Six motos \u00ab saisies \u00bb dans les Hautes-Pyr\u00e9n\u00e9es\"}]},{\"@type\":\"WebSite\",\"@id\":\"https:\/\/blogs.thesocialmedia.com\/leblogmoto\/#website\",\"url\":\"https:\/\/blogs.thesocialmedia.com\/leblogmoto\/\",\"name\":\"leblogmoto\",\"description\":\"Toute l&#039;actualit\u00e9 des 2 roues\",\"potentialAction\":[{\"@type\":\"SearchAction\",\"target\":{\"@type\":\"EntryPoint\",\"urlTemplate\":\"https:\/\/blogs.thesocialmedia.com\/leblogmoto\/?s={search_term_string}\"},\"query-input\":{\"@type\":\"PropertyValueSpecification\",\"valueRequired\":true,\"valueName\":\"search_term_string\"}}],\"inLanguage\":\"fr-FR\"},{\"@type\":\"Person\",\"@id\":\"https:\/\/blogs.thesocialmedia.com\/leblogmoto\/#\/schema\/person\/90b2f8fd0d5a2cede2580e95fc79c6c0\",\"name\":\"christian tirat\",\"image\":{\"@type\":\"ImageObject\",\"inLanguage\":\"fr-FR\",\"@id\":\"https:\/\/blogs.thesocialmedia.com\/leblogmoto\/#\/schema\/person\/image\/\",\"url\":\"https:\/\/secure.gravatar.com\/avatar\/?s=96&d=mm&r=g\",\"contentUrl\":\"https:\/\/secure.gravatar.com\/avatar\/?s=96&d=mm&r=g\",\"caption\":\"christian tirat\"},\"url\":\"https:\/\/blogs.thesocialmedia.com\/leblogmoto\/author\/christian-tirat\/\"}]}<\/script>\n<!-- \/ Yoast SEO plugin. -->","yoast_head_json":{"title":"Moto Verte: Six motos \u00ab saisies \u00bb dans les Hautes-Pyr\u00e9n\u00e9es - leblogmoto.com","robots":{"index":"index","follow":"follow","max-snippet":"max-snippet:-1","max-image-preview":"max-image-preview:large","max-video-preview":"max-video-preview:-1"},"canonical":"https:\/\/blogs.thesocialmedia.com\/leblogmoto\/2007\/03\/07\/moto-verte-six\/","twitter_card":"summary_large_image","twitter_title":"Moto Verte: Six motos \u00ab saisies \u00bb dans les Hautes-Pyr\u00e9n\u00e9es - leblogmoto.com","twitter_description":"A peine la chasse aux gibiers \u00e0 poils et \u00e0 plumes est-elle ferm\u00e9e que la chasse \u00e0 un tout autre gibier vient d\u2019ouvrir ce week-end dans le Sud-Ouest de la France, dans les Hautes-Pyr\u00e9n\u00e9es pour \u00eatre pr\u00e9cis.Ces v\u00e9ritables battues ne visent pas \u00e0 tuer des b\u00eates innocentes mais bel et bien \u00e0 \u00ab plumer \u00bb [&hellip;]","twitter_image":"http:\/\/www.leblogmoto.com\/images\/codever_2.jpg","twitter_misc":{"\u00c9crit par":"christian tirat","Dur\u00e9e de lecture estim\u00e9e":"4 minutes"},"schema":{"@context":"https:\/\/schema.org","@graph":[{"@type":"WebPage","@id":"https:\/\/blogs.thesocialmedia.com\/leblogmoto\/2007\/03\/07\/moto-verte-six\/","url":"https:\/\/blogs.thesocialmedia.com\/leblogmoto\/2007\/03\/07\/moto-verte-six\/","name":"Moto Verte: Six motos \u00ab saisies \u00bb dans les Hautes-Pyr\u00e9n\u00e9es - leblogmoto.com","isPartOf":{"@id":"https:\/\/blogs.thesocialmedia.com\/leblogmoto\/#website"},"primaryImageOfPage":{"@id":"https:\/\/blogs.thesocialmedia.com\/leblogmoto\/2007\/03\/07\/moto-verte-six\/#primaryimage"},"image":{"@id":"https:\/\/blogs.thesocialmedia.com\/leblogmoto\/2007\/03\/07\/moto-verte-six\/#primaryimage"},"thumbnailUrl":"http:\/\/www.leblogmoto.com\/images\/codever_2.jpg","datePublished":"2007-03-07T22:31:55+00:00","dateModified":"2012-07-11T14:34:20+00:00","author":{"@id":"https:\/\/blogs.thesocialmedia.com\/leblogmoto\/#\/schema\/person\/90b2f8fd0d5a2cede2580e95fc79c6c0"},"breadcrumb":{"@id":"https:\/\/blogs.thesocialmedia.com\/leblogmoto\/2007\/03\/07\/moto-verte-six\/#breadcrumb"},"inLanguage":"fr-FR","potentialAction":[{"@type":"ReadAction","target":["https:\/\/blogs.thesocialmedia.com\/leblogmoto\/2007\/03\/07\/moto-verte-six\/"]}]},{"@type":"ImageObject","inLanguage":"fr-FR","@id":"https:\/\/blogs.thesocialmedia.com\/leblogmoto\/2007\/03\/07\/moto-verte-six\/#primaryimage","url":"http:\/\/www.leblogmoto.com\/images\/codever_2.jpg","contentUrl":"http:\/\/www.leblogmoto.com\/images\/codever_2.jpg"},{"@type":"BreadcrumbList","@id":"https:\/\/blogs.thesocialmedia.com\/leblogmoto\/2007\/03\/07\/moto-verte-six\/#breadcrumb","itemListElement":[{"@type":"ListItem","position":1,"name":"Accueil","item":"https:\/\/blogs.thesocialmedia.com\/leblogmoto\/"},{"@type":"ListItem","position":2,"name":"Moto Verte: Six motos \u00ab saisies \u00bb dans les Hautes-Pyr\u00e9n\u00e9es"}]},{"@type":"WebSite","@id":"https:\/\/blogs.thesocialmedia.com\/leblogmoto\/#website","url":"https:\/\/blogs.thesocialmedia.com\/leblogmoto\/","name":"leblogmoto","description":"Toute l&#039;actualit\u00e9 des 2 roues","potentialAction":[{"@type":"SearchAction","target":{"@type":"EntryPoint","urlTemplate":"https:\/\/blogs.thesocialmedia.com\/leblogmoto\/?s={search_term_string}"},"query-input":{"@type":"PropertyValueSpecification","valueRequired":true,"valueName":"search_term_string"}}],"inLanguage":"fr-FR"},{"@type":"Person","@id":"https:\/\/blogs.thesocialmedia.com\/leblogmoto\/#\/schema\/person\/90b2f8fd0d5a2cede2580e95fc79c6c0","name":"christian tirat","image":{"@type":"ImageObject","inLanguage":"fr-FR","@id":"https:\/\/blogs.thesocialmedia.com\/leblogmoto\/#\/schema\/person\/image\/","url":"https:\/\/secure.gravatar.com\/avatar\/?s=96&d=mm&r=g","contentUrl":"https:\/\/secure.gravatar.com\/avatar\/?s=96&d=mm&r=g","caption":"christian tirat"},"url":"https:\/\/blogs.thesocialmedia.com\/leblogmoto\/author\/christian-tirat\/"}]}},"_links":{"self":[{"href":"https:\/\/blogs.thesocialmedia.com\/leblogmoto\/wp-json\/wp\/v2\/posts\/1501","targetHints":{"allow":["GET"]}}],"collection":[{"href":"https:\/\/blogs.thesocialmedia.com\/leblogmoto\/wp-json\/wp\/v2\/posts"}],"about":[{"href":"https:\/\/blogs.thesocialmedia.com\/leblogmoto\/wp-json\/wp\/v2\/types\/post"}],"author":[{"embeddable":true,"href":"https:\/\/blogs.thesocialmedia.com\/leblogmoto\/wp-json\/wp\/v2\/users\/333"}],"replies":[{"embeddable":true,"href":"https:\/\/blogs.thesocialmedia.com\/leblogmoto\/wp-json\/wp\/v2\/comments?post=1501"}],"version-history":[{"count":2,"href":"https:\/\/blogs.thesocialmedia.com\/leblogmoto\/wp-json\/wp\/v2\/posts\/1501\/revisions"}],"predecessor-version":[{"id":8136,"href":"https:\/\/blogs.thesocialmedia.com\/leblogmoto\/wp-json\/wp\/v2\/posts\/1501\/revisions\/8136"}],"wp:attachment":[{"href":"https:\/\/blogs.thesocialmedia.com\/leblogmoto\/wp-json\/wp\/v2\/media?parent=1501"}],"wp:term":[{"taxonomy":"category","embeddable":true,"href":"https:\/\/blogs.thesocialmedia.com\/leblogmoto\/wp-json\/wp\/v2\/categories?post=1501"},{"taxonomy":"post_tag","embeddable":true,"href":"https:\/\/blogs.thesocialmedia.com\/leblogmoto\/wp-json\/wp\/v2\/tags?post=1501"}],"curies":[{"name":"wp","href":"https:\/\/api.w.org\/{rel}","templated":true}]}}